{"id":17206,"date":"2025-08-15T11:30:32","date_gmt":"2025-08-15T17:30:32","guid":{"rendered":"https:\/\/casa.oaxaca.gob.mx\/?p=17206"},"modified":"2026-01-22T13:50:01","modified_gmt":"2026-01-22T19:50:01","slug":"taller-presencial-acercamientos-a-la-plata-mediante-procesos-plasticos-y-la-tecnica-de-cera-perdida-imparte-esteban-dali-rodriguez-aguirre","status":"publish","type":"post","link":"https:\/\/casa.oaxaca.gob.mx\/?p=17206","title":{"rendered":"Taller presencial. Acercamientos a la plata mediante procesos pl\u00e1sticos y la t\u00e9cnica de cera perdida. Imparte: Esteban Dal\u00ed Rodr\u00edguez Aguirre."},"content":{"rendered":"<\/div><\/div><\/div><!-- close content main div --><\/div><\/div><div id='av_section_1' class='avia-section main_color avia-section-no-padding avia-no-border-styling avia-full-stretch av-parallax-section avia-bg-style-parallax  av-minimum-height av-minimum-height-75 container_wrap fullsize'  data-section-bg-repeat='stretch' ><div class='av-parallax' data-avia-parallax-ratio='0.3' ><div class='av-parallax-inner main_color  avia-full-stretch' style = 'background-repeat: no-repeat; background-image: url(https:\/\/casa.oaxaca.gob.mx\/wp-content\/uploads\/2025\/08\/Acercamientos_a_la_plata_mediante_procesos_plasticos_y_la_tecnica-1-scaled.jpg); background-attachment: scroll; background-position: bottom center; ' ><\/div><\/div><div class='container' ><div class='template-page content  av-content-full alpha units'><div class='post-entry post-entry-type-page post-entry-17206'><div class='entry-content-wrapper clearfix'>\n<div style='padding-bottom:10px;color:#ffffff;font-size:50px;' class='av-special-heading av-special-heading-h3 custom-color-heading blockquote modern-quote  av-inherit-size'><h3 class='av-special-heading-tag'  itemprop=\"headline\"  >Taller presencial. Acercamientos a la plata mediante procesos pl\u00e1sticos y la t\u00e9cnica de cera perdida.<\/h3><div class ='av-subheading av-subheading_below av_custom_color' style='font-size:25px;'><p>Imparte: Esteban Dal\u00ed Rodr\u00edguez Aguirre.<\/p>\n<\/div><div class='special-heading-border'><div class='special-heading-inner-border' style='border-color:#ffffff'><\/div><\/div><\/div>\n\n<\/div><\/div><\/div><!-- close content main div --><\/div><\/div><div id='av-layout-grid-1' class='av-layout-grid-container entry-content-wrapper main_color av-flex-cells  container_wrap fullsize'   >\n<div class=\"flex_cell no_margin av_one_full   \" style='vertical-align:top; padding:30px; background-color:#ED9600; '><div class='flex_cell_inner' ><p><div class=\"flex_column av_one_fourth  flex_column_div av-zero-column-padding first  \" style='border-radius:0px; '><div style='padding-bottom:10px;color:#ffffff;' class='av-special-heading av-special-heading-h3 custom-color-heading blockquote modern-quote '><h3 class='av-special-heading-tag'  itemprop=\"headline\"  >Cierre de inscripciones<\/h3><div class ='av-subheading av-subheading_below av_custom_color' style='font-size:20px;'><p>Domingo 14 de septiembre de 2025<\/p>\n<p>Publicaci\u00f3n de resultados<br \/>\nMi\u00e9rcoles 17 de septiembre de 2025<\/p>\n<\/div><div class='special-heading-border'><div class='special-heading-inner-border' style='border-color:#ffffff'><\/div><\/div><\/div><\/div><div class=\"flex_column av_one_fourth  flex_column_div av-zero-column-padding   \" style='border-radius:0px; '><div style='padding-bottom:10px;color:#ffffff;' class='av-special-heading av-special-heading-h3 custom-color-heading blockquote modern-quote  '><h3 class='av-special-heading-tag'  itemprop=\"headline\"  >Fechas<\/h3><div class ='av-subheading av-subheading_below av_custom_color' style='font-size:20px;'><p>Lunes a viernes<br \/>\nDel 22 al 26 de septiembre de 2025<\/p>\n<\/div><div class='special-heading-border'><div class='special-heading-inner-border' style='border-color:#ffffff'><\/div><\/div><\/div><\/div><div class=\"flex_column av_one_fourth  flex_column_div av-zero-column-padding   \" style='border-radius:0px; '><div style='padding-bottom:10px;color:#ffffff;' class='av-special-heading av-special-heading-h3 custom-color-heading blockquote modern-quote '><h3 class='av-special-heading-tag'  itemprop=\"headline\"  >Horario<\/h3><div class ='av-subheading av-subheading_below av_custom_color' style='font-size:20px;'><p>10 a 14 h<\/p>\n<\/div><div class='special-heading-border'><div class='special-heading-inner-border' style='border-color:#ffffff'><\/div><\/div><\/div><\/div><div class=\"flex_column av_one_fourth  flex_column_div av-zero-column-padding   \" style='border-radius:0px; '><section class=\"avia_codeblock_section avia_code_block_0\"  itemscope=\"itemscope\" itemtype=\"https:\/\/schema.org\/BlogPosting\" itemprop=\"blogPost\" ><div class='avia_codeblock '  itemprop=\"text\" > [avia_codeblock_placeholder uid=\"0\"] <\/div><\/section><\/div><\/p>\n<\/div><\/div>\n<\/div>\n<div class=\"flex_column av_two_fifth  flex_column_div av-zero-column-padding first  \" style='border-radius:0px; '><p><div class='av-social-sharing-box '><div class='av-share-box'><h5 class='av-share-link-description'>Compartir esta actividad<\/h5><ul class='av-share-box-list noLightbox'><li class='av-share-link av-social-link-facebook' ><a target='_blank' href='http:\/\/www.facebook.com\/sharer.php?u=https:\/\/casa.oaxaca.gob.mx\/?p=17206&amp;t=Taller%20presencial.%20Acercamientos%20a%20la%20plata%20mediante%20procesos%20pl%C3%A1sticos%20y%20la%20t%C3%A9cnica%20de%20cera%20perdida.%20Imparte%3A%20Esteban%20Dal%C3%AD%20Rodr%C3%ADguez%20Aguirre.' aria-hidden='true' data-av_icon='\ue8f3' data-av_iconfont='entypo-fontello' title='' data-avia-related-tooltip='Share on Facebook'><span class='avia_hidden_link_text'>Share on Facebook<\/span><\/a><\/li><li class='av-share-link av-social-link-twitter' ><a target='_blank' href='https:\/\/twitter.com\/share?text=Taller%20presencial.%20Acercamientos%20a%20la%20plata%20mediante%20procesos%20pl%C3%A1sticos%20y%20la%20t%C3%A9cnica%20de%20cera%20perdida.%20Imparte%3A%20Esteban%20Dal%C3%AD%20Rodr%C3%ADguez%20Aguirre.&url=https:\/\/casa.oaxaca.gob.mx\/?p=17206' aria-hidden='true' data-av_icon='\ue8f1' data-av_iconfont='entypo-fontello' title='' data-avia-related-tooltip='Share on Twitter'><span class='avia_hidden_link_text'>Share on Twitter<\/span><\/a><\/li><li class='av-share-link av-social-link-gplus' ><a target='_blank' href='https:\/\/plus.google.com\/share?url=https:\/\/casa.oaxaca.gob.mx\/?p=17206' aria-hidden='true' data-av_icon='\ue8f6' data-av_iconfont='entypo-fontello' title='' data-avia-related-tooltip='Share on Google+'><span class='avia_hidden_link_text'>Share on Google+<\/span><\/a><\/li><li class='av-share-link av-social-link-pinterest' ><a target='_blank' href='http:\/\/pinterest.com\/pin\/create\/button\/?url=https%3A%2F%2Fcasa.oaxaca.gob.mx%2F%3Fp%3D17206&amp;description=Taller%20presencial.%20Acercamientos%20a%20la%20plata%20mediante%20procesos%20pl%C3%A1sticos%20y%20la%20t%C3%A9cnica%20de%20cera%20perdida.%20Imparte%3A%20Esteban%20Dal%C3%AD%20Rodr%C3%ADguez%20Aguirre.&amp;media=https%3A%2F%2Fcasa.oaxaca.gob.mx%2Fwp-content%2Fuploads%2F2025%2F08%2FAcercamientos_a_la_plata_mediante_procesos_plasticos_y_la_tecnica-705x484.jpg' aria-hidden='true' data-av_icon='\ue8f8' data-av_iconfont='entypo-fontello' title='' data-avia-related-tooltip='Share on Pinterest'><span class='avia_hidden_link_text'>Share on Pinterest<\/span><\/a><\/li><li class='av-share-link av-social-link-mail' ><a  href='mailto:?subject=Taller%20presencial.%20Acercamientos%20a%20la%20plata%20mediante%20procesos%20pl%C3%A1sticos%20y%20la%20t%C3%A9cnica%20de%20cera%20perdida.%20Imparte%3A%20Esteban%20Dal%C3%AD%20Rodr%C3%ADguez%20Aguirre.&amp;body=https:\/\/casa.oaxaca.gob.mx\/?p=17206' aria-hidden='true' data-av_icon='\ue805' data-av_iconfont='entypo-fontello' title='' data-avia-related-tooltip='Share by Mail'><span class='avia_hidden_link_text'>Share by Mail<\/span><\/a><\/li><\/ul><\/div><\/div><br \/>\n<div  class='hr hr-default '><span class='hr-inner ' ><span class='hr-inner-style'><\/span><\/span><\/div><br \/>\n<div style='padding-bottom:10px;font-size:30px;' class='av-special-heading av-special-heading-h3  blockquote modern-quote   av-inherit-size'><h3 class='av-special-heading-tag'  itemprop=\"headline\"  >Sobre el tallerista<\/h3><div class='special-heading-border'><div class='special-heading-inner-border' ><\/div><\/div><\/div><br \/>\n<div class='avia-data-table-wrap avia_responsive_table'><table class='avia-table avia-data-table avia-table-1  avia_pricing_default'  itemscope=\"itemscope\" itemtype=\"https:\/\/schema.org\/Table\" ><tbody><tr class='avia-heading-row'><th class=''>Esteban Dal\u00ed Rodr\u00edguez Aguirre<\/th><\/tr><tr class=''><td class=''>Hijo de artesano platero y formado entre herramientas, fuego y materia, ha construido su camino entre la tradici\u00f3n y la experimentaci\u00f3n. Fue alumno del Taller Rufino Tamayo en las \u00e1reas de escultura y cer\u00e1mica, y ha sido aprendiz en el taller familiar de orfebrer\u00eda, donde desarroll\u00f3 su t\u00e9cnica bajo la gu\u00eda de un maestro orfebre. Su formaci\u00f3n se ha nutrido tambi\u00e9n de diversos talleres vinculados a la arquitectura, escultura, arte contempor\u00e1neo y literatura.<\/p>\n<p>Como maestro, ha impartido m\u00faltiples talleres relacionados con la orfebrer\u00eda, entre ellos nueve ediciones dedicadas al vaciado a la cera perdida, y durante 2024, encabez\u00f3 el taller de falsa filigrana dentro del contexto de la filigrana mexicana, culminando en una exposici\u00f3n realizada en Oaxaca. Adem\u00e1s, ha asumido el rol de tutor dentro del taller familiar, acompa\u00f1ando a j\u00f3venes en formaci\u00f3n hacia un futuro en las artes.<\/p>\n<p>En su pr\u00e1ctica art\u00edstica, explora las posibilidades expresivas de la materia: barro, pintura, metal y otros materiales se convierten en veh\u00edculos para manifestar sus emociones, anhelos y sue\u00f1os. Su obra nace tanto de la observaci\u00f3n de la naturaleza y la vida cotidiana, como de las tradiciones y los detalles m\u00e1s m\u00ednimos, que transforman lo ordinario en algo profundamente simb\u00f3lico. Para \u00e9l, cada proceso de creaci\u00f3n es una forma de autodescubrimiento; al concluir una pieza, se reconoce plenamente en ella.<br \/>\n<\/td><\/tr><\/tbody><\/table><\/div><style type='text\/css'>.avia-table-1 td:nth-of-type(1):before { content: 'Esteban Dal\u00ed Rodr\u00edguez Aguirre'; } <\/style><\/p><\/div>\n<div class=\"flex_column av_three_fifth  flex_column_div av-zero-column-padding   \" style='border-radius:0px; '><p><div style='padding-bottom:10px;font-size:30px;' class='av-special-heading av-special-heading-h3  blockquote modern-quote   av-inherit-size'><h3 class='av-special-heading-tag'  itemprop=\"headline\"  >Acerca del taller<\/h3><div class='special-heading-border'><div class='special-heading-inner-border' ><\/div><\/div><\/div><br \/>\n<div class='avia-data-table-wrap avia_responsive_table'><table class='avia-table avia-data-table avia-table-2  avia_pricing_default'  itemscope=\"itemscope\" itemtype=\"https:\/\/schema.org\/Table\" ><tbody><tr class=''><td class=''>LISTA DE SELECCIONADOS<\/td><\/tr><tr class=''><td class=''>Gudiana Loza Flores<br \/>\nCirce Adriana Noriega Brito<br \/>\nXinaxi L\u00f3pez Charis<br \/>\nCristian De Jes\u00fas Mart\u00ednez D\u00edaz<br \/>\nD\u00e9bora Enr\u00edquez S\u00e1nchez<br \/>\nKevin Mois\u00e9s Ju\u00e1rez Garnica<br \/>\nCesar Felipe Reyes Mart\u00ednez<br \/>\nEli Salatiel G\u00f3mez Rodr\u00edguez<br \/>\nYesenia Yadira Salgado T\u00e9llez<br \/>\nGabriela Bel\u00e9m Rodr\u00edguez G\u00f3mez<br \/>\nJulio Eduardo Salazar M\u00e9ndez<br \/>\nSabina Tamariz Ortizgris<br \/>\nXochitl Rivera Garfias<br \/>\nJairo Ren\u00e9 Moreno Franco<br \/>\n<\/td><\/tr><\/tbody><\/table><\/div><style type='text\/css'><\/style><br \/>\n<div class='avia-data-table-wrap avia_responsive_table'><table class='avia-table avia-data-table avia-table-3  avia_pricing_default'  itemscope=\"itemscope\" itemtype=\"https:\/\/schema.org\/Table\" ><tbody><tr class='avia-heading-row'><th class=''>Descripci\u00f3n general<\/th><\/tr><tr class=''><td class=''>Este taller propone una introducci\u00f3n a la pr\u00e1ctica de la elaboraci\u00f3n de piezas en plata, vaciada a la cera p\u00e9rdida, integrando el uso de materiales que tenemos al alcance.<br \/>\nA trav\u00e9s del trabajo con la cera que posteriormente se quemar\u00e1 para darle paso a la plata, los estudiantes explorar\u00e1n las formas escult\u00f3ricas, que busca promover desde una comprensi\u00f3n integral del proceso, a partir del modelado, la fundici\u00f3n y el acabado de piezas.<br \/>\n<\/td><\/tr><tr class='avia-heading-row'><th class=''>Objetivo general<\/th><\/tr><tr class=''><td class=''>Que los alumnos adquieran los conocimientos y habilidades necesarias para dise\u00f1ar, modelar y finalizar piezas en plata mediante el uso adecuado de ceras, procesos de fundici\u00f3n y t\u00e9cnicas de acabado, culminando con la presentaci\u00f3n de sus piezas terminadas.<br \/>\n<\/td><\/tr><tr class='avia-heading-row'><th class=''>Objetivos espec\u00edficos<\/th><\/tr><tr class=''><td class=''>&#8211; Identificar el tipo de cera adecuado para cada pieza, comprendiendo la funci\u00f3n espec\u00edfica de materiales como la cera suave y la cera dura.<br \/>\n&#8211; Comparar las caracter\u00edsticas y finalidades de los distintos tipos de cera utilizados en joyer\u00eda.<br \/>\n&#8211; Modelar piezas en cera que no excedan los 10 gramos de plata, aprovechando la plasticidad del material.<br \/>\n<\/td><\/tr><tr class='avia-heading-row'><th class=''>Temas<\/th><\/tr><tr class=''><td class=''>1. Introducci\u00f3n al modelado en la cera.<br \/>\n2. Historia de los procesos prehisp\u00e1nicos y end\u00e9micos.<br \/>\n3. Registro y reproducci\u00f3n de piezas.<br \/>\n4. Proceso de vaciado a la cera p\u00e9rdida mediante la fundici\u00f3n.<br \/>\n5. Acabado de piezas para la finalizaci\u00f3n de ellas.<br \/>\n&#8211; Presentaci\u00f3n de resultados mediante una exposici\u00f3n.<br \/>\n<\/td><\/tr><\/tbody><\/table><\/div><style type='text\/css'>.avia-table-3 td:nth-of-type(1):before { content: 'Descripci\u00f3n general'; } <\/style><br \/>\n<div style='padding-bottom:10px;font-size:30px;' class='av-special-heading av-special-heading-h3  blockquote modern-quote   av-inherit-size'><h3 class='av-special-heading-tag'  itemprop=\"headline\"  >Requisitos de inscripci\u00f3n<\/h3><div class='special-heading-border'><div class='special-heading-inner-border' ><\/div><\/div><\/div><br \/>\n<div class='avia-data-table-wrap avia_responsive_table'><table class='avia-table avia-data-table avia-table-4  avia_pricing_default'  itemscope=\"itemscope\" itemtype=\"https:\/\/schema.org\/Table\" ><tbody><tr class=''><td class=''>&#8211; Ser mayor de edad.<br \/>\n&#8211; La propuesta no requiere conocimientos t\u00e9cnicos previos, ya que se abordar\u00e1n desde un nivel b\u00e1sico.<br \/>\n&#8211; El principal criterio de selecci\u00f3n ser\u00e1 el compromiso y la disposici\u00f3n del alumno para asistir a la totalidad de las clases y participar activamente en el proceso de aprendizaje.<br \/>\n<\/td><\/tr><tr class=''><td class=''>&#8211; Si tienes inter\u00e9s deber\u00e1s llenar el formulario con los datos completos que se encuentra en esta p\u00e1gina.<br \/>\n&#8211; La lista de seleccionados se publicar\u00e1 en esta p\u00e1gina, tambi\u00e9n se les notificar\u00e1 v\u00eda correo electr\u00f3nico con los detalles de la actividad.<br \/>\n&#8211; Actividad gratuita.<br \/>\n&#8211; Los talleristas ser\u00e1n los responsables de realizar la selecci\u00f3n de alumnos bajo sus criterios.<br \/>\n<\/td><\/tr><\/tbody><\/table><\/div><style type='text\/css'><\/style><br \/>\n<div class='avia-data-table-wrap avia_responsive_table'><table class='avia-table avia-data-table avia-table-5  avia_pricing_default'  itemscope=\"itemscope\" itemtype=\"https:\/\/schema.org\/Table\" ><tbody><tr class='avia-heading-row'><th class=''>Material que se le solicitar\u00e1 al alumno(a)<\/th><\/tr><tr class=''><td class=''>&#8211; Una hoja de acetato<br \/>\n&#8211; Tres herramientas para modelar, espec\u00edficamente herramientas de dentista:<br \/>\n&#8211; Esp\u00e1tula de lecron.<br \/>\n&#8211; Esp\u00e1tula aplicadora.<br \/>\n&#8211; Esp\u00e1tula siete hexagonal.<br \/>\n&#8211; Hilo de cera azul 1.5<br \/>\n&#8211; Placas de cera, toda estaci\u00f3n.<br \/>\n&#8211; 30 g de cera de abeja.<br \/>\n&#8211; Un kilo de alginato.<br \/>\n&#8211; Cuerda o tela 100% algod\u00f3n para una mecha<br \/>\n&#8211; Bote peque\u00f1o de Gerber si es un jugo mejor.<br \/>\n&#8211; Alcohol que contenga m\u00e1s de 90\u00b0 si es menor, no funciona.<br \/>\n&#8211; Encendedor.<br \/>\n&#8211; 10 g de plata.<br \/>\n&#8211; 2.5. De cobre.<br \/>\n<\/td><\/tr><\/tbody><\/table><\/div><style type='text\/css'>.avia-table-5 td:nth-of-type(1):before { content: 'Material que se le solicitar\u00e1 al alumno(a)'; } <\/style><br \/>\n<div class='avia-data-table-wrap avia_responsive_table'><table class='avia-table avia-data-table avia-table-6  avia_pricing_default'  itemscope=\"itemscope\" itemtype=\"https:\/\/schema.org\/Table\" ><tbody><tr class='avia-heading-row'><th class=''>Criterios de selecci\u00f3n de alumnos<\/th><\/tr><tr class=''><td class=''>&#8211; 10 seleccionados<br \/>\n&#8211; La propuesta no requiere conocimientos t\u00e9cnicos previos, ya que se abordar\u00e1n desde un nivel b\u00e1sico.<br \/>\n&#8211; El principal criterio de selecci\u00f3n ser\u00e1 el compromiso y la disposici\u00f3n del alumno para asistir a la totalidad de las clases y participar activamente en el proceso de aprendizaje.<br \/>\n<\/td><\/tr><\/tbody><\/table><\/div><style type='text\/css'>.avia-table-6 td:nth-of-type(1):before { content: 'Criterios de selecci\u00f3n de alumnos'; } <\/style><br \/>\n<div class='avia-data-table-wrap avia_responsive_table'><table class='avia-table avia-data-table avia-table-7  avia_pricing_default'  itemscope=\"itemscope\" itemtype=\"https:\/\/schema.org\/Table\" ><tbody><tr class='avia-heading-row'><th class=''>Nota para los seleccionados<\/th><\/tr><tr class=''><td class=''>&#8211; Clases presenciales en S\u00f3tano del CaSa<br \/>\n&#8211; Se dejar\u00e1n ejercicios espec\u00edficos a cada estudiante, es fundamental realizarlos para continuar con la siguiente clase.<br \/>\n&#8211; Tener el compromiso y el tiempo para llevar a cabo el taller, ya que las inasistencias injustificadas ser\u00e1n motivo de suspensi\u00f3n y no podr\u00e1 ingresar a talleres futuros.<br \/>\n&#8211; Durante el taller nos estaremos comunicando por medio de mensajes en un grupo de WhatsApp, por ser una herramienta m\u00e1s r\u00e1pida para poder tener una mejor comunicaci\u00f3n con lo que respecta al taller.<br \/>\n<\/td><\/tr><\/tbody><\/table><\/div><style type='text\/css'>.avia-table-7 td:nth-of-type(1):before { content: 'Nota para los seleccionados'; } <\/style><br \/>\n<div id='av-masonry-1' class='av-masonry noHover av-fixed-size av-large-gap av-hover-overlay-active av-masonry-col-flexible av-caption-always av-caption-style- av-masonry-gallery  '  ><div class='av-masonry-container isotope av-js-disabled ' ><div class='av-masonry-entry isotope-item av-masonry-item-no-image '><\/div><a href=\"https:\/\/casa.oaxaca.gob.mx\/wp-content\/uploads\/2025\/08\/Esteban-Dali-01-1030x580.jpg\" id='av-masonry-1-item-17210' data-av-masonry-item='17210' class='av-masonry-entry isotope-item post-17210 attachment type-attachment status-inherit hentry  av-masonry-item-with-image' title=\"\"  itemprop=\"thumbnailUrl\" ><div class='av-inner-masonry-sizer'><\/div><figure class='av-inner-masonry main_color'><div class=\"av-masonry-outerimage-container\"><div class=\"av-masonry-image-container\" style=\"background-image: url(https:\/\/casa.oaxaca.gob.mx\/wp-content\/uploads\/2025\/08\/Esteban-Dali-01-705x397.jpg);\"><img decoding=\"async\" src=\"https:\/\/casa.oaxaca.gob.mx\/wp-content\/uploads\/2025\/08\/Esteban-Dali-01-705x397.jpg\" title=\"Esteban Dali 01\" alt=\"\" \/><\/div><\/div><\/figure><\/a><!--end av-masonry entry--><a href=\"https:\/\/casa.oaxaca.gob.mx\/wp-content\/uploads\/2025\/08\/Esteban-Dali-02-1030x579.jpg\" id='av-masonry-1-item-17211' data-av-masonry-item='17211' class='av-masonry-entry isotope-item post-17211 attachment type-attachment status-inherit hentry  av-masonry-item-with-image' title=\"\"  itemprop=\"thumbnailUrl\" ><div class='av-inner-masonry-sizer'><\/div><figure class='av-inner-masonry main_color'><div class=\"av-masonry-outerimage-container\"><div class=\"av-masonry-image-container\" style=\"background-image: url(https:\/\/casa.oaxaca.gob.mx\/wp-content\/uploads\/2025\/08\/Esteban-Dali-02-705x397.jpg);\"><img decoding=\"async\" src=\"https:\/\/casa.oaxaca.gob.mx\/wp-content\/uploads\/2025\/08\/Esteban-Dali-02-705x397.jpg\" title=\"Esteban Dali 02\" alt=\"\" \/><\/div><\/div><\/figure><\/a><!--end av-masonry entry--><a href=\"https:\/\/casa.oaxaca.gob.mx\/wp-content\/uploads\/2025\/08\/Esteban-Dali-03-1030x580.jpg\" id='av-masonry-1-item-17212' data-av-masonry-item='17212' class='av-masonry-entry isotope-item post-17212 attachment type-attachment status-inherit hentry  av-masonry-item-with-image' title=\"\"  itemprop=\"thumbnailUrl\" ><div class='av-inner-masonry-sizer'><\/div><figure class='av-inner-masonry main_color'><div class=\"av-masonry-outerimage-container\"><div class=\"av-masonry-image-container\" style=\"background-image: url(https:\/\/casa.oaxaca.gob.mx\/wp-content\/uploads\/2025\/08\/Esteban-Dali-03-705x397.jpg);\"><img decoding=\"async\" src=\"https:\/\/casa.oaxaca.gob.mx\/wp-content\/uploads\/2025\/08\/Esteban-Dali-03-705x397.jpg\" title=\"Esteban Dali 03\" alt=\"\" \/><\/div><\/div><\/figure><\/a><!--end av-masonry entry--><a href=\"https:\/\/casa.oaxaca.gob.mx\/wp-content\/uploads\/2025\/08\/Esteban-Dali-04-1030x686.jpg\" id='av-masonry-1-item-17213' data-av-masonry-item='17213' class='av-masonry-entry isotope-item post-17213 attachment type-attachment status-inherit hentry  av-masonry-item-with-image' title=\"\"  itemprop=\"thumbnailUrl\" ><div class='av-inner-masonry-sizer'><\/div><figure class='av-inner-masonry main_color'><div class=\"av-masonry-outerimage-container\"><div class=\"av-masonry-image-container\" style=\"background-image: url(https:\/\/casa.oaxaca.gob.mx\/wp-content\/uploads\/2025\/08\/Esteban-Dali-04-705x470.jpg);\"><img decoding=\"async\" src=\"https:\/\/casa.oaxaca.gob.mx\/wp-content\/uploads\/2025\/08\/Esteban-Dali-04-705x470.jpg\" title=\"Esteban Dali 04\" alt=\"\" \/><\/div><\/div><\/figure><\/a><!--end av-masonry entry--><a href=\"https:\/\/casa.oaxaca.gob.mx\/wp-content\/uploads\/2025\/08\/Esteban-Dali-05-1030x773.jpg\" id='av-masonry-1-item-17214' data-av-masonry-item='17214' class='av-masonry-entry isotope-item post-17214 attachment type-attachment status-inherit hentry  av-masonry-item-with-image' title=\"\"  itemprop=\"thumbnailUrl\" ><div class='av-inner-masonry-sizer'><\/div><figure class='av-inner-masonry main_color'><div class=\"av-masonry-outerimage-container\"><div class=\"av-masonry-image-container\" style=\"background-image: url(https:\/\/casa.oaxaca.gob.mx\/wp-content\/uploads\/2025\/08\/Esteban-Dali-05-705x529.jpg);\"><img decoding=\"async\" src=\"https:\/\/casa.oaxaca.gob.mx\/wp-content\/uploads\/2025\/08\/Esteban-Dali-05-705x529.jpg\" title=\"Esteban Dali 05\" alt=\"\" \/><\/div><\/div><\/figure><\/a><!--end av-masonry entry--><\/div><div class='av-masonry-pagination av-masonry-pagination-pagination'><nav class='pagination'><span class='pagination-meta'>Page 1 of 2<\/span><span class='current'>1<\/span><a href='https:\/\/casa.oaxaca.gob.mx\/index.php?rest_route=%2Fwp%2Fv2%2Fposts%2F17206&#038;paged=2' class='inactive' >2<\/a><\/nav>\n<\/div><\/div><\/p><\/div>\n","protected":false},"excerpt":{"rendered":"","protected":false},"author":1,"featured_media":17209,"comment_status":"open","ping_status":"open","sticky":false,"template":"","format":"standard","meta":{"_exactmetrics_skip_tracking":false,"_exactmetrics_sitenote_active":false,"_exactmetrics_sitenote_note":"","_exactmetrics_sitenote_category":0,"footnotes":""},"categories":[204],"tags":[],"class_list":["post-17206","post","type-post","status-publish","format-standard","has-post-thumbnail","hentry","category-204"],"_links":{"self":[{"href":"https:\/\/casa.oaxaca.gob.mx\/index.php?rest_route=\/wp\/v2\/posts\/17206","targetHints":{"allow":["GET"]}}],"collection":[{"href":"https:\/\/casa.oaxaca.gob.mx\/index.php?rest_route=\/wp\/v2\/posts"}],"about":[{"href":"https:\/\/casa.oaxaca.gob.mx\/index.php?rest_route=\/wp\/v2\/types\/post"}],"author":[{"embeddable":true,"href":"https:\/\/casa.oaxaca.gob.mx\/index.php?rest_route=\/wp\/v2\/users\/1"}],"replies":[{"embeddable":true,"href":"https:\/\/casa.oaxaca.gob.mx\/index.php?rest_route=%2Fwp%2Fv2%2Fcomments&post=17206"}],"version-history":[{"count":3,"href":"https:\/\/casa.oaxaca.gob.mx\/index.php?rest_route=\/wp\/v2\/posts\/17206\/revisions"}],"predecessor-version":[{"id":17616,"href":"https:\/\/casa.oaxaca.gob.mx\/index.php?rest_route=\/wp\/v2\/posts\/17206\/revisions\/17616"}],"wp:featuredmedia":[{"embeddable":true,"href":"https:\/\/casa.oaxaca.gob.mx\/index.php?rest_route=\/wp\/v2\/media\/17209"}],"wp:attachment":[{"href":"https:\/\/casa.oaxaca.gob.mx\/index.php?rest_route=%2Fwp%2Fv2%2Fmedia&parent=17206"}],"wp:term":[{"taxonomy":"category","embeddable":true,"href":"https:\/\/casa.oaxaca.gob.mx\/index.php?rest_route=%2Fwp%2Fv2%2Fcategories&post=17206"},{"taxonomy":"post_tag","embeddable":true,"href":"https:\/\/casa.oaxaca.gob.mx\/index.php?rest_route=%2Fwp%2Fv2%2Ftags&post=17206"}],"curies":[{"name":"wp","href":"https:\/\/api.w.org\/{rel}","templated":true}]}}