{"id":17227,"date":"2025-08-15T11:44:05","date_gmt":"2025-08-15T17:44:05","guid":{"rendered":"https:\/\/casa.oaxaca.gob.mx\/?p=17227"},"modified":"2026-01-22T13:48:59","modified_gmt":"2026-01-22T19:48:59","slug":"taller-presencial-el-diseno-en-la-fotografia-imparte-alejandra-hugues-irazabal","status":"publish","type":"post","link":"https:\/\/casa.oaxaca.gob.mx\/?p=17227","title":{"rendered":"Taller presencial. El dise\u00f1o en la Fotograf\u00eda. Imparte: Alejandra Hugues Iraz\u00e1bal ."},"content":{"rendered":"<\/div><\/div><\/div><!-- close content main div --><\/div><\/div><div id='av_section_1' class='avia-section main_color avia-section-no-padding avia-no-border-styling avia-full-stretch av-parallax-section avia-bg-style-parallax  av-minimum-height av-minimum-height-75 container_wrap fullsize'  data-section-bg-repeat='stretch' ><div class='av-parallax' data-avia-parallax-ratio='0.3' ><div class='av-parallax-inner main_color  avia-full-stretch' style = 'background-repeat: no-repeat; background-image: url(https:\/\/casa.oaxaca.gob.mx\/wp-content\/uploads\/2025\/08\/El-diseno-en-la-fotografia_portada-scaled.jpg); background-attachment: scroll; background-position: bottom center; ' ><\/div><\/div><div class='container' ><div class='template-page content  av-content-full alpha units'><div class='post-entry post-entry-type-page post-entry-17227'><div class='entry-content-wrapper clearfix'>\n<div style='padding-bottom:10px;color:#ffffff;font-size:50px;' class='av-special-heading av-special-heading-h3 custom-color-heading blockquote modern-quote  av-inherit-size'><h3 class='av-special-heading-tag'  itemprop=\"headline\"  >Taller presencial. El dise\u00f1o en la Fotograf\u00eda.<\/h3><div class ='av-subheading av-subheading_below av_custom_color' style='font-size:25px;'><p>Imparte: Alejandra Hugues Iraz\u00e1bal.<\/p>\n<\/div><div class='special-heading-border'><div class='special-heading-inner-border' style='border-color:#ffffff'><\/div><\/div><\/div>\n\n<\/div><\/div><\/div><!-- close content main div --><\/div><\/div><div id='av-layout-grid-1' class='av-layout-grid-container entry-content-wrapper main_color av-flex-cells  container_wrap fullsize'   >\n<div class=\"flex_cell no_margin av_one_full   \" style='vertical-align:top; padding:30px; background-color:#ED9600; '><div class='flex_cell_inner' ><p><div class=\"flex_column av_one_fourth  flex_column_div av-zero-column-padding first  \" style='border-radius:0px; '><div style='padding-bottom:10px;color:#ffffff;' class='av-special-heading av-special-heading-h3 custom-color-heading blockquote modern-quote '><h3 class='av-special-heading-tag'  itemprop=\"headline\"  >Cierre de inscripciones<\/h3><div class ='av-subheading av-subheading_below av_custom_color' style='font-size:20px;'><p>Domingo 24 de agosto de 2025<\/p>\n<p>Publicaci\u00f3n de resultados<br \/>\nMi\u00e9rcoles 27 de agosto de 2025<\/p>\n<\/div><div class='special-heading-border'><div class='special-heading-inner-border' style='border-color:#ffffff'><\/div><\/div><\/div><\/div><div class=\"flex_column av_one_fourth  flex_column_div av-zero-column-padding   \" style='border-radius:0px; '><div style='padding-bottom:10px;color:#ffffff;' class='av-special-heading av-special-heading-h3 custom-color-heading blockquote modern-quote '><h3 class='av-special-heading-tag'  itemprop=\"headline\"  >Fechas<\/h3><div class ='av-subheading av-subheading_below av_custom_color' style='font-size:20px;'><p>Lunes, mi\u00e9rcoles y viernes<br \/>\nDel 1 al 26 de septiembre de 2025<\/p>\n<\/div><div class='special-heading-border'><div class='special-heading-inner-border' style='border-color:#ffffff'><\/div><\/div><\/div><\/div><div class=\"flex_column av_one_fourth  flex_column_div av-zero-column-padding   \" style='border-radius:0px; '><div style='padding-bottom:10px;color:#ffffff;' class='av-special-heading av-special-heading-h3 custom-color-heading blockquote modern-quote '><h3 class='av-special-heading-tag'  itemprop=\"headline\"  >Horario<\/h3><div class ='av-subheading av-subheading_below av_custom_color' style='font-size:20px;'><p>14 a 18 horas<\/p>\n<\/div><div class='special-heading-border'><div class='special-heading-inner-border' style='border-color:#ffffff'><\/div><\/div><\/div><\/div><div class=\"flex_column av_one_fourth  flex_column_div av-zero-column-padding   \" style='border-radius:0px; '><section class=\"avia_codeblock_section avia_code_block_0\"  itemscope=\"itemscope\" itemtype=\"https:\/\/schema.org\/BlogPosting\" itemprop=\"blogPost\" ><div class='avia_codeblock '  itemprop=\"text\" > [avia_codeblock_placeholder uid=\"0\"] <\/div><\/section><\/div><\/p>\n<\/div><\/div>\n<\/div>\n<div class=\"flex_column av_two_fifth  flex_column_div av-zero-column-padding first  \" style='border-radius:0px; '><p><div class='av-social-sharing-box '><div class='av-share-box'><h5 class='av-share-link-description'>Compartir esta actividad<\/h5><ul class='av-share-box-list noLightbox'><li class='av-share-link av-social-link-facebook' ><a target='_blank' href='http:\/\/www.facebook.com\/sharer.php?u=https:\/\/casa.oaxaca.gob.mx\/?p=17227&amp;t=Taller%20presencial.%20El%20dise%C3%B1o%20en%20la%20Fotograf%C3%ADa.%20Imparte%3A%20Alejandra%20Hugues%20Iraz%C3%A1bal%20.' aria-hidden='true' data-av_icon='\ue8f3' data-av_iconfont='entypo-fontello' title='' data-avia-related-tooltip='Share on Facebook'><span class='avia_hidden_link_text'>Share on Facebook<\/span><\/a><\/li><li class='av-share-link av-social-link-twitter' ><a target='_blank' href='https:\/\/twitter.com\/share?text=Taller%20presencial.%20El%20dise%C3%B1o%20en%20la%20Fotograf%C3%ADa.%20Imparte%3A%20Alejandra%20Hugues%20Iraz%C3%A1bal%20.&url=https:\/\/casa.oaxaca.gob.mx\/?p=17227' aria-hidden='true' data-av_icon='\ue8f1' data-av_iconfont='entypo-fontello' title='' data-avia-related-tooltip='Share on Twitter'><span class='avia_hidden_link_text'>Share on Twitter<\/span><\/a><\/li><li class='av-share-link av-social-link-gplus' ><a target='_blank' href='https:\/\/plus.google.com\/share?url=https:\/\/casa.oaxaca.gob.mx\/?p=17227' aria-hidden='true' data-av_icon='\ue8f6' data-av_iconfont='entypo-fontello' title='' data-avia-related-tooltip='Share on Google+'><span class='avia_hidden_link_text'>Share on Google+<\/span><\/a><\/li><li class='av-share-link av-social-link-pinterest' ><a target='_blank' href='http:\/\/pinterest.com\/pin\/create\/button\/?url=https%3A%2F%2Fcasa.oaxaca.gob.mx%2F%3Fp%3D17227&amp;description=Taller%20presencial.%20El%20dise%C3%B1o%20en%20la%20Fotograf%C3%ADa.%20Imparte%3A%20Alejandra%20Hugues%20Iraz%C3%A1bal%20.&amp;media=https%3A%2F%2Fcasa.oaxaca.gob.mx%2Fwp-content%2Fuploads%2F2025%2F08%2FEl-diseno-en-la-fotografia_cerrada-705x484.jpg' aria-hidden='true' data-av_icon='\ue8f8' data-av_iconfont='entypo-fontello' title='' data-avia-related-tooltip='Share on Pinterest'><span class='avia_hidden_link_text'>Share on Pinterest<\/span><\/a><\/li><li class='av-share-link av-social-link-mail' ><a  href='mailto:?subject=Taller%20presencial.%20El%20dise%C3%B1o%20en%20la%20Fotograf%C3%ADa.%20Imparte%3A%20Alejandra%20Hugues%20Iraz%C3%A1bal%20.&amp;body=https:\/\/casa.oaxaca.gob.mx\/?p=17227' aria-hidden='true' data-av_icon='\ue805' data-av_iconfont='entypo-fontello' title='' data-avia-related-tooltip='Share by Mail'><span class='avia_hidden_link_text'>Share by Mail<\/span><\/a><\/li><\/ul><\/div><\/div><br \/>\n<div  class='hr hr-default '><span class='hr-inner ' ><span class='hr-inner-style'><\/span><\/span><\/div><br \/>\n<div style='padding-bottom:10px;font-size:30px;' class='av-special-heading av-special-heading-h3  blockquote modern-quote  av-inherit-size'><h3 class='av-special-heading-tag'  itemprop=\"headline\"  >Sobre la tallerista<\/h3><div class='special-heading-border'><div class='special-heading-inner-border' ><\/div><\/div><\/div><br \/>\n<div class='avia-data-table-wrap avia_responsive_table'><table class='avia-table avia-data-table avia-table-1  avia_pricing_default'  itemscope=\"itemscope\" itemtype=\"https:\/\/schema.org\/Table\" ><tbody><tr class='avia-heading-row'><th class=''>Alejandra Hugues Iraz\u00e1bal <\/th><\/tr><tr class=''><td class=''>Ciudad de M\u00e9xico 1989. Fot\u00f3grafa, Artista Visual y Artesana. Estudi\u00f3 dise\u00f1o gr\u00e1fico en la Universidad Iberoamericana. Fusiona una constante inquietud espiritual y filos\u00f3fica con un profundo inter\u00e9s por desarrollar t\u00e9cnicas manuales y an\u00e1logas, entrelazando lo f\u00edsico y lo espiritual.<br \/>\nTiene inter\u00e9s primordial en la participaci\u00f3n de seminarios, cl\u00ednicas y laboratorios para la creaci\u00f3n en comunidad, acompa\u00f1ada de reflexiones pertinentes del presente en torno al arte y su funci\u00f3n social y pol\u00edtica. Le interesa la ense\u00f1anza y el tejer en comunidad.<br \/>\nGanadora de la Beca J\u00f3venes Creadores 2024-2025 con el proyecto Si un d\u00eda te encuentro.<br \/>\nHa participado en diversas exposiciones colectivas en la CDMX y recientemente en la exposici\u00f3n individual de guerrilla fotogr\u00e1fica como parte del Seminario Zona de Riesgo 2024 en el Sal\u00f3n de la Pl\u00e1stica Mexicana.<br \/>\n<\/td><\/tr><\/tbody><\/table><\/div><style type='text\/css'>.avia-table-1 td:nth-of-type(1):before { content: 'Alejandra Hugues Iraz\u00e1bal '; } <\/style><\/p><\/div>\n<div class=\"flex_column av_three_fifth  flex_column_div av-zero-column-padding   \" style='border-radius:0px; '><p><div style='padding-bottom:10px;font-size:30px;' class='av-special-heading av-special-heading-h3  blockquote modern-quote   av-inherit-size'><h3 class='av-special-heading-tag'  itemprop=\"headline\"  >Acerca del taller<\/h3><div class='special-heading-border'><div class='special-heading-inner-border' ><\/div><\/div><\/div><br \/>\n<div class='avia-data-table-wrap avia_responsive_table'><table class='avia-table avia-data-table avia-table-2  avia_pricing_default'  itemscope=\"itemscope\" itemtype=\"https:\/\/schema.org\/Table\" ><tbody><tr class=''><td class=''>LISTA DE SELECCIONADOS<\/td><\/tr><tr class=''><td class=''>Adalberto Mauro C\u00e1ceres P\u00e9rez<br \/>\nAdony Odette Iriarte Alarc\u00f3n<br \/>\nAlejandra Rosas Solano<br \/>\nAng\u00e9lica Contreras Mart\u00ednez<br \/>\nCynthia Ver\u00f3nica P\u00e9rez P\u00e9rez<br \/>\nF\u00e1tima Montserrat Bel\u00e9n Morales<br \/>\nIsa\u00ed Hern\u00e1ndez Garc\u00eda<br \/>\nJesica Jocellyn C\u00f3rdova Garc\u00eda<br \/>\nJessica Carmona Urrutia<br \/>\nJos\u00e9 Jair Enr\u00edquez L\u00f3pez<br \/>\nJosu\u00e9 Misael Bravo Peralta<br \/>\nJuan Bautista S\u00e1nchez Cichero<br \/>\nLucero Anah\u00ed Reyes Mart\u00ednez<br \/>\nMextli Mart\u00ednez Monterroza<br \/>\nMonserrat Villalobos Enr\u00edquez<br \/>\nSergio Ventura Neri<br \/>\nSof\u00eda Alejandra Mart\u00ednez Mateos<\/td><\/tr><\/tbody><\/table><\/div><style type='text\/css'><\/style><br \/>\n<div class='avia-data-table-wrap avia_responsive_table'><table class='avia-table avia-data-table avia-table-3  avia_pricing_default'  itemscope=\"itemscope\" itemtype=\"https:\/\/schema.org\/Table\" ><tbody><tr class='avia-heading-row'><th class=''>Descripci\u00f3n general<\/th><\/tr><tr class=''><td class=''>Exploramos las metodolog\u00edas de dise\u00f1o aplicadas a proyectos fotogr\u00e1ficos para crear discursos visuales s\u00f3lidos. Desarrollaremos mapas conceptuales y briefs que te ayudar\u00e1n a organizar tus ideas eficazmente. Utilizaremos herramientas como la bit\u00e1cora de obra y la elecci\u00f3n adecuada de tipograf\u00eda, ret\u00edculas y paletas de color para enriquecer tu narrativa. Con la t\u00e9cnica &#8216;piedra, papel y tijera&#8217;, identificar\u00e1s la esencia de tu proyecto para expandirlo o ajustarlo seg\u00fan sea necesario. Abordaremos la curadur\u00eda, secuenciaci\u00f3n y realizaremos ejercicios de edici\u00f3n. Adem\u00e1s, profundizaremos en la escritura de proyectos y la creaci\u00f3n de un portafolio f\u00edsico y digital que refleje tu lenguaje visual.<br \/>\n<\/td><\/tr><tr class='avia-heading-row'><th class=''>Objetivo general<\/th><\/tr><tr class=''><td class=''>Brindar a los participantes herramientas te\u00f3ricas y pr\u00e1cticas de metodolog\u00edas de dise\u00f1o aplicadas a proyectos fotogr\u00e1ficos, que les permitan desarrollar discursos visuales s\u00f3lidos, estructurar sus ideas con claridad y construir portafolios coherentes que reflejen su lenguaje visual.<\/td><\/tr><tr class='avia-heading-row'><th class=''>Objetivos espec\u00edficos<\/th><\/tr><tr class=''><td class=''>&#8211; Profundizar en la semi\u00f3tica visual para que los participantes puedan interpretar y aplicar signos y s\u00edmbolos en sus proyectos fotogr\u00e1ficos, enriqueciendo sus narrativas y aportando significado a sus creaciones.<br \/>\n&#8211; Desarrollar habilidades de proyecci\u00f3n y conceptualizaci\u00f3n de proyectos visuales, utilizando herramientas como mapas conceptuales para estructurar ideas de manera coherente y creativa.<br \/>\n&#8211; Promover el uso de bit\u00e1coras como herramienta de documentaci\u00f3n y reflexi\u00f3n sobre el proceso creativo, ayudando a los participantes a mantener un registro del desarrollo del proyecto, fomentar la introspecci\u00f3n y facilitar el aprendizaje continuo.<br \/>\n&#8211; Fortalecer competencias en curadur\u00eda y secuenciaci\u00f3n de elementos visuales, ense\u00f1ando a seleccionar y organizar contenido para contar historias cohesivas y visualmente atractivas.<br \/>\n&#8211; Dominar la edici\u00f3n de fotolibros, fanzines y portafolios art\u00edsticos mediante la aplicaci\u00f3n de principios fundamentales del dise\u00f1o editorial, como tipograf\u00eda, esquemas de color y ret\u00edculas, para transformar conjuntos de im\u00e1genes en objetos visuales completos y profesionales.<br \/>\n<\/td><\/tr><tr class='avia-heading-row'><th class=''>Temas<\/th><\/tr><tr class=''><td class=''>1. Semi\u00f3tica<br \/>\nDiscursos, narrativas y universos visuales<br \/>\n2. Proyecci\u00f3n y conceptualizaci\u00f3n<br \/>\nMetodolog\u00edas de comunicaci\u00f3n efectiva<br \/>\n3. Bit\u00e1cora de procesos y obra<br \/>\nCuradur\u00eda: constelaci\u00f3n y secuenciaci\u00f3n<br \/>\n4. Principios de dise\u00f1o: Tipograf\u00eda \/ Paletas de color \/ Ret\u00edculas<br \/>\nEjercicios de recorte y edici\u00f3n<br \/>\n5. El texto como imagen<br \/>\nFotolibros y fanzines<br \/>\n6. Escritura de proyectos<br \/>\nPortafolio f\u00edsico y en l\u00ednea<br \/>\n<\/td><\/tr><\/tbody><\/table><\/div><style type='text\/css'>.avia-table-3 td:nth-of-type(1):before { content: 'Descripci\u00f3n general'; } <\/style><br \/>\n<div style='padding-bottom:10px;font-size:30px;' class='av-special-heading av-special-heading-h3  blockquote modern-quote   av-inherit-size'><h3 class='av-special-heading-tag'  itemprop=\"headline\"  >Requisitos de inscripci\u00f3n<\/h3><div class='special-heading-border'><div class='special-heading-inner-border' ><\/div><\/div><\/div><br \/>\n<div class='avia-data-table-wrap avia_responsive_table'><table class='avia-table avia-data-table avia-table-4  avia_pricing_default'  itemscope=\"itemscope\" itemtype=\"https:\/\/schema.org\/Table\" ><tbody><tr class=''><td class=''>&#8211; Fot\u00f3grafos intermedios que deseen organizar y estructurar su proceso art\u00edstico, facilitando as\u00ed la presentaci\u00f3n y comunicaci\u00f3n de sus proyectos en becas, convocatorias, galer\u00edas y residencias.<\/td><\/tr><tr class=''><td class=''>&#8211; Si tienes inter\u00e9s deber\u00e1s llenar el formulario con los datos completos que se encuentra en esta p\u00e1gina.<br \/>\n&#8211; La lista de seleccionados se publicar\u00e1 en esta p\u00e1gina, tambi\u00e9n se les notificar\u00e1 v\u00eda correo electr\u00f3nico con los detalles de la actividad.<br \/>\n&#8211; Actividad gratuita.<br \/>\n&#8211; Los talleristas ser\u00e1n los responsables de realizar la selecci\u00f3n de alumnos bajo sus criterios.<br \/>\n<\/td><\/tr><\/tbody><\/table><\/div><style type='text\/css'><\/style><br \/>\n<div class='avia-data-table-wrap avia_responsive_table'><table class='avia-table avia-data-table avia-table-5  avia_pricing_default'  itemscope=\"itemscope\" itemtype=\"https:\/\/schema.org\/Table\" ><tbody><tr class='avia-heading-row'><th class=''>Material que se le solicitar\u00e1 al alumno(a)<\/th><\/tr><tr class=''><td class=''>&#8212;<\/td><\/tr><\/tbody><\/table><\/div><style type='text\/css'>.avia-table-5 td:nth-of-type(1):before { content: 'Material que se le solicitar\u00e1 al alumno(a)'; } <\/style><br \/>\n<div class='avia-data-table-wrap avia_responsive_table'><table class='avia-table avia-data-table avia-table-6  avia_pricing_default'  itemscope=\"itemscope\" itemtype=\"https:\/\/schema.org\/Table\" ><tbody><tr class='avia-heading-row'><th class=''>Criterios de selecci\u00f3n de alumnos<\/th><\/tr><tr class=''><td class=''>&#8211; 15 seleccionados<\/td><\/tr><\/tbody><\/table><\/div><style type='text\/css'>.avia-table-6 td:nth-of-type(1):before { content: 'Criterios de selecci\u00f3n de alumnos'; } <\/style><br \/>\n<div class='avia-data-table-wrap avia_responsive_table'><table class='avia-table avia-data-table avia-table-7  avia_pricing_default'  itemscope=\"itemscope\" itemtype=\"https:\/\/schema.org\/Table\" ><tbody><tr class='avia-heading-row'><th class=''>Nota para los seleccionados<\/th><\/tr><tr class=''><td class=''>&#8211; Clases presenciales en el CaSa<br \/>\n&#8211; Se dejar\u00e1n ejercicios espec\u00edficos a cada estudiante, es fundamental realizarlos para continuar con la siguiente clase.<br \/>\n&#8211; Tener el compromiso y el tiempo para llevar a cabo el taller, ya que las inasistencias injustificadas ser\u00e1n motivo de suspensi\u00f3n y no podr\u00e1 ingresar a talleres futuros.<br \/>\n&#8211; Durante el taller nos estaremos comunicando por medio de mensajes en un grupo de WhatsApp, por ser una herramienta m\u00e1s r\u00e1pida para poder tener una mejor comunicaci\u00f3n con lo que respecta al taller.<br \/>\n<\/td><\/tr><\/tbody><\/table><\/div><style type='text\/css'>.avia-table-7 td:nth-of-type(1):before { content: 'Nota para los seleccionados'; } <\/style><br \/>\n<div id='av-masonry-1' class='av-masonry noHover av-fixed-size av-large-gap av-hover-overlay-active av-masonry-col-flexible av-caption-always av-caption-style- av-masonry-gallery  '  ><div class='av-masonry-container isotope av-js-disabled ' ><div class='av-masonry-entry isotope-item av-masonry-item-no-image '><\/div><a href=\"https:\/\/casa.oaxaca.gob.mx\/wp-content\/uploads\/2025\/08\/doble6-1030x773.jpg\" id='av-masonry-1-item-17228' data-av-masonry-item='17228' class='av-masonry-entry isotope-item post-17228 attachment type-attachment status-inherit hentry  av-masonry-item-with-image' title=\"mockups-design.com\"  itemprop=\"thumbnailUrl\" ><div class='av-inner-masonry-sizer'><\/div><figure class='av-inner-masonry main_color'><div class=\"av-masonry-outerimage-container\"><div class=\"av-masonry-image-container\" style=\"background-image: url(https:\/\/casa.oaxaca.gob.mx\/wp-content\/uploads\/2025\/08\/doble6-705x529.jpg);\"><img decoding=\"async\" src=\"https:\/\/casa.oaxaca.gob.mx\/wp-content\/uploads\/2025\/08\/doble6-705x529.jpg\" title=\"Mockups Design\" alt=\"\" \/><\/div><\/div><\/figure><\/a><!--end av-masonry entry--><a href=\"https:\/\/casa.oaxaca.gob.mx\/wp-content\/uploads\/2025\/08\/doble15-1030x773.jpg\" id='av-masonry-1-item-17229' data-av-masonry-item='17229' class='av-masonry-entry isotope-item post-17229 attachment type-attachment status-inherit hentry  av-masonry-item-with-image' title=\"mockups-design.com\"  itemprop=\"thumbnailUrl\" ><div class='av-inner-masonry-sizer'><\/div><figure class='av-inner-masonry main_color'><div class=\"av-masonry-outerimage-container\"><div class=\"av-masonry-image-container\" style=\"background-image: url(https:\/\/casa.oaxaca.gob.mx\/wp-content\/uploads\/2025\/08\/doble15-705x529.jpg);\"><img decoding=\"async\" src=\"https:\/\/casa.oaxaca.gob.mx\/wp-content\/uploads\/2025\/08\/doble15-705x529.jpg\" title=\"Mockups Design\" alt=\"\" \/><\/div><\/div><\/figure><\/a><!--end av-masonry entry--><a href=\"https:\/\/casa.oaxaca.gob.mx\/wp-content\/uploads\/2025\/08\/doble16-1030x773.jpg\" id='av-masonry-1-item-17230' data-av-masonry-item='17230' class='av-masonry-entry isotope-item post-17230 attachment type-attachment status-inherit hentry  av-masonry-item-with-image' title=\"mockups-design.com\"  itemprop=\"thumbnailUrl\" ><div class='av-inner-masonry-sizer'><\/div><figure class='av-inner-masonry main_color'><div class=\"av-masonry-outerimage-container\"><div class=\"av-masonry-image-container\" style=\"background-image: url(https:\/\/casa.oaxaca.gob.mx\/wp-content\/uploads\/2025\/08\/doble16-705x529.jpg);\"><img decoding=\"async\" src=\"https:\/\/casa.oaxaca.gob.mx\/wp-content\/uploads\/2025\/08\/doble16-705x529.jpg\" title=\"Mockups Design\" alt=\"\" \/><\/div><\/div><\/figure><\/a><!--end av-masonry entry--><a href=\"https:\/\/casa.oaxaca.gob.mx\/wp-content\/uploads\/2025\/08\/Foto-tomada-por-Daniela-Garrido-984x1030.jpg\" id='av-masonry-1-item-17231' data-av-masonry-item='17231' class='av-masonry-entry isotope-item post-17231 attachment type-attachment status-inherit hentry  av-masonry-item-with-image' title=\"\"  itemprop=\"thumbnailUrl\" ><div class='av-inner-masonry-sizer'><\/div><figure class='av-inner-masonry main_color'><div class=\"av-masonry-outerimage-container\"><div class=\"av-masonry-image-container\" style=\"background-image: url(https:\/\/casa.oaxaca.gob.mx\/wp-content\/uploads\/2025\/08\/Foto-tomada-por-Daniela-Garrido-673x705.jpg);\"><img decoding=\"async\" src=\"https:\/\/casa.oaxaca.gob.mx\/wp-content\/uploads\/2025\/08\/Foto-tomada-por-Daniela-Garrido-673x705.jpg\" title=\"Foto tomada por Daniela Garrido\" alt=\"\" \/><\/div><\/div><\/figure><\/a><!--end av-masonry entry--><a href=\"https:\/\/casa.oaxaca.gob.mx\/wp-content\/uploads\/2025\/08\/Foto-tomada-por-Daniela-Garrido1-1000x1030.jpg\" id='av-masonry-1-item-17232' data-av-masonry-item='17232' class='av-masonry-entry isotope-item post-17232 attachment type-attachment status-inherit hentry  av-masonry-item-with-image' title=\"\"  itemprop=\"thumbnailUrl\" ><div class='av-inner-masonry-sizer'><\/div><figure class='av-inner-masonry main_color'><div class=\"av-masonry-outerimage-container\"><div class=\"av-masonry-image-container\" style=\"background-image: url(https:\/\/casa.oaxaca.gob.mx\/wp-content\/uploads\/2025\/08\/Foto-tomada-por-Daniela-Garrido1-685x705.jpg);\"><img decoding=\"async\" src=\"https:\/\/casa.oaxaca.gob.mx\/wp-content\/uploads\/2025\/08\/Foto-tomada-por-Daniela-Garrido1-685x705.jpg\" title=\"Foto tomada por Daniela Garrido(1)\" alt=\"\" \/><\/div><\/div><\/figure><\/a><!--end av-masonry entry--><\/div><\/div><\/p><\/div>\n","protected":false},"excerpt":{"rendered":"","protected":false},"author":1,"featured_media":17225,"comment_status":"open","ping_status":"open","sticky":false,"template":"","format":"standard","meta":{"_exactmetrics_skip_tracking":false,"_exactmetrics_sitenote_active":false,"_exactmetrics_sitenote_note":"","_exactmetrics_sitenote_category":0,"footnotes":""},"categories":[204],"tags":[],"class_list":["post-17227","post","type-post","status-publish","format-standard","has-post-thumbnail","hentry","category-204"],"_links":{"self":[{"href":"https:\/\/casa.oaxaca.gob.mx\/index.php?rest_route=\/wp\/v2\/posts\/17227","targetHints":{"allow":["GET"]}}],"collection":[{"href":"https:\/\/casa.oaxaca.gob.mx\/index.php?rest_route=\/wp\/v2\/posts"}],"about":[{"href":"https:\/\/casa.oaxaca.gob.mx\/index.php?rest_route=\/wp\/v2\/types\/post"}],"author":[{"embeddable":true,"href":"https:\/\/casa.oaxaca.gob.mx\/index.php?rest_route=\/wp\/v2\/users\/1"}],"replies":[{"embeddable":true,"href":"https:\/\/casa.oaxaca.gob.mx\/index.php?rest_route=%2Fwp%2Fv2%2Fcomments&post=17227"}],"version-history":[{"count":3,"href":"https:\/\/casa.oaxaca.gob.mx\/index.php?rest_route=\/wp\/v2\/posts\/17227\/revisions"}],"predecessor-version":[{"id":17364,"href":"https:\/\/casa.oaxaca.gob.mx\/index.php?rest_route=\/wp\/v2\/posts\/17227\/revisions\/17364"}],"wp:featuredmedia":[{"embeddable":true,"href":"https:\/\/casa.oaxaca.gob.mx\/index.php?rest_route=\/wp\/v2\/media\/17225"}],"wp:attachment":[{"href":"https:\/\/casa.oaxaca.gob.mx\/index.php?rest_route=%2Fwp%2Fv2%2Fmedia&parent=17227"}],"wp:term":[{"taxonomy":"category","embeddable":true,"href":"https:\/\/casa.oaxaca.gob.mx\/index.php?rest_route=%2Fwp%2Fv2%2Fcategories&post=17227"},{"taxonomy":"post_tag","embeddable":true,"href":"https:\/\/casa.oaxaca.gob.mx\/index.php?rest_route=%2Fwp%2Fv2%2Ftags&post=17227"}],"curies":[{"name":"wp","href":"https:\/\/api.w.org\/{rel}","templated":true}]}}