{"id":17245,"date":"2025-08-15T16:49:15","date_gmt":"2025-08-15T22:49:15","guid":{"rendered":"https:\/\/casa.oaxaca.gob.mx\/?p=17245"},"modified":"2026-01-22T13:48:59","modified_gmt":"2026-01-22T19:48:59","slug":"taller-presencial-la-fotografia-post-documental-verdades-construidas-imparte-alessandro-bo","status":"publish","type":"post","link":"https:\/\/casa.oaxaca.gob.mx\/?p=17245","title":{"rendered":"Taller presencial. La fotograf\u00eda post documental: verdades construidas. Imparte: Alessandro Bo"},"content":{"rendered":"<\/div><\/div><\/div><!-- close content main div --><\/div><\/div><div id='av_section_1' class='avia-section main_color avia-section-default avia-no-shadow avia-bg-style-scroll  container_wrap fullsize' style = 'background-repeat: no-repeat; background-image: url(https:\/\/casa.oaxaca.gob.mx\/wp-content\/uploads\/2025\/08\/La-fotografia-post-documental-Verdades-construidas_portada-scaled.jpg); background-attachment: scroll; background-position: top left; ' data-section-bg-repeat='no-repeat' ><div class='container' ><div class='template-page content  av-content-full alpha units'><div class='post-entry post-entry-type-page post-entry-17245'><div class='entry-content-wrapper clearfix'>\n<div style='padding-bottom:10px;color:#ffffff;font-size:50px;' class='av-special-heading av-special-heading-h3 custom-color-heading blockquote modern-quote  av-inherit-size'><h3 class='av-special-heading-tag'  itemprop=\"headline\"  >Taller presencial. La fotograf\u00eda post documental: verdades construidas.<\/h3><div class ='av-subheading av-subheading_below av_custom_color' style='font-size:25px;'><p>Imparte: Alessandro Bo.<\/p>\n<\/div><div class='special-heading-border'><div class='special-heading-inner-border' style='border-color:#ffffff'><\/div><\/div><\/div>\n\n<\/div><\/div><\/div><!-- close content main div --><\/div><\/div><div id='av-layout-grid-1' class='av-layout-grid-container entry-content-wrapper main_color av-flex-cells  container_wrap fullsize'   >\n<div class=\"flex_cell no_margin av_one_full   \" style='vertical-align:top; padding:30px; background-color:#ED9600; '><div class='flex_cell_inner' ><p><div class=\"flex_column av_one_fourth  flex_column_div av-zero-column-padding first  \" style='border-radius:0px; '><div style='padding-bottom:10px;color:#ffffff;' class='av-special-heading av-special-heading-h3 custom-color-heading blockquote modern-quote '><h3 class='av-special-heading-tag'  itemprop=\"headline\"  >Cierre de inscripciones<\/h3><div class ='av-subheading av-subheading_below av_custom_color' style='font-size:20px;'><p>Domingo 14 de septiembre de 2025<\/p>\n<p>Publicaci\u00f3n de resultados<br \/>\nMi\u00e9rcoles 17 de septiembre de 2025<\/p>\n<\/div><div class='special-heading-border'><div class='special-heading-inner-border' style='border-color:#ffffff'><\/div><\/div><\/div><\/div><div class=\"flex_column av_one_fourth  flex_column_div av-zero-column-padding   \" style='border-radius:0px; '><div style='padding-bottom:10px;color:#ffffff;' class='av-special-heading av-special-heading-h3 custom-color-heading blockquote modern-quote '><h3 class='av-special-heading-tag'  itemprop=\"headline\"  >Fechas<\/h3><div class ='av-subheading av-subheading_below av_custom_color' style='font-size:20px;'><p>Lunes a viernes<br \/>\nDel 22 al 26 de septiembre de 2025<\/p>\n<\/div><div class='special-heading-border'><div class='special-heading-inner-border' style='border-color:#ffffff'><\/div><\/div><\/div><\/div><div class=\"flex_column av_one_fourth  flex_column_div av-zero-column-padding   \" style='border-radius:0px; '><div style='padding-bottom:10px;color:#ffffff;' class='av-special-heading av-special-heading-h3 custom-color-heading blockquote modern-quote '><h3 class='av-special-heading-tag'  itemprop=\"headline\"  >Horario<\/h3><div class ='av-subheading av-subheading_below av_custom_color' style='font-size:20px;'><p>De 14 a 18 h<\/p>\n<\/div><div class='special-heading-border'><div class='special-heading-inner-border' style='border-color:#ffffff'><\/div><\/div><\/div><\/div><div class=\"flex_column av_one_fourth  flex_column_div av-zero-column-padding   \" style='border-radius:0px; '><section class=\"avia_codeblock_section avia_code_block_0\"  itemscope=\"itemscope\" itemtype=\"https:\/\/schema.org\/BlogPosting\" itemprop=\"blogPost\" ><div class='avia_codeblock '  itemprop=\"text\" > [avia_codeblock_placeholder uid=\"0\"] <\/div><\/section><\/div><\/p>\n<\/div><\/div>\n<\/div>\n<div class=\"flex_column av_two_fifth  flex_column_div av-zero-column-padding first  \" style='border-radius:0px; '><p><div class='av-social-sharing-box '><div class='av-share-box'><h5 class='av-share-link-description'>Compartir esta actividad<\/h5><ul class='av-share-box-list noLightbox'><li class='av-share-link av-social-link-facebook' ><a target='_blank' href='http:\/\/www.facebook.com\/sharer.php?u=https:\/\/casa.oaxaca.gob.mx\/?p=17245&amp;t=Taller%20presencial.%20La%20fotograf%C3%ADa%20post%20documental%3A%20verdades%20construidas.%20Imparte%3A%20Alessandro%20Bo' aria-hidden='true' data-av_icon='\ue8f3' data-av_iconfont='entypo-fontello' title='' data-avia-related-tooltip='Share on Facebook'><span class='avia_hidden_link_text'>Share on Facebook<\/span><\/a><\/li><li class='av-share-link av-social-link-twitter' ><a target='_blank' href='https:\/\/twitter.com\/share?text=Taller%20presencial.%20La%20fotograf%C3%ADa%20post%20documental%3A%20verdades%20construidas.%20Imparte%3A%20Alessandro%20Bo&url=https:\/\/casa.oaxaca.gob.mx\/?p=17245' aria-hidden='true' data-av_icon='\ue8f1' data-av_iconfont='entypo-fontello' title='' data-avia-related-tooltip='Share on Twitter'><span class='avia_hidden_link_text'>Share on Twitter<\/span><\/a><\/li><li class='av-share-link av-social-link-gplus' ><a target='_blank' href='https:\/\/plus.google.com\/share?url=https:\/\/casa.oaxaca.gob.mx\/?p=17245' aria-hidden='true' data-av_icon='\ue8f6' data-av_iconfont='entypo-fontello' title='' data-avia-related-tooltip='Share on Google+'><span class='avia_hidden_link_text'>Share on Google+<\/span><\/a><\/li><li class='av-share-link av-social-link-pinterest' ><a target='_blank' href='http:\/\/pinterest.com\/pin\/create\/button\/?url=https%3A%2F%2Fcasa.oaxaca.gob.mx%2F%3Fp%3D17245&amp;description=Taller%20presencial.%20La%20fotograf%C3%ADa%20post%20documental%3A%20verdades%20construidas.%20Imparte%3A%20Alessandro%20Bo&amp;media=https%3A%2F%2Fcasa.oaxaca.gob.mx%2Fwp-content%2Fuploads%2F2025%2F08%2FLa-fotografia-post-documental-Verdades-construidas_cerrada-705x484.jpg' aria-hidden='true' data-av_icon='\ue8f8' data-av_iconfont='entypo-fontello' title='' data-avia-related-tooltip='Share on Pinterest'><span class='avia_hidden_link_text'>Share on Pinterest<\/span><\/a><\/li><li class='av-share-link av-social-link-mail' ><a  href='mailto:?subject=Taller%20presencial.%20La%20fotograf%C3%ADa%20post%20documental%3A%20verdades%20construidas.%20Imparte%3A%20Alessandro%20Bo&amp;body=https:\/\/casa.oaxaca.gob.mx\/?p=17245' aria-hidden='true' data-av_icon='\ue805' data-av_iconfont='entypo-fontello' title='' data-avia-related-tooltip='Share by Mail'><span class='avia_hidden_link_text'>Share by Mail<\/span><\/a><\/li><\/ul><\/div><\/div><br \/>\n<div  class='hr hr-default '><span class='hr-inner ' ><span class='hr-inner-style'><\/span><\/span><\/div><br \/>\n<div style='padding-bottom:10px;font-size:30px;' class='av-special-heading av-special-heading-h3  blockquote modern-quote   av-inherit-size'><h3 class='av-special-heading-tag'  itemprop=\"headline\"  >Sobre el tallerista<\/h3><div class='special-heading-border'><div class='special-heading-inner-border' ><\/div><\/div><\/div><br \/>\n<div class='avia-data-table-wrap avia_responsive_table'><table class='avia-table avia-data-table avia-table-1  avia_pricing_default'  itemscope=\"itemscope\" itemtype=\"https:\/\/schema.org\/Table\" ><tbody><tr class='avia-heading-row'><th class=''>Alessandro Bo<\/th><\/tr><tr class=''><td class=''>Ciudad de M\u00e9xico 1982. Radica en la ciudad de Oaxaca, donde se encuentra desarroyando un proyecto con el apoyo de la beca Diane Dammeyer Fellowship (2024 &#8211; 25), y finalizando su tercer fotolibro titulado \u201cLas Encantadas\u201d, realizado durante tres a\u00f1os con el apoyo de la beca del Sistema Nacional de Creadores del Arte (2021 &#8211; 24). Nominado y publicado por el British Journal of Photography \u201cOnes to Watch (2019). Cuenta con exposiciones a nivel nacional e internacional como Photo Vogue Festival (2025), Filter Photo Fest (2024). Ha participado como jurado, dentro de los que destaca la convocatoria Foto Septiembre del Centro de la Imagen (2022). Ha impartido diversos talleres en el Columbia College de Chicago (2023), Centro de la Imagen (2022), Centro Fotogr\u00e1fico Manuel Alvarez Bravo (2022) y Gimnasio de Arte (2019).<\/p>\n<p>Seleccionado a formar parte de la XVIII Bienal del Centro de la Imagen (2018). Ha publicado dos libros con la editorial Inframundo (2019), finalistas en el concurso de foto libro Tinta Per\u00fa y el Festival de Photo Espa\u00f1a PHE (2019). Fue expositor en el XVIII Encuentro Nacional de Fototecas (2017). Su trabajo ha sido publicado para revistas digitales e impresas como (Balam, Der Greif Online, It \u0301s Nice That, The New York Times, Don \u0301t Take Pictures, C41 Magazine, entre otros).<br \/>\n<\/td><\/tr><\/tbody><\/table><\/div><style type='text\/css'>.avia-table-1 td:nth-of-type(1):before { content: 'Alessandro Bo'; } <\/style><\/p><\/div>\n<div class=\"flex_column av_three_fifth  flex_column_div av-zero-column-padding   \" style='border-radius:0px; '><p><div style='padding-bottom:10px;font-size:30px;' class='av-special-heading av-special-heading-h3  blockquote modern-quote   av-inherit-size'><h3 class='av-special-heading-tag'  itemprop=\"headline\"  >Acerca del taller<\/h3><div class='special-heading-border'><div class='special-heading-inner-border' ><\/div><\/div><\/div><br \/>\n<div class='avia-data-table-wrap avia_responsive_table'><table class='avia-table avia-data-table avia-table-2  avia_pricing_default'  itemscope=\"itemscope\" itemtype=\"https:\/\/schema.org\/Table\" ><tbody><tr class=''><td class=''>LISTA DE SELECCIONADOS<\/td><\/tr><tr class=''><td class=''>Luis Eduardo Cayetano Rivera<br \/>\nJoyce Levi Valencia Balseca<br \/>\nIram Cueto Mart\u00ednez<br \/>\nZoe Aparicio Mendoza<br \/>\nGustavo Even Morales Morales<br \/>\nOrqu\u00eddea Del Rio Ruiz<br \/>\nFlor De Mar\u00eda Arango Santiago<br \/>\nM\u00f3nica Am\u00e9ndola Pimenta<br \/>\nThessa Fernanda Mendieta Mart\u00ednez<br \/>\nAisha Nahid Jim\u00e9nez Salinas<br \/>\nJonathan Gilbert Ruiz Olmos<br \/>\nNafsika Hadjichristou<br \/>\nJacqueline Marie Botts<br \/>\n<\/td><\/tr><\/tbody><\/table><\/div><style type='text\/css'><\/style><br \/>\n<div class='avia-data-table-wrap avia_responsive_table'><table class='avia-table avia-data-table avia-table-3  avia_pricing_default'  itemscope=\"itemscope\" itemtype=\"https:\/\/schema.org\/Table\" ><tbody><tr class='avia-heading-row'><th class=''>Descripci\u00f3n general<\/th><\/tr><tr class=''><td class=''>Taller que invita a explorar los territorios difusos entre la fotograf\u00eda documental, la ficci\u00f3n y la especulaci\u00f3n, entendidos no como opuestos, sino como espacios f\u00e9rtiles para la creaci\u00f3n de narrativas visuales cr\u00edticas, sensibles y desestabilizadoras. A trav\u00e9s del desmontaje del imaginario tradicional asociado al \u201cdocumento fotogr\u00e1fico\u201d basado en la supuesta objetividad, neutralidad y verdad, los participantes ser\u00e1n motivados a cuestionar los l\u00edmites de lo visible y a construir ensayos fotogr\u00e1ficos h\u00edbridos que entrelazan realidad y artificio.<\/p>\n<p>El taller propone una aproximaci\u00f3n experimental donde la puesta en escena, el archivo (real o inventado), la manipulaci\u00f3n digital y la ficci\u00f3n se activan como estrategias para pensar el presente desde la imaginaci\u00f3n cr\u00edtica, abriendo posibilidades para narrar lo que fue, lo que no fue, y sobre todo, lo que podr\u00eda llegar a ser. As\u00ed, la fotograf\u00eda deja de ser un simple reflejo del mundo para convertirse en una herramienta de especulaci\u00f3n, relato y provocaci\u00f3n pol\u00edtica y est\u00e9tica.<br \/>\n<\/td><\/tr><tr class='avia-heading-row'><th class=''>Objetivo general<\/th><\/tr><tr class=''><td class=''>Explorar y experimentar con los l\u00edmites entre la fotograf\u00eda documental, la ficci\u00f3n y la especulaci\u00f3n, para que las y los participantes desarrollen narrativas visuales h\u00edbridas, cr\u00edticas y sensibles que cuestionan las nociones tradicionales de verdad, objetividad y realidad en la imagen fotogr\u00e1fica.<br \/>\n<\/td><\/tr><tr class='avia-heading-row'><th class=''>Objetivos espec\u00edficos<\/th><\/tr><tr class=''><td class=''>General:<br \/>\nExplorar y experimentar con los l\u00edmites entre la fotograf\u00eda documental, la ficci\u00f3n y la especulaci\u00f3n, para que las y los participantes desarrollen narrativas visuales h\u00edbridas, cr\u00edticas y sensibles que cuestionan las nociones tradicionales de verdad, objetividad y realidad en la imagen fotogr\u00e1fica.<br \/>\nEspec\u00edficos:<br \/>\n&#8211; Cuestionar los imaginarios tradicionales del documento fotogr\u00e1fico, a trav\u00e9s del an\u00e1lisis cr\u00edtico de referentes visuales y te\u00f3ricos que problematizan la supuesta objetividad y neutralidad de la imagen.<br \/>\n&#8211; Experimentar con estrategias visuales como la puesta en escena, el archivo (real o ficticio), la manipulaci\u00f3n digital y la ficci\u00f3n, para construir ensayos fotogr\u00e1ficos que entrelazan realidad y artificio.<br \/>\n&#8211; Fomentar el desarrollo de proyectos fotogr\u00e1ficos personales, que utilicen la especulaci\u00f3n y la imaginaci\u00f3n cr\u00edtica como herramientas para narrar otras versiones del presente, del pasado y de posibles futuros.<br \/>\n<\/td><\/tr><tr class='avia-heading-row'><th class=''>Temas<\/th><\/tr><tr class=''><td class=''>DIA 1: El mito de la verdad fotogr\u00e1fica<br \/>\nObjetivo: Comprender la construcci\u00f3n hist\u00f3rica del documental y desmontar la idea de la fotograf\u00eda como evidencia objetiva.<br \/>\nContenidos:<br \/>\nHistoria breve del documental fotogr\u00e1fico.<br \/>\nLa fotograf\u00eda como herramienta de poder: mirada, control y representaci\u00f3n.<br \/>\nRupturas contempor\u00e1neas: de la neutralidad a la subjetividad.<br \/>\nIntroducci\u00f3n al pensamiento post-documental.<br \/>\nActividades:<br \/>\nAn\u00e1lisis de obras cl\u00e1sicas\/ contempor\u00e1neas.<br \/>\nDebate grupal: \u00bfPuede una imagen ser verdadera?<br \/>\n&#8211;<br \/>\nDIA 2: Ficci\u00f3n, montaje y puesta en escena<br \/>\nObjetivo: Explorar el uso de la ficci\u00f3n como estrategia narrativa en proyectos visuales que tensionan la verdad.<br \/>\nContenidos:<br \/>\nLa ficci\u00f3n como m\u00e9todo cr\u00edtico.<br \/>\nLa puesta en escena en fotograf\u00eda: del teatro al documento.<br \/>\nEl cuerpo y el territorio como espacio de representaci\u00f3n.<br \/>\nFotograf\u00eda performativa y narrativa especulativa.<br \/>\nActividades:<br \/>\nEjercicio: reconstrucci\u00f3n fotogr\u00e1fica de un recuerdo falso.<br \/>\nVisionado de referentes: Cristina de Middel, Samuel Fosso, Laia Abril.<br \/>\n&#8211;<br \/>\nDIA 3: Archivos imaginados y documentos intervenidos<br \/>\nObjetivo: Reflexionar sobre el archivo como construcci\u00f3n pol\u00edtica y art\u00edstica; experimentar con archivos reales, manipulados o inventados.<br \/>\nContenidos:<br \/>\nEl archivo como ficci\u00f3n institucional.<br \/>\nApropiaci\u00f3n, montaje y manipulaci\u00f3n de im\u00e1genes.<br \/>\nEstrategias de creaci\u00f3n de archivos ap\u00f3crifos.<br \/>\nCollage, anacronismo, falsificaci\u00f3n.<br \/>\nActividades:<br \/>\nCreaci\u00f3n de un archivo fotogr\u00e1fico ficticio.<br \/>\nLectura visual de obras de Walid Raad, Joan Fontcuberta, Kensuke Koike.<br \/>\n&#8211;<br \/>\nDIA 4: Narrativas h\u00edbridas y futuros posibles<br \/>\nObjetivo: Introducir herramientas y m\u00e9todos para construir narrativas especulativas que conecten presente, pasado y futuros imaginados.<br \/>\nContenidos:<br \/>\nEnsayo fotogr\u00e1fico especulativo: estructura y enfoque.<br \/>\nRealidades bastardas: mezcla de g\u00e9neros, formatos y temporalidades.<br \/>\nFotograf\u00eda, texto y visualidades no confiables.<br \/>\nImaginaci\u00f3n cr\u00edtica: utop\u00edas, distop\u00edas, mitolog\u00edas personales.<br \/>\nActividades:<br \/>\nBorrador de un proyecto h\u00edbrido individual.<br \/>\nRevisi\u00f3n colectiva y sugerencias curatoriales.<br \/>\n&#8211;<br \/>\nDIA 5: Laboratorio de creaci\u00f3n y montaje<br \/>\nObjetivo: Presentar avances de una idea o trabajo en proceso de un proyecto personal que articule las ideas del taller.<br \/>\nContenidos:<br \/>\nCuradur\u00eda y edici\u00f3n: del concepto a la secuencia.<br \/>\nFormatos posibles: fanzine, instalaci\u00f3n, archivo web, falso expediente, libro-objeto, etc.<br \/>\nAutoedici\u00f3n y presentaci\u00f3n del proyecto.<br \/>\nActividades:<br \/>\nRevisi\u00f3n cr\u00edtica de avances.<br \/>\nPresentaci\u00f3n de proyectos finales.<br \/>\nReflexi\u00f3n final: \u00bfqu\u00e9 hacemos con la imagen hoy?<br \/>\n<\/td><\/tr><\/tbody><\/table><\/div><style type='text\/css'>.avia-table-3 td:nth-of-type(1):before { content: 'Descripci\u00f3n general'; } <\/style><br \/>\n<div style='padding-bottom:10px;font-size:30px;' class='av-special-heading av-special-heading-h3  blockquote modern-quote   av-inherit-size'><h3 class='av-special-heading-tag'  itemprop=\"headline\"  >Requisitos de inscripci\u00f3n<\/h3><div class='special-heading-border'><div class='special-heading-inner-border' ><\/div><\/div><\/div><br \/>\n<div class='avia-data-table-wrap avia_responsive_table'><table class='avia-table avia-data-table avia-table-4  avia_pricing_default'  itemscope=\"itemscope\" itemtype=\"https:\/\/schema.org\/Table\" ><tbody><tr class=''><td class=''>&#8211; Presentar una idea escrita (m\u00e1x 300 palabras) \u00f3 proyecto en proceso (8 \u2013 10 im\u00e1genes) que abarquen la tem\u00e1tica del taller.<\/td><\/tr><tr class=''><td class=''>&#8211; Si tienes inter\u00e9s deber\u00e1s llenar el formulario con los datos completos que se encuentra en esta p\u00e1gina.<br \/>\n&#8211; La lista de seleccionados se publicar\u00e1 en esta p\u00e1gina, tambi\u00e9n se les notificar\u00e1 v\u00eda correo electr\u00f3nico con los detalles de la actividad.<br \/>\n&#8211; Actividad gratuita.<br \/>\n&#8211; Los talleristas ser\u00e1n los responsables de realizar la selecci\u00f3n de alumnos bajo sus criterios.<br \/>\n<\/td><\/tr><\/tbody><\/table><\/div><style type='text\/css'><\/style><br \/>\n<div class='avia-data-table-wrap avia_responsive_table'><table class='avia-table avia-data-table avia-table-5  avia_pricing_default'  itemscope=\"itemscope\" itemtype=\"https:\/\/schema.org\/Table\" ><tbody><tr class='avia-heading-row'><th class=''>Material que se le solicitar\u00e1 al alumno(a)<\/th><\/tr><tr class=''><td class=''>&#8211; Cuaderno de arte (hojas gruesas) 50 \u2013 80 hojas<br \/>\n&#8211; Tijeras<br \/>\n&#8211; Pegamento de muc\u00edlago transparente<br \/>\n<\/td><\/tr><\/tbody><\/table><\/div><style type='text\/css'>.avia-table-5 td:nth-of-type(1):before { content: 'Material que se le solicitar\u00e1 al alumno(a)'; } <\/style><br \/>\n<div class='avia-data-table-wrap avia_responsive_table'><table class='avia-table avia-data-table avia-table-6  avia_pricing_default'  itemscope=\"itemscope\" itemtype=\"https:\/\/schema.org\/Table\" ><tbody><tr class='avia-heading-row'><th class=''>Criterios de selecci\u00f3n de alumnos<\/th><\/tr><tr class=''><td class=''>&#8211; Se seleccionar\u00e1 un total de 10 a 12 personas.<br \/>\n&#8211; Se le dar\u00e1 preferencia a fot\u00f3grafos o artistas visuales que se encuentren en proceso o les interese empezar a desarrollar un proyecto fotogr\u00e1fico con la tem\u00e1tica del taller.<br \/>\n<\/td><\/tr><\/tbody><\/table><\/div><style type='text\/css'>.avia-table-6 td:nth-of-type(1):before { content: 'Criterios de selecci\u00f3n de alumnos'; } <\/style><br \/>\n<div class='avia-data-table-wrap avia_responsive_table'><table class='avia-table avia-data-table avia-table-7  avia_pricing_default'  itemscope=\"itemscope\" itemtype=\"https:\/\/schema.org\/Table\" ><tbody><tr class='avia-heading-row'><th class=''>Nota para los seleccionados<\/th><\/tr><tr class=''><td class=''>&#8211; Clases presenciales en el CaSa<br \/>\n&#8211; Se dejar\u00e1n ejercicios espec\u00edficos a cada estudiante, es fundamental realizarlos para continuar con la siguiente clase.<br \/>\n&#8211; Tener el compromiso y el tiempo para llevar a cabo el taller, ya que las inasistencias injustificadas ser\u00e1n motivo de suspensi\u00f3n y no podr\u00e1 ingresar a talleres futuros.<br \/>\n&#8211; Durante el taller nos estaremos comunicando por medio de mensajes en un grupo de WhatsApp, por ser una herramienta m\u00e1s r\u00e1pida para poder tener una mejor comunicaci\u00f3n con lo que respecta al taller.<br \/>\n<\/td><\/tr><\/tbody><\/table><\/div><style type='text\/css'>.avia-table-7 td:nth-of-type(1):before { content: 'Nota para los seleccionados'; } <\/style><br \/>\n<div id='av-masonry-1' class='av-masonry noHover av-fixed-size av-large-gap av-hover-overlay-active av-masonry-col-flexible av-caption-always av-caption-style- av-masonry-gallery  '  ><div class='av-masonry-container isotope av-js-disabled ' ><div class='av-masonry-entry isotope-item av-masonry-item-no-image '><\/div><a href=\"https:\/\/casa.oaxaca.gob.mx\/wp-content\/uploads\/2025\/08\/01-1030x821.jpg\" id='av-masonry-1-item-17250' data-av-masonry-item='17250' class='av-masonry-entry isotope-item post-17250 attachment type-attachment status-inherit hentry  av-masonry-item-with-image' title=\"\"  itemprop=\"thumbnailUrl\" ><div class='av-inner-masonry-sizer'><\/div><figure class='av-inner-masonry main_color'><div class=\"av-masonry-outerimage-container\"><div class=\"av-masonry-image-container\" style=\"background-image: url(https:\/\/casa.oaxaca.gob.mx\/wp-content\/uploads\/2025\/08\/01-705x562.jpg);\"><img decoding=\"async\" src=\"https:\/\/casa.oaxaca.gob.mx\/wp-content\/uploads\/2025\/08\/01-705x562.jpg\" title=\"01\" alt=\"\" \/><\/div><\/div><\/figure><\/a><!--end av-masonry entry--><\/div><\/div><\/p><\/div>\n","protected":false},"excerpt":{"rendered":"","protected":false},"author":1,"featured_media":17247,"comment_status":"open","ping_status":"open","sticky":false,"template":"","format":"standard","meta":{"_exactmetrics_skip_tracking":false,"_exactmetrics_sitenote_active":false,"_exactmetrics_sitenote_note":"","_exactmetrics_sitenote_category":0,"footnotes":""},"categories":[204],"tags":[],"class_list":["post-17245","post","type-post","status-publish","format-standard","has-post-thumbnail","hentry","category-204"],"_links":{"self":[{"href":"https:\/\/casa.oaxaca.gob.mx\/index.php?rest_route=\/wp\/v2\/posts\/17245","targetHints":{"allow":["GET"]}}],"collection":[{"href":"https:\/\/casa.oaxaca.gob.mx\/index.php?rest_route=\/wp\/v2\/posts"}],"about":[{"href":"https:\/\/casa.oaxaca.gob.mx\/index.php?rest_route=\/wp\/v2\/types\/post"}],"author":[{"embeddable":true,"href":"https:\/\/casa.oaxaca.gob.mx\/index.php?rest_route=\/wp\/v2\/users\/1"}],"replies":[{"embeddable":true,"href":"https:\/\/casa.oaxaca.gob.mx\/index.php?rest_route=%2Fwp%2Fv2%2Fcomments&post=17245"}],"version-history":[{"count":5,"href":"https:\/\/casa.oaxaca.gob.mx\/index.php?rest_route=\/wp\/v2\/posts\/17245\/revisions"}],"predecessor-version":[{"id":17608,"href":"https:\/\/casa.oaxaca.gob.mx\/index.php?rest_route=\/wp\/v2\/posts\/17245\/revisions\/17608"}],"wp:featuredmedia":[{"embeddable":true,"href":"https:\/\/casa.oaxaca.gob.mx\/index.php?rest_route=\/wp\/v2\/media\/17247"}],"wp:attachment":[{"href":"https:\/\/casa.oaxaca.gob.mx\/index.php?rest_route=%2Fwp%2Fv2%2Fmedia&parent=17245"}],"wp:term":[{"taxonomy":"category","embeddable":true,"href":"https:\/\/casa.oaxaca.gob.mx\/index.php?rest_route=%2Fwp%2Fv2%2Fcategories&post=17245"},{"taxonomy":"post_tag","embeddable":true,"href":"https:\/\/casa.oaxaca.gob.mx\/index.php?rest_route=%2Fwp%2Fv2%2Ftags&post=17245"}],"curies":[{"name":"wp","href":"https:\/\/api.w.org\/{rel}","templated":true}]}}