{"id":17255,"date":"2025-08-15T17:09:24","date_gmt":"2025-08-15T23:09:24","guid":{"rendered":"https:\/\/casa.oaxaca.gob.mx\/?p=17255"},"modified":"2026-01-22T13:48:59","modified_gmt":"2026-01-22T19:48:59","slug":"taller-presencial-llevemos-la-casa-al-cereso-imparte-marycarmen-de-montserrat-arroyo-macias","status":"publish","type":"post","link":"https:\/\/casa.oaxaca.gob.mx\/?p=17255","title":{"rendered":"Taller presencial. Llevemos la CaSa al CERESO. Imparte: Marycarmen de Montserrat Arroyo Mac\u00edas."},"content":{"rendered":"<\/div><\/div><\/div><!-- close content main div --><\/div><\/div><div id='av_section_1' class='avia-section main_color avia-section-default avia-no-shadow avia-bg-style-scroll  container_wrap fullsize' style = 'background-repeat: no-repeat; background-image: url(https:\/\/casa.oaxaca.gob.mx\/wp-content\/uploads\/2025\/08\/Llevemos-la-CaSa-al-CERESO_portada-scaled.jpg); background-attachment: scroll; background-position: top left; ' data-section-bg-repeat='no-repeat' ><div class='container' ><div class='template-page content  av-content-full alpha units'><div class='post-entry post-entry-type-page post-entry-17255'><div class='entry-content-wrapper clearfix'>\n<div style='padding-bottom:10px;color:#ffffff;font-size:50px;' class='av-special-heading av-special-heading-h3 custom-color-heading blockquote modern-quote  av-inherit-size'><h3 class='av-special-heading-tag'  itemprop=\"headline\"  >Taller presencial. Llevemos la CaSa al CERESO.<\/h3><div class ='av-subheading av-subheading_below av_custom_color' style='font-size:25px;'><p>Imparte: Marycarmen de Montserrat Arroyo Mac\u00edas.<\/p>\n<\/div><div class='special-heading-border'><div class='special-heading-inner-border' style='border-color:#ffffff'><\/div><\/div><\/div>\n\n<\/div><\/div><\/div><!-- close content main div --><\/div><\/div><div id='av-layout-grid-1' class='av-layout-grid-container entry-content-wrapper main_color av-flex-cells  container_wrap fullsize'   >\n<div class=\"flex_cell no_margin av_one_full   \" style='vertical-align:top; padding:30px; background-color:#ED9600; '><div class='flex_cell_inner' ><p><div class=\"flex_column av_one_fourth  flex_column_div av-zero-column-padding first  \" style='border-radius:0px; '><div style='padding-bottom:10px;color:#ffffff;' class='av-special-heading av-special-heading-h3 custom-color-heading blockquote modern-quote '><h3 class='av-special-heading-tag'  itemprop=\"headline\"  >Cierre de inscripciones<\/h3><div class ='av-subheading av-subheading_below av_custom_color' style='font-size:20px;'><p>Viernes 12 de septiembre de 2025<\/p>\n<p>Publicaci\u00f3n de resultados<br \/>\nLunes 15 de septiembre de 2025<\/p>\n<\/div><div class='special-heading-border'><div class='special-heading-inner-border' style='border-color:#ffffff'><\/div><\/div><\/div><\/div><div class=\"flex_column av_one_fourth  flex_column_div av-zero-column-padding   \" style='border-radius:0px; '><div style='padding-bottom:10px;color:#ffffff;' class='av-special-heading av-special-heading-h3 custom-color-heading blockquote modern-quote  '><h3 class='av-special-heading-tag'  itemprop=\"headline\"  >Fechas<\/h3><div class ='av-subheading av-subheading_below av_custom_color' style='font-size:20px;'><p>Lunes a viernes<br \/>\nDel 22 al 26 de septiembre de 2025<\/p>\n<\/div><div class='special-heading-border'><div class='special-heading-inner-border' style='border-color:#ffffff'><\/div><\/div><\/div><\/div><div class=\"flex_column av_one_fourth  flex_column_div av-zero-column-padding   \" style='border-radius:0px; '><div style='padding-bottom:10px;color:#ffffff;' class='av-special-heading av-special-heading-h3 custom-color-heading blockquote modern-quote  '><h3 class='av-special-heading-tag'  itemprop=\"headline\"  >Horario<\/h3><div class ='av-subheading av-subheading_below av_custom_color' style='font-size:20px;'><p>De 14 a 18 h<\/p>\n<\/div><div class='special-heading-border'><div class='special-heading-inner-border' style='border-color:#ffffff'><\/div><\/div><\/div><\/div><div class=\"flex_column av_one_fourth  flex_column_div av-zero-column-padding   \" style='border-radius:0px; '><section class=\"avia_codeblock_section avia_code_block_0\"  itemscope=\"itemscope\" itemtype=\"https:\/\/schema.org\/BlogPosting\" itemprop=\"blogPost\" ><div class='avia_codeblock '  itemprop=\"text\" > [avia_codeblock_placeholder uid=\"0\"] <\/div><\/section><\/div><\/p>\n<\/div><\/div>\n<\/div>\n<div class=\"flex_column av_two_fifth  flex_column_div av-zero-column-padding first  \" style='border-radius:0px; '><p><div class='av-social-sharing-box '><div class='av-share-box'><h5 class='av-share-link-description'>Compartir esta actividad<\/h5><ul class='av-share-box-list noLightbox'><li class='av-share-link av-social-link-facebook' ><a target='_blank' href='http:\/\/www.facebook.com\/sharer.php?u=https:\/\/casa.oaxaca.gob.mx\/?p=17255&amp;t=Taller%20presencial.%20Llevemos%20la%20CaSa%20al%20CERESO.%20Imparte%3A%20Marycarmen%20de%20Montserrat%20Arroyo%20Mac%C3%ADas.' aria-hidden='true' data-av_icon='\ue8f3' data-av_iconfont='entypo-fontello' title='' data-avia-related-tooltip='Share on Facebook'><span class='avia_hidden_link_text'>Share on Facebook<\/span><\/a><\/li><li class='av-share-link av-social-link-twitter' ><a target='_blank' href='https:\/\/twitter.com\/share?text=Taller%20presencial.%20Llevemos%20la%20CaSa%20al%20CERESO.%20Imparte%3A%20Marycarmen%20de%20Montserrat%20Arroyo%20Mac%C3%ADas.&url=https:\/\/casa.oaxaca.gob.mx\/?p=17255' aria-hidden='true' data-av_icon='\ue8f1' data-av_iconfont='entypo-fontello' title='' data-avia-related-tooltip='Share on Twitter'><span class='avia_hidden_link_text'>Share on Twitter<\/span><\/a><\/li><li class='av-share-link av-social-link-gplus' ><a target='_blank' href='https:\/\/plus.google.com\/share?url=https:\/\/casa.oaxaca.gob.mx\/?p=17255' aria-hidden='true' data-av_icon='\ue8f6' data-av_iconfont='entypo-fontello' title='' data-avia-related-tooltip='Share on Google+'><span class='avia_hidden_link_text'>Share on Google+<\/span><\/a><\/li><li class='av-share-link av-social-link-pinterest' ><a target='_blank' href='http:\/\/pinterest.com\/pin\/create\/button\/?url=https%3A%2F%2Fcasa.oaxaca.gob.mx%2F%3Fp%3D17255&amp;description=Taller%20presencial.%20Llevemos%20la%20CaSa%20al%20CERESO.%20Imparte%3A%20Marycarmen%20de%20Montserrat%20Arroyo%20Mac%C3%ADas.&amp;media=https%3A%2F%2Fcasa.oaxaca.gob.mx%2Fwp-content%2Fuploads%2F2025%2F08%2FLlevemos-la-CaSa-al-CERESO_cerrada-705x484.jpg' aria-hidden='true' data-av_icon='\ue8f8' data-av_iconfont='entypo-fontello' title='' data-avia-related-tooltip='Share on Pinterest'><span class='avia_hidden_link_text'>Share on Pinterest<\/span><\/a><\/li><li class='av-share-link av-social-link-mail' ><a  href='mailto:?subject=Taller%20presencial.%20Llevemos%20la%20CaSa%20al%20CERESO.%20Imparte%3A%20Marycarmen%20de%20Montserrat%20Arroyo%20Mac%C3%ADas.&amp;body=https:\/\/casa.oaxaca.gob.mx\/?p=17255' aria-hidden='true' data-av_icon='\ue805' data-av_iconfont='entypo-fontello' title='' data-avia-related-tooltip='Share by Mail'><span class='avia_hidden_link_text'>Share by Mail<\/span><\/a><\/li><\/ul><\/div><\/div><br \/>\n<div  class='hr hr-default '><span class='hr-inner ' ><span class='hr-inner-style'><\/span><\/span><\/div><br \/>\n<div style='padding-bottom:10px;font-size:30px;' class='av-special-heading av-special-heading-h3  blockquote modern-quote  av-inherit-size'><h3 class='av-special-heading-tag'  itemprop=\"headline\"  >Sobre la tallerista<\/h3><div class='special-heading-border'><div class='special-heading-inner-border' ><\/div><\/div><\/div><br \/>\n<div class='avia-data-table-wrap avia_responsive_table'><table class='avia-table avia-data-table avia-table-1  avia_pricing_default'  itemscope=\"itemscope\" itemtype=\"https:\/\/schema.org\/Table\" ><tbody><tr class='avia-heading-row'><th class=''>Marycarmen de Montserrat Arroyo Mac\u00edas<\/th><\/tr><tr class=''><td class=''>Originaria de Mexicali, Baja California. Artista visual y profesora investigadora en la Facultad de Artes de la Universidad Aut\u00f3noma de Baja California. Su obra aborda diferentes lenguajes y estrategias, entre ellos la instalaci\u00f3n, la intervenci\u00f3n y el trabajo en comunidad. Ha expuesto a nivel nacional e internacional. Ha obtenido diversos premios como 5ta Bienal Puebla de los \u00c1ngeles (2005), Bienal Miradas (2008), Selecci\u00f3n PECDA Baja California 2019-2020 y la 3era Bienal de la UNAM. Resistencia intangible en 2021. Coordinadora del proyecto colectivo Ave F\u00e9nix el cual realiza pr\u00e1cticas art\u00edsticas pedag\u00f3gicas con perspectiva interdisciplinaria en la comunidad del CERESO de Mexicali.<br \/>\n<\/td><\/tr><\/tbody><\/table><\/div><style type='text\/css'>.avia-table-1 td:nth-of-type(1):before { content: 'Marycarmen de Montserrat Arroyo Mac\u00edas'; } <\/style><\/p><\/div>\n<div class=\"flex_column av_three_fifth  flex_column_div av-zero-column-padding   \" style='border-radius:0px; '><p><div style='padding-bottom:10px;font-size:30px;' class='av-special-heading av-special-heading-h3  blockquote modern-quote   av-inherit-size'><h3 class='av-special-heading-tag'  itemprop=\"headline\"  >Acerca del taller<\/h3><div class='special-heading-border'><div class='special-heading-inner-border' ><\/div><\/div><\/div><br \/>\n<div class='avia-data-table-wrap avia_responsive_table'><table class='avia-table avia-data-table avia-table-2  avia_pricing_default'  itemscope=\"itemscope\" itemtype=\"https:\/\/schema.org\/Table\" ><tbody><tr class=''><td class=''>LISTA DE SELECCIONADOS<\/td><\/tr><tr class=''><td class=''>Ericel Peralta Cruz<br \/>\nCindy Crist\u00f3bal Blanco<br \/>\nBernardo Jos\u00e9 P\u00e9rez De La Torre<br \/>\nZulma Isabel Ahedo Jim\u00e9nez<br \/>\nSergio Manuel Rivera Camacho <\/td><\/tr><\/tbody><\/table><\/div><style type='text\/css'><\/style><br \/>\n<div class='avia-data-table-wrap avia_responsive_table'><table class='avia-table avia-data-table avia-table-3  avia_pricing_default'  itemscope=\"itemscope\" itemtype=\"https:\/\/schema.org\/Table\" ><tbody><tr class='avia-heading-row'><th class=''>Descripci\u00f3n general<\/th><\/tr><tr class=''><td class=''>Este taller te\u00f3rico-pr\u00e1ctico brindar\u00e1 herramientas metodol\u00f3gicas y t\u00e9cnicas art\u00edsticas para trabajar con personas privadas de la libertad (PPL). Oaxaca cuenta con un centro penitenciario federal, nueve estatales y un centro especializado (adolescentes) (INEGI, 2024, p. 10). Este contexto requiere ser atendido desde el \u00e1rea de la cultura y la educaci\u00f3n, como lo indica la Ley de Ejecuci\u00f3n Penal (2024) en su Art. 83, el cual menciona el derecho a la educaci\u00f3n art\u00edstica para toda PPL(p. 79). Por lo que se vuelve necesario que los trabajadores culturales se especialicen para abordar este tipo de contextos.<br \/>\n<\/td><\/tr><tr class='avia-heading-row'><th class=''>Objetivo general<\/th><\/tr><tr class=''><td class=''>Desarrollar talleres por medio de pr\u00e1cticas art\u00edstico pedag\u00f3gicas que exploren el cuerpo, la memoria y el territorio, as\u00ed como extracci\u00f3n de tintes naturales para estrategias dibuj\u00edsticas y pict\u00f3ricas en colectivo, con la finalidad de adquirir herramientas para crear espacios comunitarios, recreativos y culturales en contextos de encierro penitenciario.<\/td><\/tr><tr class='avia-heading-row'><th class=''>Objetivos espec\u00edficos<\/th><\/tr><tr class=''><td class=''>&#8211; Identificar las diversas cualidades metodol\u00f3gicas de la Pr\u00e1ctica art\u00edstica pedag\u00f3gica (PAP) por medio del estudio de diversos autores con la finalidad de integrar dichas caracter\u00edsticas a su propia pr\u00e1ctica creativa y de aprendizaje.<br \/>\n&#8211; Explorar la idea del cuerpo, la memoria y el territorio por medio de diversas pr\u00e1cticas art\u00edsticas pedag\u00f3gicas con la intenci\u00f3n de valorar dichos conceptos en contextos penitenciarios.<br \/>\n&#8211; Experimentar los procesos de extracci\u00f3n de tintes naturales por medio de elementos org\u00e1nicos y comestibles como estrategia para conectar con el cuerpo, la memoria y el territorio.<br \/>\n&#8211; Desarrollar un esbozo de taller aplicable en contextos penitenciarios por medio de la PAP con el objetivo de integrar los conocimientos adquiridos en el taller.<br \/>\n<\/td><\/tr><tr class='avia-heading-row'><th class=''>Temas<\/th><\/tr><tr class=''><td class=''>1. Pr\u00e1ctica art\u00edstica pedag\u00f3gica (PAP) a partir del cuerpo, la memoria y el territorio en contexto penitenciario<br \/>\na. \u00bfQu\u00e9 es una PAP?<br \/>\nI. Fusionar lo art\u00edstico y lo pedag\u00f3gico<br \/>\nII. Cuerpo, memoria y territorio en la PAP<br \/>\nMovilizaci\u00f3n del cuerpo<br \/>\nColectividad y afectos.<br \/>\nLa creaci\u00f3n de territorio simb\u00f3licos<br \/>\n2. Contexto penitenciario en M\u00e9xico<br \/>\nI. Ley de Ejecuci\u00f3n Penal 2024.<br \/>\nArt\u00edculo 83 sobre la Educaci\u00f3n<br \/>\nAutoridades corresponsables<br \/>\nReglas y din\u00e1micas generales del \u00e1rea educativa en CERESOS.<br \/>\nII. Estructura y datos sobre los Centros Penitenciarios en M\u00e9xico<br \/>\nCentros de Reinserci\u00f3n Social Federal y Estatal en Oaxaca<br \/>\nAutoridades corresponsables del Estado de Oaxaca en \u00e1rea educativa, art\u00edstica y cultural.<br \/>\nIII. Procesos administrativos y de financiamiento para un proyecto en un CERESO.<br \/>\nGestiones con autoridades corresponsables.<br \/>\nFuentes de financiamiento nacionales e internacionales.<br \/>\n3. Experimentaci\u00f3n y exploraci\u00f3n en la Pr\u00e1ctica art\u00edstica pedag\u00f3gica (PAP)<br \/>\na. Mapeo del cuerpo, memoria y territorio<br \/>\nI. Pr\u00e1ctica sensorial colectiva<br \/>\nCartograf\u00eda grupal<br \/>\nDiscusi\u00f3n reflexiva por grupos<br \/>\nII. Pigmentos naturales<br \/>\nExtracci\u00f3n de tinturas a trav\u00e9s de elementos org\u00e1nicos y comestibles.<br \/>\nTipos de papel para este tipo de tinturas<br \/>\nConservaci\u00f3n y fijaci\u00f3n de estos materiales.<br \/>\nIII. Paisaje colectivo<br \/>\nSelecci\u00f3n grupal de un paisaje com\u00fan<br \/>\nBoceto de paisaje colectivo<br \/>\nPigmentaci\u00f3n del paisaje<br \/>\nDiscusi\u00f3n y reflexi\u00f3n grupal sobre la pr\u00e1ctica.<br \/>\n4. Dise\u00f1ar mi propia Pr\u00e1ctica art\u00edstica pedag\u00f3gica (PAP) a partir del cuerpo, memoria y territorio<br \/>\na. Mis propios saberes<br \/>\nb. Del dise\u00f1o de un taller al boceto de un taller<br \/>\nc. Bocetar a partir del contexto penitenciario<br \/>\nd. Pr\u00e1ctica: Movilizar el cuerpo, la memoria y el territorio.<br \/>\n5. Pr\u00e1cticas grupales de PAP en taller.<br \/>\n<\/td><\/tr><\/tbody><\/table><\/div><style type='text\/css'>.avia-table-3 td:nth-of-type(1):before { content: 'Descripci\u00f3n general'; } <\/style><br \/>\n<div style='padding-bottom:10px;font-size:30px;' class='av-special-heading av-special-heading-h3  blockquote modern-quote   av-inherit-size'><h3 class='av-special-heading-tag'  itemprop=\"headline\"  >Requisitos de inscripci\u00f3n<\/h3><div class='special-heading-border'><div class='special-heading-inner-border' ><\/div><\/div><\/div><br \/>\n<div class='avia-data-table-wrap avia_responsive_table'><table class='avia-table avia-data-table avia-table-4  avia_pricing_default'  itemscope=\"itemscope\" itemtype=\"https:\/\/schema.org\/Table\" ><tbody><tr class=''><td class=''>-Haber participado como instructor y organizador de alg\u00fan taller enfocado al desarrollo comunitario que haya involucrado alg\u00fan campo art\u00edstico.<br \/>\n&#8211; Dirigido a trabajadores comunitarios, gestores culturales y\/o profesionales en el \u00e1rea de las artes, las humanidades y las ciencias sociales interesadas en el desarrollo de talleres art\u00edsticos interdisciplinarios dirigidos a personas privadas de la libertad.<br \/>\n<\/td><\/tr><tr class=''><td class=''>&#8211; Si tienes inter\u00e9s deber\u00e1s llenar el formulario con los datos completos que se encuentra en esta p\u00e1gina.<br \/>\n&#8211; La lista de seleccionados se publicar\u00e1 en esta p\u00e1gina, tambi\u00e9n se les notificar\u00e1 v\u00eda correo electr\u00f3nico con los detalles de la actividad.<br \/>\n&#8211; Actividad gratuita.<br \/>\n&#8211; Los talleristas ser\u00e1n los responsables de realizar la selecci\u00f3n de alumnos bajo sus criterios.<br \/>\n<\/td><\/tr><\/tbody><\/table><\/div><style type='text\/css'><\/style><br \/>\n<div class='avia-data-table-wrap avia_responsive_table'><table class='avia-table avia-data-table avia-table-5  avia_pricing_default'  itemscope=\"itemscope\" itemtype=\"https:\/\/schema.org\/Table\" ><tbody><tr class='avia-heading-row'><th class=''>Material que se le solicitar\u00e1 al alumno(a)<\/th><\/tr><tr class=''><td class=''>&#8211; Libreta tama\u00f1o carta con hojas blancas para apuntes y dibujos<br \/>\n&#8211; Pluma negra o azul<br \/>\n&#8211; L\u00e1piz HB, borrador y sacapuntas<br \/>\n&#8211; 1 plum\u00f3n (cualquier color)<br \/>\n&#8211; Pinceles de cerda suave chico y mediano (punta redondeada) y grueso (corte recto).<br \/>\n&#8211; Botecito para limpieza de pinceles<br \/>\n&#8211; Trapo de algod\u00f3n para limpieza de pinceles<br \/>\n&#8211; 3 Frascos de vidrio limpios (tipo gerber)<br \/>\n<\/td><\/tr><\/tbody><\/table><\/div><style type='text\/css'>.avia-table-5 td:nth-of-type(1):before { content: 'Material que se le solicitar\u00e1 al alumno(a)'; } <\/style><br \/>\n<div class='avia-data-table-wrap avia_responsive_table'><table class='avia-table avia-data-table avia-table-6  avia_pricing_default'  itemscope=\"itemscope\" itemtype=\"https:\/\/schema.org\/Table\" ><tbody><tr class='avia-heading-row'><th class=''>Criterios de selecci\u00f3n de alumnos<\/th><\/tr><tr class=''><td class=''>-Haber participado como instructor y organizador de alg\u00fan taller enfocado al desarrollo comunitario que haya involucrado alg\u00fan campo art\u00edstico.<br \/>\n&#8211; 20 seleccionados<br \/>\n&#8211; Ser trabajador comunitario, gestor cultural y\/o profesional en el \u00e1rea de las artes, las humanidades y\/o ciencias sociales interesados en el desarrollo de pr\u00e1cticas art\u00edsticas con enfoque inter o multidisciplinario dirigidas a personas privadas de la libertad.<br \/>\nHaber participado en al menos un proyecto de \u00edndole comunitario con enfoque art\u00edstico o cultural como organizador y\/o instructor.<br \/>\n<\/td><\/tr><\/tbody><\/table><\/div><style type='text\/css'>.avia-table-6 td:nth-of-type(1):before { content: 'Criterios de selecci\u00f3n de alumnos'; } <\/style><br \/>\n<div class='avia-data-table-wrap avia_responsive_table'><table class='avia-table avia-data-table avia-table-7  avia_pricing_default'  itemscope=\"itemscope\" itemtype=\"https:\/\/schema.org\/Table\" ><tbody><tr class='avia-heading-row'><th class=''>&#8211; Clases presenciales en sal\u00f3n de usos m\u00faltiples del CaSa<br \/>\n&#8211; Se dejar\u00e1 una lectura previa para el taller.<br \/>\n&#8211; Tener el compromiso y el tiempo para llevar a cabo el taller, ya que las inasistencias injustificadas ser\u00e1n motivo de suspensi\u00f3n y no podr\u00e1 ingresar a talleres futuros.<br \/>\n<\/th><\/tr><tr class=''><td class=''><br \/>\n&#8211; Durante el taller nos estaremos comunicando por medio de mensajes en un grupo de WhatsApp, por ser una herramienta m\u00e1s r\u00e1pida para poder tener una mejor comunicaci\u00f3n con lo que respecta al taller.<br \/>\n<\/td><\/tr><\/tbody><\/table><\/div><style type='text\/css'>.avia-table-7 td:nth-of-type(1):before { content: '\u2013 Clases presenciales en sal\u00f3n de usos m\u00faltiples del CaSa<br \/>\n\u2013 Se dejar\u00e1 una lectura previa para el taller.<br \/>\n\u2013 Tener el compromiso y el tiempo para llevar a cabo el taller, ya que las inasistencias injustificadas ser\u00e1n motivo de suspensi\u00f3n y no podr\u00e1 ingresar a talleres futuros.<br \/>\n'; } <\/style><br \/>\n<div id='av-masonry-1' class='av-masonry noHover av-fixed-size av-large-gap av-hover-overlay-active av-masonry-col-flexible av-caption-always av-caption-style- av-masonry-gallery  '  ><div class='av-masonry-container isotope av-js-disabled ' ><div class='av-masonry-entry isotope-item av-masonry-item-no-image '><\/div><a href=\"https:\/\/casa.oaxaca.gob.mx\/wp-content\/uploads\/2025\/08\/Marycarmen-de-Montserrat-Arroyo-Macias-01-1030x721.jpg\" id='av-masonry-1-item-17260' data-av-masonry-item='17260' class='av-masonry-entry isotope-item post-17260 attachment type-attachment status-inherit hentry  av-masonry-item-with-image' title=\"\"  itemprop=\"thumbnailUrl\" ><div class='av-inner-masonry-sizer'><\/div><figure class='av-inner-masonry main_color'><div class=\"av-masonry-outerimage-container\"><div class=\"av-masonry-image-container\" style=\"background-image: url(https:\/\/casa.oaxaca.gob.mx\/wp-content\/uploads\/2025\/08\/Marycarmen-de-Montserrat-Arroyo-Macias-01-705x494.jpg);\"><img decoding=\"async\" src=\"https:\/\/casa.oaxaca.gob.mx\/wp-content\/uploads\/2025\/08\/Marycarmen-de-Montserrat-Arroyo-Macias-01-705x494.jpg\" title=\"Marycarmen de Montserrat Arroyo Mac\u00edas 01\" alt=\"\" \/><\/div><\/div><\/figure><\/a><!--end av-masonry entry--><a href=\"https:\/\/casa.oaxaca.gob.mx\/wp-content\/uploads\/2025\/08\/Marycarmen-de-Montserrat-Arroyo-Macias-02-721x1030.jpg\" id='av-masonry-1-item-17261' data-av-masonry-item='17261' class='av-masonry-entry isotope-item post-17261 attachment type-attachment status-inherit hentry  av-masonry-item-with-image' title=\"\"  itemprop=\"thumbnailUrl\" ><div class='av-inner-masonry-sizer'><\/div><figure class='av-inner-masonry main_color'><div class=\"av-masonry-outerimage-container\"><div class=\"av-masonry-image-container\" style=\"background-image: url(https:\/\/casa.oaxaca.gob.mx\/wp-content\/uploads\/2025\/08\/Marycarmen-de-Montserrat-Arroyo-Macias-02-494x705.jpg);\"><img decoding=\"async\" src=\"https:\/\/casa.oaxaca.gob.mx\/wp-content\/uploads\/2025\/08\/Marycarmen-de-Montserrat-Arroyo-Macias-02-494x705.jpg\" title=\"Marycarmen de Montserrat Arroyo Mac\u00edas 02\" alt=\"\" \/><\/div><\/div><\/figure><\/a><!--end av-masonry entry--><a href=\"https:\/\/casa.oaxaca.gob.mx\/wp-content\/uploads\/2025\/08\/Marycarmen-de-Montserrat-Arroyo-Macias-03-1030x721.jpg\" id='av-masonry-1-item-17262' data-av-masonry-item='17262' class='av-masonry-entry isotope-item post-17262 attachment type-attachment status-inherit hentry  av-masonry-item-with-image' title=\"\"  itemprop=\"thumbnailUrl\" ><div class='av-inner-masonry-sizer'><\/div><figure class='av-inner-masonry main_color'><div class=\"av-masonry-outerimage-container\"><div class=\"av-masonry-image-container\" style=\"background-image: url(https:\/\/casa.oaxaca.gob.mx\/wp-content\/uploads\/2025\/08\/Marycarmen-de-Montserrat-Arroyo-Macias-03-705x494.jpg);\"><img decoding=\"async\" src=\"https:\/\/casa.oaxaca.gob.mx\/wp-content\/uploads\/2025\/08\/Marycarmen-de-Montserrat-Arroyo-Macias-03-705x494.jpg\" title=\"Marycarmen de Montserrat Arroyo Mac\u00edas 03\" alt=\"\" \/><\/div><\/div><\/figure><\/a><!--end av-masonry entry--><a href=\"https:\/\/casa.oaxaca.gob.mx\/wp-content\/uploads\/2025\/08\/Marycarmen-de-Montserrat-Arroyo-Macias-04-1030x585.jpg\" id='av-masonry-1-item-17263' data-av-masonry-item='17263' class='av-masonry-entry isotope-item post-17263 attachment type-attachment status-inherit hentry  av-masonry-item-with-image' title=\"\"  itemprop=\"thumbnailUrl\" ><div class='av-inner-masonry-sizer'><\/div><figure class='av-inner-masonry main_color'><div class=\"av-masonry-outerimage-container\"><div class=\"av-masonry-image-container\" style=\"background-image: url(https:\/\/casa.oaxaca.gob.mx\/wp-content\/uploads\/2025\/08\/Marycarmen-de-Montserrat-Arroyo-Macias-04-705x400.jpg);\"><img decoding=\"async\" src=\"https:\/\/casa.oaxaca.gob.mx\/wp-content\/uploads\/2025\/08\/Marycarmen-de-Montserrat-Arroyo-Macias-04-705x400.jpg\" title=\"Marycarmen de Montserrat Arroyo Mac\u00edas 04\" alt=\"\" \/><\/div><\/div><\/figure><\/a><!--end av-masonry entry--><\/div><\/div><\/p><\/div>\n","protected":false},"excerpt":{"rendered":"","protected":false},"author":1,"featured_media":17258,"comment_status":"open","ping_status":"open","sticky":false,"template":"","format":"standard","meta":{"_exactmetrics_skip_tracking":false,"_exactmetrics_sitenote_active":false,"_exactmetrics_sitenote_note":"","_exactmetrics_sitenote_category":0,"footnotes":""},"categories":[204],"tags":[],"class_list":["post-17255","post","type-post","status-publish","format-standard","has-post-thumbnail","hentry","category-204"],"_links":{"self":[{"href":"https:\/\/casa.oaxaca.gob.mx\/index.php?rest_route=\/wp\/v2\/posts\/17255","targetHints":{"allow":["GET"]}}],"collection":[{"href":"https:\/\/casa.oaxaca.gob.mx\/index.php?rest_route=\/wp\/v2\/posts"}],"about":[{"href":"https:\/\/casa.oaxaca.gob.mx\/index.php?rest_route=\/wp\/v2\/types\/post"}],"author":[{"embeddable":true,"href":"https:\/\/casa.oaxaca.gob.mx\/index.php?rest_route=\/wp\/v2\/users\/1"}],"replies":[{"embeddable":true,"href":"https:\/\/casa.oaxaca.gob.mx\/index.php?rest_route=%2Fwp%2Fv2%2Fcomments&post=17255"}],"version-history":[{"count":4,"href":"https:\/\/casa.oaxaca.gob.mx\/index.php?rest_route=\/wp\/v2\/posts\/17255\/revisions"}],"predecessor-version":[{"id":17595,"href":"https:\/\/casa.oaxaca.gob.mx\/index.php?rest_route=\/wp\/v2\/posts\/17255\/revisions\/17595"}],"wp:featuredmedia":[{"embeddable":true,"href":"https:\/\/casa.oaxaca.gob.mx\/index.php?rest_route=\/wp\/v2\/media\/17258"}],"wp:attachment":[{"href":"https:\/\/casa.oaxaca.gob.mx\/index.php?rest_route=%2Fwp%2Fv2%2Fmedia&parent=17255"}],"wp:term":[{"taxonomy":"category","embeddable":true,"href":"https:\/\/casa.oaxaca.gob.mx\/index.php?rest_route=%2Fwp%2Fv2%2Fcategories&post=17255"},{"taxonomy":"post_tag","embeddable":true,"href":"https:\/\/casa.oaxaca.gob.mx\/index.php?rest_route=%2Fwp%2Fv2%2Ftags&post=17255"}],"curies":[{"name":"wp","href":"https:\/\/api.w.org\/{rel}","templated":true}]}}