{"id":17266,"date":"2025-08-15T17:16:38","date_gmt":"2025-08-15T23:16:38","guid":{"rendered":"https:\/\/casa.oaxaca.gob.mx\/?p=17266"},"modified":"2026-01-22T13:48:59","modified_gmt":"2026-01-22T19:48:59","slug":"taller-presencial-practicas-colaborativas-interdisciplinares-y-notacion-coreografica-imparte-guyphytsy-aldalai-y-aura-arreola","status":"publish","type":"post","link":"https:\/\/casa.oaxaca.gob.mx\/?p=17266","title":{"rendered":"Taller presencial. Pr\u00e1cticas Colaborativas Interdisciplinares y Notaci\u00f3n Coreogr\u00e1fica. Imparte: Guyphytsy Aldalai y Aura Arreola."},"content":{"rendered":"<\/div><\/div><\/div><!-- close content main div --><\/div><\/div><div id='av_section_1' class='avia-section main_color avia-section-no-padding avia-no-border-styling avia-full-stretch av-parallax-section avia-bg-style-parallax  av-minimum-height av-minimum-height-75 container_wrap fullsize'  data-section-bg-repeat='stretch' ><div class='av-parallax' data-avia-parallax-ratio='0.3' ><div class='av-parallax-inner main_color  avia-full-stretch' style = 'background-repeat: no-repeat; background-image: url(https:\/\/casa.oaxaca.gob.mx\/wp-content\/uploads\/2025\/08\/Practicas_colaborativas_interdisciplinares_y_notacion_coreografica-2-scaled.jpg); background-attachment: scroll; background-position: bottom center; ' ><\/div><\/div><div class='container' ><div class='template-page content  av-content-full alpha units'><div class='post-entry post-entry-type-page post-entry-17266'><div class='entry-content-wrapper clearfix'>\n<div style='padding-bottom:10px;color:#ffffff;font-size:50px;' class='av-special-heading av-special-heading-h3 custom-color-heading blockquote modern-quote  av-inherit-size'><h3 class='av-special-heading-tag'  itemprop=\"headline\"  >Taller presencial. Pr\u00e1cticas Colaborativas Interdisciplinares y Notaci\u00f3n Coreogr\u00e1fica.<\/h3><div class ='av-subheading av-subheading_below av_custom_color' style='font-size:25px;'><p>Imparten: Guyphytsy Aldalai y Aura Arreola.<\/p>\n<\/div><div class='special-heading-border'><div class='special-heading-inner-border' style='border-color:#ffffff'><\/div><\/div><\/div>\n\n<\/div><\/div><\/div><!-- close content main div --><\/div><\/div><div id='av-layout-grid-1' class='av-layout-grid-container entry-content-wrapper main_color av-flex-cells  container_wrap fullsize'   >\n<div class=\"flex_cell no_margin av_one_full   \" style='vertical-align:top; padding:30px; background-color:#ED9600; '><div class='flex_cell_inner' ><p><div class=\"flex_column av_one_fourth  flex_column_div av-zero-column-padding first  \" style='border-radius:0px; '><div style='padding-bottom:10px;color:#ffffff;' class='av-special-heading av-special-heading-h3 custom-color-heading blockquote modern-quote '><h3 class='av-special-heading-tag'  itemprop=\"headline\"  >Cierre de inscripciones<\/h3><div class ='av-subheading av-subheading_below av_custom_color' style='font-size:20px;'><p>Domingo 24 de agosto de 2025<\/p>\n<p>Publicaci\u00f3n de resultados<br \/>\nMi\u00e9rcoles 27 de agosto de 2025<\/p>\n<\/div><div class='special-heading-border'><div class='special-heading-inner-border' style='border-color:#ffffff'><\/div><\/div><\/div><\/div><div class=\"flex_column av_one_fourth  flex_column_div av-zero-column-padding   \" style='border-radius:0px; '><div style='padding-bottom:10px;color:#ffffff;' class='av-special-heading av-special-heading-h3 custom-color-heading blockquote modern-quote '><h3 class='av-special-heading-tag'  itemprop=\"headline\"  >Fechas<\/h3><div class ='av-subheading av-subheading_below av_custom_color' style='font-size:20px;'><p>Lunes, martes y mi\u00e9rcoles<br \/>\n1, 2 y 3 de septiembre de 2025<\/p>\n<\/div><div class='special-heading-border'><div class='special-heading-inner-border' style='border-color:#ffffff'><\/div><\/div><\/div><\/div><div class=\"flex_column av_one_fourth  flex_column_div av-zero-column-padding   \" style='border-radius:0px; '><div style='padding-bottom:10px;color:#ffffff;' class='av-special-heading av-special-heading-h3 custom-color-heading blockquote modern-quote '><h3 class='av-special-heading-tag'  itemprop=\"headline\"  >Horario<\/h3><div class ='av-subheading av-subheading_below av_custom_color' style='font-size:20px;'><p>De 11 a 14 h<\/p>\n<\/div><div class='special-heading-border'><div class='special-heading-inner-border' style='border-color:#ffffff'><\/div><\/div><\/div><\/div><div class=\"flex_column av_one_fourth  flex_column_div av-zero-column-padding   \" style='border-radius:0px; '><section class=\"avia_codeblock_section avia_code_block_0\"  itemscope=\"itemscope\" itemtype=\"https:\/\/schema.org\/BlogPosting\" itemprop=\"blogPost\" ><div class='avia_codeblock '  itemprop=\"text\" > [avia_codeblock_placeholder uid=\"0\"] <\/div><\/section><\/div><\/p>\n<\/div><\/div>\n<\/div>\n<div class=\"flex_column av_two_fifth  flex_column_div av-zero-column-padding first  \" style='border-radius:0px; '><p><div class='av-social-sharing-box '><div class='av-share-box'><h5 class='av-share-link-description'>Compartir esta actividad<\/h5><ul class='av-share-box-list noLightbox'><li class='av-share-link av-social-link-facebook' ><a target='_blank' href='http:\/\/www.facebook.com\/sharer.php?u=https:\/\/casa.oaxaca.gob.mx\/?p=17266&amp;t=Taller%20presencial.%20Pr%C3%A1cticas%20Colaborativas%20Interdisciplinares%20y%20Notaci%C3%B3n%20Coreogr%C3%A1fica.%20Imparte%3A%20Guyphytsy%20Aldalai%20y%20Aura%20Arreola.' aria-hidden='true' data-av_icon='\ue8f3' data-av_iconfont='entypo-fontello' title='' data-avia-related-tooltip='Share on Facebook'><span class='avia_hidden_link_text'>Share on Facebook<\/span><\/a><\/li><li class='av-share-link av-social-link-twitter' ><a target='_blank' href='https:\/\/twitter.com\/share?text=Taller%20presencial.%20Pr%C3%A1cticas%20Colaborativas%20Interdisciplinares%20y%20Notaci%C3%B3n%20Coreogr%C3%A1fica.%20Imparte%3A%20Guyphytsy%20Aldalai%20y%20Aura%20Arreola.&url=https:\/\/casa.oaxaca.gob.mx\/?p=17266' aria-hidden='true' data-av_icon='\ue8f1' data-av_iconfont='entypo-fontello' title='' data-avia-related-tooltip='Share on Twitter'><span class='avia_hidden_link_text'>Share on Twitter<\/span><\/a><\/li><li class='av-share-link av-social-link-gplus' ><a target='_blank' href='https:\/\/plus.google.com\/share?url=https:\/\/casa.oaxaca.gob.mx\/?p=17266' aria-hidden='true' data-av_icon='\ue8f6' data-av_iconfont='entypo-fontello' title='' data-avia-related-tooltip='Share on Google+'><span class='avia_hidden_link_text'>Share on Google+<\/span><\/a><\/li><li class='av-share-link av-social-link-pinterest' ><a target='_blank' href='http:\/\/pinterest.com\/pin\/create\/button\/?url=https%3A%2F%2Fcasa.oaxaca.gob.mx%2F%3Fp%3D17266&amp;description=Taller%20presencial.%20Pr%C3%A1cticas%20Colaborativas%20Interdisciplinares%20y%20Notaci%C3%B3n%20Coreogr%C3%A1fica.%20Imparte%3A%20Guyphytsy%20Aldalai%20y%20Aura%20Arreola.&amp;media=https%3A%2F%2Fcasa.oaxaca.gob.mx%2Fwp-content%2Fuploads%2F2025%2F08%2FPracticas_colaborativas_interdisciplinares_y_notacion_coreografica-1-705x484.jpg' aria-hidden='true' data-av_icon='\ue8f8' data-av_iconfont='entypo-fontello' title='' data-avia-related-tooltip='Share on Pinterest'><span class='avia_hidden_link_text'>Share on Pinterest<\/span><\/a><\/li><li class='av-share-link av-social-link-mail' ><a  href='mailto:?subject=Taller%20presencial.%20Pr%C3%A1cticas%20Colaborativas%20Interdisciplinares%20y%20Notaci%C3%B3n%20Coreogr%C3%A1fica.%20Imparte%3A%20Guyphytsy%20Aldalai%20y%20Aura%20Arreola.&amp;body=https:\/\/casa.oaxaca.gob.mx\/?p=17266' aria-hidden='true' data-av_icon='\ue805' data-av_iconfont='entypo-fontello' title='' data-avia-related-tooltip='Share by Mail'><span class='avia_hidden_link_text'>Share by Mail<\/span><\/a><\/li><\/ul><\/div><\/div><br \/>\n<div  class='hr hr-default '><span class='hr-inner ' ><span class='hr-inner-style'><\/span><\/span><\/div><br \/>\n<div style='padding-bottom:10px;font-size:30px;' class='av-special-heading av-special-heading-h3  blockquote modern-quote  av-inherit-size'><h3 class='av-special-heading-tag'  itemprop=\"headline\"  >Sobre las talleristas<\/h3><div class='special-heading-border'><div class='special-heading-inner-border' ><\/div><\/div><\/div><br \/>\n<div class='avia-data-table-wrap avia_responsive_table'><table class='avia-table avia-data-table avia-table-1  avia_pricing_default'  itemscope=\"itemscope\" itemtype=\"https:\/\/schema.org\/Table\" ><tbody><tr class='avia-heading-row'><th class=''>Aura Arreola (CDMX)<\/th><\/tr><tr class=''><td class=''>Artista interdisciplinaria, performer y core\u00f3grafa, especializada en colaboraciones intermedias, performance sonoro y danza Butoh. Su trabajo se centra en la exploraci\u00f3n de la intimidad, la vulnerabilidad y el afecto, creando espacios seguros para imaginar otras formas de relaci\u00f3n con uno mismo, con los otros y con el entorno.<br \/>\nDesde 2008, gracias al acompa\u00f1amiento de Eugenia Vargas, inicia una profunda investigaci\u00f3n y pr\u00e1ctica del Butoh tanto en M\u00e9xico como en Jap\u00f3n, convirti\u00e9ndose en una de las exponentes contempor\u00e1neas m\u00e1s reconocidas de esta disciplina en el pa\u00eds. Ha sido coreografiada por maestros internacionales como Tadashi Endo, Natsu Nakajima, Taketeru Kudo y Yukio Suzuki.<br \/>\nEs cofundadora de la Sociedad de Carne y Hueso (2016), con la cual ha dirigido, coreografiado e interpretado instalaciones perform\u00e1ticas, experiencias inmersivas y activaciones para exposiciones de arte.<br \/>\n<\/td><\/tr><\/tbody><\/table><\/div><style type='text\/css'>.avia-table-1 td:nth-of-type(1):before { content: 'Aura Arreola (CDMX)'; } <\/style><br \/>\n<div class='avia-data-table-wrap avia_responsive_table'><table class='avia-table avia-data-table avia-table-2  avia_pricing_default'  itemscope=\"itemscope\" itemtype=\"https:\/\/schema.org\/Table\" ><tbody><tr class='avia-heading-row'><th class=''>Guyphytsy Aldalai (GDL)<\/th><\/tr><tr class=''><td class=''>Artista multidisciplinaria cuya pr\u00e1ctica cruza la gesti\u00f3n cultural, la coreograf\u00eda, la danza y la investigaci\u00f3n del cuerpo en movimiento. Su obra se arraiga en el cuerpo como territorio de transformaci\u00f3n, entrelazando disciplinas como la filosof\u00eda, la literatura y los lenguajes esc\u00e9nicos contempor\u00e1neos.<br \/>\nA trav\u00e9s de su trabajo, indaga en las fisuras del cuerpo cotidiano, invit\u00e1ndolo a des-domesticarse y situarse en los m\u00e1rgenes, donde emergen preguntas sobre los c\u00f3digos que lo atraviesan. Su formaci\u00f3n incluye el M\u00e9todo del Laboratorio de Jerzy Grotowski, el Teatro Antropol\u00f3gico y la Danza Butoh, lenguajes desde los cuales explora estados del ser que transitan entre el silencio y el movimiento, entre la vulnerabilidad y la potencia.<br \/>\n<\/td><\/tr><\/tbody><\/table><\/div><style type='text\/css'>.avia-table-2 td:nth-of-type(1):before { content: 'Guyphytsy Aldalai (GDL)'; } <\/style><\/p><\/div>\n<div class=\"flex_column av_three_fifth  flex_column_div av-zero-column-padding   \" style='border-radius:0px; '><p><div style='padding-bottom:10px;font-size:30px;' class='av-special-heading av-special-heading-h3  blockquote modern-quote   av-inherit-size'><h3 class='av-special-heading-tag'  itemprop=\"headline\"  >Acerca del taller<\/h3><div class='special-heading-border'><div class='special-heading-inner-border' ><\/div><\/div><\/div><br \/>\n<div class='avia-data-table-wrap avia_responsive_table'><table class='avia-table avia-data-table avia-table-3  avia_pricing_default'  itemscope=\"itemscope\" itemtype=\"https:\/\/schema.org\/Table\" ><tbody><tr class=''><td class=''>LISTA DE SELECCIONADOS<\/td><\/tr><tr class=''><td class=''>Diana Lorena Mart\u00edn del Campo N\u00e1jera<br \/>\nNatalia Orozco Le\u00f3n<br \/>\nRoc\u00edo Bel\u00e9n Oliva Gaido<br \/>\nMitzi Ruiz Zavala<br \/>\nLeticia Galv\u00e1n Alvarado<br \/>\nKatya Guadalupe Cruz Eugenio<br \/>\n\u00c1ngela Reyes Mata<br \/>\nBettina Keil<br \/>\n<\/td><\/tr><\/tbody><\/table><\/div><style type='text\/css'><\/style><br \/>\n<div class='avia-data-table-wrap avia_responsive_table'><table class='avia-table avia-data-table avia-table-4  avia_pricing_default'  itemscope=\"itemscope\" itemtype=\"https:\/\/schema.org\/Table\" ><tbody><tr class='avia-heading-row'><th class=''>Descripci\u00f3n general<\/th><\/tr><tr class=''><td class=''>Este taller ofrece un espacio de exploraci\u00f3n interdisciplinar donde imagen, sonido y movimiento convergen para crear nuevas formas de notaci\u00f3n coreogr\u00e1fica. A partir de la experiencia de creaci\u00f3n de la pieza Inmarcesibles, compartiremos la metodolog\u00eda empleada que articula improvisaci\u00f3n, documentaci\u00f3n y composici\u00f3n mediante herramientas visuales inspiradas en el Butoh Fu de Tatsumi Hijikata.<\/td><\/tr><tr class='avia-heading-row'><th class=''>Objetivo general<\/th><\/tr><tr class=''><td class=''>Brindar a los participantes una experiencia de creaci\u00f3n coreogr\u00e1fica interdisciplinaria que integre imagen, sonido y movimiento, mediante una metodolog\u00eda basada en la improvisaci\u00f3n, la documentaci\u00f3n y la composici\u00f3n visual, fomentando el trabajo colaborativo desde la diferencia.<br \/>\n<\/td><\/tr><tr class='avia-heading-row'><th class=''>Objetivos espec\u00edficos<\/th><\/tr><tr class=''><td class=''>&#8211; Explorar el cuerpo en relaci\u00f3n con el sonido y el espacio a trav\u00e9s de pr\u00e1cticas de improvisaci\u00f3n in situ que generen material sonoro-coreogr\u00e1fico.<br \/>\n&#8211; Introducir herramientas de documentaci\u00f3n visual, sonora y audiovisual como medio de registro, traducci\u00f3n y memoria del proceso creativo.<br \/>\n&#8211; Fomentar el an\u00e1lisis colectivo y reflexivo del material generado, promoviendo la escucha activa y el di\u00e1logo entre participantes.<br \/>\n&#8211; Guiar la creaci\u00f3n de partituras visuales como recurso para la composici\u00f3n coreogr\u00e1fica, inspiradas en el Butoh Fu y otras formas de notaci\u00f3n alternativa.<br \/>\n&#8211; Desarrollar micro composiciones coreogr\u00e1ficas a partir de las partituras, explorando transiciones, calidades de movimiento y la encarnaci\u00f3n po\u00e9tica de im\u00e1genes.<br \/>\n<\/td><\/tr><tr class='avia-heading-row'><th class=''>Temas<\/th><\/tr><tr class=''><td class=''>1. Exploraci\u00f3n del movimiento y el sonido<br \/>\nImprovisaciones guiadas para descubrir nuevas formas de moverse y crear sonidos con el cuerpo.<br \/>\n2. Registro del proceso creativo<br \/>\nUso de foto, video y grabaciones para documentar lo que sucede durante la improvisaci\u00f3n.<br \/>\n3. Reflexi\u00f3n y selecci\u00f3n de materiales<br \/>\nRevisi\u00f3n y an\u00e1lisis colectivo de lo registrado para elegir lo que ser\u00e1 base de la creaci\u00f3n.<br \/>\n4. Partituras visuales<br \/>\nCreaci\u00f3n de im\u00e1genes y collages que funcionen como gu\u00edas para construir la coreograf\u00eda.<br \/>\n5. Composici\u00f3n coreogr\u00e1fica final<br \/>\nTransformar las partituras en movimiento: ensayos, transiciones y puesta en escena.<br \/>\n<\/td><\/tr><\/tbody><\/table><\/div><style type='text\/css'>.avia-table-4 td:nth-of-type(1):before { content: 'Descripci\u00f3n general'; } <\/style><br \/>\n<div style='padding-bottom:10px;font-size:30px;' class='av-special-heading av-special-heading-h3  blockquote modern-quote   av-inherit-size'><h3 class='av-special-heading-tag'  itemprop=\"headline\"  >Requisitos de inscripci\u00f3n<\/h3><div class='special-heading-border'><div class='special-heading-inner-border' ><\/div><\/div><\/div><br \/>\n<div class='avia-data-table-wrap avia_responsive_table'><table class='avia-table avia-data-table avia-table-5  avia_pricing_default'  itemscope=\"itemscope\" itemtype=\"https:\/\/schema.org\/Table\" ><tbody><tr class=''><td class=''>&#8211; Si tienes inter\u00e9s deber\u00e1s llenar el formulario con los datos completos que se encuentra en esta p\u00e1gina.<\/td><\/tr><tr class=''><td class=''>&#8211; La lista de seleccionados se publicar\u00e1 en esta p\u00e1gina, tambi\u00e9n se les notificar\u00e1 v\u00eda correo electr\u00f3nico con los detalles de la actividad.<br \/>\n&#8211; Actividad gratuita.<br \/>\n&#8211; Los talleristas ser\u00e1n los responsables de realizar la selecci\u00f3n de alumnos bajo sus criterios.<br \/>\n<\/td><\/tr><\/tbody><\/table><\/div><style type='text\/css'><\/style><br \/>\n<div class='avia-data-table-wrap avia_responsive_table'><table class='avia-table avia-data-table avia-table-6  avia_pricing_default'  itemscope=\"itemscope\" itemtype=\"https:\/\/schema.org\/Table\" ><tbody><tr class='avia-heading-row'><th class=''>Material que se le solicitar\u00e1 al alumno(a)<\/th><\/tr><tr class=''><td class=''>&#8211; Ropa c\u00f3moda<br \/>\n&#8211; C\u00e1mara fotogr\u00e1fica o celular con c\u00e1mara<br \/>\n&#8211; Cuaderno de notas<br \/>\n&#8211; Pluma o l\u00e1piz<br \/>\n&#8211; Botella de agua<br \/>\n<\/td><\/tr><\/tbody><\/table><\/div><style type='text\/css'>.avia-table-6 td:nth-of-type(1):before { content: 'Material que se le solicitar\u00e1 al alumno(a)'; } <\/style><br \/>\n<div class='avia-data-table-wrap avia_responsive_table'><table class='avia-table avia-data-table avia-table-7  avia_pricing_default'  itemscope=\"itemscope\" itemtype=\"https:\/\/schema.org\/Table\" ><tbody><tr class='avia-heading-row'><th class=''>Criterios de selecci\u00f3n de alumnos<\/th><\/tr><tr class=''><td class=''>&#8211; 15 a 20 seleccionados<\/td><\/tr><\/tbody><\/table><\/div><style type='text\/css'>.avia-table-7 td:nth-of-type(1):before { content: 'Criterios de selecci\u00f3n de alumnos'; } <\/style><br \/>\n<div class='avia-data-table-wrap avia_responsive_table'><table class='avia-table avia-data-table avia-table-8  avia_pricing_default'  itemscope=\"itemscope\" itemtype=\"https:\/\/schema.org\/Table\" ><tbody><tr class='avia-heading-row'><th class=''>Nota para los seleccionados<\/th><\/tr><tr class=''><td class=''>&#8211; Clases presenciales en duela de danza del CaSa<br \/>\n&#8211; Se dejar\u00e1n ejercicios espec\u00edficos a cada estudiante, es fundamental realizarlos para continuar con la siguiente clase.<br \/>\n&#8211; Tener el compromiso y el tiempo para llevar a cabo el taller, ya que las inasistencias injustificadas ser\u00e1n motivo de suspensi\u00f3n y no podr\u00e1 ingresar a talleres futuros.<br \/>\n&#8211; Durante el taller nos estaremos comunicando por medio de mensajes en un grupo de WhatsApp, por ser una herramienta m\u00e1s r\u00e1pida para poder tener una mejor comunicaci\u00f3n con lo que respecta al taller.<br \/>\n<\/td><\/tr><\/tbody><\/table><\/div><style type='text\/css'>.avia-table-8 td:nth-of-type(1):before { content: 'Nota para los seleccionados'; } <\/style><br \/>\n<div id='av-masonry-1' class='av-masonry noHover av-fixed-size av-large-gap av-hover-overlay-active av-masonry-col-flexible av-caption-always av-caption-style- av-masonry-gallery  '  ><div class='av-masonry-container isotope av-js-disabled ' ><div class='av-masonry-entry isotope-item av-masonry-item-no-image '><\/div><a href=\"https:\/\/casa.oaxaca.gob.mx\/wp-content\/uploads\/2025\/08\/Chalmita-178-1030x688.jpg\" id='av-masonry-1-item-17270' data-av-masonry-item='17270' class='av-masonry-entry isotope-item post-17270 attachment type-attachment status-inherit hentry  av-masonry-item-with-image' title=\"\"  itemprop=\"thumbnailUrl\" ><div class='av-inner-masonry-sizer'><\/div><figure class='av-inner-masonry main_color'><div class=\"av-masonry-outerimage-container\"><div class=\"av-masonry-image-container\" style=\"background-image: url(https:\/\/casa.oaxaca.gob.mx\/wp-content\/uploads\/2025\/08\/Chalmita-178-705x471.jpg);\"><img decoding=\"async\" src=\"https:\/\/casa.oaxaca.gob.mx\/wp-content\/uploads\/2025\/08\/Chalmita-178-705x471.jpg\" title=\"Chalmita-178\" alt=\"\" \/><\/div><\/div><\/figure><\/a><!--end av-masonry entry--><a href=\"https:\/\/casa.oaxaca.gob.mx\/wp-content\/uploads\/2025\/08\/Chalmita-200-1030x688.jpg\" id='av-masonry-1-item-17271' data-av-masonry-item='17271' class='av-masonry-entry isotope-item post-17271 attachment type-attachment status-inherit hentry  av-masonry-item-with-image' title=\"\"  itemprop=\"thumbnailUrl\" ><div class='av-inner-masonry-sizer'><\/div><figure class='av-inner-masonry main_color'><div class=\"av-masonry-outerimage-container\"><div class=\"av-masonry-image-container\" style=\"background-image: url(https:\/\/casa.oaxaca.gob.mx\/wp-content\/uploads\/2025\/08\/Chalmita-200-705x471.jpg);\"><img decoding=\"async\" src=\"https:\/\/casa.oaxaca.gob.mx\/wp-content\/uploads\/2025\/08\/Chalmita-200-705x471.jpg\" title=\"Chalmita-200\" alt=\"\" \/><\/div><\/div><\/figure><\/a><!--end av-masonry entry--><\/div><\/div><\/p><\/div>\n","protected":false},"excerpt":{"rendered":"","protected":false},"author":1,"featured_media":17267,"comment_status":"open","ping_status":"open","sticky":false,"template":"","format":"standard","meta":{"_exactmetrics_skip_tracking":false,"_exactmetrics_sitenote_active":false,"_exactmetrics_sitenote_note":"","_exactmetrics_sitenote_category":0,"footnotes":""},"categories":[204],"tags":[],"class_list":["post-17266","post","type-post","status-publish","format-standard","has-post-thumbnail","hentry","category-204"],"_links":{"self":[{"href":"https:\/\/casa.oaxaca.gob.mx\/index.php?rest_route=\/wp\/v2\/posts\/17266","targetHints":{"allow":["GET"]}}],"collection":[{"href":"https:\/\/casa.oaxaca.gob.mx\/index.php?rest_route=\/wp\/v2\/posts"}],"about":[{"href":"https:\/\/casa.oaxaca.gob.mx\/index.php?rest_route=\/wp\/v2\/types\/post"}],"author":[{"embeddable":true,"href":"https:\/\/casa.oaxaca.gob.mx\/index.php?rest_route=\/wp\/v2\/users\/1"}],"replies":[{"embeddable":true,"href":"https:\/\/casa.oaxaca.gob.mx\/index.php?rest_route=%2Fwp%2Fv2%2Fcomments&post=17266"}],"version-history":[{"count":3,"href":"https:\/\/casa.oaxaca.gob.mx\/index.php?rest_route=\/wp\/v2\/posts\/17266\/revisions"}],"predecessor-version":[{"id":17390,"href":"https:\/\/casa.oaxaca.gob.mx\/index.php?rest_route=\/wp\/v2\/posts\/17266\/revisions\/17390"}],"wp:featuredmedia":[{"embeddable":true,"href":"https:\/\/casa.oaxaca.gob.mx\/index.php?rest_route=\/wp\/v2\/media\/17267"}],"wp:attachment":[{"href":"https:\/\/casa.oaxaca.gob.mx\/index.php?rest_route=%2Fwp%2Fv2%2Fmedia&parent=17266"}],"wp:term":[{"taxonomy":"category","embeddable":true,"href":"https:\/\/casa.oaxaca.gob.mx\/index.php?rest_route=%2Fwp%2Fv2%2Fcategories&post=17266"},{"taxonomy":"post_tag","embeddable":true,"href":"https:\/\/casa.oaxaca.gob.mx\/index.php?rest_route=%2Fwp%2Fv2%2Ftags&post=17266"}],"curies":[{"name":"wp","href":"https:\/\/api.w.org\/{rel}","templated":true}]}}