{"id":17274,"date":"2025-08-15T17:26:09","date_gmt":"2025-08-15T23:26:09","guid":{"rendered":"https:\/\/casa.oaxaca.gob.mx\/?p=17274"},"modified":"2026-01-22T13:48:59","modified_gmt":"2026-01-22T19:48:59","slug":"taller-presencial-tecnicas-avanzadas-de-positivado-en-plata-gelatina-imparte-gerardo-castillo-corona","status":"publish","type":"post","link":"https:\/\/casa.oaxaca.gob.mx\/?p=17274","title":{"rendered":"Taller presencial. T\u00e9cnicas avanzadas de positivado en Plata Gelatina. Imparte: Gerardo Castillo Corona."},"content":{"rendered":"<\/div><\/div><\/div><!-- close content main div --><\/div><\/div><div id='av_section_1' class='avia-section main_color avia-section-no-padding avia-no-border-styling avia-full-stretch av-parallax-section avia-bg-style-parallax  av-minimum-height av-minimum-height-75 container_wrap fullsize'  data-section-bg-repeat='stretch' ><div class='av-parallax' data-avia-parallax-ratio='0.3' ><div class='av-parallax-inner main_color  avia-full-stretch' style = 'background-repeat: no-repeat; background-image: url(https:\/\/casa.oaxaca.gob.mx\/wp-content\/uploads\/2025\/08\/Tecnicas-avanzadas-de-positivado-en-plata-gelatina_portada-scaled.jpg); background-attachment: scroll; background-position: bottom center; ' ><\/div><\/div><div class='container' ><div class='template-page content  av-content-full alpha units'><div class='post-entry post-entry-type-page post-entry-17274'><div class='entry-content-wrapper clearfix'>\n<div style='padding-bottom:10px;color:#ffffff;font-size:50px;' class='av-special-heading av-special-heading-h3 custom-color-heading blockquote modern-quote  av-inherit-size'><h3 class='av-special-heading-tag'  itemprop=\"headline\"  >Taller presencial. T\u00e9cnicas avanzadas de positivado en Plata Gelatina.<\/h3><div class ='av-subheading av-subheading_below av_custom_color' style='font-size:25px;'><p>Imparte: Gerardo Castillo Corona.<\/p>\n<\/div><div class='special-heading-border'><div class='special-heading-inner-border' style='border-color:#ffffff'><\/div><\/div><\/div>\n\n<\/div><\/div><\/div><!-- close content main div --><\/div><\/div><div id='av-layout-grid-1' class='av-layout-grid-container entry-content-wrapper main_color av-flex-cells  container_wrap fullsize'   >\n<div class=\"flex_cell no_margin av_one_full   \" style='vertical-align:top; padding:30px; background-color:#ED9600; '><div class='flex_cell_inner' ><p><div class=\"flex_column av_one_fourth  flex_column_div av-zero-column-padding first  \" style='border-radius:0px; '><div style='padding-bottom:10px;color:#ffffff;' class='av-special-heading av-special-heading-h3 custom-color-heading blockquote modern-quote  '><h3 class='av-special-heading-tag'  itemprop=\"headline\"  >Cierre de inscripciones<\/h3><div class ='av-subheading av-subheading_below av_custom_color' style='font-size:20px;'><p>Domingo 14 de septiembre de 2025<\/p>\n<p>Publicaci\u00f3n de resultados<br \/>\nMi\u00e9rcoles 17 de septiembre de 2025<\/p>\n<\/div><div class='special-heading-border'><div class='special-heading-inner-border' style='border-color:#ffffff'><\/div><\/div><\/div><\/div><div class=\"flex_column av_one_fourth  flex_column_div av-zero-column-padding   \" style='border-radius:0px; '><div style='padding-bottom:10px;color:#ffffff;' class='av-special-heading av-special-heading-h3 custom-color-heading blockquote modern-quote '><h3 class='av-special-heading-tag'  itemprop=\"headline\"  >Fechas<\/h3><div class ='av-subheading av-subheading_below av_custom_color' style='font-size:20px;'><p>Martes a viernes<br \/>\nDel 23 al 26 de septiembre de 2025<\/p>\n<\/div><div class='special-heading-border'><div class='special-heading-inner-border' style='border-color:#ffffff'><\/div><\/div><\/div><\/div><div class=\"flex_column av_one_fourth  flex_column_div av-zero-column-padding   \" style='border-radius:0px; '><div style='padding-bottom:10px;color:#ffffff;' class='av-special-heading av-special-heading-h3 custom-color-heading blockquote modern-quote '><h3 class='av-special-heading-tag'  itemprop=\"headline\"  >Horario<\/h3><div class ='av-subheading av-subheading_below av_custom_color' style='font-size:20px;'><p>10 a 15 h<\/p>\n<\/div><div class='special-heading-border'><div class='special-heading-inner-border' style='border-color:#ffffff'><\/div><\/div><\/div><\/div><div class=\"flex_column av_one_fourth  flex_column_div av-zero-column-padding   \" style='border-radius:0px; '><section class=\"avia_codeblock_section avia_code_block_0\"  itemscope=\"itemscope\" itemtype=\"https:\/\/schema.org\/BlogPosting\" itemprop=\"blogPost\" ><div class='avia_codeblock '  itemprop=\"text\" > [avia_codeblock_placeholder uid=\"0\"] <\/div><\/section><\/div><\/p>\n<\/div><\/div>\n<\/div>\n<div class=\"flex_column av_two_fifth  flex_column_div av-zero-column-padding first  \" style='border-radius:0px; '><p><div class='av-social-sharing-box '><div class='av-share-box'><h5 class='av-share-link-description'>Compartir esta actividad<\/h5><ul class='av-share-box-list noLightbox'><li class='av-share-link av-social-link-facebook' ><a target='_blank' href='http:\/\/www.facebook.com\/sharer.php?u=https:\/\/casa.oaxaca.gob.mx\/?p=17274&amp;t=Taller%20presencial.%20T%C3%A9cnicas%20avanzadas%20de%20positivado%20en%20Plata%20Gelatina.%20Imparte%3A%20Gerardo%20Castillo%20Corona.' aria-hidden='true' data-av_icon='\ue8f3' data-av_iconfont='entypo-fontello' title='' data-avia-related-tooltip='Share on Facebook'><span class='avia_hidden_link_text'>Share on Facebook<\/span><\/a><\/li><li class='av-share-link av-social-link-twitter' ><a target='_blank' href='https:\/\/twitter.com\/share?text=Taller%20presencial.%20T%C3%A9cnicas%20avanzadas%20de%20positivado%20en%20Plata%20Gelatina.%20Imparte%3A%20Gerardo%20Castillo%20Corona.&url=https:\/\/casa.oaxaca.gob.mx\/?p=17274' aria-hidden='true' data-av_icon='\ue8f1' data-av_iconfont='entypo-fontello' title='' data-avia-related-tooltip='Share on Twitter'><span class='avia_hidden_link_text'>Share on Twitter<\/span><\/a><\/li><li class='av-share-link av-social-link-gplus' ><a target='_blank' href='https:\/\/plus.google.com\/share?url=https:\/\/casa.oaxaca.gob.mx\/?p=17274' aria-hidden='true' data-av_icon='\ue8f6' data-av_iconfont='entypo-fontello' title='' data-avia-related-tooltip='Share on Google+'><span class='avia_hidden_link_text'>Share on Google+<\/span><\/a><\/li><li class='av-share-link av-social-link-pinterest' ><a target='_blank' href='http:\/\/pinterest.com\/pin\/create\/button\/?url=https%3A%2F%2Fcasa.oaxaca.gob.mx%2F%3Fp%3D17274&amp;description=Taller%20presencial.%20T%C3%A9cnicas%20avanzadas%20de%20positivado%20en%20Plata%20Gelatina.%20Imparte%3A%20Gerardo%20Castillo%20Corona.&amp;media=https%3A%2F%2Fcasa.oaxaca.gob.mx%2Fwp-content%2Fuploads%2F2025%2F08%2FTecnicas-avanzadas-de-positivado-en-plata-gelatina_cerrada-705x484.jpg' aria-hidden='true' data-av_icon='\ue8f8' data-av_iconfont='entypo-fontello' title='' data-avia-related-tooltip='Share on Pinterest'><span class='avia_hidden_link_text'>Share on Pinterest<\/span><\/a><\/li><li class='av-share-link av-social-link-mail' ><a  href='mailto:?subject=Taller%20presencial.%20T%C3%A9cnicas%20avanzadas%20de%20positivado%20en%20Plata%20Gelatina.%20Imparte%3A%20Gerardo%20Castillo%20Corona.&amp;body=https:\/\/casa.oaxaca.gob.mx\/?p=17274' aria-hidden='true' data-av_icon='\ue805' data-av_iconfont='entypo-fontello' title='' data-avia-related-tooltip='Share by Mail'><span class='avia_hidden_link_text'>Share by Mail<\/span><\/a><\/li><\/ul><\/div><\/div><br \/>\n<div  class='hr hr-default '><span class='hr-inner ' ><span class='hr-inner-style'><\/span><\/span><\/div><br \/>\n<div style='padding-bottom:10px;font-size:30px;' class='av-special-heading av-special-heading-h3  blockquote modern-quote   av-inherit-size'><h3 class='av-special-heading-tag'  itemprop=\"headline\"  >Sobre el tallerista<\/h3><div class='special-heading-border'><div class='special-heading-inner-border' ><\/div><\/div><\/div><br \/>\n<div class='avia-data-table-wrap avia_responsive_table'><table class='avia-table avia-data-table avia-table-1  avia_pricing_default'  itemscope=\"itemscope\" itemtype=\"https:\/\/schema.org\/Table\" ><tbody><tr class='avia-heading-row'><th class=''>Gerardo Castillo Corona<\/th><\/tr><tr class=''><td class=''>Gerardo David Castillo Corona, artista mexicano egresado de la Escuela Nacional de Artes Pl\u00e1sticas de la UNAM, ha desarrollado su carrera en fotograf\u00eda y dise\u00f1o desde 2006. Su trabajo fusiona t\u00e9cnicas an\u00e1logas y digitales, destacando la impresi\u00f3n fina en plata sobre gelatina en TUVALU.LAB, donde tambi\u00e9n imparte talleres para otros creadores desde hace m\u00e1s de 10 a\u00f1os. Su formaci\u00f3n incluye apoyo de J\u00f3venes Creadores, El seminario de Producci\u00f3n Fotogr\u00e1fica del Centro de la Imagen, y estudios en dise\u00f1o de vestuario y tecnolog\u00edas multidisciplinarias. Ha colaborado con diversos artistas e instituciones culturales, y su obra ha sido reconocida en diferentes espacios como la Bienal del Centro de la Imagen y el Museo Archivo de la Fotograf\u00eda en la Ciudad de M\u00e9xico.<br \/>\n<\/td><\/tr><\/tbody><\/table><\/div><style type='text\/css'>.avia-table-1 td:nth-of-type(1):before { content: 'Gerardo Castillo Corona'; } <\/style><\/p><\/div>\n<div class=\"flex_column av_three_fifth  flex_column_div av-zero-column-padding   \" style='border-radius:0px; '><p><div style='padding-bottom:10px;font-size:30px;' class='av-special-heading av-special-heading-h3  blockquote modern-quote   av-inherit-size'><h3 class='av-special-heading-tag'  itemprop=\"headline\"  >Acerca del taller<\/h3><div class='special-heading-border'><div class='special-heading-inner-border' ><\/div><\/div><\/div><br \/>\n<div class='avia-data-table-wrap avia_responsive_table'><table class='avia-table avia-data-table avia-table-2  avia_pricing_default'  itemscope=\"itemscope\" itemtype=\"https:\/\/schema.org\/Table\" ><tbody><tr class=''><td class=''>LISTA DE SELECCIONADOS<\/td><\/tr><tr class=''><td class=''>Daniel P\u00e9rez Lucero<br \/>\nMar\u00eda Fernanda Islas Montero<br \/>\nConrado L\u00f3pez Ruiz<br \/>\nDaniela Garrido M\u00e9ndez<br \/>\nRogelio Gonz\u00e1lez Castillo<br \/>\nPablo Yael Teodocio Bel\u00e9n<br \/>\nCarlos Alberto Cruz Contreras<br \/>\n<\/td><\/tr><\/tbody><\/table><\/div><style type='text\/css'><\/style><br \/>\n<div class='avia-data-table-wrap avia_responsive_table'><table class='avia-table avia-data-table avia-table-3  avia_pricing_default'  itemscope=\"itemscope\" itemtype=\"https:\/\/schema.org\/Table\" ><tbody><tr class='avia-heading-row'><th class=''>Descripci\u00f3n general<\/th><\/tr><tr class=''><td class=''>Profundizar en t\u00e9cnicas avanzadas de retoque, virado y acabado final de copias en plata sobre gelatina. Se ense\u00f1a el uso de la Soluci\u00f3n Farmer para recuperar luces y afinar detalles en las impresiones. Tambi\u00e9n se practica el virado sepia, explorando sus posibilidades est\u00e9ticas, junto con procesos de fijaci\u00f3n y lavado orientados a la conservaci\u00f3n. El enfoque final est\u00e1 en el acabado profesional: planchado, limpieza y retoques en seco con Spotone para corregir imperfecciones puntuales. Adem\u00e1s, se aborda el montaje adecuado de las copias y se reflexiona sobre su conservaci\u00f3n a largo plazo mediante una revisi\u00f3n cr\u00edtica y retroalimentaci\u00f3n final.<\/td><\/tr><tr class='avia-heading-row'><th class=''>Objetivo general<\/th><\/tr><tr class=''><td class=''>Capacitar a los participantes en el proceso completo de impresi\u00f3n fina en plata sobre gelatina, integrando conocimientos te\u00f3ricos, habilidades t\u00e9cnicas de ampliaci\u00f3n y retoque, as\u00ed como pr\u00e1cticas de conservaci\u00f3n y montaje para obtener copias de calidad profesional.<\/td><\/tr><tr class='avia-heading-row'><th class=''>Objetivos espec\u00edficos<\/th><\/tr><tr class=''><td class=''>&#8211; Comprender los fundamentos hist\u00f3ricos, est\u00e9ticos y t\u00e9cnicos de la impresi\u00f3n en plata sobre gelatina, as\u00ed como los materiales y procesos involucrados.<br \/>\n&#8211; Desarrollar habilidades pr\u00e1cticas en ampliaci\u00f3n en cuarto oscuro, incluyendo el uso de filtros multigrado y t\u00e9cnicas de quemado y reservado para obtener copias controladas y expresivas.<br \/>\n&#8211; Aplicar t\u00e9cnicas avanzadas de retoque, virado, conservaci\u00f3n y montaje, asegurando la calidad final y la preservaci\u00f3n a largo plazo de las obras producidas.<br \/>\n<\/td><\/tr><tr class='avia-heading-row'><th class=''>Temas<\/th><\/tr><tr class=''><td class=''>D\u00eda 1: Introducci\u00f3n y Preparaci\u00f3n<br \/>\n1. Bienvenida y Presentaci\u00f3n (30 min )<br \/>\n&#8211; Breve introducci\u00f3n a la historia de la fotograf\u00eda en plata sobre gelatina.<br \/>\n&#8211; Explicaci\u00f3n de los objetivos del taller y la estructura de los d\u00edas.<br \/>\n&#8211; Descripci\u00f3n y familiarizaci\u00f3n con los materiales (papel fotogr\u00e1fico, qu\u00edmicos, ampliadoras).<br \/>\n&#8211; Explicaci\u00f3n del proceso de trabajar con emulsiones de base Resina y Fibra<br \/>\n&#8211; Comparaci\u00f3n de procesos fotogr\u00e1ficos h\u00edbrido ( an\u00e1logo + digital )<br \/>\n&#8211; Caracter\u00edsticas est\u00e9ticas y de durabilidad de la t\u00e9cnica.<br \/>\n2. Revisi\u00f3n de Negativos (30 minutos)<br \/>\n&#8211; An\u00e1lisis de los negativos que traigan los estudiantes<br \/>\n&#8211; C\u00f3mo elegir el mejor negativo para trabajar en ampliaci\u00f3n.<br \/>\nD\u00eda 1 (continua) : Trabajo en el Cuarto Oscuro<br \/>\n1. Demostraci\u00f3n de Ampliaci\u00f3n (1 hora)<br \/>\n&#8211; Configuraci\u00f3n de la ampliadora, enfoque, exposici\u00f3n.<br \/>\n&#8211; Uso de tiras de prueba para determinar tiempos de exposici\u00f3n.<br \/>\n2. Ampliaci\u00f3n Individual (3 horas)<br \/>\n&#8211; Los participantes ampl\u00edan una imagen bajo supervisi\u00f3n.<br \/>\n&#8211; Ajustes de contraste y exposici\u00f3n con filtros multigrado.<br \/>\n&#8211; Uso de t\u00e9cnicas &#8220;quemas&#8221; y &#8220;reservas&#8221;.<\/p>\n<p>D\u00eda 2 : Trabajo en el Cuarto Oscuro<br \/>\n2. Ampliaci\u00f3n Individual (5 horas)<br \/>\n&#8211; Los participantes ampl\u00edan dos im\u00e1genes bajo supervisi\u00f3n.<br \/>\n&#8211; Ajustes de contraste y exposici\u00f3n con filtros multigrado.<br \/>\n&#8211; Uso de t\u00e9cnicas &#8220;quemas&#8221; y &#8220;reservas&#8221;.<\/p>\n<p>D\u00eda 3: T\u00e9cnicas Avanzadas de retoque y virado<br \/>\n1. Retoques con Soluci\u00f3n Farmer (2 horas)<br \/>\n&#8211; Demostraci\u00f3n: Uso de Soluci\u00f3n Farmer para eliminar marcas, manchas o imperfecciones en las impresiones.<br \/>\n&#8211; Pr\u00e1ctica: Los participantes practicar\u00e1n retoques en sus ampliaciones, aplicando la t\u00e9cnica bajo supervisi\u00f3n.<br \/>\n2. Virados y Conservaci\u00f3n (2 horas)<br \/>\n&#8211; Introducci\u00f3n al virado SEPIA para modificar las tonalidades.<br \/>\n&#8211; Pr\u00e1ctica de tonalidades en las impresiones realizadas.<br \/>\n3.- Proceso de fijado, y lavado de conservaci\u00f3n (1 hora)<\/p>\n<p>D\u00eda 4: T\u00e9cnicas de retoque en seco y Montaje<br \/>\n1.- Planchado y limpieza de las copias (1 hora)<br \/>\n2.-. Retoques con Spotone (1 hora)<br \/>\n&#8211; Demostraci\u00f3n: Introducci\u00f3n a Spotone y su uso para corregir detalles espec\u00edficos en las impresiones.<br \/>\n&#8211; Pr\u00e1ctica: Aplicaci\u00f3n de Spotone en las impresiones, manchas o motas de polvo por falta de limpieza del negativo<br \/>\n3. Montaje de im\u00e1genes en marcos (1.5 horas)<br \/>\n&#8211; C\u00f3mo montar y certificar las impresiones en plata sobre gelatina.<br \/>\n&#8211; Discusi\u00f3n sobre la conservaci\u00f3n a largo plazo de las obras.<br \/>\n4. Revisi\u00f3n Final y Retroalimentaci\u00f3n (1.5 horas)<br \/>\n&#8211; Evaluaci\u00f3n de las ampliaciones y t\u00e9cnicas aprendidas.<br \/>\n&#8211; Discusi\u00f3n sobre el flujo de trabajo individual.<br \/>\n<\/td><\/tr><\/tbody><\/table><\/div><style type='text\/css'>.avia-table-3 td:nth-of-type(1):before { content: 'Descripci\u00f3n general'; } <\/style><br \/>\n<div style='padding-bottom:10px;font-size:30px;' class='av-special-heading av-special-heading-h3  blockquote modern-quote   av-inherit-size'><h3 class='av-special-heading-tag'  itemprop=\"headline\"  >Requisitos de inscripci\u00f3n<\/h3><div class='special-heading-border'><div class='special-heading-inner-border' ><\/div><\/div><\/div><br \/>\n<div class='avia-data-table-wrap avia_responsive_table'><table class='avia-table avia-data-table avia-table-4  avia_pricing_default'  itemscope=\"itemscope\" itemtype=\"https:\/\/schema.org\/Table\" ><tbody><tr class=''><td class=''>&#8211; Dirigido a personas con conocimientos b\u00e1sicos &#8211; intermedios en el uso de la ampliadora y el cuarto oscuro<\/td><\/tr><tr class=''><td class=''>&#8211; Si tienes inter\u00e9s deber\u00e1s llenar el formulario con los datos completos que se encuentra en esta p\u00e1gina.<br \/>\n&#8211; La lista de seleccionados se publicar\u00e1 en esta p\u00e1gina, tambi\u00e9n se les notificar\u00e1 v\u00eda correo electr\u00f3nico con los detalles de la actividad.<br \/>\n&#8211; Actividad gratuita.<br \/>\n&#8211; Los talleristas ser\u00e1n los responsables de realizar la selecci\u00f3n de alumnos bajo sus criterios.<br \/>\n<\/td><\/tr><\/tbody><\/table><\/div><style type='text\/css'><\/style><br \/>\n<div class='avia-data-table-wrap avia_responsive_table'><table class='avia-table avia-data-table avia-table-5  avia_pricing_default'  itemscope=\"itemscope\" itemtype=\"https:\/\/schema.org\/Table\" ><tbody><tr class='avia-heading-row'><th class=''>Material que se le solicitar\u00e1 al alumno(a)<\/th><\/tr><tr class=''><td class=''>&#8211; Sobre de Papel fotogr\u00e1fico de Fibra Brillante, Warm Tone o Tono Neutro. en medidas 8&#215;10 u 11&#215;14 pulgadas<br \/>\n&#8211; Pincel del 000 de pelo suave<br \/>\n&#8211; Guantes de Algod\u00f3n<br \/>\n&#8211; Negativos ya revelados en formato 35mm o 120<br \/>\n&#8211; Godete o plato blanco<br \/>\n&#8211; Marco de madera con vidrio de una medida m\u00e1s grande que el tama\u00f1o del papel que elijan.<br \/>\n<\/td><\/tr><\/tbody><\/table><\/div><style type='text\/css'>.avia-table-5 td:nth-of-type(1):before { content: 'Material que se le solicitar\u00e1 al alumno(a)'; } <\/style><br \/>\n<div class='avia-data-table-wrap avia_responsive_table'><table class='avia-table avia-data-table avia-table-6  avia_pricing_default'  itemscope=\"itemscope\" itemtype=\"https:\/\/schema.org\/Table\" ><tbody><tr class='avia-heading-row'><th class=''>Criterios de selecci\u00f3n de alumnos<\/th><\/tr><tr class=''><td class=''>&#8211; 7 seleccionados<br \/>\n&#8211; Personas que puedan asistir a los 4 d\u00edas del taller<br \/>\n&#8211; Personas con conocimientos b\u00e1sicos &#8211; intermedios en el uso de la ampliadora y el cuarto oscuro<br \/>\n<\/td><\/tr><\/tbody><\/table><\/div><style type='text\/css'>.avia-table-6 td:nth-of-type(1):before { content: 'Criterios de selecci\u00f3n de alumnos'; } <\/style><br \/>\n<div class='avia-data-table-wrap avia_responsive_table'><table class='avia-table avia-data-table avia-table-7  avia_pricing_default'  itemscope=\"itemscope\" itemtype=\"https:\/\/schema.org\/Table\" ><tbody><tr class='avia-heading-row'><th class=''>Nota para los seleccionados<\/th><\/tr><tr class=''><td class=''>&#8211; Clases presenciales en Laboratorio de fotograf\u00eda del CaSa<br \/>\n&#8211; Se dejar\u00e1n ejercicios espec\u00edficos a cada estudiante, es fundamental realizarlos para continuar con la siguiente clase.<br \/>\n&#8211; Tener el compromiso y el tiempo para llevar a cabo el taller, ya que las inasistencias injustificadas ser\u00e1n motivo de suspensi\u00f3n y no podr\u00e1 ingresar a talleres futuros.<br \/>\n&#8211; Durante el taller nos estaremos comunicando por medio de mensajes en un grupo de WhatsApp, por ser una herramienta m\u00e1s r\u00e1pida para poder tener una mejor comunicaci\u00f3n con lo que respecta al taller.<br \/>\n<\/td><\/tr><\/tbody><\/table><\/div><style type='text\/css'>.avia-table-7 td:nth-of-type(1):before { content: 'Nota para los seleccionados'; } <\/style><br \/>\n<div id='av-masonry-1' class='av-masonry noHover av-fixed-size av-large-gap av-hover-overlay-active av-masonry-col-flexible av-caption-always av-caption-style- av-masonry-gallery  '  ><div class='av-masonry-container isotope av-js-disabled ' ><div class='av-masonry-entry isotope-item av-masonry-item-no-image '><\/div><a href=\"https:\/\/casa.oaxaca.gob.mx\/wp-content\/uploads\/2025\/08\/Gerardo-David-Castillo-Corona-01-1030x773.jpeg\" id='av-masonry-1-item-17278' data-av-masonry-item='17278' class='av-masonry-entry isotope-item post-17278 attachment type-attachment status-inherit hentry  av-masonry-item-with-image' title=\"\"  itemprop=\"thumbnailUrl\" ><div class='av-inner-masonry-sizer'><\/div><figure class='av-inner-masonry main_color'><div class=\"av-masonry-outerimage-container\"><div class=\"av-masonry-image-container\" style=\"background-image: url(https:\/\/casa.oaxaca.gob.mx\/wp-content\/uploads\/2025\/08\/Gerardo-David-Castillo-Corona-01-705x529.jpeg);\"><img decoding=\"async\" src=\"https:\/\/casa.oaxaca.gob.mx\/wp-content\/uploads\/2025\/08\/Gerardo-David-Castillo-Corona-01-705x529.jpeg\" title=\"Gerardo David Castillo Corona 01\" alt=\"\" \/><\/div><\/div><\/figure><\/a><!--end av-masonry entry--><a href=\"https:\/\/casa.oaxaca.gob.mx\/wp-content\/uploads\/2025\/08\/Gerardo-David-Castillo-Corona-02-1030x688.jpg\" id='av-masonry-1-item-17279' data-av-masonry-item='17279' class='av-masonry-entry isotope-item post-17279 attachment type-attachment status-inherit hentry  av-masonry-item-with-image' title=\"\"  itemprop=\"thumbnailUrl\" ><div class='av-inner-masonry-sizer'><\/div><figure class='av-inner-masonry main_color'><div class=\"av-masonry-outerimage-container\"><div class=\"av-masonry-image-container\" style=\"background-image: url(https:\/\/casa.oaxaca.gob.mx\/wp-content\/uploads\/2025\/08\/Gerardo-David-Castillo-Corona-02-705x471.jpg);\"><img decoding=\"async\" src=\"https:\/\/casa.oaxaca.gob.mx\/wp-content\/uploads\/2025\/08\/Gerardo-David-Castillo-Corona-02-705x471.jpg\" title=\"Gerardo David Castillo Corona 02\" alt=\"\" \/><\/div><\/div><\/figure><\/a><!--end av-masonry entry--><a href=\"https:\/\/casa.oaxaca.gob.mx\/wp-content\/uploads\/2025\/08\/Gerardo-David-Castillo-Corona-08-773x1030.jpg\" id='av-masonry-1-item-17280' data-av-masonry-item='17280' class='av-masonry-entry isotope-item post-17280 attachment type-attachment status-inherit hentry  av-masonry-item-with-image' title=\"\"  itemprop=\"thumbnailUrl\" ><div class='av-inner-masonry-sizer'><\/div><figure class='av-inner-masonry main_color'><div class=\"av-masonry-outerimage-container\"><div class=\"av-masonry-image-container\" style=\"background-image: url(https:\/\/casa.oaxaca.gob.mx\/wp-content\/uploads\/2025\/08\/Gerardo-David-Castillo-Corona-08-529x705.jpg);\"><img decoding=\"async\" src=\"https:\/\/casa.oaxaca.gob.mx\/wp-content\/uploads\/2025\/08\/Gerardo-David-Castillo-Corona-08-529x705.jpg\" title=\"Gerardo David Castillo Corona 08\" alt=\"\" \/><\/div><\/div><\/figure><\/a><!--end av-masonry entry--><a href=\"https:\/\/casa.oaxaca.gob.mx\/wp-content\/uploads\/2025\/08\/Gerardo-David-Castillo-Corona-13-773x1030.jpeg\" id='av-masonry-1-item-17281' data-av-masonry-item='17281' class='av-masonry-entry isotope-item post-17281 attachment type-attachment status-inherit hentry  av-masonry-item-with-image' title=\"\"  itemprop=\"thumbnailUrl\" ><div class='av-inner-masonry-sizer'><\/div><figure class='av-inner-masonry main_color'><div class=\"av-masonry-outerimage-container\"><div class=\"av-masonry-image-container\" style=\"background-image: url(https:\/\/casa.oaxaca.gob.mx\/wp-content\/uploads\/2025\/08\/Gerardo-David-Castillo-Corona-13-529x705.jpeg);\"><img decoding=\"async\" src=\"https:\/\/casa.oaxaca.gob.mx\/wp-content\/uploads\/2025\/08\/Gerardo-David-Castillo-Corona-13-529x705.jpeg\" title=\"Gerardo David Castillo Corona 13\" alt=\"\" \/><\/div><\/div><\/figure><\/a><!--end av-masonry entry--><a href=\"https:\/\/casa.oaxaca.gob.mx\/wp-content\/uploads\/2025\/08\/Gerardo-David-Castillo-Corona-14-1030x1030.jpg\" id='av-masonry-1-item-17282' data-av-masonry-item='17282' class='av-masonry-entry isotope-item post-17282 attachment type-attachment status-inherit hentry  av-masonry-item-with-image' title=\"\"  itemprop=\"thumbnailUrl\" ><div class='av-inner-masonry-sizer'><\/div><figure class='av-inner-masonry main_color'><div class=\"av-masonry-outerimage-container\"><div class=\"av-masonry-image-container\" style=\"background-image: url(https:\/\/casa.oaxaca.gob.mx\/wp-content\/uploads\/2025\/08\/Gerardo-David-Castillo-Corona-14-705x705.jpg);\"><img decoding=\"async\" src=\"https:\/\/casa.oaxaca.gob.mx\/wp-content\/uploads\/2025\/08\/Gerardo-David-Castillo-Corona-14-705x705.jpg\" title=\"Gerardo David Castillo Corona 14\" alt=\"\" \/><\/div><\/div><\/figure><\/a><!--end av-masonry entry--><\/div><\/div><\/p><\/div>\n","protected":false},"excerpt":{"rendered":"","protected":false},"author":1,"featured_media":17276,"comment_status":"open","ping_status":"open","sticky":false,"template":"","format":"standard","meta":{"_exactmetrics_skip_tracking":false,"_exactmetrics_sitenote_active":false,"_exactmetrics_sitenote_note":"","_exactmetrics_sitenote_category":0,"footnotes":""},"categories":[204],"tags":[],"class_list":["post-17274","post","type-post","status-publish","format-standard","has-post-thumbnail","hentry","category-204"],"_links":{"self":[{"href":"https:\/\/casa.oaxaca.gob.mx\/index.php?rest_route=\/wp\/v2\/posts\/17274","targetHints":{"allow":["GET"]}}],"collection":[{"href":"https:\/\/casa.oaxaca.gob.mx\/index.php?rest_route=\/wp\/v2\/posts"}],"about":[{"href":"https:\/\/casa.oaxaca.gob.mx\/index.php?rest_route=\/wp\/v2\/types\/post"}],"author":[{"embeddable":true,"href":"https:\/\/casa.oaxaca.gob.mx\/index.php?rest_route=\/wp\/v2\/users\/1"}],"replies":[{"embeddable":true,"href":"https:\/\/casa.oaxaca.gob.mx\/index.php?rest_route=%2Fwp%2Fv2%2Fcomments&post=17274"}],"version-history":[{"count":3,"href":"https:\/\/casa.oaxaca.gob.mx\/index.php?rest_route=\/wp\/v2\/posts\/17274\/revisions"}],"predecessor-version":[{"id":17614,"href":"https:\/\/casa.oaxaca.gob.mx\/index.php?rest_route=\/wp\/v2\/posts\/17274\/revisions\/17614"}],"wp:featuredmedia":[{"embeddable":true,"href":"https:\/\/casa.oaxaca.gob.mx\/index.php?rest_route=\/wp\/v2\/media\/17276"}],"wp:attachment":[{"href":"https:\/\/casa.oaxaca.gob.mx\/index.php?rest_route=%2Fwp%2Fv2%2Fmedia&parent=17274"}],"wp:term":[{"taxonomy":"category","embeddable":true,"href":"https:\/\/casa.oaxaca.gob.mx\/index.php?rest_route=%2Fwp%2Fv2%2Fcategories&post=17274"},{"taxonomy":"post_tag","embeddable":true,"href":"https:\/\/casa.oaxaca.gob.mx\/index.php?rest_route=%2Fwp%2Fv2%2Ftags&post=17274"}],"curies":[{"name":"wp","href":"https:\/\/api.w.org\/{rel}","templated":true}]}}