{"id":17287,"date":"2025-08-18T11:31:45","date_gmt":"2025-08-18T17:31:45","guid":{"rendered":"https:\/\/casa.oaxaca.gob.mx\/?p=17287"},"modified":"2026-01-22T13:48:59","modified_gmt":"2026-01-22T19:48:59","slug":"taller-presencial-exploracion-grafica-para-ninos-imparte-celeste-santiago","status":"publish","type":"post","link":"https:\/\/casa.oaxaca.gob.mx\/?p=17287","title":{"rendered":"Taller presencial. Exploraci\u00f3n Gr\u00e1fica Para Ni\u00f1os. Imparte: Celeste Santiago"},"content":{"rendered":"<\/div><\/div><\/div><!-- close content main div --><\/div><\/div><div id='av_section_1' class='avia-section main_color avia-section-no-padding avia-no-border-styling avia-full-stretch av-parallax-section avia-bg-style-parallax  av-minimum-height av-minimum-height-75 container_wrap fullsize'  data-section-bg-repeat='stretch' ><div class='av-parallax' data-avia-parallax-ratio='0.3' ><div class='av-parallax-inner main_color  avia-full-stretch' style = 'background-repeat: no-repeat; background-image: url(https:\/\/casa.oaxaca.gob.mx\/wp-content\/uploads\/2025\/08\/Exploracion-grafica-para-ninos_portada-scaled.jpg); background-attachment: scroll; background-position: bottom center; ' ><\/div><\/div><div class='container' ><div class='template-page content  av-content-full alpha units'><div class='post-entry post-entry-type-page post-entry-17287'><div class='entry-content-wrapper clearfix'>\n<div style='padding-bottom:10px;color:#ffffff;font-size:50px;' class='av-special-heading av-special-heading-h3 custom-color-heading blockquote modern-quote  av-inherit-size'><h3 class='av-special-heading-tag'  itemprop=\"headline\"  >Taller presencial. Exploraci\u00f3n Gr\u00e1fica Para Ni\u00f1os.<\/h3><div class ='av-subheading av-subheading_below av_custom_color' style='font-size:25px;'><p>Imparte: Celeste Santiago.<\/p>\n<\/div><div class='special-heading-border'><div class='special-heading-inner-border' style='border-color:#ffffff'><\/div><\/div><\/div>\n\n<\/div><\/div><\/div><!-- close content main div --><\/div><\/div><div id='av-layout-grid-1' class='av-layout-grid-container entry-content-wrapper main_color av-flex-cells  container_wrap fullsize'   >\n<div class=\"flex_cell no_margin av_one_full   \" style='vertical-align:top; padding:30px; background-color:#ED9600; '><div class='flex_cell_inner' ><p><div class=\"flex_column av_one_fourth  flex_column_div av-zero-column-padding first  \" style='border-radius:0px; '><div style='padding-bottom:10px;color:#ffffff;' class='av-special-heading av-special-heading-h3 custom-color-heading blockquote modern-quote '><h3 class='av-special-heading-tag'  itemprop=\"headline\"  >Cierre de inscripciones<\/h3><div class ='av-subheading av-subheading_below av_custom_color' style='font-size:20px;'><p>Domingo 7 de septiembre de 2025<\/p>\n<p>Publicaci\u00f3n de resultados<br \/>\nMi\u00e9rcoles 10 de septiembre de 2025<\/p>\n<\/div><div class='special-heading-border'><div class='special-heading-inner-border' style='border-color:#ffffff'><\/div><\/div><\/div><\/div><div class=\"flex_column av_one_fourth  flex_column_div av-zero-column-padding   \" style='border-radius:0px; '><div style='padding-bottom:10px;color:#ffffff;' class='av-special-heading av-special-heading-h3 custom-color-heading blockquote modern-quote '><h3 class='av-special-heading-tag'  itemprop=\"headline\"  >Fechas<\/h3><div class ='av-subheading av-subheading_below av_custom_color' style='font-size:20px;'><p>S\u00e1bados y domingos<br \/>\nDel 13 al 27 de septiembre de 2025<\/p>\n<\/div><div class='special-heading-border'><div class='special-heading-inner-border' style='border-color:#ffffff'><\/div><\/div><\/div><\/div><div class=\"flex_column av_one_fourth  flex_column_div av-zero-column-padding   \" style='border-radius:0px; '><div style='padding-bottom:10px;color:#ffffff;' class='av-special-heading av-special-heading-h3 custom-color-heading blockquote modern-quote '><h3 class='av-special-heading-tag'  itemprop=\"headline\"  >Horario<\/h3><div class ='av-subheading av-subheading_below av_custom_color' style='font-size:20px;'><p>10 a 14 h<\/p>\n<\/div><div class='special-heading-border'><div class='special-heading-inner-border' style='border-color:#ffffff'><\/div><\/div><\/div><\/div><div class=\"flex_column av_one_fourth  flex_column_div av-zero-column-padding   \" style='border-radius:0px; '><section class=\"avia_codeblock_section avia_code_block_0\"  itemscope=\"itemscope\" itemtype=\"https:\/\/schema.org\/BlogPosting\" itemprop=\"blogPost\" ><div class='avia_codeblock '  itemprop=\"text\" > [avia_codeblock_placeholder uid=\"0\"] <\/div><\/section><\/div><\/p>\n<\/div><\/div>\n<\/div>\n<div class=\"flex_column av_two_fifth  flex_column_div av-zero-column-padding first  \" style='border-radius:0px; '><p><div class='av-social-sharing-box '><div class='av-share-box'><h5 class='av-share-link-description'>Compartir esta actividad<\/h5><ul class='av-share-box-list noLightbox'><li class='av-share-link av-social-link-facebook' ><a target='_blank' href='http:\/\/www.facebook.com\/sharer.php?u=https:\/\/casa.oaxaca.gob.mx\/?p=17287&amp;t=Taller%20presencial.%20Exploraci%C3%B3n%20Gr%C3%A1fica%20Para%20Ni%C3%B1os.%20Imparte%3A%20Celeste%20Santiago' aria-hidden='true' data-av_icon='\ue8f3' data-av_iconfont='entypo-fontello' title='' data-avia-related-tooltip='Share on Facebook'><span class='avia_hidden_link_text'>Share on Facebook<\/span><\/a><\/li><li class='av-share-link av-social-link-twitter' ><a target='_blank' href='https:\/\/twitter.com\/share?text=Taller%20presencial.%20Exploraci%C3%B3n%20Gr%C3%A1fica%20Para%20Ni%C3%B1os.%20Imparte%3A%20Celeste%20Santiago&url=https:\/\/casa.oaxaca.gob.mx\/?p=17287' aria-hidden='true' data-av_icon='\ue8f1' data-av_iconfont='entypo-fontello' title='' data-avia-related-tooltip='Share on Twitter'><span class='avia_hidden_link_text'>Share on Twitter<\/span><\/a><\/li><li class='av-share-link av-social-link-gplus' ><a target='_blank' href='https:\/\/plus.google.com\/share?url=https:\/\/casa.oaxaca.gob.mx\/?p=17287' aria-hidden='true' data-av_icon='\ue8f6' data-av_iconfont='entypo-fontello' title='' data-avia-related-tooltip='Share on Google+'><span class='avia_hidden_link_text'>Share on Google+<\/span><\/a><\/li><li class='av-share-link av-social-link-pinterest' ><a target='_blank' href='http:\/\/pinterest.com\/pin\/create\/button\/?url=https%3A%2F%2Fcasa.oaxaca.gob.mx%2F%3Fp%3D17287&amp;description=Taller%20presencial.%20Exploraci%C3%B3n%20Gr%C3%A1fica%20Para%20Ni%C3%B1os.%20Imparte%3A%20Celeste%20Santiago&amp;media=https%3A%2F%2Fcasa.oaxaca.gob.mx%2Fwp-content%2Fuploads%2F2025%2F08%2FExploracion-grafica-para-ninos_cerrada-705x484.jpg' aria-hidden='true' data-av_icon='\ue8f8' data-av_iconfont='entypo-fontello' title='' data-avia-related-tooltip='Share on Pinterest'><span class='avia_hidden_link_text'>Share on Pinterest<\/span><\/a><\/li><li class='av-share-link av-social-link-mail' ><a  href='mailto:?subject=Taller%20presencial.%20Exploraci%C3%B3n%20Gr%C3%A1fica%20Para%20Ni%C3%B1os.%20Imparte%3A%20Celeste%20Santiago&amp;body=https:\/\/casa.oaxaca.gob.mx\/?p=17287' aria-hidden='true' data-av_icon='\ue805' data-av_iconfont='entypo-fontello' title='' data-avia-related-tooltip='Share by Mail'><span class='avia_hidden_link_text'>Share by Mail<\/span><\/a><\/li><\/ul><\/div><\/div><br \/>\n<div  class='hr hr-default '><span class='hr-inner ' ><span class='hr-inner-style'><\/span><\/span><\/div><br \/>\n<div style='padding-bottom:10px;font-size:30px;' class='av-special-heading av-special-heading-h3  blockquote modern-quote  av-inherit-size'><h3 class='av-special-heading-tag'  itemprop=\"headline\"  >Sobre la tallerista<\/h3><div class='special-heading-border'><div class='special-heading-inner-border' ><\/div><\/div><\/div><br \/>\n<div class='avia-data-table-wrap avia_responsive_table'><table class='avia-table avia-data-table avia-table-1  avia_pricing_default'  itemscope=\"itemscope\" itemtype=\"https:\/\/schema.org\/Table\" ><tbody><tr class='avia-heading-row'><th class=''>Celeste Santiago<\/th><\/tr><tr class=''><td class=''>Egresada de la Licenciatura en Artes Pl\u00e1sticas y Visuales de la Universidad Aut\u00f3noma Benito Ju\u00e1rez de Oaxaca (UABJO) en el 2018.<br \/>\nEspecializada en el \u00e1rea de Grabado a gran formato y escultura experimental.<br \/>\nSe ha profesionalizado en talleres de gr\u00e1fica en punta seca, grabado en metal, electrolisis, grabado en madera, lin\u00f3leo y MDF con maestros del Estado de Oaxaca.<br \/>\nActualmente es integrante del colectivo ARMARTE donde desempe\u00f1a su quehacer art\u00edstico para las mujeres y ni\u00f1as.<br \/>\nEn el 2015 inicia dando talleres a comunidades y periferias del Estado de oaxaca<br \/>\nHa impartido talleres a grupos Vulnerables en colaboraci\u00f3n con SIKANDA A.C, Espiral por la vida A.C., instituto de artes gr\u00e1ficas y en el Taller Rufino Tamayo (TIJA) entre otros espacios culturales dirigidos a comunidades. Lo que la ha llevado a especializarse en el \u00e1rea del grabado a gran formato y a la experimentaci\u00f3n de t\u00e9cnicas gr\u00e1ficas con materiales reciclados y accesibles a todo p\u00fablico.<br \/>\nBeneficiaria programa PECDA OAXACA en la emisi\u00f3n 2023 con el proyecto comunitario<br \/>\nLa gr\u00e1fica va a la periferia y del programa Alas y Ra\u00edces EMISI\u00d3N 2020 con el proyecto infantil Huellitas Pand\u00e9micas.<br \/>\nHa participado en distintas exposiciones dentro y fuera del estado de Oaxaca su obra gr\u00e1fica se centra en la importancia que ha tenido la mujer en diferentes \u00e1mbitos a lo largo de la historia llev\u00e1ndola a exponer en centros culturales internacionales como el museo de Etnolog\u00eda en (Jap\u00f3n, 2021) o en el Museo del Grabado del ICPN.(PER\u00da, 2022).<br \/>\n<\/td><\/tr><\/tbody><\/table><\/div><style type='text\/css'>.avia-table-1 td:nth-of-type(1):before { content: 'Celeste Santiago'; } <\/style><\/p><\/div>\n<div class=\"flex_column av_three_fifth  flex_column_div av-zero-column-padding   \" style='border-radius:0px; '><p><div style='padding-bottom:10px;font-size:30px;' class='av-special-heading av-special-heading-h3  blockquote modern-quote   av-inherit-size'><h3 class='av-special-heading-tag'  itemprop=\"headline\"  >Acerca del taller<\/h3><div class='special-heading-border'><div class='special-heading-inner-border' ><\/div><\/div><\/div><br \/>\n<div class='avia-data-table-wrap avia_responsive_table'><table class='avia-table avia-data-table avia-table-2  avia_pricing_default'  itemscope=\"itemscope\" itemtype=\"https:\/\/schema.org\/Table\" ><tbody><tr class=''><td class=''>Dirigido a ni\u00f1os y j\u00f3venes de entre 6 a 13 a\u00f1os que tengan inter\u00e9s y gusto por la experimentaci\u00f3n de las artes gr\u00e1ficas y el dibujo.<\/td><\/tr><tr class=''><td class=''>Los ni\u00f1os experimentaran con materiales caseros, ecol\u00f3gicos y accesibles para crear im\u00e1genes desde el entorno y el imaginario personal.<br \/>\n<\/td><\/tr><\/tbody><\/table><\/div><style type='text\/css'><\/style><br \/>\n<div class='avia-data-table-wrap avia_responsive_table'><table class='avia-table avia-data-table avia-table-3  avia_pricing_default'  itemscope=\"itemscope\" itemtype=\"https:\/\/schema.org\/Table\" ><tbody><tr class='avia-heading-row'><th class=''>Descripci\u00f3n general<\/th><\/tr><tr class=''><td class=''>En este taller exploraremos la gr\u00e1fica experimental utilizando materiales caseros accesibles para ni\u00f1as, ni\u00f1os y j\u00f3venes. A trav\u00e9s de t\u00e9cnicas sencillas y no contaminantes, aprender\u00e1n a crear huellas e im\u00e1genes a partir de objetos que los rodean, desarrollando as\u00ed su creatividad y su propio imaginario visual. El objetivo es acercarles a los principios b\u00e1sicos de la impresi\u00f3n gr\u00e1fica, fomentando el respeto por el entorno y el uso consciente de los recursos. Esta experiencia les permitir\u00e1 conocer de forma l\u00fadica y pr\u00e1ctica los fundamentos de la gr\u00e1fica tradicional, al mismo tiempo que despiertan su inter\u00e9s por el arte y la experimentaci\u00f3n.<\/td><\/tr><tr class='avia-heading-row'><th class=''>Objetivo general<\/th><\/tr><tr class=''><td class=''>Realizar un taller de grabado con t\u00e9cnicas desde la impronta y sellos caseros dirigido a ni\u00f1os de 6 a 13 a\u00f1os de edad estimulando y explorando sus capacidades creativas para desarrollar estas t\u00e9cnicas en un entorno que guarde relaci\u00f3n con la gr\u00e1fica tradicional.<\/td><\/tr><tr class='avia-heading-row'><th class=''>Objetivos espec\u00edficos<\/th><\/tr><tr class=''><td class=''>-Ejecutar 1 actividad para conocernos entre los participantes<br \/>\n-Incentivar espacios de convivencias recreativas con una actividad de dibujo (Los ojos son mis manos).<br \/>\n-Realizar la t\u00e9cnica del garabateo para soltar la mano<br \/>\n-Explorar los distintos materiales a partir de los dibujos generados con la sesion de garabateo y el cuento o an\u00e9cdota del participante<br \/>\n-Reutilizar materiales caseros como telas, estambres, hilos, encaje<br \/>\n-Reutilizar recursos que nos da la naturaleza tales como la corteza del \u00e1rbol, la textura de la pared, hojas y flores secas de diferentes tama\u00f1os.<br \/>\n-Realiza 1 pieza con la t\u00e9cnica de la Colagrafia Experimental<br \/>\n-Realizar una plaquita de grabado sobre una caja de tetrapack<br \/>\n<\/td><\/tr><tr class='avia-heading-row'><th class=''>Temas<\/th><\/tr><tr class=''><td class=''>1. DIBUJO (Mis manos son mis ojos)<br \/>\nEn este primer ejercicio nos adentraremos a soltar la imaginaci\u00f3n y que pierdan el miedo al material a la hora de crear a trav\u00e9s de la experimentaci\u00f3n de dibujos sobre diversos soportes poniendo un tiempo de entre 3 a 5 minutos e intercambiando los dibujos<br \/>\n2. Sellos y Manchas<br \/>\nSobre un papel de cartulina blanca el participante comienza a hacer un dibujo con manchas que va a generar a partir del color del papel china, obteniendo varios colores y varias figuras abstractas.<br \/>\n3. Garabateo<br \/>\nEl participante comienza a copiar la imagen de alguna fruta o objeto con la t\u00e9cnica de Garabateo con una y luego con las dos manos esto sobre una hoja de color oscuro y claro.<br \/>\n4. Dibujo en negativo (De lo oscuro a la luz)<br \/>\nSobre una hoja de color negro el participante comienza a dibujar con un crayon blanco esto genera un dibujo en NEGATIVO donde nos acercamos un poco al grabado tradicional sobre madera<br \/>\n5. Huellas e improntas<br \/>\n6. Improntas y Relieves<br \/>\nExperimentaci\u00f3n de Impresi\u00f3n con distintos materiales, hojas secas, flores, telas con textura, cart\u00f3n, hilos o estambre. Crear una imagen a partir de hojas y flores secas imprimiendo con un coj\u00edn de sellos<br \/>\n7. Sellos Caseros<br \/>\nCrear una imagen a partir de recorte de foamy, retazos de tela, encajes, lijas, hilos y estambre creando poco a poco un paisaje de 20&#215;30 cm finalizando con una impresi\u00f3n en papel.<br \/>\n8. Grabado en Tetrapack<br \/>\nCrear una imagen a partir de un dibujo a blanco y negro para despues traanferirlo de una forma muy similar a la punta seca haciendo su impresion sobre el torculo y obteniendo de una a dos copias.<br \/>\n<\/td><\/tr><\/tbody><\/table><\/div><style type='text\/css'>.avia-table-3 td:nth-of-type(1):before { content: 'Descripci\u00f3n general'; } <\/style><br \/>\n<div style='padding-bottom:10px;font-size:30px;' class='av-special-heading av-special-heading-h3  blockquote modern-quote   av-inherit-size'><h3 class='av-special-heading-tag'  itemprop=\"headline\"  >Requisitos de inscripci\u00f3n<\/h3><div class='special-heading-border'><div class='special-heading-inner-border' ><\/div><\/div><\/div><br \/>\n<div class='avia-data-table-wrap avia_responsive_table'><table class='avia-table avia-data-table avia-table-4  avia_pricing_default'  itemscope=\"itemscope\" itemtype=\"https:\/\/schema.org\/Table\" ><tbody><tr class=''><td class=''>&#8211; Dirigido a ni\u00f1os y j\u00f3venes de entre 6 a 13 a\u00f1os que tengan inter\u00e9s y gusto por la experimentaci\u00f3n de las artes gr\u00e1ficas y el dibujo.<\/td><\/tr><tr class=''><td class=''>&#8211; Si tienes inter\u00e9s deber\u00e1s llenar el formulario con los datos completos que se encuentra en esta p\u00e1gina.<br \/>\n&#8211; La lista de seleccionados se publicar\u00e1 en esta p\u00e1gina, tambi\u00e9n se les notificar\u00e1 v\u00eda correo electr\u00f3nico con los detalles de la actividad.<br \/>\n&#8211; Actividad gratuita.<br \/>\n&#8211; Los talleristas ser\u00e1n los responsables de realizar la selecci\u00f3n de alumnos bajo sus criterios.<br \/>\n<\/td><\/tr><\/tbody><\/table><\/div><style type='text\/css'><\/style><br \/>\n<div class='avia-data-table-wrap avia_responsive_table'><table class='avia-table avia-data-table avia-table-5  avia_pricing_default'  itemscope=\"itemscope\" itemtype=\"https:\/\/schema.org\/Table\" ><tbody><tr class='avia-heading-row'><th class=''>Material que se le solicitar\u00e1 al alumno(a)<\/th><\/tr><tr class=''><td class=''>&#8211; Caja de leche tetrapack<br \/>\n&#8211; Colores y plumones<br \/>\n&#8211; Retazos de telas y encaje con distintas texturas<br \/>\n&#8211; Retazos de tela de 20&#215;30 cm<br \/>\n&#8211; Tijeras para cortar<br \/>\n&#8211; 5 hojas de foami de cualquier color<br \/>\n&#8211; 2 Papel china (rojo, rosa, verde, cafe, amarillo, azul o morado.)<br \/>\n&#8211; Crayones<br \/>\n&#8211; Papel de algod\u00f3n<br \/>\n<\/td><\/tr><\/tbody><\/table><\/div><style type='text\/css'>.avia-table-5 td:nth-of-type(1):before { content: 'Material que se le solicitar\u00e1 al alumno(a)'; } <\/style><br \/>\n<div class='avia-data-table-wrap avia_responsive_table'><table class='avia-table avia-data-table avia-table-6  avia_pricing_default'  itemscope=\"itemscope\" itemtype=\"https:\/\/schema.org\/Table\" ><tbody><tr class='avia-heading-row'><th class=''>Criterios de selecci\u00f3n de alumnos<\/th><\/tr><tr class=''><td class=''>&#8211; Cupo limitado a 14 alumnos<br \/>\n&#8211; Necesario traer el material<br \/>\n&#8211; Gusto por el dibujo<br \/>\n&#8211; De preferencia que hayan tenido ya un acercamiento a las artes pl\u00e1sticas (opcional)<br \/>\n<\/td><\/tr><\/tbody><\/table><\/div><style type='text\/css'>.avia-table-6 td:nth-of-type(1):before { content: 'Criterios de selecci\u00f3n de alumnos'; } <\/style><br \/>\n<div class='avia-data-table-wrap avia_responsive_table'><table class='avia-table avia-data-table avia-table-7  avia_pricing_default'  itemscope=\"itemscope\" itemtype=\"https:\/\/schema.org\/Table\" ><tbody><tr class='avia-heading-row'><th class=''>Nota para los seleccionados<\/th><\/tr><tr class=''><td class=''>&#8211; Clases presenciales en (Gr\u00e1fica tradicional) del CaSa<br \/>\n&#8211; Se dejar\u00e1n ejercicios espec\u00edficos a cada estudiante, es fundamental realizarlos para continuar con la siguiente clase.<br \/>\n&#8211; Tener el compromiso y el tiempo para llevar a cabo el taller, ya que las inasistencias injustificadas ser\u00e1n motivo de suspensi\u00f3n y no podr\u00e1 ingresar a talleres futuros.<br \/>\n&#8211; Durante el taller nos estaremos comunicando por medio de mensajes en un grupo de WhatsApp, por ser una herramienta m\u00e1s r\u00e1pida para poder tener una mejor comunicaci\u00f3n con lo que respecta al taller.<br \/>\n<\/td><\/tr><\/tbody><\/table><\/div><style type='text\/css'>.avia-table-7 td:nth-of-type(1):before { content: 'Nota para los seleccionados'; } <\/style><br \/>\n<div id='av-masonry-1' class='av-masonry noHover av-fixed-size av-large-gap av-hover-overlay-active av-masonry-col-flexible av-caption-always av-caption-style- av-masonry-gallery  '  ><div class='av-masonry-container isotope av-js-disabled ' ><div class='av-masonry-entry isotope-item av-masonry-item-no-image '><\/div><a href=\"https:\/\/casa.oaxaca.gob.mx\/wp-content\/uploads\/2025\/08\/WhatsApp-Image-2025-06-28-at-11.37.43-773x1030.jpeg\" id='av-masonry-1-item-17288' data-av-masonry-item='17288' class='av-masonry-entry isotope-item post-17288 attachment type-attachment status-inherit hentry  av-masonry-item-with-image' title=\"\"  itemprop=\"thumbnailUrl\" ><div class='av-inner-masonry-sizer'><\/div><figure class='av-inner-masonry main_color'><div class=\"av-masonry-outerimage-container\"><div class=\"av-masonry-image-container\" style=\"background-image: url(https:\/\/casa.oaxaca.gob.mx\/wp-content\/uploads\/2025\/08\/WhatsApp-Image-2025-06-28-at-11.37.43-529x705.jpeg);\"><img decoding=\"async\" src=\"https:\/\/casa.oaxaca.gob.mx\/wp-content\/uploads\/2025\/08\/WhatsApp-Image-2025-06-28-at-11.37.43-529x705.jpeg\" title=\"WhatsApp Image 2025-06-28 at 11.37.43\" alt=\"\" \/><\/div><\/div><\/figure><\/a><!--end av-masonry entry--><a href=\"https:\/\/casa.oaxaca.gob.mx\/wp-content\/uploads\/2025\/08\/WhatsApp-Image-2025-06-30-at-09.26.26-1-1030x463.jpeg\" id='av-masonry-1-item-17289' data-av-masonry-item='17289' class='av-masonry-entry isotope-item post-17289 attachment type-attachment status-inherit hentry  av-masonry-item-with-image' title=\"\"  itemprop=\"thumbnailUrl\" ><div class='av-inner-masonry-sizer'><\/div><figure class='av-inner-masonry main_color'><div class=\"av-masonry-outerimage-container\"><div class=\"av-masonry-image-container\" style=\"background-image: url(https:\/\/casa.oaxaca.gob.mx\/wp-content\/uploads\/2025\/08\/WhatsApp-Image-2025-06-30-at-09.26.26-1-705x317.jpeg);\"><img decoding=\"async\" src=\"https:\/\/casa.oaxaca.gob.mx\/wp-content\/uploads\/2025\/08\/WhatsApp-Image-2025-06-30-at-09.26.26-1-705x317.jpeg\" title=\"WhatsApp Image 2025-06-30 at 09.26.26 (1)\" alt=\"\" \/><\/div><\/div><\/figure><\/a><!--end av-masonry entry--><a href=\"https:\/\/casa.oaxaca.gob.mx\/wp-content\/uploads\/2025\/08\/WhatsApp-Image-2025-06-30-at-09.26.27-2-463x1030.jpeg\" id='av-masonry-1-item-17290' data-av-masonry-item='17290' class='av-masonry-entry isotope-item post-17290 attachment type-attachment status-inherit hentry  av-masonry-item-with-image' title=\"\"  itemprop=\"thumbnailUrl\" ><div class='av-inner-masonry-sizer'><\/div><figure class='av-inner-masonry main_color'><div class=\"av-masonry-outerimage-container\"><div class=\"av-masonry-image-container\" style=\"background-image: url(https:\/\/casa.oaxaca.gob.mx\/wp-content\/uploads\/2025\/08\/WhatsApp-Image-2025-06-30-at-09.26.27-2-317x705.jpeg);\"><img decoding=\"async\" src=\"https:\/\/casa.oaxaca.gob.mx\/wp-content\/uploads\/2025\/08\/WhatsApp-Image-2025-06-30-at-09.26.27-2-317x705.jpeg\" title=\"WhatsApp Image 2025-06-30 at 09.26.27 (2)\" alt=\"\" \/><\/div><\/div><\/figure><\/a><!--end av-masonry entry--><\/div><\/div><\/p><\/div>\n","protected":false},"excerpt":{"rendered":"","protected":false},"author":1,"featured_media":17294,"comment_status":"open","ping_status":"open","sticky":false,"template":"","format":"standard","meta":{"_exactmetrics_skip_tracking":false,"_exactmetrics_sitenote_active":false,"_exactmetrics_sitenote_note":"","_exactmetrics_sitenote_category":0,"footnotes":""},"categories":[204],"tags":[],"class_list":["post-17287","post","type-post","status-publish","format-standard","has-post-thumbnail","hentry","category-204"],"_links":{"self":[{"href":"https:\/\/casa.oaxaca.gob.mx\/index.php?rest_route=\/wp\/v2\/posts\/17287","targetHints":{"allow":["GET"]}}],"collection":[{"href":"https:\/\/casa.oaxaca.gob.mx\/index.php?rest_route=\/wp\/v2\/posts"}],"about":[{"href":"https:\/\/casa.oaxaca.gob.mx\/index.php?rest_route=\/wp\/v2\/types\/post"}],"author":[{"embeddable":true,"href":"https:\/\/casa.oaxaca.gob.mx\/index.php?rest_route=\/wp\/v2\/users\/1"}],"replies":[{"embeddable":true,"href":"https:\/\/casa.oaxaca.gob.mx\/index.php?rest_route=%2Fwp%2Fv2%2Fcomments&post=17287"}],"version-history":[{"count":3,"href":"https:\/\/casa.oaxaca.gob.mx\/index.php?rest_route=\/wp\/v2\/posts\/17287\/revisions"}],"predecessor-version":[{"id":18037,"href":"https:\/\/casa.oaxaca.gob.mx\/index.php?rest_route=\/wp\/v2\/posts\/17287\/revisions\/18037"}],"wp:featuredmedia":[{"embeddable":true,"href":"https:\/\/casa.oaxaca.gob.mx\/index.php?rest_route=\/wp\/v2\/media\/17294"}],"wp:attachment":[{"href":"https:\/\/casa.oaxaca.gob.mx\/index.php?rest_route=%2Fwp%2Fv2%2Fmedia&parent=17287"}],"wp:term":[{"taxonomy":"category","embeddable":true,"href":"https:\/\/casa.oaxaca.gob.mx\/index.php?rest_route=%2Fwp%2Fv2%2Fcategories&post=17287"},{"taxonomy":"post_tag","embeddable":true,"href":"https:\/\/casa.oaxaca.gob.mx\/index.php?rest_route=%2Fwp%2Fv2%2Ftags&post=17287"}],"curies":[{"name":"wp","href":"https:\/\/api.w.org\/{rel}","templated":true}]}}