{"id":17310,"date":"2025-08-21T16:08:37","date_gmt":"2025-08-21T22:08:37","guid":{"rendered":"https:\/\/casa.oaxaca.gob.mx\/?p=17310"},"modified":"2026-01-22T13:48:59","modified_gmt":"2026-01-22T19:48:59","slug":"taller-presencial-los-vinculos-del-arte-y-la-joyeria-contemporanea-imparte-sylvia-burgoa","status":"publish","type":"post","link":"https:\/\/casa.oaxaca.gob.mx\/?p=17310","title":{"rendered":"Taller presencial. Los v\u00ednculos del arte y la joyer\u00eda contempor\u00e1nea. Imparte: Sylvia Burgoa"},"content":{"rendered":"<\/div><\/div><\/div><!-- close content main div --><\/div><\/div><div id='av_section_1' class='avia-section main_color avia-section-no-padding avia-no-border-styling avia-full-stretch av-parallax-section avia-bg-style-parallax  av-minimum-height av-minimum-height-75 container_wrap fullsize'  data-section-bg-repeat='stretch' ><div class='av-parallax' data-avia-parallax-ratio='0.3' ><div class='av-parallax-inner main_color  avia-full-stretch' style = 'background-repeat: no-repeat; background-image: url(https:\/\/casa.oaxaca.gob.mx\/wp-content\/uploads\/2025\/08\/Los-vinculos-del-arte-y-la-joyeria-contemporanea_portada-scaled.jpg); background-attachment: scroll; background-position: bottom center; ' ><\/div><\/div><div class='container' ><div class='template-page content  av-content-full alpha units'><div class='post-entry post-entry-type-page post-entry-17310'><div class='entry-content-wrapper clearfix'>\n<div style='padding-bottom:10px;color:#ffffff;font-size:50px;' class='av-special-heading av-special-heading-h3 custom-color-heading blockquote modern-quote  av-inherit-size'><h3 class='av-special-heading-tag'  itemprop=\"headline\"  >Taller presencial. Los v\u00ednculos del arte y la joyer\u00eda contempor\u00e1nea.<\/h3><div class ='av-subheading av-subheading_below av_custom_color' style='font-size:25px;'><p>Imparte: Sylvia Burgoa.<\/p>\n<\/div><div class='special-heading-border'><div class='special-heading-inner-border' style='border-color:#ffffff'><\/div><\/div><\/div>\n\n<\/div><\/div><\/div><!-- close content main div --><\/div><\/div><div id='av-layout-grid-1' class='av-layout-grid-container entry-content-wrapper main_color av-flex-cells  container_wrap fullsize'   >\n<div class=\"flex_cell no_margin av_one_full   \" style='vertical-align:top; padding:30px; background-color:#ED9600; '><div class='flex_cell_inner' ><p><div class=\"flex_column av_one_fourth  flex_column_div av-zero-column-padding first  \" style='border-radius:0px; '><div style='padding-bottom:10px;color:#ffffff;' class='av-special-heading av-special-heading-h3 custom-color-heading blockquote modern-quote '><h3 class='av-special-heading-tag'  itemprop=\"headline\"  >Cierre de inscripciones<\/h3><div class ='av-subheading av-subheading_below av_custom_color' style='font-size:20px;'><p>Domingo 7 de septiembre de 2025<\/p>\n<p>Publicaci\u00f3n de resultados<br \/>\nLunes 8 de septiembre de 2025<\/p>\n<\/div><div class='special-heading-border'><div class='special-heading-inner-border' style='border-color:#ffffff'><\/div><\/div><\/div><\/div><div class=\"flex_column av_one_fourth  flex_column_div av-zero-column-padding   \" style='border-radius:0px; '><div style='padding-bottom:10px;color:#ffffff;' class='av-special-heading av-special-heading-h3 custom-color-heading blockquote modern-quote '><h3 class='av-special-heading-tag'  itemprop=\"headline\"  >Fechas<\/h3><div class ='av-subheading av-subheading_below av_custom_color' style='font-size:20px;'><p>Mi\u00e9rcoles, jueves y viernes<br \/>\n10, 11 y 12 de septiembre de 2025<\/p>\n<\/div><div class='special-heading-border'><div class='special-heading-inner-border' style='border-color:#ffffff'><\/div><\/div><\/div><\/div><div class=\"flex_column av_one_fourth  flex_column_div av-zero-column-padding   \" style='border-radius:0px; '><div style='padding-bottom:10px;color:#ffffff;' class='av-special-heading av-special-heading-h3 custom-color-heading blockquote modern-quote '><h3 class='av-special-heading-tag'  itemprop=\"headline\"  >Horario<\/h3><div class ='av-subheading av-subheading_below av_custom_color' style='font-size:20px;'><p>De 9 a 14 horas<\/p>\n<\/div><div class='special-heading-border'><div class='special-heading-inner-border' style='border-color:#ffffff'><\/div><\/div><\/div><\/div><div class=\"flex_column av_one_fourth  flex_column_div av-zero-column-padding   \" style='border-radius:0px; '><section class=\"avia_codeblock_section avia_code_block_0\"  itemscope=\"itemscope\" itemtype=\"https:\/\/schema.org\/BlogPosting\" itemprop=\"blogPost\" ><div class='avia_codeblock '  itemprop=\"text\" > [avia_codeblock_placeholder uid=\"0\"] <\/div><\/section><\/div><\/p>\n<\/div><\/div>\n<\/div>\n<div class=\"flex_column av_two_fifth  flex_column_div av-zero-column-padding first  \" style='border-radius:0px; '><p><div class='av-social-sharing-box '><div class='av-share-box'><h5 class='av-share-link-description'>Compartir esta actividad<\/h5><ul class='av-share-box-list noLightbox'><li class='av-share-link av-social-link-facebook' ><a target='_blank' href='http:\/\/www.facebook.com\/sharer.php?u=https:\/\/casa.oaxaca.gob.mx\/?p=17310&amp;t=Taller%20presencial.%20Los%20v%C3%ADnculos%20del%20arte%20y%20la%20joyer%C3%ADa%20contempor%C3%A1nea.%20Imparte%3A%20Sylvia%20Burgoa' aria-hidden='true' data-av_icon='\ue8f3' data-av_iconfont='entypo-fontello' title='' data-avia-related-tooltip='Share on Facebook'><span class='avia_hidden_link_text'>Share on Facebook<\/span><\/a><\/li><li class='av-share-link av-social-link-twitter' ><a target='_blank' href='https:\/\/twitter.com\/share?text=Taller%20presencial.%20Los%20v%C3%ADnculos%20del%20arte%20y%20la%20joyer%C3%ADa%20contempor%C3%A1nea.%20Imparte%3A%20Sylvia%20Burgoa&url=https:\/\/casa.oaxaca.gob.mx\/?p=17310' aria-hidden='true' data-av_icon='\ue8f1' data-av_iconfont='entypo-fontello' title='' data-avia-related-tooltip='Share on Twitter'><span class='avia_hidden_link_text'>Share on Twitter<\/span><\/a><\/li><li class='av-share-link av-social-link-gplus' ><a target='_blank' href='https:\/\/plus.google.com\/share?url=https:\/\/casa.oaxaca.gob.mx\/?p=17310' aria-hidden='true' data-av_icon='\ue8f6' data-av_iconfont='entypo-fontello' title='' data-avia-related-tooltip='Share on Google+'><span class='avia_hidden_link_text'>Share on Google+<\/span><\/a><\/li><li class='av-share-link av-social-link-pinterest' ><a target='_blank' href='http:\/\/pinterest.com\/pin\/create\/button\/?url=https%3A%2F%2Fcasa.oaxaca.gob.mx%2F%3Fp%3D17310&amp;description=Taller%20presencial.%20Los%20v%C3%ADnculos%20del%20arte%20y%20la%20joyer%C3%ADa%20contempor%C3%A1nea.%20Imparte%3A%20Sylvia%20Burgoa&amp;media=https%3A%2F%2Fcasa.oaxaca.gob.mx%2Fwp-content%2Fuploads%2F2025%2F08%2FLos-vinculos-del-arte-y-la-joyeria-contemporanea_cerrada-705x484.jpg' aria-hidden='true' data-av_icon='\ue8f8' data-av_iconfont='entypo-fontello' title='' data-avia-related-tooltip='Share on Pinterest'><span class='avia_hidden_link_text'>Share on Pinterest<\/span><\/a><\/li><li class='av-share-link av-social-link-mail' ><a  href='mailto:?subject=Taller%20presencial.%20Los%20v%C3%ADnculos%20del%20arte%20y%20la%20joyer%C3%ADa%20contempor%C3%A1nea.%20Imparte%3A%20Sylvia%20Burgoa&amp;body=https:\/\/casa.oaxaca.gob.mx\/?p=17310' aria-hidden='true' data-av_icon='\ue805' data-av_iconfont='entypo-fontello' title='' data-avia-related-tooltip='Share by Mail'><span class='avia_hidden_link_text'>Share by Mail<\/span><\/a><\/li><\/ul><\/div><\/div><br \/>\n<div  class='hr hr-default '><span class='hr-inner ' ><span class='hr-inner-style'><\/span><\/span><\/div><br \/>\n<div style='padding-bottom:10px;font-size:30px;' class='av-special-heading av-special-heading-h3  blockquote modern-quote   av-inherit-size'><h3 class='av-special-heading-tag'  itemprop=\"headline\"  >Sobre la tallerista<\/h3><div class='special-heading-border'><div class='special-heading-inner-border' ><\/div><\/div><\/div><br \/>\n<div class='avia-data-table-wrap avia_responsive_table'><table class='avia-table avia-data-table avia-table-1  avia_pricing_default'  itemscope=\"itemscope\" itemtype=\"https:\/\/schema.org\/Table\" ><tbody><tr class='avia-heading-row'><th class=''>Sylvia Burgoa (M\u00e9xico)<\/th><\/tr><tr class=''><td class=''>Artista pl\u00e1stica y dise\u00f1adora de joyer\u00eda contempor\u00e1nea, Sylvia Burgoa inici\u00f3 su formaci\u00f3n art\u00edstica en la Escuela de Bellas Artes de Oaxaca, su ciudad natal. Durante casi dos d\u00e9cadas se desempe\u00f1\u00f3 como artista pl\u00e1stica y docente en instituciones p\u00fablicas y privadas de Quintana Roo, exponiendo en M\u00e9xico y Espa\u00f1a. Desde el 2003 radica en Par\u00eds, Francia, en donde contin\u00faa su formaci\u00f3n art\u00edstica en la ESSAD (Escuela Superior de Artes Aplicadas Duperr\u00e9) y la AFEDAP (Escuela de joyer\u00eda y Artes Aplicadas), especializ\u00e1ndose en joyer\u00eda de autor. En Francia ha colaborado con prestigiosas instituciones como el Palais de la D\u00e9couverte, Lyc\u00e9e International de Saint Germain en Laye, entre otras. En los \u00faltimos 20 a\u00f1os ha sido gestora y curadora de proyectos culturales bilaterales entre M\u00e9xico y Francia, en torno a las artes pl\u00e1sticas y la joya contempor\u00e1nea. Colabora regularmente con la Facultad de Artes y Dise\u00f1o de la UNAM. Como artista mexicana ha representado a M\u00e9xico en m\u00faltiples eventos internacionales entre los m\u00e1s recientes. Artistes Cr\u00e9ateurs 2021 H\u00f4tel de Ville Paris ; Salon Internacional Artisanat d\u2019Art de la Francophonie 2024 Festival d&#8217; Histoire de L\u2019Art du Mexique 2024 \u2013Ch\u00e2teau de Fontainebleau, Semaine de l\u2019Am\u00e9rique Latine et des Cara\u00efbes 2025. Actualmente trabaja como docente en diferentes instituciones de Par\u00eds, en donde lleva a cabo proyectos. Actualmente trabaja como docente en diferentes instituciones de Par\u00eds, en donde lleva a cabo proyectos de educaci\u00f3n art\u00edstica y cultural. Su labor de investigaci\u00f3n alrededor del dise\u00f1o y las artes decorativas la ha llevado a forjar una propuesta llena de nostalgia y de onirismo. Sus piezas son producto de una hibridaci\u00f3n de t\u00e9cnicas tradicionales y de formas contempor\u00e1neas.<\/td><\/tr><\/tbody><\/table><\/div><style type='text\/css'>.avia-table-1 td:nth-of-type(1):before { content: 'Sylvia Burgoa (M\u00e9xico)'; } <\/style><\/p><\/div>\n<div class=\"flex_column av_three_fifth  flex_column_div av-zero-column-padding   \" style='border-radius:0px; '><p><div style='padding-bottom:10px;font-size:30px;' class='av-special-heading av-special-heading-h3  blockquote modern-quote   av-inherit-size'><h3 class='av-special-heading-tag'  itemprop=\"headline\"  >Acerca del taller<\/h3><div class='special-heading-border'><div class='special-heading-inner-border' ><\/div><\/div><\/div><br \/>\n<div class='avia-data-table-wrap avia_responsive_table'><table class='avia-table avia-data-table avia-table-2  avia_pricing_default'  itemscope=\"itemscope\" itemtype=\"https:\/\/schema.org\/Table\" ><tbody><tr class='avia-heading-row'><th class=''>LISTA DE SELECCIONADOS<\/th><\/tr><tr class=''><td class=''>Xinaxi L\u00f3pez Charis<\/p>\n<p>Andrea Olgu\u00edn Pacheco<\/p>\n<p>Huini Nanashy Mauro Heuberger<\/p>\n<p>Victoria Morales Islas<\/p>\n<p>Circe Adriana Noriega Brito<\/td><\/tr><\/tbody><\/table><\/div><style type='text\/css'>.avia-table-2 td:nth-of-type(1):before { content: 'LISTA DE SELECCIONADOS'; } <\/style><br \/>\n<div class='avia-data-table-wrap avia_responsive_table'><table class='avia-table avia-data-table avia-table-3  avia_pricing_default'  itemscope=\"itemscope\" itemtype=\"https:\/\/schema.org\/Table\" ><tbody><tr class='avia-heading-row'><th class=''>Descripci\u00f3n general<\/th><\/tr><tr class=''><td class=''>El Taller te\u00f3rico-pr\u00e1ctico de Joyer\u00eda Contempor\u00e1nea Narrativa est\u00e1 dise\u00f1ado para joyeros, artistas y creadores interesados en explorar la joyer\u00eda como un medio de expresi\u00f3n m\u00e1s all\u00e1 de lo ornamental. A lo largo del curso, se abordar\u00e1 una introducci\u00f3n a la historia del arte de la joya y se revisar\u00e1n ejemplos de piezas contempor\u00e1neas que abordan temas como la migraci\u00f3n y la identidad. Con el apoyo de recursos visuales y discusiones colectivas, los participantes reflexionar\u00e1n sobre los significados, materiales y posibilidades expresivas de la joyer\u00eda en el contexto actual. En la parte pr\u00e1ctica, se fomentar\u00e1 la experimentaci\u00f3n mediante la elaboraci\u00f3n de prototipos y piezas, utilizando tanto metales como materiales alternativos y reciclados. El taller culminar\u00e1 con la presentaci\u00f3n y exposici\u00f3n de los trabajos realizados, acompa\u00f1ados de la justificaci\u00f3n y narrativa de cada propuesta, integrando creatividad, t\u00e9cnica y concepto en un proceso integral de aprendizaje.<br \/>\n<\/td><\/tr><tr class='avia-heading-row'><th class=''>Objetivo general<\/th><\/tr><tr class=''><td class=''>Explorar la joyer\u00eda contempor\u00e1nea como un medio narrativo y performativo que permita a joyeros y artistas poner en relieve la identidad, la diversidad y la memoria, generando piezas que trascienden lo ornamental para convertirse en herramientas de reflexi\u00f3n y transformaci\u00f3n personal y colectiva en torno a hechos socio-pol\u00edticos del pasado y del presente.<br \/>\n<\/td><\/tr><tr class='avia-heading-row'><th class=''>Objetivos espec\u00edficos<\/th><\/tr><tr class=''><td class=''>&#8211; Analizar la relaci\u00f3n entre joyer\u00eda, memoria e identidad, revisando referentes hist\u00f3ricos y contempor\u00e1neos que abordan contextos migratorios y socio-pol\u00edticos.<br \/>\n&#8211; Fomentar la experimentaci\u00f3n con materiales y t\u00e9cnicas diversas para crear piezas que integren narrativas personales y colectivas como actos performativos.<br \/>\n&#8211; Desarrollar proyectos de joyer\u00eda contempor\u00e1nea que funcionen como dispositivos de di\u00e1logo y transformaci\u00f3n, visibilizando problem\u00e1ticas actuales y memorias del pasado.<br \/>\n<\/td><\/tr><tr class='avia-heading-row'><th class=''>Temas<\/th><\/tr><tr class=''><td class=''>1. Introducci\u00f3n: Joyer\u00eda y migraci\u00f3n como narrativa<br \/>\n1.1 Presentaci\u00f3n del taller y objetivos.<br \/>\n1.2 Ejemplos de piezas contempor\u00e1neas que abordan migraci\u00f3n, desplazamiento e identidad.<br \/>\n2. Migraci\u00f3n y procesos creativos<br \/>\n2.1 Discusi\u00f3n colectiva: \u00bfc\u00f3mo se representa la migraci\u00f3n en la joyer\u00eda?<br \/>\n2.2 Definici\u00f3n de conceptos personales vinculados al viaje, la memoria, el desarraigo o el arraigo.<br \/>\n2.3 Soportes visuales y referentes art\u00edsticos.<br \/>\n3. Materiales y simbolismo<br \/>\n3.1 Introducci\u00f3n al uso de materiales tradicionales y alternativos (metales, textiles, objetos encontrados, reciclados).<br \/>\n3.2 Pr\u00e1ctica: selecci\u00f3n de materiales con carga simb\u00f3lica relacionada a la migraci\u00f3n.<br \/>\n4. Prototipos y creaci\u00f3n de piezas<br \/>\n4.1 Experimentaci\u00f3n t\u00e9cnica: combina metal con materiales diversos.<br \/>\n4.2 Elaboraci\u00f3n de prototipos que traduzcan narrativas migratorias.<br \/>\n4.3 Desarrollo de piezas individuales.<br \/>\n5. Exposici\u00f3n y cierre<br \/>\n5.1 Presentaci\u00f3n de piezas finales.<br \/>\n5.2 Justificaci\u00f3n y narrativa de cada obra en relaci\u00f3n a la migraci\u00f3n.<br \/>\n5.3 Retroalimentaci\u00f3n colectiva y reflexi\u00f3n sobre el proceso creativo.<br \/>\n<\/td><\/tr><\/tbody><\/table><\/div><style type='text\/css'>.avia-table-3 td:nth-of-type(1):before { content: 'Descripci\u00f3n general'; } <\/style><br \/>\n<div style='padding-bottom:10px;font-size:30px;' class='av-special-heading av-special-heading-h3  blockquote modern-quote   av-inherit-size'><h3 class='av-special-heading-tag'  itemprop=\"headline\"  >Requisitos de inscripci\u00f3n<\/h3><div class='special-heading-border'><div class='special-heading-inner-border' ><\/div><\/div><\/div><br \/>\n<div class='avia-data-table-wrap avia_responsive_table'><table class='avia-table avia-data-table avia-table-4  avia_pricing_default'  itemscope=\"itemscope\" itemtype=\"https:\/\/schema.org\/Table\" ><tbody><tr class='avia-heading-row'><th class=''>&#8211; Se sugiere que las y los participantes cuenten con licenciatura en Artes Visuales o en alguna disciplina relacionada.<br \/>\n<\/th><\/tr><tr class=''><td class=''>&#8211; Si tienes inter\u00e9s deber\u00e1s llenar el formulario que se encuentra en esta p\u00e1gina y adjuntar un portafolio con un m\u00e1ximo de 10 im\u00e1genes del trabajo que hacen en un \u00fanico archivo PDF no mayor a 15 megabytes.<\/td><\/tr><\/tbody><\/table><\/div><style type='text\/css'>.avia-table-4 td:nth-of-type(1):before { content: '\u2013 Se sugiere que las y los participantes cuenten con licenciatura en Artes Visuales o en alguna disciplina relacionada.<br \/>\n'; } <\/style><br \/>\n<div class='avia-data-table-wrap avia_responsive_table'><table class='avia-table avia-data-table avia-table-5  avia_pricing_default'  itemscope=\"itemscope\" itemtype=\"https:\/\/schema.org\/Table\" ><tbody><tr class='avia-heading-row'><th class=''>CRITERIOS DE SELECCI\u00d3N DE ALUMNOS<\/th><\/tr><tr class=''><td class=''><br \/>\n&#8211; 15 alumnos seleccionados<br \/>\n&#8211; Orfebres o una pr\u00e1ctica establecida dentro de la artesan\u00eda de arte.<\/td><\/tr><\/tbody><\/table><\/div><style type='text\/css'>.avia-table-5 td:nth-of-type(1):before { content: 'CRITERIOS DE SELECCI\u00d3N DE ALUMNOS'; } <\/style><br \/>\n<div class='avia-data-table-wrap avia_responsive_table'><table class='avia-table avia-data-table avia-table-6  avia_pricing_default'  itemscope=\"itemscope\" itemtype=\"https:\/\/schema.org\/Table\" ><tbody><tr class='avia-heading-row'><th class=''>MATERIAL QUE SE LE SOLICITAR\u00c1 AL ALUMNO(A)<\/th><\/tr><tr class=''><td class=''>&#8211; Es importante que aporten su herramienta y material con el que deseen trabajar<br \/>\n&#8211; Plata, madera, hueso, textil, cer\u00e1mica, fibras, etc.<br \/>\n<\/td><\/tr><\/tbody><\/table><\/div><style type='text\/css'>.avia-table-6 td:nth-of-type(1):before { content: 'MATERIAL QUE SE LE SOLICITAR\u00c1 AL ALUMNO(A)'; } <\/style><br \/>\n<div class='avia-data-table-wrap avia_responsive_table'><table class='avia-table avia-data-table avia-table-7  avia_pricing_default'  itemscope=\"itemscope\" itemtype=\"https:\/\/schema.org\/Table\" ><tbody><tr class='avia-heading-row'><th class=''>Nota para los seleccionados<\/th><\/tr><tr class=''><td class=''>&#8211; Clases presenciales en (Usos m\u00faltiples) del CaSa<br \/>\n&#8211; Se dejar\u00e1n ejercicios espec\u00edficos a cada estudiante, es fundamental realizarlos para continuar con la siguiente clase.<br \/>\n&#8211; Tener el compromiso y el tiempo para llevar a cabo el taller, ya que las inasistencias injustificadas ser\u00e1n motivo de suspensi\u00f3n y no podr\u00e1 ingresar a talleres futuros.<br \/>\n&#8211; Durante el taller nos estaremos comunicando por medio de mensajes en un grupo de WhatsApp, por ser una herramienta m\u00e1s r\u00e1pida para poder tener una mejor comunicaci\u00f3n con lo que respecta al taller.<br \/>\n<\/td><\/tr><\/tbody><\/table><\/div><style type='text\/css'>.avia-table-7 td:nth-of-type(1):before { content: 'Nota para los seleccionados'; } <\/style><br \/>\n<div id='av-masonry-1' class='av-masonry noHover av-fixed-size av-large-gap av-hover-overlay-active av-masonry-col-flexible av-caption-always av-caption-style- av-masonry-gallery  '  ><div class='av-masonry-container isotope av-js-disabled ' ><div class='av-masonry-entry isotope-item av-masonry-item-no-image '><\/div><a href=\"https:\/\/casa.oaxaca.gob.mx\/wp-content\/uploads\/2025\/08\/HISTORIAS-DE-FAMILIA-SYLVIA-BURGOA-1030x981.jpg\" id='av-masonry-1-item-17311' data-av-masonry-item='17311' class='av-masonry-entry isotope-item post-17311 attachment type-attachment status-inherit hentry  av-masonry-item-with-image' title=\"\"  itemprop=\"thumbnailUrl\" ><div class='av-inner-masonry-sizer'><\/div><figure class='av-inner-masonry main_color'><div class=\"av-masonry-outerimage-container\"><div class=\"av-masonry-image-container\" style=\"background-image: url(https:\/\/casa.oaxaca.gob.mx\/wp-content\/uploads\/2025\/08\/HISTORIAS-DE-FAMILIA-SYLVIA-BURGOA-705x672.jpg);\"><img decoding=\"async\" src=\"https:\/\/casa.oaxaca.gob.mx\/wp-content\/uploads\/2025\/08\/HISTORIAS-DE-FAMILIA-SYLVIA-BURGOA-705x672.jpg\" title=\"HISTORIAS DE FAMILIA -SYLVIA BURGOA\" alt=\"\" \/><\/div><\/div><\/figure><\/a><!--end av-masonry entry--><a href=\"https:\/\/casa.oaxaca.gob.mx\/wp-content\/uploads\/2025\/08\/Metaphores-2025-PERLES-742x1030.jpg\" id='av-masonry-1-item-17312' data-av-masonry-item='17312' class='av-masonry-entry isotope-item post-17312 attachment type-attachment status-inherit hentry  av-masonry-item-with-image' title=\"\"  itemprop=\"thumbnailUrl\" ><div class='av-inner-masonry-sizer'><\/div><figure class='av-inner-masonry main_color'><div class=\"av-masonry-outerimage-container\"><div class=\"av-masonry-image-container\" style=\"background-image: url(https:\/\/casa.oaxaca.gob.mx\/wp-content\/uploads\/2025\/08\/Metaphores-2025-PERLES-508x705.jpg);\"><img decoding=\"async\" src=\"https:\/\/casa.oaxaca.gob.mx\/wp-content\/uploads\/2025\/08\/Metaphores-2025-PERLES-508x705.jpg\" title=\"M\u00e9taphores 2025 -PERLES\" alt=\"\" \/><\/div><\/div><\/figure><\/a><!--end av-masonry entry--><a href=\"https:\/\/casa.oaxaca.gob.mx\/wp-content\/uploads\/2025\/08\/Metphores-2025-Turquoise-668x1030.jpg\" id='av-masonry-1-item-17313' data-av-masonry-item='17313' class='av-masonry-entry isotope-item post-17313 attachment type-attachment status-inherit hentry  av-masonry-item-with-image' title=\"\"  itemprop=\"thumbnailUrl\" ><div class='av-inner-masonry-sizer'><\/div><figure class='av-inner-masonry main_color'><div class=\"av-masonry-outerimage-container\"><div class=\"av-masonry-image-container\" style=\"background-image: url(https:\/\/casa.oaxaca.gob.mx\/wp-content\/uploads\/2025\/08\/Metphores-2025-Turquoise-457x705.jpg);\"><img decoding=\"async\" src=\"https:\/\/casa.oaxaca.gob.mx\/wp-content\/uploads\/2025\/08\/Metphores-2025-Turquoise-457x705.jpg\" title=\"M\u00e9tphores 2025- Turquoise\" alt=\"\" \/><\/div><\/div><\/figure><\/a><!--end av-masonry entry--><a href=\"https:\/\/casa.oaxaca.gob.mx\/wp-content\/uploads\/2025\/08\/pendiente-Oro-y-Fragmento-de-Porcelana-Siglo-XIX-773x1030.jpg\" id='av-masonry-1-item-17314' data-av-masonry-item='17314' class='av-masonry-entry isotope-item post-17314 attachment type-attachment status-inherit hentry  av-masonry-item-with-image' title=\"\"  itemprop=\"thumbnailUrl\" ><div class='av-inner-masonry-sizer'><\/div><figure class='av-inner-masonry main_color'><div class=\"av-masonry-outerimage-container\"><div class=\"av-masonry-image-container\" style=\"background-image: url(https:\/\/casa.oaxaca.gob.mx\/wp-content\/uploads\/2025\/08\/pendiente-Oro-y-Fragmento-de-Porcelana-Siglo-XIX-529x705.jpg);\"><img decoding=\"async\" src=\"https:\/\/casa.oaxaca.gob.mx\/wp-content\/uploads\/2025\/08\/pendiente-Oro-y-Fragmento-de-Porcelana-Siglo-XIX-529x705.jpg\" title=\"pendiente &#8211; Oro y Fragmento de Porcelana Siglo XIX\" alt=\"\" \/><\/div><\/div><\/figure><\/a><!--end av-masonry entry--><a href=\"https:\/\/casa.oaxaca.gob.mx\/wp-content\/uploads\/2025\/08\/PENDIENTE-MIGRANTE-BURGOA-2025-625x1030.jpg\" id='av-masonry-1-item-17315' data-av-masonry-item='17315' class='av-masonry-entry isotope-item post-17315 attachment type-attachment status-inherit hentry  av-masonry-item-with-image' title=\"\"  itemprop=\"thumbnailUrl\" ><div class='av-inner-masonry-sizer'><\/div><figure class='av-inner-masonry main_color'><div class=\"av-masonry-outerimage-container\"><div class=\"av-masonry-image-container\" style=\"background-image: url(https:\/\/casa.oaxaca.gob.mx\/wp-content\/uploads\/2025\/08\/PENDIENTE-MIGRANTE-BURGOA-2025-428x705.jpg);\"><img decoding=\"async\" src=\"https:\/\/casa.oaxaca.gob.mx\/wp-content\/uploads\/2025\/08\/PENDIENTE-MIGRANTE-BURGOA-2025-428x705.jpg\" title=\"PENDIENTE MIGRANTE -BURGOA 2025\" alt=\"\" \/><\/div><\/div><\/figure><\/a><!--end av-masonry entry--><\/div><div class='av-masonry-pagination av-masonry-pagination-pagination'><nav class='pagination'><span class='pagination-meta'>Page 1 of 2<\/span><span class='current'>1<\/span><a href='https:\/\/casa.oaxaca.gob.mx\/index.php?rest_route=%2Fwp%2Fv2%2Fposts%2F17310&#038;paged=2' class='inactive' >2<\/a><\/nav>\n<\/div><\/div><\/p><\/div>\n","protected":false},"excerpt":{"rendered":"","protected":false},"author":1,"featured_media":17343,"comment_status":"open","ping_status":"open","sticky":false,"template":"","format":"standard","meta":{"_exactmetrics_skip_tracking":false,"_exactmetrics_sitenote_active":false,"_exactmetrics_sitenote_note":"","_exactmetrics_sitenote_category":0,"footnotes":""},"categories":[204],"tags":[],"class_list":["post-17310","post","type-post","status-publish","format-standard","has-post-thumbnail","hentry","category-204"],"_links":{"self":[{"href":"https:\/\/casa.oaxaca.gob.mx\/index.php?rest_route=\/wp\/v2\/posts\/17310","targetHints":{"allow":["GET"]}}],"collection":[{"href":"https:\/\/casa.oaxaca.gob.mx\/index.php?rest_route=\/wp\/v2\/posts"}],"about":[{"href":"https:\/\/casa.oaxaca.gob.mx\/index.php?rest_route=\/wp\/v2\/types\/post"}],"author":[{"embeddable":true,"href":"https:\/\/casa.oaxaca.gob.mx\/index.php?rest_route=\/wp\/v2\/users\/1"}],"replies":[{"embeddable":true,"href":"https:\/\/casa.oaxaca.gob.mx\/index.php?rest_route=%2Fwp%2Fv2%2Fcomments&post=17310"}],"version-history":[{"count":4,"href":"https:\/\/casa.oaxaca.gob.mx\/index.php?rest_route=\/wp\/v2\/posts\/17310\/revisions"}],"predecessor-version":[{"id":17461,"href":"https:\/\/casa.oaxaca.gob.mx\/index.php?rest_route=\/wp\/v2\/posts\/17310\/revisions\/17461"}],"wp:featuredmedia":[{"embeddable":true,"href":"https:\/\/casa.oaxaca.gob.mx\/index.php?rest_route=\/wp\/v2\/media\/17343"}],"wp:attachment":[{"href":"https:\/\/casa.oaxaca.gob.mx\/index.php?rest_route=%2Fwp%2Fv2%2Fmedia&parent=17310"}],"wp:term":[{"taxonomy":"category","embeddable":true,"href":"https:\/\/casa.oaxaca.gob.mx\/index.php?rest_route=%2Fwp%2Fv2%2Fcategories&post=17310"},{"taxonomy":"post_tag","embeddable":true,"href":"https:\/\/casa.oaxaca.gob.mx\/index.php?rest_route=%2Fwp%2Fv2%2Ftags&post=17310"}],"curies":[{"name":"wp","href":"https:\/\/api.w.org\/{rel}","templated":true}]}}