{"id":17432,"date":"2025-09-04T12:30:40","date_gmt":"2025-09-04T18:30:40","guid":{"rendered":"https:\/\/casa.oaxaca.gob.mx\/?p=17432"},"modified":"2026-01-22T13:47:44","modified_gmt":"2026-01-22T19:47:44","slug":"taller-presencial-fotografia-estenopeica-imparte-sergio-ventura-neri","status":"publish","type":"post","link":"https:\/\/casa.oaxaca.gob.mx\/?p=17432","title":{"rendered":"Taller presencial. Fotograf\u00eda estenopeica. Imparte: Sergio Ventura Neri."},"content":{"rendered":"<\/div><\/div><\/div><!-- close content main div --><\/div><\/div><div id='av_section_1' class='avia-section main_color avia-section-no-padding avia-no-border-styling avia-full-stretch av-parallax-section avia-bg-style-parallax  av-minimum-height av-minimum-height-75 container_wrap fullsize' style = 'background-color: #000000; ' data-section-bg-repeat='stretch' ><div class='av-parallax' data-avia-parallax-ratio='0.3' ><div class='av-parallax-inner main_color  avia-full-stretch' style = 'background-color: #000000; background-repeat: no-repeat; background-image: url(https:\/\/casa.oaxaca.gob.mx\/wp-content\/uploads\/2025\/09\/Fotografia-estenopeica_portada-scaled.jpg); background-attachment: scroll; background-position: bottom center; ' ><\/div><\/div><div class='container' ><div class='template-page content  av-content-full alpha units'><div class='post-entry post-entry-type-page post-entry-17432'><div class='entry-content-wrapper clearfix'>\n<div style='padding-bottom:10px;color:#ffffff;font-size:50px;' class='av-special-heading av-special-heading-h3 custom-color-heading blockquote modern-quote  av-inherit-size'><h3 class='av-special-heading-tag'  itemprop=\"headline\"  >Taller presencial. Fotograf\u00eda estenopeica.<\/h3><div class ='av-subheading av-subheading_below av_custom_color' style='font-size:25px;'><p>Imparte: Sergio Ventura Neri.<\/p>\n<\/div><div class='special-heading-border'><div class='special-heading-inner-border' style='border-color:#ffffff'><\/div><\/div><\/div>\n\n<\/div><\/div><\/div><!-- close content main div --><\/div><\/div><div id='av-layout-grid-1' class='av-layout-grid-container entry-content-wrapper main_color av-flex-cells  container_wrap fullsize'   >\n<div class=\"flex_cell no_margin av_one_full   \" style='vertical-align:top; padding:30px; background-color:#ED9600; '><div class='flex_cell_inner' ><p><div class=\"flex_column av_one_fourth  flex_column_div av-zero-column-padding first  \" style='border-radius:0px; '><div style='padding-bottom:10px;color:#ffffff;' class='av-special-heading av-special-heading-h3 custom-color-heading blockquote modern-quote '><h3 class='av-special-heading-tag'  itemprop=\"headline\"  >Cierre de inscripciones<\/h3><div class ='av-subheading av-subheading_below av_custom_color' style='font-size:20px;'><p>Martes 7 de octubre de 2025<\/p>\n<p>Publicaci\u00f3n de resultados<br \/>\nJueves 9 de octubre de 2025<\/p>\n<\/div><div class='special-heading-border'><div class='special-heading-inner-border' style='border-color:#ffffff'><\/div><\/div><\/div><\/div><div class=\"flex_column av_one_fourth  flex_column_div av-zero-column-padding   \" style='border-radius:0px; '><div style='padding-bottom:10px;color:#ffffff;' class='av-special-heading av-special-heading-h3 custom-color-heading blockquote modern-quote '><h3 class='av-special-heading-tag'  itemprop=\"headline\"  >Fechas<\/h3><div class ='av-subheading av-subheading_below av_custom_color' style='font-size:20px;'><p>Lunes a viernes<br \/>\nDel 13 al 17 de octubre de 2025<\/p>\n<\/div><div class='special-heading-border'><div class='special-heading-inner-border' style='border-color:#ffffff'><\/div><\/div><\/div><\/div><div class=\"flex_column av_one_fourth  flex_column_div av-zero-column-padding   \" style='border-radius:0px; '><div style='padding-bottom:10px;color:#ffffff;' class='av-special-heading av-special-heading-h3 custom-color-heading blockquote modern-quote '><h3 class='av-special-heading-tag'  itemprop=\"headline\"  >Horario<\/h3><div class ='av-subheading av-subheading_below av_custom_color' style='font-size:20px;'><p>10 a 14 h<\/p>\n<\/div><div class='special-heading-border'><div class='special-heading-inner-border' style='border-color:#ffffff'><\/div><\/div><\/div><\/div><div class=\"flex_column av_one_fourth  flex_column_div av-zero-column-padding   \" style='border-radius:0px; '><section class=\"avia_codeblock_section avia_code_block_0\"  itemscope=\"itemscope\" itemtype=\"https:\/\/schema.org\/BlogPosting\" itemprop=\"blogPost\" ><div class='avia_codeblock '  itemprop=\"text\" > [avia_codeblock_placeholder uid=\"0\"] <\/div><\/section><\/div><\/p>\n<\/div><\/div>\n<\/div>\n<div class=\"flex_column av_two_fifth  flex_column_div av-zero-column-padding first  \" style='border-radius:0px; '><p><div class='av-social-sharing-box '><div class='av-share-box'><h5 class='av-share-link-description'>Compartir esta actividad<\/h5><ul class='av-share-box-list noLightbox'><li class='av-share-link av-social-link-facebook' ><a target='_blank' href='http:\/\/www.facebook.com\/sharer.php?u=https:\/\/casa.oaxaca.gob.mx\/?p=17432&amp;t=Taller%20presencial.%20Fotograf%C3%ADa%20estenopeica.%20Imparte%3A%20Sergio%20Ventura%20Neri.' aria-hidden='true' data-av_icon='\ue8f3' data-av_iconfont='entypo-fontello' title='' data-avia-related-tooltip='Share on Facebook'><span class='avia_hidden_link_text'>Share on Facebook<\/span><\/a><\/li><li class='av-share-link av-social-link-twitter' ><a target='_blank' href='https:\/\/twitter.com\/share?text=Taller%20presencial.%20Fotograf%C3%ADa%20estenopeica.%20Imparte%3A%20Sergio%20Ventura%20Neri.&url=https:\/\/casa.oaxaca.gob.mx\/?p=17432' aria-hidden='true' data-av_icon='\ue8f1' data-av_iconfont='entypo-fontello' title='' data-avia-related-tooltip='Share on Twitter'><span class='avia_hidden_link_text'>Share on Twitter<\/span><\/a><\/li><li class='av-share-link av-social-link-gplus' ><a target='_blank' href='https:\/\/plus.google.com\/share?url=https:\/\/casa.oaxaca.gob.mx\/?p=17432' aria-hidden='true' data-av_icon='\ue8f6' data-av_iconfont='entypo-fontello' title='' data-avia-related-tooltip='Share on Google+'><span class='avia_hidden_link_text'>Share on Google+<\/span><\/a><\/li><li class='av-share-link av-social-link-pinterest' ><a target='_blank' href='http:\/\/pinterest.com\/pin\/create\/button\/?url=https%3A%2F%2Fcasa.oaxaca.gob.mx%2F%3Fp%3D17432&amp;description=Taller%20presencial.%20Fotograf%C3%ADa%20estenopeica.%20Imparte%3A%20Sergio%20Ventura%20Neri.&amp;media=https%3A%2F%2Fcasa.oaxaca.gob.mx%2Fwp-content%2Fuploads%2F2025%2F09%2FFotografia-estenopeica_cerrada-705x484.jpg' aria-hidden='true' data-av_icon='\ue8f8' data-av_iconfont='entypo-fontello' title='' data-avia-related-tooltip='Share on Pinterest'><span class='avia_hidden_link_text'>Share on Pinterest<\/span><\/a><\/li><li class='av-share-link av-social-link-mail' ><a  href='mailto:?subject=Taller%20presencial.%20Fotograf%C3%ADa%20estenopeica.%20Imparte%3A%20Sergio%20Ventura%20Neri.&amp;body=https:\/\/casa.oaxaca.gob.mx\/?p=17432' aria-hidden='true' data-av_icon='\ue805' data-av_iconfont='entypo-fontello' title='' data-avia-related-tooltip='Share by Mail'><span class='avia_hidden_link_text'>Share by Mail<\/span><\/a><\/li><\/ul><\/div><\/div><br \/>\n<div  class='hr hr-default '><span class='hr-inner ' ><span class='hr-inner-style'><\/span><\/span><\/div><br \/>\n<div style='padding-bottom:10px;font-size:30px;' class='av-special-heading av-special-heading-h3  blockquote modern-quote  av-inherit-size'><h3 class='av-special-heading-tag'  itemprop=\"headline\"  >Sobre el tallerista<\/h3><div class='special-heading-border'><div class='special-heading-inner-border' ><\/div><\/div><\/div><br \/>\n<div class='avia-data-table-wrap avia_responsive_table'><table class='avia-table avia-data-table avia-table-1  avia_pricing_default'  itemscope=\"itemscope\" itemtype=\"https:\/\/schema.org\/Table\" ><tbody><tr class='avia-heading-row'><th class=''>Santiago Bola\u00f1os<\/th><\/tr><tr class=''><td class=''>Fot\u00f3grafo nacido en Oaxaca, con formaci\u00f3n en talleres del Centro Fotogr\u00e1fico Manuel \u00c1lvarez Bravo y la Escuela Activa De Fotograf\u00eda. Autopublic\u00f3 un fotolibro con archivo de su trabajo del 2015 al 2019. Ha impreso fanzines de su trabajo, participado en exposiciones colectivas.<\/td><\/tr><\/tbody><\/table><\/div><style type='text\/css'>.avia-table-1 td:nth-of-type(1):before { content: 'Santiago Bola\u00f1os'; } <\/style><\/p><\/div>\n<div class=\"flex_column av_three_fifth  flex_column_div av-zero-column-padding   \" style='border-radius:0px; '><p><div style='padding-bottom:10px;font-size:30px;' class='av-special-heading av-special-heading-h3  blockquote modern-quote   av-inherit-size'><h3 class='av-special-heading-tag'  itemprop=\"headline\"  >Acerca del taller<\/h3><div class='special-heading-border'><div class='special-heading-inner-border' ><\/div><\/div><\/div><br \/>\n<div class='avia-data-table-wrap avia_responsive_table'><table class='avia-table avia-data-table avia-table-2  avia_pricing_default'  itemscope=\"itemscope\" itemtype=\"https:\/\/schema.org\/Table\" ><tbody><tr class=''><td class=''>LISTA DE SELECCIONADOS<\/td><\/tr><tr class=''><td class=''>Adony Odette Iriarte Alarc\u00f3n<br \/>\nAleida G\u00f3mez Barriga<\/p>\n<p>Angela Reyes Mata<\/p>\n<p>Candy Edaly Cruz Esteva<\/p>\n<p>Caty Karime Matadamas Ju\u00e1rez<\/p>\n<p>Corina Mariam Herrera Franco<\/p>\n<p>Ermila Samantha L\u00f3pez Cruz<\/p>\n<p>Gabriela Hern\u00e1ndez Jarqu\u00edn<\/p>\n<p>Hanna Bel\u00e9n Velasco Legaspi<\/p>\n<p>Jes\u00fas Alberto Jim\u00e9nez L\u00f3pez<\/p>\n<p>Josu\u00e9 Misael Bravo Peralta<\/p>\n<p>Kevin Mois\u00e9s Ju\u00e1rez Garnica<\/p>\n<p>Mads\u00e1 Ju\u00e1rez Casas<\/p>\n<p>Mayka Zurica Ordaz Fern\u00e1ndez<\/p>\n<p>Sebasti\u00e1n Hern\u00e1ndez Amaya<\/p>\n<p>Sof\u00eda Alejandra Mart\u00ednez Mateos<\/td><\/tr><\/tbody><\/table><\/div><style type='text\/css'><\/style><br \/>\n<div class='avia-data-table-wrap avia_responsive_table'><table class='avia-table avia-data-table avia-table-3  avia_pricing_default'  itemscope=\"itemscope\" itemtype=\"https:\/\/schema.org\/Table\" ><tbody><tr class='avia-heading-row'><th class=''>Descripci\u00f3n general<\/th><\/tr><tr class=''><td class=''>La fotograf\u00eda estenopeica es una t\u00e9cnica que nos permite capturar im\u00e1genes sin utilizar ning\u00fan tipo de \u00f3ptica o equipo fotogr\u00e1fico sofisticado. Se realiza con ayuda de una c\u00e1mara estenopeica y material fotosensible. Este dispositivo permite el paso de la luz a trav\u00e9s de un peque\u00f1o agujero llamado estenopo.<br \/>\n\u201cPor este orificio podr\u00e1n hacerse pasar, comprimiendo su esencia, toda clase de personas, objetos y lugares, mismos que deber\u00e1n ser guardados cuidadosamente en una caja de cart\u00f3n donde permanecer\u00e1n por la eternidad, para ser sacados cuando alguien los necesite. (Adojuhr)&#8221;<br \/>\n<\/td><\/tr><tr class='avia-heading-row'><th class=''>Objetivo general<\/th><\/tr><tr class=''><td class=''>El objetivo del taller es que los participantes conozcan el principio de formaci\u00f3n de las im\u00e1genes, la c\u00e1mara oscura y la fotograf\u00eda estenopeica, para aplicarlo en la construcci\u00f3n de una c\u00e1mara estenopeica de 35mm y mediante ella realicen fotograf\u00edas que posteriormente ser\u00e1n reveladas.<br \/>\n<\/td><\/tr><tr class='avia-heading-row'><th class=''>Objetivos espec\u00edficos<\/th><\/tr><tr class=''><td class=''>-Conocer el principio de formaci\u00f3n de las im\u00e1genes y su aplicaci\u00f3n en la fotograf\u00eda estenopeica.<br \/>\n-Construir una c\u00e1mara estenopeica de acuerdo a las necesidades de los participantes.<br \/>\n-Realizar im\u00e1genes con las c\u00e1maras estenopeicas construidas en el taller.<br \/>\n-Conocer y experimentar las posibilidades de la fotograf\u00eda estenopeica.<br \/>\n<\/td><\/tr><tr class='avia-heading-row'><th class=''>Temas<\/th><\/tr><tr class=''><td class=''>1. Introducci\u00f3n al principio de formaci\u00f3n de las im\u00e1genes fotogr\u00e1ficas y la c\u00e1mara oscura.<br \/>\n2. La fotograf\u00eda estenopeica.<br \/>\n3. La c\u00e1mara estenopeica.<br \/>\n3.1 Caracter\u00edsticas y funcionamiento de la c\u00e1mara estenopeica.<br \/>\n3.2 La distancia focal.<br \/>\n3.3 El estenopo.<br \/>\n3.4 Tiempos de exposici\u00f3n.<br \/>\n4. Construcci\u00f3n de una c\u00e1mara estenopeica.<br \/>\n5. Uso de la c\u00e1mara estenopeica.<br \/>\n6. Breve introducci\u00f3n al proceso de revelado en el cuarto oscuro y el uso de los reveladores ecol\u00f3gicos del CaSa.<br \/>\n6.1 Revelado de rollos.<br \/>\n<\/td><\/tr><\/tbody><\/table><\/div><style type='text\/css'>.avia-table-3 td:nth-of-type(1):before { content: 'Descripci\u00f3n general'; } <\/style><br \/>\n<div style='padding-bottom:10px;font-size:30px;' class='av-special-heading av-special-heading-h3  blockquote modern-quote   av-inherit-size'><h3 class='av-special-heading-tag'  itemprop=\"headline\"  >Requisitos de inscripci\u00f3n<\/h3><div class='special-heading-border'><div class='special-heading-inner-border' ><\/div><\/div><\/div><br \/>\n<div class='avia-data-table-wrap avia_responsive_table'><table class='avia-table avia-data-table avia-table-4  avia_pricing_default'  itemscope=\"itemscope\" itemtype=\"https:\/\/schema.org\/Table\" ><tbody><tr class=''><td class=''>&#8211; Carta de exposici\u00f3n de motivos<br \/>\n&#8211; Carta compromiso para estar en todas las sesiones, los d\u00edas y horario establecido.<br \/>\n<\/td><\/tr><tr class=''><td class=''>&#8211; Si tienes inter\u00e9s deber\u00e1s llenar el formulario con los datos completos que se encuentra en esta p\u00e1gina.<br \/>\n&#8211; La lista de seleccionados se publicar\u00e1 en esta p\u00e1gina, tambi\u00e9n se les notificar\u00e1 v\u00eda correo electr\u00f3nico con los detalles de la actividad.<br \/>\n&#8211; Actividad gratuita.<br \/>\n&#8211; Los talleristas ser\u00e1n los responsables de realizar la selecci\u00f3n de alumnos bajo sus criterios.<br \/>\n<\/td><\/tr><\/tbody><\/table><\/div><style type='text\/css'><\/style><br \/>\n<div class='avia-data-table-wrap avia_responsive_table'><table class='avia-table avia-data-table avia-table-5  avia_pricing_default'  itemscope=\"itemscope\" itemtype=\"https:\/\/schema.org\/Table\" ><tbody><tr class='avia-heading-row'><th class=''>Material que se le solicitar\u00e1 al alumno(a)<\/th><\/tr><tr class=''><td class=''>-1\/4 de cart\u00f3n ilustraci\u00f3n color negro o caja de cart\u00f3n o caja de celular o lo que tengan al alcance y que sirva para conformar una caja.<br \/>\n-Restos de cart\u00f3n<br \/>\n-Lata de refresco, cerveza o t\u00e9 (vac\u00eda)<br \/>\n-Rollo de 35mm (nuevo)<br \/>\n-Rollo de 35mm (vac\u00edo) con un poco de pel\u00edcula sobresaliente.<br \/>\n-Cinta engomada<br \/>\n-L\u00e1piz<br \/>\n-Regla<br \/>\n-Tijeras y c\u00fater<br \/>\n-Pegamento blanco<br \/>\n-Cinta negra aislante<br \/>\n<\/td><\/tr><\/tbody><\/table><\/div><style type='text\/css'>.avia-table-5 td:nth-of-type(1):before { content: 'Material que se le solicitar\u00e1 al alumno(a)'; } <\/style><br \/>\n<div class='avia-data-table-wrap avia_responsive_table'><table class='avia-table avia-data-table avia-table-6  avia_pricing_default'  itemscope=\"itemscope\" itemtype=\"https:\/\/schema.org\/Table\" ><tbody><tr class='avia-heading-row'><th class=''>Criterios de selecci\u00f3n de alumnos<\/th><\/tr><tr class=''><td class=''>Personas interesadas en la fotograf\u00eda estenopeica. No es necesario tener conocimientos previos.<\/td><\/tr><\/tbody><\/table><\/div><style type='text\/css'>.avia-table-6 td:nth-of-type(1):before { content: 'Criterios de selecci\u00f3n de alumnos'; } <\/style><br \/>\n<div class='avia-data-table-wrap avia_responsive_table'><table class='avia-table avia-data-table avia-table-7  avia_pricing_default'  itemscope=\"itemscope\" itemtype=\"https:\/\/schema.org\/Table\" ><tbody><tr class='avia-heading-row'><th class=''>Nota para los seleccionados<\/th><\/tr><tr class=''><td class=''>&#8211; Clases presenciales en Laboratorio de fotograf\u00eda del CaSa<br \/>\n&#8211; Se dejar\u00e1n ejercicios espec\u00edficos a cada estudiante, es fundamental realizarlos para continuar con la siguiente clase.<br \/>\n&#8211; Tener el compromiso y el tiempo para llevar a cabo el taller, ya que las inasistencias injustificadas ser\u00e1n motivo de suspensi\u00f3n y no podr\u00e1 ingresar a talleres futuros.<br \/>\n&#8211; Durante el taller nos estaremos comunicando por medio de mensajes en un grupo de WhatsApp, por ser una herramienta m\u00e1s r\u00e1pida para poder tener una mejor comunicaci\u00f3n con lo que respecta al taller.<br \/>\n<\/td><\/tr><\/tbody><\/table><\/div><style type='text\/css'>.avia-table-7 td:nth-of-type(1):before { content: 'Nota para los seleccionados'; } <\/style><br \/>\n<div id='av-masonry-1' class='av-masonry noHover av-fixed-size av-large-gap av-hover-overlay-active av-masonry-col-flexible av-caption-always av-caption-style- av-masonry-gallery  '  ><div class='av-masonry-container isotope av-js-disabled ' ><div class='av-masonry-entry isotope-item av-masonry-item-no-image '><\/div><a href=\"https:\/\/casa.oaxaca.gob.mx\/wp-content\/uploads\/2025\/09\/05-2.jpg\" id='av-masonry-1-item-17434' data-av-masonry-item='17434' class='av-masonry-entry isotope-item post-17434 attachment type-attachment status-inherit hentry  av-masonry-item-with-image' title=\"\"  itemprop=\"thumbnailUrl\" ><div class='av-inner-masonry-sizer'><\/div><figure class='av-inner-masonry main_color'><div class=\"av-masonry-outerimage-container\"><div class=\"av-masonry-image-container\" style=\"background-image: url(https:\/\/casa.oaxaca.gob.mx\/wp-content\/uploads\/2025\/09\/05-2-705x418.jpg);\"><img decoding=\"async\" src=\"https:\/\/casa.oaxaca.gob.mx\/wp-content\/uploads\/2025\/09\/05-2-705x418.jpg\" title=\"05 (2)\" alt=\"\" \/><\/div><\/div><\/figure><\/a><!--end av-masonry entry--><a href=\"https:\/\/casa.oaxaca.gob.mx\/wp-content\/uploads\/2025\/09\/IMG_20230217_0034.jpg\" id='av-masonry-1-item-17435' data-av-masonry-item='17435' class='av-masonry-entry isotope-item post-17435 attachment type-attachment status-inherit hentry  av-masonry-item-with-image' title=\"\"  itemprop=\"thumbnailUrl\" ><div class='av-inner-masonry-sizer'><\/div><figure class='av-inner-masonry main_color'><div class=\"av-masonry-outerimage-container\"><div class=\"av-masonry-image-container\" style=\"background-image: url(https:\/\/casa.oaxaca.gob.mx\/wp-content\/uploads\/2025\/09\/IMG_20230217_0034-705x424.jpg);\"><img decoding=\"async\" src=\"https:\/\/casa.oaxaca.gob.mx\/wp-content\/uploads\/2025\/09\/IMG_20230217_0034-705x424.jpg\" title=\"IMG_20230217_0034\" alt=\"\" \/><\/div><\/div><\/figure><\/a><!--end av-masonry entry--><a href=\"https:\/\/casa.oaxaca.gob.mx\/wp-content\/uploads\/2025\/09\/IMG_20250125_181207-1030x1030.jpg\" id='av-masonry-1-item-17436' data-av-masonry-item='17436' class='av-masonry-entry isotope-item post-17436 attachment type-attachment status-inherit hentry  av-masonry-item-with-image' title=\"\"  itemprop=\"thumbnailUrl\" ><div class='av-inner-masonry-sizer'><\/div><figure class='av-inner-masonry main_color'><div class=\"av-masonry-outerimage-container\"><div class=\"av-masonry-image-container\" style=\"background-image: url(https:\/\/casa.oaxaca.gob.mx\/wp-content\/uploads\/2025\/09\/IMG_20250125_181207-705x705.jpg);\"><img decoding=\"async\" src=\"https:\/\/casa.oaxaca.gob.mx\/wp-content\/uploads\/2025\/09\/IMG_20250125_181207-705x705.jpg\" title=\"IMG_20250125_181207\" alt=\"\" \/><\/div><\/div><\/figure><\/a><!--end av-masonry entry--><a href=\"https:\/\/casa.oaxaca.gob.mx\/wp-content\/uploads\/2025\/09\/SVentura07-1030x1030.jpg\" id='av-masonry-1-item-17437' data-av-masonry-item='17437' class='av-masonry-entry isotope-item post-17437 attachment type-attachment status-inherit hentry  av-masonry-item-with-image' title=\"Actualmente el trabajo y las formas de vida propias del campo han dejado de ser una actividad com\u00fan entre habitantes de mi comunidad, y se puede atribuir a la poca producci\u00f3n de la tierra a causa del cambio clim\u00e1tico, la falta de lluvias y el desinter\u00e9s generacional. Seg\u00fan el Instituto Nacional de Estad\u00edstica y Geograf\u00eda (INEGI), en el Estado de Oaxaca el 66% de los agricultores tienen m\u00e1s de 45 a\u00f1os, y solo el 32% de los j\u00f3venes participan en estas actividades. Mientras tanto, el 92.9% son terrenos de temporal, raz\u00f3n por la cual, la falta de lluvias ha reducido el rendimiento de cultivos clave como ma\u00edz y frijol. Metaf\u00f3ricamente lo comprendo como un desprendimiento o alejamiento de la tierra. A partir de estas ideas y realidades me cuestiono, \u00bfEstas pr\u00e1cticas est\u00e1n condenadas a desaparecer? \u00bfQu\u00e9 nos depara el futuro si olvidamos el pasado? \u00bfCu\u00e1l es mi relaci\u00f3n con la tierra y con la memoria?, \u00bfEs posible reconstruir la memoria rural a trav\u00e9s del olvid\u00f3? Como respuesta provisional, comenc\u00e9 a indagar, ejercer y documentar procesos que me proporcionen una convivencia m\u00e1s amena con el lugar que habito.\rCONSIDERACIONES SOBRE LA TIERRA es un proyecto que parte de la exploraci\u00f3n visual del pasado rural de mi pueblo, a trav\u00e9s de los vestigios, objetos, recuerdos y espacios que quedan de lo que fue, y lo que considero que est\u00e1 en proceso de ser olvidado. Son im\u00e1genes que flotan entre la memoria y el olvido, im\u00e1genes que tienen una fuerte relaci\u00f3n con la tierra, y a su vez, me proporcionan un sentido de pertenencia e identidad. Pretendo indagar en los procesos y actividades rurales que est\u00e1n relacionadas con la tierra y la agricultura, porque es un tema que atraviesa mi memoria y dialoga con mi historia familiar, donde la tradici\u00f3n de trabajar el campo se degrad\u00f3 cuando mi abuelo abandon\u00f3 el oficio de campesino para dedicarse a otra actividad econ\u00f3mica. Me interesa recuperar los saberes del campo, las historias, recuerdos y pr\u00e1cticas de\"  itemprop=\"thumbnailUrl\" ><div class='av-inner-masonry-sizer'><\/div><figure class='av-inner-masonry main_color'><div class=\"av-masonry-outerimage-container\"><div class=\"av-masonry-image-container\" style=\"background-image: url(https:\/\/casa.oaxaca.gob.mx\/wp-content\/uploads\/2025\/09\/SVentura07-705x705.jpg);\"><img decoding=\"async\" src=\"https:\/\/casa.oaxaca.gob.mx\/wp-content\/uploads\/2025\/09\/SVentura07-705x705.jpg\" title=\"SVentura07\" alt=\"\" \/><\/div><\/div><\/figure><\/a><!--end av-masonry entry--><a href=\"https:\/\/casa.oaxaca.gob.mx\/wp-content\/uploads\/2025\/09\/SVentura09-824x1030.jpg\" id='av-masonry-1-item-17438' data-av-masonry-item='17438' class='av-masonry-entry isotope-item post-17438 attachment type-attachment status-inherit hentry  av-masonry-item-with-image' title=\"\"  itemprop=\"thumbnailUrl\" ><div class='av-inner-masonry-sizer'><\/div><figure class='av-inner-masonry main_color'><div class=\"av-masonry-outerimage-container\"><div class=\"av-masonry-image-container\" style=\"background-image: url(https:\/\/casa.oaxaca.gob.mx\/wp-content\/uploads\/2025\/09\/SVentura09-564x705.jpg);\"><img decoding=\"async\" src=\"https:\/\/casa.oaxaca.gob.mx\/wp-content\/uploads\/2025\/09\/SVentura09-564x705.jpg\" title=\"SVentura09\" alt=\"\" \/><\/div><\/div><\/figure><\/a><!--end av-masonry entry--><\/div><div class='av-masonry-pagination av-masonry-pagination-pagination'><nav class='pagination'><span class='pagination-meta'>Page 1 of 2<\/span><span class='current'>1<\/span><a href='https:\/\/casa.oaxaca.gob.mx\/index.php?rest_route=%2Fwp%2Fv2%2Fposts%2F17432&#038;paged=2' class='inactive' >2<\/a><\/nav>\n<\/div><\/div><\/p><\/div>\n","protected":false},"excerpt":{"rendered":"","protected":false},"author":1,"featured_media":17498,"comment_status":"open","ping_status":"open","sticky":false,"template":"","format":"standard","meta":{"_exactmetrics_skip_tracking":false,"_exactmetrics_sitenote_active":false,"_exactmetrics_sitenote_note":"","_exactmetrics_sitenote_category":0,"footnotes":""},"categories":[204],"tags":[],"class_list":["post-17432","post","type-post","status-publish","format-standard","has-post-thumbnail","hentry","category-204"],"_links":{"self":[{"href":"https:\/\/casa.oaxaca.gob.mx\/index.php?rest_route=\/wp\/v2\/posts\/17432","targetHints":{"allow":["GET"]}}],"collection":[{"href":"https:\/\/casa.oaxaca.gob.mx\/index.php?rest_route=\/wp\/v2\/posts"}],"about":[{"href":"https:\/\/casa.oaxaca.gob.mx\/index.php?rest_route=\/wp\/v2\/types\/post"}],"author":[{"embeddable":true,"href":"https:\/\/casa.oaxaca.gob.mx\/index.php?rest_route=\/wp\/v2\/users\/1"}],"replies":[{"embeddable":true,"href":"https:\/\/casa.oaxaca.gob.mx\/index.php?rest_route=%2Fwp%2Fv2%2Fcomments&post=17432"}],"version-history":[{"count":5,"href":"https:\/\/casa.oaxaca.gob.mx\/index.php?rest_route=\/wp\/v2\/posts\/17432\/revisions"}],"predecessor-version":[{"id":17809,"href":"https:\/\/casa.oaxaca.gob.mx\/index.php?rest_route=\/wp\/v2\/posts\/17432\/revisions\/17809"}],"wp:featuredmedia":[{"embeddable":true,"href":"https:\/\/casa.oaxaca.gob.mx\/index.php?rest_route=\/wp\/v2\/media\/17498"}],"wp:attachment":[{"href":"https:\/\/casa.oaxaca.gob.mx\/index.php?rest_route=%2Fwp%2Fv2%2Fmedia&parent=17432"}],"wp:term":[{"taxonomy":"category","embeddable":true,"href":"https:\/\/casa.oaxaca.gob.mx\/index.php?rest_route=%2Fwp%2Fv2%2Fcategories&post=17432"},{"taxonomy":"post_tag","embeddable":true,"href":"https:\/\/casa.oaxaca.gob.mx\/index.php?rest_route=%2Fwp%2Fv2%2Ftags&post=17432"}],"curies":[{"name":"wp","href":"https:\/\/api.w.org\/{rel}","templated":true}]}}