{"id":17472,"date":"2025-09-10T16:42:19","date_gmt":"2025-09-10T22:42:19","guid":{"rendered":"https:\/\/casa.oaxaca.gob.mx\/?p=17472"},"modified":"2026-01-22T13:47:43","modified_gmt":"2026-01-22T19:47:43","slug":"taller-presencial-el-lenguaje-de-mi-movimiento-ecosistemas-taller-de-lod-para-personas-con-movilidad-reducida-imparte-jessica-daniela-garcia-tovilla","status":"publish","type":"post","link":"https:\/\/casa.oaxaca.gob.mx\/?p=17472","title":{"rendered":"Taller presencial. El lenguaje de mi movimiento \u2013 Ecosistemas: Taller de LOD para personas con movilidad reducida. Imparte: Jessica Daniela Garc\u00eda Tovilla."},"content":{"rendered":"<\/div><\/div><\/div><!-- close content main div --><\/div><\/div><div id='av_section_1' class='avia-section main_color avia-section-no-padding avia-no-border-styling avia-full-stretch av-parallax-section avia-bg-style-parallax  av-minimum-height av-minimum-height-75 container_wrap fullsize' style = 'background-color: #000000; ' data-section-bg-repeat='stretch' ><div class='av-parallax' data-avia-parallax-ratio='0.3' ><div class='av-parallax-inner main_color  avia-full-stretch' style = 'background-color: #000000; background-repeat: no-repeat; background-image: url(https:\/\/casa.oaxaca.gob.mx\/wp-content\/uploads\/2025\/09\/El_Lenguaje_De_Mi_Movimiento_Ecosistemas_Taller_de_LOD_para_personas-2-scaled.jpg); background-attachment: scroll; background-position: bottom center; ' ><\/div><\/div><div class='container' ><div class='template-page content  av-content-full alpha units'><div class='post-entry post-entry-type-page post-entry-17472'><div class='entry-content-wrapper clearfix'>\n<div style='padding-bottom:10px;color:#000000;font-size:50px;' class='av-special-heading av-special-heading-h3 custom-color-heading blockquote modern-quote  av-inherit-size'><h3 class='av-special-heading-tag'  itemprop=\"headline\"  >Taller presencial. El lenguaje de mi movimiento \u2013 Ecosistemas: Taller de LOD para personas con movilidad reducida.<\/h3><div class ='av-subheading av-subheading_below av_custom_color' style='font-size:25px;'><p>Imparte: Jessica Daniela Garc\u00eda Tovilla<\/p>\n<p>Sede: Oficinas del DIF Municpal Oaxaca de Ju\u00e1rez, calle Esteban Baca Calderon 303, Infonavit 1\u00ba de mayo, Oaxaca de Ju\u00e1rez.<\/p>\n<\/div><div class='special-heading-border'><div class='special-heading-inner-border' style='border-color:#000000'><\/div><\/div><\/div>\n<\/div><\/div><\/div><!-- close content main div --><\/div><\/div><div id='av-layout-grid-1' class='av-layout-grid-container entry-content-wrapper main_color av-flex-cells  container_wrap fullsize'   >\n<div class=\"flex_cell no_margin av_one_full   \" style='vertical-align:top; padding:30px; background-color:#ED9600; '><div class='flex_cell_inner' ><p><div class=\"flex_column av_one_fourth  flex_column_div av-zero-column-padding first  \" style='border-radius:0px; '><div style='padding-bottom:10px;color:#ffffff;' class='av-special-heading av-special-heading-h3 custom-color-heading blockquote modern-quote '><h3 class='av-special-heading-tag'  itemprop=\"headline\"  >Cierre de inscripciones<\/h3><div class ='av-subheading av-subheading_below av_custom_color' style='font-size:20px;'><p>Domingo 5 de octubre de 2025<\/p>\n<p>Publicaci\u00f3n de resultados<br \/>\nMi\u00e9rcoles 8 de octubre de 2025<\/p>\n<\/div><div class='special-heading-border'><div class='special-heading-inner-border' style='border-color:#ffffff'><\/div><\/div><\/div><\/div><div class=\"flex_column av_one_fourth  flex_column_div av-zero-column-padding   \" style='border-radius:0px; '><div style='padding-bottom:10px;color:#ffffff;' class='av-special-heading av-special-heading-h3 custom-color-heading blockquote modern-quote '><h3 class='av-special-heading-tag'  itemprop=\"headline\"  >Fechas<\/h3><div class ='av-subheading av-subheading_below av_custom_color' style='font-size:20px;'><p>Lunes a viernes<br \/>\nDel 13 al 17 de octubre de 2025<\/p>\n<\/div><div class='special-heading-border'><div class='special-heading-inner-border' style='border-color:#ffffff'><\/div><\/div><\/div><\/div><div class=\"flex_column av_one_fourth  flex_column_div av-zero-column-padding   \" style='border-radius:0px; '><div style='padding-bottom:10px;color:#ffffff;' class='av-special-heading av-special-heading-h3 custom-color-heading blockquote modern-quote '><h3 class='av-special-heading-tag'  itemprop=\"headline\"  >Horario<\/h3><div class ='av-subheading av-subheading_below av_custom_color' style='font-size:20px;'><p>10 a 14 h<\/p>\n<\/div><div class='special-heading-border'><div class='special-heading-inner-border' style='border-color:#ffffff'><\/div><\/div><\/div><\/div><div class=\"flex_column av_one_fourth  flex_column_div av-zero-column-padding   \" style='border-radius:0px; '><section class=\"avia_codeblock_section avia_code_block_0\"  itemscope=\"itemscope\" itemtype=\"https:\/\/schema.org\/BlogPosting\" itemprop=\"blogPost\" ><div class='avia_codeblock '  itemprop=\"text\" > [avia_codeblock_placeholder uid=\"0\"] <\/div><\/section><\/div><\/p>\n<\/div><\/div>\n<\/div><\/p>\n<div class=\"flex_column av_two_fifth  flex_column_div av-zero-column-padding first  \" style='border-radius:0px; '><p><div class='av-social-sharing-box '><div class='av-share-box'><h5 class='av-share-link-description'>Compartir esta actividad<\/h5><ul class='av-share-box-list noLightbox'><li class='av-share-link av-social-link-facebook' ><a target='_blank' href='http:\/\/www.facebook.com\/sharer.php?u=https:\/\/casa.oaxaca.gob.mx\/?p=17472&amp;t=Taller%20presencial.%20El%20lenguaje%20de%20mi%20movimiento%20%E2%80%93%20Ecosistemas%3A%20Taller%20de%20LOD%20para%20personas%20con%20movilidad%20reducida.%20Imparte%3A%20Jessica%20Daniela%20Garc%C3%ADa%20Tovilla.' aria-hidden='true' data-av_icon='\ue8f3' data-av_iconfont='entypo-fontello' title='' data-avia-related-tooltip='Share on Facebook'><span class='avia_hidden_link_text'>Share on Facebook<\/span><\/a><\/li><li class='av-share-link av-social-link-twitter' ><a target='_blank' href='https:\/\/twitter.com\/share?text=Taller%20presencial.%20El%20lenguaje%20de%20mi%20movimiento%20%E2%80%93%20Ecosistemas%3A%20Taller%20de%20LOD%20para%20personas%20con%20movilidad%20reducida.%20Imparte%3A%20Jessica%20Daniela%20Garc%C3%ADa%20Tovilla.&url=https:\/\/casa.oaxaca.gob.mx\/?p=17472' aria-hidden='true' data-av_icon='\ue8f1' data-av_iconfont='entypo-fontello' title='' data-avia-related-tooltip='Share on Twitter'><span class='avia_hidden_link_text'>Share on Twitter<\/span><\/a><\/li><li class='av-share-link av-social-link-gplus' ><a target='_blank' href='https:\/\/plus.google.com\/share?url=https:\/\/casa.oaxaca.gob.mx\/?p=17472' aria-hidden='true' data-av_icon='\ue8f6' data-av_iconfont='entypo-fontello' title='' data-avia-related-tooltip='Share on Google+'><span class='avia_hidden_link_text'>Share on Google+<\/span><\/a><\/li><li class='av-share-link av-social-link-pinterest' ><a target='_blank' href='http:\/\/pinterest.com\/pin\/create\/button\/?url=https%3A%2F%2Fcasa.oaxaca.gob.mx%2F%3Fp%3D17472&amp;description=Taller%20presencial.%20El%20lenguaje%20de%20mi%20movimiento%20%E2%80%93%20Ecosistemas%3A%20Taller%20de%20LOD%20para%20personas%20con%20movilidad%20reducida.%20Imparte%3A%20Jessica%20Daniela%20Garc%C3%ADa%20Tovilla.&amp;media=https%3A%2F%2Fcasa.oaxaca.gob.mx%2Fwp-content%2Fuploads%2F2025%2F09%2FEl_Lenguaje_De_Mi_Movimiento_Ecosistemas_Taller_de_LOD_para_personas-1-705x484.jpg' aria-hidden='true' data-av_icon='\ue8f8' data-av_iconfont='entypo-fontello' title='' data-avia-related-tooltip='Share on Pinterest'><span class='avia_hidden_link_text'>Share on Pinterest<\/span><\/a><\/li><li class='av-share-link av-social-link-mail' ><a  href='mailto:?subject=Taller%20presencial.%20El%20lenguaje%20de%20mi%20movimiento%20%E2%80%93%20Ecosistemas%3A%20Taller%20de%20LOD%20para%20personas%20con%20movilidad%20reducida.%20Imparte%3A%20Jessica%20Daniela%20Garc%C3%ADa%20Tovilla.&amp;body=https:\/\/casa.oaxaca.gob.mx\/?p=17472' aria-hidden='true' data-av_icon='\ue805' data-av_iconfont='entypo-fontello' title='' data-avia-related-tooltip='Share by Mail'><span class='avia_hidden_link_text'>Share by Mail<\/span><\/a><\/li><\/ul><\/div><\/div><br \/>\n<div  class='hr hr-default '><span class='hr-inner ' ><span class='hr-inner-style'><\/span><\/span><\/div><br \/>\n<div style='padding-bottom:10px;font-size:30px;' class='av-special-heading av-special-heading-h3  blockquote modern-quote  av-inherit-size'><h3 class='av-special-heading-tag'  itemprop=\"headline\"  >Sobre la tallerista<\/h3><div class='special-heading-border'><div class='special-heading-inner-border' ><\/div><\/div><\/div><br \/>\n<div class='avia-data-table-wrap avia_responsive_table'><table class='avia-table avia-data-table avia-table-1  avia_pricing_default'  itemscope=\"itemscope\" itemtype=\"https:\/\/schema.org\/Table\" ><tbody><tr class='avia-heading-row'><th class=''>Jessica Daniela Garc\u00eda Tovilla*<\/th><\/tr><tr class=''><td class=''>Jessica Daniela Garc\u00eda Tovilla es bailarina, docente y creadora con formaci\u00f3n en danza folcl\u00f3rica, artes visuales y educaci\u00f3n art\u00edstica. Estudi\u00f3 el Bachillerato en Arte y Humanidades con especializaci\u00f3n en danza en el CEDART Frida Kahlo (INBAL) y actualmente cursa la Licenciatura en Danza Folkl\u00f3rica en la Escuela Nacional de Danza Folkl\u00f3rica del INBAL, donde tambi\u00e9n ha fortalecido su inter\u00e9s en la pedagog\u00eda a trav\u00e9s de la optativa en Educaci\u00f3n.<br \/>\nHa participado en m\u00faltiples pr\u00e1cticas esc\u00e9nicas en el Teatro de la Danza Guillermina Bravo y en festivales del INBAL, entre ellos el Festival de Danzas Marcelo Torreblanca (2022, 2023 y 2025) con repertorios tradicionales como Charros y Virginias de Chimalhuac\u00e1n, Danza de Sonajeros de Tuxpan y Danza de B\u00e1rbaros de Silao. Su experiencia esc\u00e9nica se complementa con colaboraciones en compa\u00f1\u00edas como \u201cAntal\u201d (2023) y \u201cCarmen de Am\u00f3r\u201d de Axel Casta\u00f1eda (2024 \u2013 actualidad), adem\u00e1s de presentaciones en ceremonias, inauguraciones culturales y eventos conmemorativos.<br \/>\nEn el \u00e1mbito docente, ha impartido clases de danza cl\u00e1sica, jazz y som\u00e1tica en instituciones como la Casa de Cultura del Periodista, la Casa de Cultura Ni\u00f1os H\u00e9roes, la compa\u00f1\u00eda teatral \u201cArlequ\u00edn\u201d y la Escuela Activa Mar\u00eda Montessori. Tambi\u00e9n ha desarrollado coreograf\u00edas para eventos privados y talleres de formaci\u00f3n art\u00edstica.<br \/>\nSu inter\u00e9s interdisciplinario la ha llevado a participar en proyectos de artes visuales con exposiciones en la Galer\u00eda Pl\u00e1stica INBAL y el Teatro Rodolfo Usigli, as\u00ed como en talleres de acuarela. Asimismo, ha colaborado como staff en producci\u00f3n, iluminaci\u00f3n y difusi\u00f3n en puestas en escena y festivales de danza, enriqueciendo su visi\u00f3n integral de las artes esc\u00e9nicas.<br \/>\nActualmente, contin\u00faa form\u00e1ndose en notaci\u00f3n Laban y en gesti\u00f3n cultural a trav\u00e9s del curso \u201cABC para la creaci\u00f3n de proyectos culturales\u201d (CENART, 2025). Su trabajo busca entrelazar la danza, la educaci\u00f3n y las artes visuales, promoviendo la preservaci\u00f3n y proyecci\u00f3n de la cultura mexicana desde una perspectiva contempor\u00e1nea y pedag\u00f3gica.<br \/>\n<\/td><\/tr><tr class=''><td class=''>*Beneficiaria de la convocatoria Docencia de las Artes. Residencia Art\u00edstica Para la Red de Centros<\/td><\/tr><\/tbody><\/table><\/div><style type='text\/css'>.avia-table-1 td:nth-of-type(1):before { content: 'Jessica Daniela Garc\u00eda Tovilla*'; } <\/style><\/p><\/div>\n<div class=\"flex_column av_three_fifth  flex_column_div av-zero-column-padding   \" style='border-radius:0px; '><p><div style='padding-bottom:10px;font-size:30px;' class='av-special-heading av-special-heading-h3  blockquote modern-quote   av-inherit-size'><h3 class='av-special-heading-tag'  itemprop=\"headline\"  >Acerca del taller<\/h3><div class='special-heading-border'><div class='special-heading-inner-border' ><\/div><\/div><\/div><br \/>\n<div class='avia-data-table-wrap avia_responsive_table'><table class='avia-table avia-data-table avia-table-2  avia_pricing_default'  itemscope=\"itemscope\" itemtype=\"https:\/\/schema.org\/Table\" ><tbody><tr class=''><td class=''>Dirigido a -personas con movilidad reducida interesadas en explorar el movimiento y la danza, y acompa\u00f1antes o auxiliares con disposici\u00f3n para participar activamente<\/td><\/tr><tr class=''><td class=''>Taller inclusivo de danza y movimiento basado en LOD, dirigido a personas con movilidad reducida y sus acompa\u00f1antes.<\/td><\/tr><tr class=''><td class=''>Sede: Oficinas del DIF Municipal Oaxaca de Ju\u00e1rez, calle Esteban Baca Calderon 303, Infonavit 1\u00ba de mayo, Oaxaca de Ju\u00e1rez.<\/p>\n<p>https:\/\/maps.app.goo.gl\/ayPRgvc9P1dEMSWb9?g_st=ipc<\/td><\/tr><\/tbody><\/table><\/div><style type='text\/css'><\/style><br \/>\n<div class='avia-data-table-wrap avia_responsive_table'><table class='avia-table avia-data-table avia-table-3  avia_pricing_default'  itemscope=\"itemscope\" itemtype=\"https:\/\/schema.org\/Table\" ><tbody><tr class='avia-heading-row'><th class=''>Descripci\u00f3n general<\/th><\/tr><tr class=''><td class=''>Este taller propone un espacio art\u00edstico, inclusivo y ecol\u00f3gico de exploraci\u00f3n del movimiento y la danza para personas con movilidad reducida y sus acompa\u00f1antes. A trav\u00e9s del Lenguaje del Movimiento (LOD), los participantes descubrir\u00e1n nuevas formas de expresi\u00f3n corporal inspiradas en los ritmos y din\u00e1micas de la naturaleza. El proyecto fomenta la conciencia sensorial, la creatividad y la colaboraci\u00f3n, reconociendo la diversidad motriz como fuente leg\u00edtima de conocimiento y creaci\u00f3n. Durante diez sesiones, se trabajar\u00e1 con improvisaci\u00f3n, escritura de movimiento, reflexi\u00f3n y creaci\u00f3n colectiva, concluyendo con una clase abierta performativa donde se compartir\u00e1n danzas individuales y un ecosistema colectivo.<br \/>\n<\/td><\/tr><tr class='avia-heading-row'><th class=''>Objetivo general<\/th><\/tr><tr class=''><td class=''>General: Desarrollar procesos de exploraci\u00f3n, creaci\u00f3n y reflexi\u00f3n del movimiento en personas con movilidad reducida mediante el Lenguaje del Movimiento (LOD), en un espacio inclusivo y ecol\u00f3gico que valore la diversidad motriz como forma leg\u00edtima de expresi\u00f3n y conocimiento.<br \/>\n<\/td><\/tr><tr class='avia-heading-row'><th class=''>Objetivos espec\u00edficos<\/th><\/tr><tr class=''><td class=''>&#8211; Explorar conceptos espaciales y de movimiento inspirados en los patrones org\u00e1nicos de la naturaleza.<br \/>\n&#8211; Conocer, comprender y aplicar el LOD desde una perspectiva inclusiva, integrando corporalidad, entorno natural y singularidad del movimiento.<br \/>\n&#8211; Construir secuencias de movimiento individuales y colectivas, desarrollando peque\u00f1as danzas personales y un ecosistema compartido.<br \/>\n<\/td><\/tr><tr class='avia-heading-row'><th class=''>Temas<\/th><\/tr><tr class=''><td class=''>1. Exploraci\u00f3n y conciencia corporal adaptada.<br \/>\n2. Movimientos de la naturaleza.<br \/>\n3. Exploraci\u00f3n espacial y desplazamientos.<br \/>\n4. Tiempo y ritmo.<br \/>\n5. Improvisaci\u00f3n individual y colectiva.<br \/>\n6. Interpretaci\u00f3n y construcci\u00f3n de partituras de movimiento.<br \/>\n7. Escritura y lectura del alfabeto LOD.<br \/>\n8. Espacios de reflexi\u00f3n y an\u00e1lisis.<br \/>\n<\/td><\/tr><\/tbody><\/table><\/div><style type='text\/css'>.avia-table-3 td:nth-of-type(1):before { content: 'Descripci\u00f3n general'; } <\/style><br \/>\n<div style='padding-bottom:10px;font-size:30px;' class='av-special-heading av-special-heading-h3  blockquote modern-quote   av-inherit-size'><h3 class='av-special-heading-tag'  itemprop=\"headline\"  >Requisitos de inscripci\u00f3n<\/h3><div class='special-heading-border'><div class='special-heading-inner-border' ><\/div><\/div><\/div><br \/>\n<div class='avia-data-table-wrap avia_responsive_table'><table class='avia-table avia-data-table avia-table-4  avia_pricing_default'  itemscope=\"itemscope\" itemtype=\"https:\/\/schema.org\/Table\" ><tbody><tr class=''><td class=''>&#8211; Personas con movilidad reducida interesadas en explorar el movimiento y la danza.<br \/>\n&#8211; Acompa\u00f1antes o auxiliares con disposici\u00f3n para participar activamente.<\/td><\/tr><tr class=''><td class=''>&#8211; Si tienes inter\u00e9s deber\u00e1s llenar el formulario con los datos completos que se encuentra en esta p\u00e1gina.<br \/>\n&#8211; La lista de seleccionados se publicar\u00e1 en esta p\u00e1gina, tambi\u00e9n se les notificar\u00e1 v\u00eda correo electr\u00f3nico con los detalles de la actividad.<br \/>\n&#8211; Actividad gratuita.<br \/>\n&#8211; Los talleristas ser\u00e1n los responsables de realizar la selecci\u00f3n de alumnos bajo sus criterios.<br \/>\n<\/td><\/tr><\/tbody><\/table><\/div><style type='text\/css'><\/style><br \/>\n<div class='avia-data-table-wrap avia_responsive_table'><table class='avia-table avia-data-table avia-table-5  avia_pricing_default'  itemscope=\"itemscope\" itemtype=\"https:\/\/schema.org\/Table\" ><tbody><tr class='avia-heading-row'><th class=''>Material que se le solicitar\u00e1 al alumno(a)<\/th><\/tr><tr class=''><td class=''>&#8211; Hojas blancas, plumones, gises o l\u00e1pices.<br \/>\n&#8211; Elemento personal (vestimenta, objeto o accesorio) para la presentaci\u00f3n final.<br \/>\n<\/td><\/tr><\/tbody><\/table><\/div><style type='text\/css'>.avia-table-5 td:nth-of-type(1):before { content: 'Material que se le solicitar\u00e1 al alumno(a)'; } <\/style><br \/>\n<div class='avia-data-table-wrap avia_responsive_table'><table class='avia-table avia-data-table avia-table-6  avia_pricing_default'  itemscope=\"itemscope\" itemtype=\"https:\/\/schema.org\/Table\" ><tbody><tr class='avia-heading-row'><th class=''>Criterios de selecci\u00f3n de alumnos<\/th><\/tr><tr class=''><td class=''>&#8211; Personas con movilidad reducida interesadas en explorar el movimiento y la danza.<br \/>\n&#8211; Acompa\u00f1antes o auxiliares con disposici\u00f3n para participar activamente.<br \/>\n&#8211; Cupo limitado a 16 personas.<br \/>\n<\/td><\/tr><\/tbody><\/table><\/div><style type='text\/css'>.avia-table-6 td:nth-of-type(1):before { content: 'Criterios de selecci\u00f3n de alumnos'; } <\/style><br \/>\n<div class='avia-data-table-wrap avia_responsive_table'><table class='avia-table avia-data-table avia-table-7  avia_pricing_default'  itemscope=\"itemscope\" itemtype=\"https:\/\/schema.org\/Table\" ><tbody><tr class='avia-heading-row'><th class=''>Nota para los seleccionados<\/th><\/tr><tr class=''><td class=''> &#8211; Clases presenciales en el CaSa<br \/>\n&#8211; Se dejar\u00e1n ejercicios espec\u00edficos a cada estudiante, es fundamental realizarlos para continuar con la siguiente clase.<br \/>\n&#8211; Tener el compromiso y el tiempo para llevar a cabo el taller, ya que las inasistencias injustificadas ser\u00e1n motivo de suspensi\u00f3n y no podr\u00e1 ingresar a talleres futuros.<br \/>\n&#8211; Durante el taller nos estaremos comunicando por medio de mensajes en un grupo de WhatsApp, por ser una herramienta m\u00e1s r\u00e1pida para poder tener una mejor comunicaci\u00f3n con lo que respecta al taller.<br \/>\n<\/td><\/tr><\/tbody><\/table><\/div><style type='text\/css'>.avia-table-7 td:nth-of-type(1):before { content: 'Nota para los seleccionados'; } <\/style><\/p><\/div>\n","protected":false},"excerpt":{"rendered":"","protected":false},"author":1,"featured_media":17479,"comment_status":"open","ping_status":"open","sticky":false,"template":"","format":"standard","meta":{"_exactmetrics_skip_tracking":false,"_exactmetrics_sitenote_active":false,"_exactmetrics_sitenote_note":"","_exactmetrics_sitenote_category":0,"footnotes":""},"categories":[204],"tags":[],"class_list":["post-17472","post","type-post","status-publish","format-standard","has-post-thumbnail","hentry","category-204"],"_links":{"self":[{"href":"https:\/\/casa.oaxaca.gob.mx\/index.php?rest_route=\/wp\/v2\/posts\/17472","targetHints":{"allow":["GET"]}}],"collection":[{"href":"https:\/\/casa.oaxaca.gob.mx\/index.php?rest_route=\/wp\/v2\/posts"}],"about":[{"href":"https:\/\/casa.oaxaca.gob.mx\/index.php?rest_route=\/wp\/v2\/types\/post"}],"author":[{"embeddable":true,"href":"https:\/\/casa.oaxaca.gob.mx\/index.php?rest_route=\/wp\/v2\/users\/1"}],"replies":[{"embeddable":true,"href":"https:\/\/casa.oaxaca.gob.mx\/index.php?rest_route=%2Fwp%2Fv2%2Fcomments&post=17472"}],"version-history":[{"count":5,"href":"https:\/\/casa.oaxaca.gob.mx\/index.php?rest_route=\/wp\/v2\/posts\/17472\/revisions"}],"predecessor-version":[{"id":18038,"href":"https:\/\/casa.oaxaca.gob.mx\/index.php?rest_route=\/wp\/v2\/posts\/17472\/revisions\/18038"}],"wp:featuredmedia":[{"embeddable":true,"href":"https:\/\/casa.oaxaca.gob.mx\/index.php?rest_route=\/wp\/v2\/media\/17479"}],"wp:attachment":[{"href":"https:\/\/casa.oaxaca.gob.mx\/index.php?rest_route=%2Fwp%2Fv2%2Fmedia&parent=17472"}],"wp:term":[{"taxonomy":"category","embeddable":true,"href":"https:\/\/casa.oaxaca.gob.mx\/index.php?rest_route=%2Fwp%2Fv2%2Fcategories&post=17472"},{"taxonomy":"post_tag","embeddable":true,"href":"https:\/\/casa.oaxaca.gob.mx\/index.php?rest_route=%2Fwp%2Fv2%2Ftags&post=17472"}],"curies":[{"name":"wp","href":"https:\/\/api.w.org\/{rel}","templated":true}]}}