{"id":17475,"date":"2025-09-10T16:50:57","date_gmt":"2025-09-10T22:50:57","guid":{"rendered":"https:\/\/casa.oaxaca.gob.mx\/?p=17475"},"modified":"2026-01-22T13:48:58","modified_gmt":"2026-01-22T19:48:58","slug":"taller-presencial-mi-lugar-en-el-mundo-imparte-carolina-lucero","status":"publish","type":"post","link":"https:\/\/casa.oaxaca.gob.mx\/?p=17475","title":{"rendered":"Taller presencial.  Mi lugar en el mundo. Imparte: Carolina Lucero."},"content":{"rendered":"<\/div><\/div><\/div><!-- close content main div --><\/div><\/div><div id='av_section_1' class='avia-section main_color avia-section-no-padding avia-no-border-styling avia-full-stretch av-parallax-section avia-bg-style-parallax  av-minimum-height av-minimum-height-75 container_wrap fullsize' style = 'background-color: #000000; ' data-section-bg-repeat='stretch' ><div class='av-parallax' data-avia-parallax-ratio='0.3' ><div class='av-parallax-inner main_color  avia-full-stretch' style = 'background-color: #000000; background-repeat: no-repeat; background-image: url(https:\/\/casa.oaxaca.gob.mx\/wp-content\/uploads\/2025\/09\/Mi-lugar-en-el-mundo_portada-scaled.jpg); background-attachment: scroll; background-position: bottom center; ' ><\/div><\/div><div class='container' ><div class='template-page content  av-content-full alpha units'><div class='post-entry post-entry-type-page post-entry-17475'><div class='entry-content-wrapper clearfix'>\n<div style='padding-bottom:10px;color:#000000;font-size:50px;' class='av-special-heading av-special-heading-h3 custom-color-heading blockquote modern-quote  av-inherit-size'><h3 class='av-special-heading-tag'  itemprop=\"headline\"  >Taller presencial. Mi lugar en el mundo.<\/h3><div class ='av-subheading av-subheading_below av_custom_color' style='font-size:25px;'><p>Imparte: Carolina Lucero.<\/p>\n<\/div><div class='special-heading-border'><div class='special-heading-inner-border' style='border-color:#000000'><\/div><\/div><\/div>\n<\/div><\/div><\/div><!-- close content main div --><\/div><\/div><div id='av-layout-grid-1' class='av-layout-grid-container entry-content-wrapper main_color av-flex-cells  container_wrap fullsize'   >\n<div class=\"flex_cell no_margin av_one_full   \" style='vertical-align:top; padding:30px; background-color:#ED9600; '><div class='flex_cell_inner' ><p><div class=\"flex_column av_one_fourth  flex_column_div av-zero-column-padding first  \" style='border-radius:0px; '><div style='padding-bottom:10px;color:#ffffff;' class='av-special-heading av-special-heading-h3 custom-color-heading blockquote modern-quote  '><h3 class='av-special-heading-tag'  itemprop=\"headline\"  >Cierre de inscripciones<\/h3><div class ='av-subheading av-subheading_below av_custom_color' style='font-size:20px;'><p>Domingo 5 de octubre de 2025<\/p>\n<p>Publicaci\u00f3n de resultados<br \/>\nMi\u00e9rcoles 8 de octubre de 2025<\/p>\n<\/div><div class='special-heading-border'><div class='special-heading-inner-border' style='border-color:#ffffff'><\/div><\/div><\/div><\/div><div class=\"flex_column av_one_fourth  flex_column_div av-zero-column-padding   \" style='border-radius:0px; '><div style='padding-bottom:10px;color:#ffffff;' class='av-special-heading av-special-heading-h3 custom-color-heading blockquote modern-quote  '><h3 class='av-special-heading-tag'  itemprop=\"headline\"  >Fechas<\/h3><div class ='av-subheading av-subheading_below av_custom_color' style='font-size:20px;'><p>Lunes a viernes<br \/>\nDel 13 al 17 de octubre de 2025<\/p>\n<\/div><div class='special-heading-border'><div class='special-heading-inner-border' style='border-color:#ffffff'><\/div><\/div><\/div><\/div><div class=\"flex_column av_one_fourth  flex_column_div av-zero-column-padding   \" style='border-radius:0px; '><div style='padding-bottom:10px;color:#ffffff;' class='av-special-heading av-special-heading-h3 custom-color-heading blockquote modern-quote '><h3 class='av-special-heading-tag'  itemprop=\"headline\"  >Horario<\/h3><div class ='av-subheading av-subheading_below av_custom_color' style='font-size:20px;'><p>15 a 19 h<\/p>\n<\/div><div class='special-heading-border'><div class='special-heading-inner-border' style='border-color:#ffffff'><\/div><\/div><\/div><\/div><div class=\"flex_column av_one_fourth  flex_column_div av-zero-column-padding   \" style='border-radius:0px; '><section class=\"avia_codeblock_section avia_code_block_0\"  itemscope=\"itemscope\" itemtype=\"https:\/\/schema.org\/BlogPosting\" itemprop=\"blogPost\" ><div class='avia_codeblock '  itemprop=\"text\" > [avia_codeblock_placeholder uid=\"0\"] <\/div><\/section><\/div><\/p>\n<\/div><\/div>\n<\/div><\/p>\n<div class=\"flex_column av_two_fifth  flex_column_div av-zero-column-padding first  \" style='border-radius:0px; '><p><div class='av-social-sharing-box '><div class='av-share-box'><h5 class='av-share-link-description'>Compartir esta actividad<\/h5><ul class='av-share-box-list noLightbox'><li class='av-share-link av-social-link-facebook' ><a target='_blank' href='http:\/\/www.facebook.com\/sharer.php?u=https:\/\/casa.oaxaca.gob.mx\/?p=17475&amp;t=Taller%20presencial.%20%20Mi%20lugar%20en%20el%20mundo.%20Imparte%3A%20Carolina%20Lucero.' aria-hidden='true' data-av_icon='\ue8f3' data-av_iconfont='entypo-fontello' title='' data-avia-related-tooltip='Share on Facebook'><span class='avia_hidden_link_text'>Share on Facebook<\/span><\/a><\/li><li class='av-share-link av-social-link-twitter' ><a target='_blank' href='https:\/\/twitter.com\/share?text=Taller%20presencial.%20%20Mi%20lugar%20en%20el%20mundo.%20Imparte%3A%20Carolina%20Lucero.&url=https:\/\/casa.oaxaca.gob.mx\/?p=17475' aria-hidden='true' data-av_icon='\ue8f1' data-av_iconfont='entypo-fontello' title='' data-avia-related-tooltip='Share on Twitter'><span class='avia_hidden_link_text'>Share on Twitter<\/span><\/a><\/li><li class='av-share-link av-social-link-gplus' ><a target='_blank' href='https:\/\/plus.google.com\/share?url=https:\/\/casa.oaxaca.gob.mx\/?p=17475' aria-hidden='true' data-av_icon='\ue8f6' data-av_iconfont='entypo-fontello' title='' data-avia-related-tooltip='Share on Google+'><span class='avia_hidden_link_text'>Share on Google+<\/span><\/a><\/li><li class='av-share-link av-social-link-pinterest' ><a target='_blank' href='http:\/\/pinterest.com\/pin\/create\/button\/?url=https%3A%2F%2Fcasa.oaxaca.gob.mx%2F%3Fp%3D17475&amp;description=Taller%20presencial.%20%20Mi%20lugar%20en%20el%20mundo.%20Imparte%3A%20Carolina%20Lucero.&amp;media=https%3A%2F%2Fcasa.oaxaca.gob.mx%2Fwp-content%2Fuploads%2F2025%2F09%2FMi-lugar-en-el-mundo_cerrada-705x484.jpg' aria-hidden='true' data-av_icon='\ue8f8' data-av_iconfont='entypo-fontello' title='' data-avia-related-tooltip='Share on Pinterest'><span class='avia_hidden_link_text'>Share on Pinterest<\/span><\/a><\/li><li class='av-share-link av-social-link-mail' ><a  href='mailto:?subject=Taller%20presencial.%20%20Mi%20lugar%20en%20el%20mundo.%20Imparte%3A%20Carolina%20Lucero.&amp;body=https:\/\/casa.oaxaca.gob.mx\/?p=17475' aria-hidden='true' data-av_icon='\ue805' data-av_iconfont='entypo-fontello' title='' data-avia-related-tooltip='Share by Mail'><span class='avia_hidden_link_text'>Share by Mail<\/span><\/a><\/li><\/ul><\/div><\/div><br \/>\n<div  class='hr hr-default '><span class='hr-inner ' ><span class='hr-inner-style'><\/span><\/span><\/div><br \/>\n<div style='padding-bottom:10px;font-size:30px;' class='av-special-heading av-special-heading-h3  blockquote modern-quote   av-inherit-size'><h3 class='av-special-heading-tag'  itemprop=\"headline\"  >Sobre la tallerista<\/h3><div class='special-heading-border'><div class='special-heading-inner-border' ><\/div><\/div><\/div><br \/>\n<div class='avia-data-table-wrap avia_responsive_table'><table class='avia-table avia-data-table avia-table-1  avia_pricing_default'  itemscope=\"itemscope\" itemtype=\"https:\/\/schema.org\/Table\" ><tbody><tr class='avia-heading-row'><th class=''>Carolina Lucero*<\/th><\/tr><tr class=''><td class=''>Carolina Villanueva Lucero (Guaymas, Sonora, 1989) es artista visual, docente y gestora cultural con una trayectoria consolidada en la producci\u00f3n, docencia y difusi\u00f3n de las artes contempor\u00e1neas. Actualmente forma parte del jurado calificador y brinda tutor\u00edas en el PECDA Chiapas 2025, y desde 2016 es docente de artes visuales a nivel licenciatura en la Escuela Nacional de Pintura, Escultura y Grabado \u201cLa Esmeralda\u201d. Su experiencia profesional abarca el dise\u00f1o y programaci\u00f3n web para proyectos de animaci\u00f3n en el Festival Animasivo, la producci\u00f3n multimedia en la Galer\u00eda Noox, as\u00ed como ilustraci\u00f3n digital para Editorial Lirio.<\/p>\n<p>Cuenta con una Maestr\u00eda en Producci\u00f3n en Artes Visuales por la Universidad Aut\u00f3noma del Estado de Morelos y una Licenciatura en Artes Visuales por La Esmeralda. Ha complementado su formaci\u00f3n en cr\u00edtica de arte, institucionalizaci\u00f3n del arte contempor\u00e1neo, gr\u00e1fica digital y medios intermedios en instituciones como el INBA y el Centro Multimedia del CENART.<\/p>\n<p>Su obra ha sido presentada en exposiciones individuales en espacios como el Centro Cultural El Rule, Sal\u00f3n Silic\u00f3n y el Museo de Arte Carrillo Gil, as\u00ed como en destacadas exposiciones colectivas en M\u00e9xico, Estados Unidos, Cuba y Europa. Entre ellas se encuentran la Trienal de Tijuana, La Tallera SAPS, Museo Nacional de las Culturas, Galer\u00eda Kurimanzutto, Mana Contemporary (Miami) y el Centro de Cultura Digital.<br \/>\nHa participado en conferencias, seminarios y conversatorios en instituciones como la UAM y el Museo de la Ciudad de M\u00e9xico, abordando temas relacionados con la imagen en movimiento, la animaci\u00f3n, el ciberfeminismo y las estrategias colaborativas en medios digitales.<\/p>\n<p>Su trabajo ha sido reconocido con diversos apoyos y premios, entre ellos el Programa para la Producci\u00f3n Art\u00edstica del Fondo Estatal para la Cultura y las Artes de Sonora (2024 y 2013-2014), el Viaje de Artistas (Colecci\u00f3n Isabel y Agust\u00edn Coppel, 2022), as\u00ed como el Primer lugar en la Bienal Nacional Arte Emergente Monterrey 2019.<\/p>\n<p>A trav\u00e9s de su pr\u00e1ctica, Carolina Villanueva Lucero explora los cruces entre arte, tecnolog\u00eda y medios digitales, construyendo narrativas visuales cr\u00edticas y experimentales que dialogan con la cultura contempor\u00e1nea desde perspectivas feministas, colectivas e interdisciplinarias.<br \/>\n<\/td><\/tr><tr class=''><td class=''>*Beneficiaria de la convocatoria Docencia de las Artes. Residencia Art\u00edstica Para la Red de Centros<\/td><\/tr><\/tbody><\/table><\/div><style type='text\/css'>.avia-table-1 td:nth-of-type(1):before { content: 'Carolina Lucero*'; } <\/style><\/p><\/div>\n<div class=\"flex_column av_three_fifth  flex_column_div av-zero-column-padding   \" style='border-radius:0px; '><p><div style='padding-bottom:10px;font-size:30px;' class='av-special-heading av-special-heading-h3  blockquote modern-quote   av-inherit-size'><h3 class='av-special-heading-tag'  itemprop=\"headline\"  >Acerca del taller<\/h3><div class='special-heading-border'><div class='special-heading-inner-border' ><\/div><\/div><\/div><br \/>\n<div class='avia-data-table-wrap avia_responsive_table'><table class='avia-table avia-data-table avia-table-2  avia_pricing_default'  itemscope=\"itemscope\" itemtype=\"https:\/\/schema.org\/Table\" ><tbody><tr class=''><td class=''>Dirigido a ni\u00f1as y ni\u00f1os de entre 9 y 12 a\u00f1os con inter\u00e9s o disposici\u00f3n para la experimentaci\u00f3n art\u00edstica y el trabajo manual.<\/td><\/tr><tr class=''><td class=''>Taller art\u00edstico con cianotipia para ni\u00f1as y ni\u00f1os, fomenta identidad, creatividad y autoconocimiento mediante objetos significativos y un libro-\u00e1lbum.<br \/>\n<\/td><\/tr><\/tbody><\/table><\/div><style type='text\/css'><\/style><br \/>\n<div class='avia-data-table-wrap avia_responsive_table'><table class='avia-table avia-data-table avia-table-3  avia_pricing_default'  itemscope=\"itemscope\" itemtype=\"https:\/\/schema.org\/Table\" ><tbody><tr class='avia-heading-row'><th class=''>Descripci\u00f3n general<\/th><\/tr><tr class=''><td class=''>Este proyecto propone un taller art\u00edstico dirigido a ni\u00f1as y ni\u00f1os de 9 a 12 a\u00f1os, basado en la cianotipia como medio de exploraci\u00f3n simb\u00f3lica y expresiva. A lo largo de cinco sesiones, se busca acompa\u00f1ar su proceso de construcci\u00f3n de identidad mediante la creaci\u00f3n de im\u00e1genes que integren objetos significativos de su entorno. Al finalizar, cada participante elaborar\u00e1 un libro-\u00e1lbum encuadernado a mano como memoria visual y emocional. Inspirado en la pedagog\u00eda antropos\u00f3fica y el arte contempor\u00e1neo, el taller fomenta el autoconocimiento, el juego simb\u00f3lico y la conexi\u00f3n con el mundo interno y externo de manera aut\u00e9ntica.<br \/>\n<\/td><\/tr><tr class='avia-heading-row'><th class=''>Objetivo general<\/th><\/tr><tr class=''><td class=''>Acompa\u00f1ar a ni\u00f1as y ni\u00f1os de 9 a 12 a\u00f1os en la exploraci\u00f3n y expresi\u00f3n de su identidad a trav\u00e9s de la t\u00e9cnica de la cianotipia, despertando su sensibilidad art\u00edstica y su conexi\u00f3n con el mundo que los rodea.<br \/>\n<\/td><\/tr><tr class='avia-heading-row'><th class=''>Objetivos espec\u00edficos<\/th><\/tr><tr class=''><td class=''>\u2013 Fomentar en los ni\u00f1os la capacidad de observar, elegir y representar objetos simb\u00f3licos que reflejan su mundo interior y su relaci\u00f3n con el entorno.<br \/>\n\u2013 Despertar la sensibilidad art\u00edstica latente en cada ni\u00f1o, formando en lo sensible y lo creativo, no solo en lo intelectual, para impulsar un inter\u00e9s profundo y amplio por el mundo.<br \/>\n\u2013 Promover un espacio de experimentaci\u00f3n, di\u00e1logo y respeto que potencie la expresi\u00f3n personal y el aprendizaje colectivo.<br \/>\n<\/td><\/tr><tr class='avia-heading-row'><th class=''>Temas<\/th><\/tr><tr class=''><td class=''>1. Presentaci\u00f3n, din\u00e1mica de identidad y recolecci\u00f3n de objetos<br \/>\n2. Cuerpo y sombra<br \/>\n3. Mapa interior<br \/>\n4. Dibujar lo invisible<br \/>\n5. Libro: mi imagen como relato<br \/>\n<\/td><\/tr><\/tbody><\/table><\/div><style type='text\/css'>.avia-table-3 td:nth-of-type(1):before { content: 'Descripci\u00f3n general'; } <\/style><br \/>\n<div style='padding-bottom:10px;font-size:30px;' class='av-special-heading av-special-heading-h3  blockquote modern-quote   av-inherit-size'><h3 class='av-special-heading-tag'  itemprop=\"headline\"  >Requisitos de inscripci\u00f3n<\/h3><div class='special-heading-border'><div class='special-heading-inner-border' ><\/div><\/div><\/div><br \/>\n<div class='avia-data-table-wrap avia_responsive_table'><table class='avia-table avia-data-table avia-table-4  avia_pricing_default'  itemscope=\"itemscope\" itemtype=\"https:\/\/schema.org\/Table\" ><tbody><tr class=''><td class=''>&#8211; Estar dentro del rango de edad.<\/td><\/tr><tr class=''><td class=''>&#8211; Si tienes inter\u00e9s deber\u00e1s llenar el formulario con los datos completos que se encuentra en esta p\u00e1gina.<br \/>\n&#8211; La lista de seleccionados se publicar\u00e1 en esta p\u00e1gina, tambi\u00e9n se les notificar\u00e1 v\u00eda correo electr\u00f3nico con los detalles de la actividad.<br \/>\n&#8211; Actividad gratuita.<br \/>\n&#8211; Los talleristas ser\u00e1n los responsables de realizar la selecci\u00f3n de alumnos bajo sus criterios.<br \/>\n<\/td><\/tr><\/tbody><\/table><\/div><style type='text\/css'><\/style><br \/>\n<div class='avia-data-table-wrap avia_responsive_table'><table class='avia-table avia-data-table avia-table-5  avia_pricing_default'  itemscope=\"itemscope\" itemtype=\"https:\/\/schema.org\/Table\" ><tbody><tr class='avia-heading-row'><th class=''>Material que se le solicitar\u00e1 al alumno(a)<\/th><\/tr><tr class=''><td class=''>&#8211; Objetos naturales y personales (hojas, ramas, piedras, telas, fotograf\u00edas, etc.)<br \/>\n&#8211; Materiales para composici\u00f3n y montaje (pinzas, tijeras, papel de seda, cart\u00f3n)<br \/>\n<\/td><\/tr><\/tbody><\/table><\/div><style type='text\/css'>.avia-table-5 td:nth-of-type(1):before { content: 'Material que se le solicitar\u00e1 al alumno(a)'; } <\/style><br \/>\n<div class='avia-data-table-wrap avia_responsive_table'><table class='avia-table avia-data-table avia-table-6  avia_pricing_default'  itemscope=\"itemscope\" itemtype=\"https:\/\/schema.org\/Table\" ><tbody><tr class='avia-heading-row'><th class=''>Criterios de selecci\u00f3n de alumnos<\/th><\/tr><tr class=''><td class=''>&#8211; Ni\u00f1as y ni\u00f1os de entre 9 y 12 a\u00f1os con inter\u00e9s o disposici\u00f3n para la experimentaci\u00f3n art\u00edstica y el trabajo manual.<br \/>\n<\/td><\/tr><\/tbody><\/table><\/div><style type='text\/css'>.avia-table-6 td:nth-of-type(1):before { content: 'Criterios de selecci\u00f3n de alumnos'; } <\/style><br \/>\n<div class='avia-data-table-wrap avia_responsive_table'><table class='avia-table avia-data-table avia-table-7  avia_pricing_default'  itemscope=\"itemscope\" itemtype=\"https:\/\/schema.org\/Table\" ><tbody><tr class='avia-heading-row'><th class=''>Nota para los seleccionados<\/th><\/tr><tr class=''><td class=''>&#8211; Clases presenciales en Usos m\u00faltiples del CaSa<br \/>\n&#8211; Se dejar\u00e1n ejercicios espec\u00edficos a cada estudiante, es fundamental realizarlos para continuar con la siguiente clase.<br \/>\n&#8211; Tener el compromiso y el tiempo para llevar a cabo el taller, ya que las inasistencias injustificadas ser\u00e1n motivo de suspensi\u00f3n y no podr\u00e1 ingresar a talleres futuros.<br \/>\n&#8211; Durante el taller nos estaremos comunicando por medio de mensajes en un grupo de WhatsApp, por ser una herramienta m\u00e1s r\u00e1pida para poder tener una mejor comunicaci\u00f3n con lo que respecta al taller.<br \/>\n<\/td><\/tr><\/tbody><\/table><\/div><style type='text\/css'>.avia-table-7 td:nth-of-type(1):before { content: 'Nota para los seleccionados'; } <\/style><br \/>\n<div id='av-masonry-1' class='av-masonry noHover av-flex-size av-large-gap av-hover-overlay-active av-masonry-col-flexible av-caption-always av-caption-style- av-masonry-gallery  '  ><div class='av-masonry-container isotope av-js-disabled ' ><div class='av-masonry-entry isotope-item av-masonry-item-no-image '><\/div><a href=\"https:\/\/casa.oaxaca.gob.mx\/wp-content\/uploads\/2025\/09\/Captura-de-Pantalla-2025-09-10-a-las-16.42.57.png\" id='av-masonry-1-item-17476' data-av-masonry-item='17476' class='av-masonry-entry isotope-item post-17476 attachment type-attachment status-inherit hentry  av-masonry-item-with-image' title=\"\"  itemprop=\"thumbnailUrl\" ><div class='av-inner-masonry-sizer'><\/div><figure class='av-inner-masonry main_color'><div class=\"av-masonry-outerimage-container\"><div class=\"av-masonry-image-container\" style=\"background-image: url(https:\/\/casa.oaxaca.gob.mx\/wp-content\/uploads\/2025\/09\/Captura-de-Pantalla-2025-09-10-a-las-16.42.57-705x407.png);\"><img decoding=\"async\" src=\"https:\/\/casa.oaxaca.gob.mx\/wp-content\/uploads\/2025\/09\/Captura-de-Pantalla-2025-09-10-a-las-16.42.57-705x407.png\" title=\"Captura de Pantalla 2025-09-10 a la(s) 16.42.57\" alt=\"\" \/><\/div><\/div><figcaption class='av-inner-masonry-content site-background'><div class='av-inner-masonry-content-pos'><div class='av-inner-masonry-content-pos-content'><div class='avia-arrow'><\/div><h3 class='av-masonry-entry-title entry-title'  itemprop=\"headline\" >Captura de Pantalla 2025-09-10 a la(s) 16.42.57<\/h3><\/div><\/div><\/figcaption><\/figure><\/a><!--end av-masonry entry--><\/div><\/div><\/p><\/div>\n","protected":false},"excerpt":{"rendered":"","protected":false},"author":1,"featured_media":17483,"comment_status":"open","ping_status":"open","sticky":false,"template":"","format":"standard","meta":{"_exactmetrics_skip_tracking":false,"_exactmetrics_sitenote_active":false,"_exactmetrics_sitenote_note":"","_exactmetrics_sitenote_category":0,"footnotes":""},"categories":[204],"tags":[],"class_list":["post-17475","post","type-post","status-publish","format-standard","has-post-thumbnail","hentry","category-204"],"_links":{"self":[{"href":"https:\/\/casa.oaxaca.gob.mx\/index.php?rest_route=\/wp\/v2\/posts\/17475","targetHints":{"allow":["GET"]}}],"collection":[{"href":"https:\/\/casa.oaxaca.gob.mx\/index.php?rest_route=\/wp\/v2\/posts"}],"about":[{"href":"https:\/\/casa.oaxaca.gob.mx\/index.php?rest_route=\/wp\/v2\/types\/post"}],"author":[{"embeddable":true,"href":"https:\/\/casa.oaxaca.gob.mx\/index.php?rest_route=\/wp\/v2\/users\/1"}],"replies":[{"embeddable":true,"href":"https:\/\/casa.oaxaca.gob.mx\/index.php?rest_route=%2Fwp%2Fv2%2Fcomments&post=17475"}],"version-history":[{"count":3,"href":"https:\/\/casa.oaxaca.gob.mx\/index.php?rest_route=\/wp\/v2\/posts\/17475\/revisions"}],"predecessor-version":[{"id":18039,"href":"https:\/\/casa.oaxaca.gob.mx\/index.php?rest_route=\/wp\/v2\/posts\/17475\/revisions\/18039"}],"wp:featuredmedia":[{"embeddable":true,"href":"https:\/\/casa.oaxaca.gob.mx\/index.php?rest_route=\/wp\/v2\/media\/17483"}],"wp:attachment":[{"href":"https:\/\/casa.oaxaca.gob.mx\/index.php?rest_route=%2Fwp%2Fv2%2Fmedia&parent=17475"}],"wp:term":[{"taxonomy":"category","embeddable":true,"href":"https:\/\/casa.oaxaca.gob.mx\/index.php?rest_route=%2Fwp%2Fv2%2Fcategories&post=17475"},{"taxonomy":"post_tag","embeddable":true,"href":"https:\/\/casa.oaxaca.gob.mx\/index.php?rest_route=%2Fwp%2Fv2%2Ftags&post=17475"}],"curies":[{"name":"wp","href":"https:\/\/api.w.org\/{rel}","templated":true}]}}