{"id":17518,"date":"2025-09-11T13:15:10","date_gmt":"2025-09-11T19:15:10","guid":{"rendered":"https:\/\/casa.oaxaca.gob.mx\/?p=17518"},"modified":"2026-01-22T13:48:58","modified_gmt":"2026-01-22T19:48:58","slug":"taller-presencial-tenido-de-lana-con-tintes-naturales-imparte-froylan-mendez","status":"publish","type":"post","link":"https:\/\/casa.oaxaca.gob.mx\/?p=17518","title":{"rendered":"Taller presencial. Te\u00f1ido de lana con tintes naturales. Imparte: Froyl\u00e1n M\u00e9ndez."},"content":{"rendered":"<\/div><\/div><\/div><!-- close content main div --><\/div><\/div><div id='av_section_1' class='avia-section main_color avia-section-no-padding avia-no-border-styling avia-full-stretch av-parallax-section avia-bg-style-parallax  av-minimum-height av-minimum-height-75 container_wrap fullsize' style = 'background-color: #000000; ' data-section-bg-repeat='stretch' ><div class='av-parallax' data-avia-parallax-ratio='0.3' ><div class='av-parallax-inner main_color  avia-full-stretch' style = 'background-color: #000000; background-repeat: no-repeat; background-image: url(https:\/\/casa.oaxaca.gob.mx\/wp-content\/uploads\/2025\/09\/Tenido-de-lana-con-tintes-naturales_portada-scaled.jpg); background-attachment: scroll; background-position: bottom center; ' ><\/div><\/div><div class='container' ><div class='template-page content  av-content-full alpha units'><div class='post-entry post-entry-type-page post-entry-17518'><div class='entry-content-wrapper clearfix'>\n<div style='padding-bottom:10px;color:#ffffff;font-size:50px;' class='av-special-heading av-special-heading-h3 custom-color-heading blockquote modern-quote  av-inherit-size'><h3 class='av-special-heading-tag'  itemprop=\"headline\"  >Taller presencial. Te\u00f1ido de lana con tintes naturales.<\/h3><div class ='av-subheading av-subheading_below av_custom_color' style='font-size:25px;'><p>Imparte: Froyl\u00e1n M\u00e9ndez.<\/p>\n<\/div><div class='special-heading-border'><div class='special-heading-inner-border' style='border-color:#ffffff'><\/div><\/div><\/div>\n\n<\/div><\/div><\/div><!-- close content main div --><\/div><\/div><div id='av-layout-grid-1' class='av-layout-grid-container entry-content-wrapper main_color av-flex-cells  container_wrap fullsize'   >\n<div class=\"flex_cell no_margin av_one_full   \" style='vertical-align:top; padding:30px; background-color:#ED9600; '><div class='flex_cell_inner' ><p><div class=\"flex_column av_one_fourth  flex_column_div av-zero-column-padding first  \" style='border-radius:0px; '><div style='padding-bottom:10px;color:#ffffff;' class='av-special-heading av-special-heading-h3 custom-color-heading blockquote modern-quote '><h3 class='av-special-heading-tag'  itemprop=\"headline\"  >Cierre de inscripciones<\/h3><div class ='av-subheading av-subheading_below av_custom_color' style='font-size:20px;'><p>Domingo 12 de octubre de 2025<\/p>\n<p>Publicaci\u00f3n de resultados<br \/>\nMi\u00e9rcoles 15 de octubre de 2025<\/p>\n<\/div><div class='special-heading-border'><div class='special-heading-inner-border' style='border-color:#ffffff'><\/div><\/div><\/div><\/div><div class=\"flex_column av_one_fourth  flex_column_div av-zero-column-padding   \" style='border-radius:0px; '><div style='padding-bottom:10px;color:#ffffff;' class='av-special-heading av-special-heading-h3 custom-color-heading blockquote modern-quote '><h3 class='av-special-heading-tag'  itemprop=\"headline\"  >Fechas<\/h3><div class ='av-subheading av-subheading_below av_custom_color' style='font-size:20px;'><p>Lunes a viernes<br \/>\nDel 20 al 24 de octubre de 2025<\/p>\n<\/div><div class='special-heading-border'><div class='special-heading-inner-border' style='border-color:#ffffff'><\/div><\/div><\/div><\/div><div class=\"flex_column av_one_fourth  flex_column_div av-zero-column-padding   \" style='border-radius:0px; '><div style='padding-bottom:10px;color:#ffffff;' class='av-special-heading av-special-heading-h3 custom-color-heading blockquote modern-quote  '><h3 class='av-special-heading-tag'  itemprop=\"headline\"  >Horario<\/h3><div class ='av-subheading av-subheading_below av_custom_color' style='font-size:20px;'><p>10 a 14 h<\/p>\n<\/div><div class='special-heading-border'><div class='special-heading-inner-border' style='border-color:#ffffff'><\/div><\/div><\/div><\/div><div class=\"flex_column av_one_fourth  flex_column_div av-zero-column-padding   \" style='border-radius:0px; '><section class=\"avia_codeblock_section avia_code_block_0\"  itemscope=\"itemscope\" itemtype=\"https:\/\/schema.org\/BlogPosting\" itemprop=\"blogPost\" ><div class='avia_codeblock '  itemprop=\"text\" > [avia_codeblock_placeholder uid=\"0\"] <\/div><\/section><\/div><\/p>\n<\/div><\/div>\n<\/div>\n<div class=\"flex_column av_two_fifth  flex_column_div av-zero-column-padding first  \" style='border-radius:0px; '><p><div class='av-social-sharing-box '><div class='av-share-box'><h5 class='av-share-link-description'>Compartir esta actividad<\/h5><ul class='av-share-box-list noLightbox'><li class='av-share-link av-social-link-facebook' ><a target='_blank' href='http:\/\/www.facebook.com\/sharer.php?u=https:\/\/casa.oaxaca.gob.mx\/?p=17518&amp;t=Taller%20presencial.%20Te%C3%B1ido%20de%20lana%20con%20tintes%20naturales.%20Imparte%3A%20Froyl%C3%A1n%20M%C3%A9ndez.' aria-hidden='true' data-av_icon='\ue8f3' data-av_iconfont='entypo-fontello' title='' data-avia-related-tooltip='Share on Facebook'><span class='avia_hidden_link_text'>Share on Facebook<\/span><\/a><\/li><li class='av-share-link av-social-link-twitter' ><a target='_blank' href='https:\/\/twitter.com\/share?text=Taller%20presencial.%20Te%C3%B1ido%20de%20lana%20con%20tintes%20naturales.%20Imparte%3A%20Froyl%C3%A1n%20M%C3%A9ndez.&url=https:\/\/casa.oaxaca.gob.mx\/?p=17518' aria-hidden='true' data-av_icon='\ue8f1' data-av_iconfont='entypo-fontello' title='' data-avia-related-tooltip='Share on Twitter'><span class='avia_hidden_link_text'>Share on Twitter<\/span><\/a><\/li><li class='av-share-link av-social-link-gplus' ><a target='_blank' href='https:\/\/plus.google.com\/share?url=https:\/\/casa.oaxaca.gob.mx\/?p=17518' aria-hidden='true' data-av_icon='\ue8f6' data-av_iconfont='entypo-fontello' title='' data-avia-related-tooltip='Share on Google+'><span class='avia_hidden_link_text'>Share on Google+<\/span><\/a><\/li><li class='av-share-link av-social-link-pinterest' ><a target='_blank' href='http:\/\/pinterest.com\/pin\/create\/button\/?url=https%3A%2F%2Fcasa.oaxaca.gob.mx%2F%3Fp%3D17518&amp;description=Taller%20presencial.%20Te%C3%B1ido%20de%20lana%20con%20tintes%20naturales.%20Imparte%3A%20Froyl%C3%A1n%20M%C3%A9ndez.&amp;media=https%3A%2F%2Fcasa.oaxaca.gob.mx%2Fwp-content%2Fuploads%2F2025%2F09%2FTenido-de-lana-con-tintes-naturales_cerrada-705x484.jpg' aria-hidden='true' data-av_icon='\ue8f8' data-av_iconfont='entypo-fontello' title='' data-avia-related-tooltip='Share on Pinterest'><span class='avia_hidden_link_text'>Share on Pinterest<\/span><\/a><\/li><li class='av-share-link av-social-link-mail' ><a  href='mailto:?subject=Taller%20presencial.%20Te%C3%B1ido%20de%20lana%20con%20tintes%20naturales.%20Imparte%3A%20Froyl%C3%A1n%20M%C3%A9ndez.&amp;body=https:\/\/casa.oaxaca.gob.mx\/?p=17518' aria-hidden='true' data-av_icon='\ue805' data-av_iconfont='entypo-fontello' title='' data-avia-related-tooltip='Share by Mail'><span class='avia_hidden_link_text'>Share by Mail<\/span><\/a><\/li><\/ul><\/div><\/div><br \/>\n<div  class='hr hr-default '><span class='hr-inner ' ><span class='hr-inner-style'><\/span><\/span><\/div><br \/>\n<div style='padding-bottom:10px;font-size:30px;' class='av-special-heading av-special-heading-h3  blockquote modern-quote  av-inherit-size'><h3 class='av-special-heading-tag'  itemprop=\"headline\"  >Sobre el tallerista<\/h3><div class='special-heading-border'><div class='special-heading-inner-border' ><\/div><\/div><\/div><br \/>\n<div class='avia-data-table-wrap avia_responsive_table'><table class='avia-table avia-data-table avia-table-1  avia_pricing_default'  itemscope=\"itemscope\" itemtype=\"https:\/\/schema.org\/Table\" ><tbody><tr class='avia-heading-row'><th class=''>Froyl\u00e1n M\u00e9ndez<\/th><\/tr><tr class=''><td class=''>Artesano zapoteco originario de Teotitl\u00e1n del Valle, Oaxaca.<br \/>\nSe ha especializado en el tejido y te\u00f1ido con tintes naturales, retomado las t\u00e9cnicas de su familia y comunidad.<br \/>\nHa expuesto e impartido talleres en el Centro Cultural Comunitario de Teotitl\u00e1n del Valle, y casas de cultura de la Ciudad de M\u00e9xico, Morelos, Tabasco y Puebla.<\/p>\n<p>Particip\u00f3 en el Primer y Segundo Encuentro Nacional de Tintes Naturales (2021 y 2023) y fue beneficiario del PECDA Oaxaca 2023, obtuvo el segundo lugar del XXIII y XXV Premio Estatal de Arte Popular Benito Ju\u00e1rez (2023 y<br \/>\n2025) as\u00ed como menci\u00f3n Honor\u00edfica Premio FOFA 2025<br \/>\n<\/td><\/tr><\/tbody><\/table><\/div><style type='text\/css'>.avia-table-1 td:nth-of-type(1):before { content: 'Froyl\u00e1n M\u00e9ndez'; } <\/style><\/p><\/div>\n<div class=\"flex_column av_three_fifth  flex_column_div av-zero-column-padding   \" style='border-radius:0px; '><p><div style='padding-bottom:10px;font-size:30px;' class='av-special-heading av-special-heading-h3  blockquote modern-quote   av-inherit-size'><h3 class='av-special-heading-tag'  itemprop=\"headline\"  >Acerca del taller<\/h3><div class='special-heading-border'><div class='special-heading-inner-border' ><\/div><\/div><\/div><br \/>\n<div class='avia-data-table-wrap avia_responsive_table'><table class='avia-table avia-data-table avia-table-2  avia_pricing_default'  itemscope=\"itemscope\" itemtype=\"https:\/\/schema.org\/Table\" ><tbody><tr class=''><td class=''>LISTA DE SELECCIONADOS<\/td><\/tr><tr class=''><td class=''>Monserrat Mu\u00f1oz Ram\u00edrez<br \/>\nAlejandra Gallego Muller<br \/>\nSilvia Gonz\u00e1lez Luna<br \/>\nAdony Odette Iriarte Alarc\u00f3n<br \/>\nJuan Arturo Morales Santiago<br \/>\nManuel Alejandro Hern\u00e1ndez Policarpo<br \/>\nMayka Zurica Ordaz Fern\u00e1ndez<br \/>\nAlicia Ramos Ortiz<br \/>\nMar\u00eda De Los \u00c1ngeles Olivares L\u00f3pez<br \/>\nPaula Elvira S\u00e1nchez L\u00f3pez<br \/>\nJoyce Aline Ju\u00e1rez Cruz<br \/>\nAng\u00e9lica Contreras Mart\u00ednez<br \/>\nBeatriz Alondra Herrera L\u00f3pez<br \/>\nCelia Merit Baez Monta\u00f1ez<br \/>\nKevin Mois\u00e9s Ju\u00e1rez Garnica<br \/>\nDaniela P\u00e9rez Becerril<\/td><\/tr><\/tbody><\/table><\/div><style type='text\/css'><\/style><br \/>\n<div class='avia-data-table-wrap avia_responsive_table'><table class='avia-table avia-data-table avia-table-3  avia_pricing_default'  itemscope=\"itemscope\" itemtype=\"https:\/\/schema.org\/Table\" ><tbody><tr class='avia-heading-row'><th class=''>Descripci\u00f3n general<\/th><\/tr><tr class=''><td class=''>Este taller de te\u00f1ido natural tiene como prop\u00f3sito explorar m\u00e9todos tradicionales y sostenibles para la coloraci\u00f3n de fibras textiles, utilizando exclusivamente elementos de origen vegetal y mineral. A lo largo del proceso, las y los participantes aprender\u00e1n a preparar fibras naturales como el algod\u00f3n y la lana para recibir el color, y extraer tintes a partir de plantas, flores, ra\u00edces, semillas e insectos, fomentando una pr\u00e1ctica respetuosa con el entorno.<\/p>\n<p>El enfoque del taller es ecol\u00f3gico, lo que significa que cada etapa del proceso busca minimizar el impacto ambiental. Se evitar\u00e1 el uso de qu\u00edmicos industriales y se emplear\u00e1n mordentes biodegradables y t\u00e9cnicas que permiten el aprovechamiento responsable del agua y los recursos naturales.<\/p>\n<p>Las sesiones combinar\u00e1n teor\u00eda y pr\u00e1ctica para guiar a los participantes en la experimentaci\u00f3n con una paleta de color natural, mediante ba\u00f1os de te\u00f1ido, sobrete\u00f1ido, gradaciones tonales y t\u00e9cnicas tradicionales. Se trabajar\u00e1 tanto con lana como con algod\u00f3n, explorando las particularidades de cada fibra en su reacci\u00f3n al color natural.<br \/>\n<\/td><\/tr><tr class='avia-heading-row'><th class=''>Objetivo general<\/th><\/tr><tr class=''><td class=''>Capacitar a los participantes en el uso de tintes naturales aplicados al te\u00f1ido de lana, fomentando la conciencia ecol\u00f3gica, el respeto a los procesos tradicionales y el v\u00ednculo con el contexto natural y comunitario.<br \/>\n<\/td><\/tr><tr class='avia-heading-row'><th class=''>Objetivos espec\u00edficos<\/th><\/tr><tr class=''><td class=''>&#8211; Identificar plantas, ra\u00edces, semillas y elementos naturales con propiedades tint\u00f3reas.<br \/>\n&#8211; Conocer los fundamentos del te\u00f1ido natural y la preparaci\u00f3n de fibras animales.<br \/>\n&#8211; Extraer y aplicar tintes naturales sobre lana utilizando t\u00e9cnicas tradicionales.<br \/>\n&#8211; Reflexionar sobre la sostenibilidad en las pr\u00e1cticas textiles.<br \/>\n&#8211; Crear una paleta de color basada en recursos del entorno natural.<br \/>\n&#8211; Elaborar una pieza final te\u00f1ida con materiales naturales como cierre del proceso.<br \/>\n<\/td><\/tr><tr class='avia-heading-row'><th class=''>Temas<\/th><\/tr><tr class=''><td class=''>1: Introducci\u00f3n a los tintes naturales<br \/>\nHistoria y cosmovisi\u00f3n del color en Teotitl\u00e1n del Valle<br \/>\nReconocimiento de plantas tint\u00f3reas locales<br \/>\nPrincipios de sostenibilidad en procesos artesanales<br \/>\n2: Preparaci\u00f3n de la fibra<br \/>\nLimpieza y mordentado de lana<br \/>\nT\u00e9cnicas tradicionales de preparaci\u00f3n previa al te\u00f1ido<br \/>\n3: Extracci\u00f3n del color<br \/>\nCocci\u00f3n y extracci\u00f3n de pigmentos naturales<br \/>\nMezclas, temperaturas y tiempos<br \/>\nTintes a base de cochinilla, peric\u00f3n, nogal, a\u00f1il, muitle, entre otros<br \/>\n4: Te\u00f1ido y experimentaci\u00f3n<br \/>\nPr\u00e1ctica de te\u00f1ido con distintas t\u00e9cnicas y ba\u00f1o<br \/>\nRegistro de resultados y elaboraci\u00f3n de carta de color<br \/>\nSobre-te\u00f1ido y gradaciones de tono<br \/>\n5: Reflexi\u00f3n<br \/>\nAplicaci\u00f3n de lo aprendido en una pieza te\u00f1ida<br \/>\nConversatorio: \u00e9tica del color y pr\u00e1cticas sustentables<br \/>\n<\/td><\/tr><\/tbody><\/table><\/div><style type='text\/css'>.avia-table-3 td:nth-of-type(1):before { content: 'Descripci\u00f3n general'; } <\/style><br \/>\n<div style='padding-bottom:10px;font-size:30px;' class='av-special-heading av-special-heading-h3  blockquote modern-quote   av-inherit-size'><h3 class='av-special-heading-tag'  itemprop=\"headline\"  >Requisitos de inscripci\u00f3n<\/h3><div class='special-heading-border'><div class='special-heading-inner-border' ><\/div><\/div><\/div><br \/>\n<div class='avia-data-table-wrap avia_responsive_table'><table class='avia-table avia-data-table avia-table-4  avia_pricing_default'  itemscope=\"itemscope\" itemtype=\"https:\/\/schema.org\/Table\" ><tbody><tr class=''><td class=''>&#8211; Ser claro, al exponer tus motivos de inter\u00e9s<\/td><\/tr><tr class=''><td class=''>&#8211; Si tienes inter\u00e9s deber\u00e1s llenar el formulario con los datos completos que se encuentra en esta p\u00e1gina.<br \/>\n&#8211; La lista de seleccionados se publicar\u00e1 en esta p\u00e1gina, tambi\u00e9n se les notificar\u00e1 v\u00eda correo electr\u00f3nico con los detalles de la actividad.<br \/>\n&#8211; Actividad gratuita.<br \/>\n&#8211; Los talleristas ser\u00e1n los responsables de realizar la selecci\u00f3n de alumnos bajo sus criterios.<br \/>\n<\/td><\/tr><\/tbody><\/table><\/div><style type='text\/css'><\/style><br \/>\n<div class='avia-data-table-wrap avia_responsive_table'><table class='avia-table avia-data-table avia-table-5  avia_pricing_default'  itemscope=\"itemscope\" itemtype=\"https:\/\/schema.org\/Table\" ><tbody><tr class='avia-heading-row'><th class=''>Material que se le solicitar\u00e1 al alumno(a)<\/th><\/tr><tr class=''><td class=''>&#8211; Libreta de apuntes<br \/>\n&#8211; Lapicero<br \/>\n&#8211; Playera de algod\u00f3n que se pueda te\u00f1ir<br \/>\n<\/td><\/tr><\/tbody><\/table><\/div><style type='text\/css'>.avia-table-5 td:nth-of-type(1):before { content: 'Material que se le solicitar\u00e1 al alumno(a)'; } <\/style><br \/>\n<div class='avia-data-table-wrap avia_responsive_table'><table class='avia-table avia-data-table avia-table-6  avia_pricing_default'  itemscope=\"itemscope\" itemtype=\"https:\/\/schema.org\/Table\" ><tbody><tr class='avia-heading-row'><th class=''>Criterios de selecci\u00f3n de alumnos<\/th><\/tr><tr class=''><td class=''>&#8211; La selecci\u00f3n considerar\u00e1 el inter\u00e9s en t\u00e9cnicas de te\u00f1ido natural, compromiso con pr\u00e1cticas sostenibles, disponibilidad para asistir puntualmente, diversidad de perfiles y afinidad con el taller. Se dar\u00e1 prioridad a solicitudes claras y completas.<br \/>\n<\/td><\/tr><\/tbody><\/table><\/div><style type='text\/css'>.avia-table-6 td:nth-of-type(1):before { content: 'Criterios de selecci\u00f3n de alumnos'; } <\/style><br \/>\n<div class='avia-data-table-wrap avia_responsive_table'><table class='avia-table avia-data-table avia-table-7  avia_pricing_default'  itemscope=\"itemscope\" itemtype=\"https:\/\/schema.org\/Table\" ><tbody><tr class='avia-heading-row'><th class=''>Nota para los seleccionados<\/th><\/tr><tr class=''><td class=''>&#8211; Clases presenciales en Taller de afelpado del CaSa<br \/>\n&#8211; Se dejar\u00e1n ejercicios espec\u00edficos a cada estudiante, es fundamental realizarlos para continuar con la siguiente clase.<br \/>\n&#8211; Tener el compromiso y el tiempo para llevar a cabo el taller, ya que las inasistencias injustificadas ser\u00e1n motivo de suspensi\u00f3n y no podr\u00e1 ingresar a talleres futuros.<br \/>\n&#8211; Durante el taller nos estaremos comunicando por medio de mensajes en un grupo de WhatsApp, por ser una herramienta m\u00e1s r\u00e1pida para poder tener una mejor comunicaci\u00f3n con lo que respecta al taller.<br \/>\n<\/td><\/tr><\/tbody><\/table><\/div><style type='text\/css'>.avia-table-7 td:nth-of-type(1):before { content: 'Nota para los seleccionados'; } <\/style><\/p><\/div>\n","protected":false},"excerpt":{"rendered":"","protected":false},"author":1,"featured_media":17570,"comment_status":"open","ping_status":"open","sticky":false,"template":"","format":"standard","meta":{"_exactmetrics_skip_tracking":false,"_exactmetrics_sitenote_active":false,"_exactmetrics_sitenote_note":"","_exactmetrics_sitenote_category":0,"footnotes":""},"categories":[204],"tags":[],"class_list":["post-17518","post","type-post","status-publish","format-standard","has-post-thumbnail","hentry","category-204"],"_links":{"self":[{"href":"https:\/\/casa.oaxaca.gob.mx\/index.php?rest_route=\/wp\/v2\/posts\/17518","targetHints":{"allow":["GET"]}}],"collection":[{"href":"https:\/\/casa.oaxaca.gob.mx\/index.php?rest_route=\/wp\/v2\/posts"}],"about":[{"href":"https:\/\/casa.oaxaca.gob.mx\/index.php?rest_route=\/wp\/v2\/types\/post"}],"author":[{"embeddable":true,"href":"https:\/\/casa.oaxaca.gob.mx\/index.php?rest_route=\/wp\/v2\/users\/1"}],"replies":[{"embeddable":true,"href":"https:\/\/casa.oaxaca.gob.mx\/index.php?rest_route=%2Fwp%2Fv2%2Fcomments&post=17518"}],"version-history":[{"count":4,"href":"https:\/\/casa.oaxaca.gob.mx\/index.php?rest_route=\/wp\/v2\/posts\/17518\/revisions"}],"predecessor-version":[{"id":17820,"href":"https:\/\/casa.oaxaca.gob.mx\/index.php?rest_route=\/wp\/v2\/posts\/17518\/revisions\/17820"}],"wp:featuredmedia":[{"embeddable":true,"href":"https:\/\/casa.oaxaca.gob.mx\/index.php?rest_route=\/wp\/v2\/media\/17570"}],"wp:attachment":[{"href":"https:\/\/casa.oaxaca.gob.mx\/index.php?rest_route=%2Fwp%2Fv2%2Fmedia&parent=17518"}],"wp:term":[{"taxonomy":"category","embeddable":true,"href":"https:\/\/casa.oaxaca.gob.mx\/index.php?rest_route=%2Fwp%2Fv2%2Fcategories&post=17518"},{"taxonomy":"post_tag","embeddable":true,"href":"https:\/\/casa.oaxaca.gob.mx\/index.php?rest_route=%2Fwp%2Fv2%2Ftags&post=17518"}],"curies":[{"name":"wp","href":"https:\/\/api.w.org\/{rel}","templated":true}]}}