{"id":17623,"date":"2025-09-23T12:28:02","date_gmt":"2025-09-23T18:28:02","guid":{"rendered":"https:\/\/casa.oaxaca.gob.mx\/?p=17623"},"modified":"2026-01-22T13:48:58","modified_gmt":"2026-01-22T19:48:58","slug":"taller-presencial-intensivo-de-lectoescritura-del-didxaza-imparte-nelson-guerra-lopez","status":"publish","type":"post","link":"https:\/\/casa.oaxaca.gob.mx\/?p=17623","title":{"rendered":"Taller presencial. Intensivo de Lectoescritura del Didxaz\u00e1. Imparte: Nelson Guerra L\u00f3pez."},"content":{"rendered":"<\/div><\/div><\/div><!-- close content main div --><\/div><\/div><div id='av_section_1' class='avia-section main_color avia-section-no-padding avia-no-border-styling avia-full-stretch av-parallax-section avia-bg-style-parallax  av-minimum-height av-minimum-height-75 container_wrap fullsize' style = 'background-color: #000000; ' data-section-bg-repeat='stretch' ><div class='av-parallax' data-avia-parallax-ratio='0.3' ><div class='av-parallax-inner main_color  avia-full-stretch' style = 'background-color: #000000; background-repeat: no-repeat; background-image: url(https:\/\/casa.oaxaca.gob.mx\/wp-content\/uploads\/2025\/09\/Intensivo-de-lectoescritura-del-didxaza_portada-scaled.jpg); background-attachment: scroll; background-position: bottom center; ' ><\/div><\/div><div class='container' ><div class='template-page content  av-content-full alpha units'><div class='post-entry post-entry-type-page post-entry-17623'><div class='entry-content-wrapper clearfix'>\n<div style='padding-bottom:10px;color:#ffffff;font-size:50px;' class='av-special-heading av-special-heading-h3 custom-color-heading blockquote modern-quote  av-inherit-size'><h3 class='av-special-heading-tag'  itemprop=\"headline\"  >Taller presencial. Intensivo de Lectoescritura del Didxaz\u00e1.<\/h3><div class ='av-subheading av-subheading_below av_custom_color' style='font-size:25px;'><p>Imparte: Nelson Guerra L\u00f3pez<\/p>\n<p>Sede: H. Juchit\u00e1n de Zaragoza, Oaxaca<\/p>\n<\/div><div class='special-heading-border'><div class='special-heading-inner-border' style='border-color:#ffffff'><\/div><\/div><\/div>\n\n<\/div><\/div><\/div><!-- close content main div --><\/div><\/div><div id='av-layout-grid-1' class='av-layout-grid-container entry-content-wrapper main_color av-flex-cells  container_wrap fullsize'   >\n<div class=\"flex_cell no_margin av_one_full   \" style='vertical-align:top; padding:30px; background-color:#ED9600; '><div class='flex_cell_inner' ><p><div class=\"flex_column av_one_fourth  flex_column_div av-zero-column-padding first  \" style='border-radius:0px; '><div style='padding-bottom:10px;color:#ffffff;' class='av-special-heading av-special-heading-h3 custom-color-heading blockquote modern-quote '><h3 class='av-special-heading-tag'  itemprop=\"headline\"  >Cierre de inscripciones<\/h3><div class ='av-subheading av-subheading_below av_custom_color' style='font-size:20px;'><p>Lunes 12 de octubre de 2025<\/p>\n<p>Publicaci\u00f3n de resultados<br \/>\nMi\u00e9rcoles 15 de octubre de 2025<\/p>\n<\/div><div class='special-heading-border'><div class='special-heading-inner-border' style='border-color:#ffffff'><\/div><\/div><\/div><\/div><div class=\"flex_column av_one_fourth  flex_column_div av-zero-column-padding   \" style='border-radius:0px; '><div style='padding-bottom:10px;color:#ffffff;' class='av-special-heading av-special-heading-h3 custom-color-heading blockquote modern-quote '><h3 class='av-special-heading-tag'  itemprop=\"headline\"  >Fechas<\/h3><div class ='av-subheading av-subheading_below av_custom_color' style='font-size:20px;'><p>Lunes a viernes<br \/>\nDel 20 al 24 de octubre de 2025<\/p>\n<\/div><div class='special-heading-border'><div class='special-heading-inner-border' style='border-color:#ffffff'><\/div><\/div><\/div><\/div><div class=\"flex_column av_one_fourth  flex_column_div av-zero-column-padding   \" style='border-radius:0px; '><div style='padding-bottom:10px;color:#ffffff;' class='av-special-heading av-special-heading-h3 custom-color-heading blockquote modern-quote '><h3 class='av-special-heading-tag'  itemprop=\"headline\"  >Horario<\/h3><div class ='av-subheading av-subheading_below av_custom_color' style='font-size:20px;'><p>16 a 20 h<\/p>\n<\/div><div class='special-heading-border'><div class='special-heading-inner-border' style='border-color:#ffffff'><\/div><\/div><\/div><\/div><div class=\"flex_column av_one_fourth  flex_column_div av-zero-column-padding   \" style='border-radius:0px; '><section class=\"avia_codeblock_section avia_code_block_0\"  itemscope=\"itemscope\" itemtype=\"https:\/\/schema.org\/BlogPosting\" itemprop=\"blogPost\" ><div class='avia_codeblock '  itemprop=\"text\" > [avia_codeblock_placeholder uid=\"0\"] <\/div><\/section><\/div><\/p>\n<\/div><\/div>\n<\/div>\n<div class=\"flex_column av_two_fifth  flex_column_div av-zero-column-padding first  \" style='border-radius:0px; '><p><div class='av-social-sharing-box '><div class='av-share-box'><h5 class='av-share-link-description'>Compartir esta actividad<\/h5><ul class='av-share-box-list noLightbox'><li class='av-share-link av-social-link-facebook' ><a target='_blank' href='http:\/\/www.facebook.com\/sharer.php?u=https:\/\/casa.oaxaca.gob.mx\/?p=17623&amp;t=Taller%20presencial.%20Intensivo%20de%20Lectoescritura%20del%20Didxaz%C3%A1.%20Imparte%3A%20Nelson%20Guerra%20L%C3%B3pez.' aria-hidden='true' data-av_icon='\ue8f3' data-av_iconfont='entypo-fontello' title='' data-avia-related-tooltip='Share on Facebook'><span class='avia_hidden_link_text'>Share on Facebook<\/span><\/a><\/li><li class='av-share-link av-social-link-twitter' ><a target='_blank' href='https:\/\/twitter.com\/share?text=Taller%20presencial.%20Intensivo%20de%20Lectoescritura%20del%20Didxaz%C3%A1.%20Imparte%3A%20Nelson%20Guerra%20L%C3%B3pez.&url=https:\/\/casa.oaxaca.gob.mx\/?p=17623' aria-hidden='true' data-av_icon='\ue8f1' data-av_iconfont='entypo-fontello' title='' data-avia-related-tooltip='Share on Twitter'><span class='avia_hidden_link_text'>Share on Twitter<\/span><\/a><\/li><li class='av-share-link av-social-link-gplus' ><a target='_blank' href='https:\/\/plus.google.com\/share?url=https:\/\/casa.oaxaca.gob.mx\/?p=17623' aria-hidden='true' data-av_icon='\ue8f6' data-av_iconfont='entypo-fontello' title='' data-avia-related-tooltip='Share on Google+'><span class='avia_hidden_link_text'>Share on Google+<\/span><\/a><\/li><li class='av-share-link av-social-link-pinterest' ><a target='_blank' href='http:\/\/pinterest.com\/pin\/create\/button\/?url=https%3A%2F%2Fcasa.oaxaca.gob.mx%2F%3Fp%3D17623&amp;description=Taller%20presencial.%20Intensivo%20de%20Lectoescritura%20del%20Didxaz%C3%A1.%20Imparte%3A%20Nelson%20Guerra%20L%C3%B3pez.&amp;media=https%3A%2F%2Fcasa.oaxaca.gob.mx%2Fwp-content%2Fuploads%2F2025%2F09%2FIntensivo-de-lectoescritura-del-didxaza_cerrada-705x484.jpg' aria-hidden='true' data-av_icon='\ue8f8' data-av_iconfont='entypo-fontello' title='' data-avia-related-tooltip='Share on Pinterest'><span class='avia_hidden_link_text'>Share on Pinterest<\/span><\/a><\/li><li class='av-share-link av-social-link-mail' ><a  href='mailto:?subject=Taller%20presencial.%20Intensivo%20de%20Lectoescritura%20del%20Didxaz%C3%A1.%20Imparte%3A%20Nelson%20Guerra%20L%C3%B3pez.&amp;body=https:\/\/casa.oaxaca.gob.mx\/?p=17623' aria-hidden='true' data-av_icon='\ue805' data-av_iconfont='entypo-fontello' title='' data-avia-related-tooltip='Share by Mail'><span class='avia_hidden_link_text'>Share by Mail<\/span><\/a><\/li><\/ul><\/div><\/div><br \/>\n<div  class='hr hr-default '><span class='hr-inner ' ><span class='hr-inner-style'><\/span><\/span><\/div><br \/>\n<div style='padding-bottom:10px;font-size:30px;' class='av-special-heading av-special-heading-h3  blockquote modern-quote  av-inherit-size'><h3 class='av-special-heading-tag'  itemprop=\"headline\"  >Sobre el tallerista<\/h3><div class='special-heading-border'><div class='special-heading-inner-border' ><\/div><\/div><\/div><br \/>\n<div class='avia-data-table-wrap avia_responsive_table'><table class='avia-table avia-data-table avia-table-1  avia_pricing_default'  itemscope=\"itemscope\" itemtype=\"https:\/\/schema.org\/Table\" ><tbody><tr class='avia-heading-row'><th class=''>Nelson Guerra L\u00f3pez<\/th><\/tr><tr class=''><td class=''>Originario de Juchit\u00e1n de Zaragoza, Oaxaca; de la S\u00e9ptima Secci\u00f3n de la ciudad zapoteca, es psic\u00f3logo, psicoterapeuta, risoterapia, conferencista, escritor, poeta, compositor, cantautor, traductor biling\u00fce, as\u00ed como promotor de la salud, del deporte y de la cultura.<\/p>\n<p>En el a\u00f1o 2007, cofund\u00f3 junto con otros profesionistas y ciudadanos el grupo de j\u00f3venes Xquenda Binni Laanu (Esp\u00edritu de nuestra gente), una iniciativa orientada al fortalecimiento de los valores comunitarios. Ha participado en congresos y encuentros especializados, como el Primer Congreso Internacional de Risoterapia, organizado en l\u00ednea por la Red Mundial de Risoterapeutas (Espa\u00f1a, 2020).<\/p>\n<p>Fiel a su compromiso con la preservaci\u00f3n y promoci\u00f3n de su lengua materna, el didxaz\u00e1 (zapoteco de la planicie costera), ha incursionado en la poes\u00eda y la m\u00fasica en lengua originaria. Desde hace m\u00e1s de quince a\u00f1os imparte talleres de alfabetizaci\u00f3n en didxaz\u00e1 dirigidos a ni\u00f1os, j\u00f3venes y adultos, como el Taller de Iniciaci\u00f3n para padres e hijos \u2014modalidad creada por \u00e9l mismo\u2014, as\u00ed como cursos de lectoescritura, creaci\u00f3n literaria, composici\u00f3n musical y elaboraci\u00f3n de materiales did\u00e1cticos en lengua zapoteca.<\/p>\n<p>En 2016 fue galardonado con el primer lugar en la categor\u00eda de poes\u00eda en lengua zapoteca del Premio CaSa de Creaci\u00f3n Literaria en Lenguas Originarias, otorgado por el Centro de las Artes de San Agust\u00edn (CaSa) y la Direcci\u00f3n General de Culturas Populares.<\/p>\n<p>En 2023, particip\u00f3 en el Festival Internacional de Poes\u00eda de la Ciudad de M\u00e9xico, y en 2024 fue seleccionado para las Residencias de Producci\u00f3n Art\u00edstica en Lenguas Originarias, organizadas por el Instituto de Artes Gr\u00e1ficas de Oaxaca (IAGO) y la asociaci\u00f3n Amigos del IAGO y del CFMAB A.C., se present\u00f3 en la 46\u00aa edici\u00f3n de la Feria Internacional del Libro del Palacio de Miner\u00eda, en la Ciudad de M\u00e9xico y recientemente en la Feria Intercultural de Escritura y Lectura de Oaxaca (FIELO 2025).<\/p>\n<p>En 2025, sus poemas fueron publicados en la Antolog\u00eda \u201cMezcal y Poes\u00eda\u201d; Editorial Pigmali\u00f3n (Madrid Espa\u00f1a), dicha Antolog\u00eda recibi\u00f3 el Premio Escriduende 2025, en la Feria Internacional del Libro En Madrid Espa\u00f1a; en la Antolog\u00eda de Haiku \u201cRel\u00e1mpagos\u201d, Editorial Universidad Aut\u00f3noma del Estado de Hidalgo (UAEH); Pachuca Hidalgo, M\u00e9xico.<br \/>\n<\/td><\/tr><\/tbody><\/table><\/div><style type='text\/css'>.avia-table-1 td:nth-of-type(1):before { content: 'Nelson Guerra L\u00f3pez'; } <\/style><\/p><\/div>\n<div class=\"flex_column av_three_fifth  flex_column_div av-zero-column-padding   \" style='border-radius:0px; '><p><div style='padding-bottom:10px;font-size:30px;' class='av-special-heading av-special-heading-h3  blockquote modern-quote   av-inherit-size'><h3 class='av-special-heading-tag'  itemprop=\"headline\"  >Acerca del taller<\/h3><div class='special-heading-border'><div class='special-heading-inner-border' ><\/div><\/div><\/div><br \/>\n<div class='avia-data-table-wrap avia_responsive_table'><table class='avia-table avia-data-table avia-table-2  avia_pricing_default'  itemscope=\"itemscope\" itemtype=\"https:\/\/schema.org\/Table\" ><tbody><tr class=''><td class=''>Taller de lectoescritura del didxaz\u00e1 (zapoteco del istmo de tehuantepec)<\/td><\/tr><tr class=''><td class=''>Sede: H. Juchit\u00e1n de Zaragoza, Oaxaca<\/td><\/tr><\/tbody><\/table><\/div><style type='text\/css'><\/style><br \/>\n<div class='avia-data-table-wrap avia_responsive_table'><table class='avia-table avia-data-table avia-table-3  avia_pricing_default'  itemscope=\"itemscope\" itemtype=\"https:\/\/schema.org\/Table\" ><tbody><tr class='avia-heading-row'><th class=''>Descripci\u00f3n general<\/th><\/tr><tr class=''><td class=''>Taller de lectoescritura del didxaz\u00e1 (zapoteco de la planicie costera \/ zapoteco del istmo de tehuantepec), dirigido a hablantes y no hablantes del didxaz\u00e1, en el taller se abordar\u00e1n temas relacionados con los principios b\u00e1sicos de la lectoescritura, de acuerdo a la gram\u00e1tica en turno de la lengua didxaz\u00e1. Se brindar\u00e1n herramientas did\u00e1cticas, pedag\u00f3gicas, emocionales y sociales que propicien un ambiente para el aprendizaje de la lengua<br \/>\n<\/td><\/tr><tr class='avia-heading-row'><th class=''>Objetivo general<\/th><\/tr><tr class=''><td class=''>Fomentar la lectoescritura de la lengua didxaz\u00e1 a trav\u00e9s de la exploraci\u00f3n de textos de autores y autoras.<\/td><\/tr><tr class='avia-heading-row'><th class=''>Objetivos espec\u00edficos<\/th><\/tr><tr class=''><td class=''>*Conozcan los principios B\u00e1sicos del Didxaz\u00e1<br \/>\n*Caracter\u00edsticas del Didxaz\u00e1<br \/>\n*Aprender el Alfabeto Popular para la lectoescritura del Didxaz\u00e1<br \/>\n<\/td><\/tr><tr class='avia-heading-row'><th class=''>Temas<\/th><\/tr><tr class=''><td class=''>Presentaci\u00f3n del Taller y de cada uno de los asistentes al Taller y del Instructor.<br \/>\nBreve Charla de Concientizaci\u00f3n sobre el Didxaz\u00e1 (situaci\u00f3n actual, prejuicios, importancia, etc.)<br \/>\nPrincipios B\u00e1sicos de la Lectoescritura del Didxaz\u00e1<br \/>\nAlfabeto popular de la lengua zapoteca (consonantes y vocales del zapoteco, Pronombres&#8230;).<br \/>\nAlfabeto Popular<br \/>\nTipos de Vocales en Zapoteco<br \/>\nLos Fonemas Incorporados al zapoteco: X, XH, Z y DX<br \/>\nPronombres Independientes<br \/>\nPronombres para Personas<br \/>\nPronombres para Animales y Cosas<br \/>\nLos Adjetivos Demostrativos<br \/>\nAdjetivos Demostrativos para Personas<br \/>\nAdjetivos Demostrativos para Cosas<br \/>\nAdjetivos Demostrativos para Lugar y Direcci\u00f3n.<br \/>\nGuendariui\u2019 diidxa\u2019 lu didxaz\u00e1 (Di\u00e1logo en zapoteco)<br \/>\nNeza (Direcci\u00f3n o Domicilio)<br \/>\nNdaa Guidxi (las Secciones en zapoteco).<br \/>\nGuidapa\u2019 N\u00e1\u2019 Guidxilay\u00fa (los Cuatro puntos Cardinales en zapoteco).<br \/>\nXigaba\u2019 lu Didxaz\u00e1 (medici\u00f3n del tiempo, hora, conteo, numeraci\u00f3n en zapoteco)<br \/>\nXigaba\u2019 Dxi (medici\u00f3n del tiempo)<br \/>\nXigaba\u2019 (Numeraci\u00f3n: N\u00fameros ordinales y cardinales)<br \/>\n<\/td><\/tr><\/tbody><\/table><\/div><style type='text\/css'>.avia-table-3 td:nth-of-type(1):before { content: 'Descripci\u00f3n general'; } <\/style><br \/>\n<div style='padding-bottom:10px;font-size:30px;' class='av-special-heading av-special-heading-h3  blockquote modern-quote   av-inherit-size'><h3 class='av-special-heading-tag'  itemprop=\"headline\"  >Requisitos de inscripci\u00f3n<\/h3><div class='special-heading-border'><div class='special-heading-inner-border' ><\/div><\/div><\/div><br \/>\n<div class='avia-data-table-wrap avia_responsive_table'><table class='avia-table avia-data-table avia-table-4  avia_pricing_default'  itemscope=\"itemscope\" itemtype=\"https:\/\/schema.org\/Table\" ><tbody><tr class=''><td class=''>&#8212;<\/td><\/tr><tr class=''><td class=''>&#8211; Si tienes inter\u00e9s deber\u00e1s llenar el formulario con los datos completos que se encuentra en esta p\u00e1gina.<br \/>\n&#8211; La lista de seleccionados se publicar\u00e1 en esta p\u00e1gina, tambi\u00e9n se les notificar\u00e1 v\u00eda correo electr\u00f3nico con los detalles de la actividad.<br \/>\n&#8211; Actividad gratuita.<br \/>\n&#8211; Los talleristas ser\u00e1n los responsables de realizar la selecci\u00f3n de alumnos bajo sus criterios.<br \/>\n<\/td><\/tr><\/tbody><\/table><\/div><style type='text\/css'><\/style><br \/>\n<div class='avia-data-table-wrap avia_responsive_table'><table class='avia-table avia-data-table avia-table-5  avia_pricing_default'  itemscope=\"itemscope\" itemtype=\"https:\/\/schema.org\/Table\" ><tbody><tr class='avia-heading-row'><th class=''>Material que se le solicitar\u00e1 al alumno(a)<\/th><\/tr><tr class=''><td class=''>Cuaderno, l\u00e1piz, borrador y sacapuntas. <\/td><\/tr><\/tbody><\/table><\/div><style type='text\/css'>.avia-table-5 td:nth-of-type(1):before { content: 'Material que se le solicitar\u00e1 al alumno(a)'; } <\/style><br \/>\n<div class='avia-data-table-wrap avia_responsive_table'><table class='avia-table avia-data-table avia-table-6  avia_pricing_default'  itemscope=\"itemscope\" itemtype=\"https:\/\/schema.org\/Table\" ><tbody><tr class='avia-heading-row'><th class=''>Criterios de selecci\u00f3n de alumnos<\/th><\/tr><tr class=''><td class=''>-Dirigido a adolescentes de 13 a\u00f1os en adelante que tengan inter\u00e9s en los temas<br \/>\n-Ser hablante o no del Didxaz\u00e1<br \/>\n-Ser o no de Juchit\u00e1n<br \/>\n-Los primeros 15 personas que cumplan con los criterios<br \/>\n<\/td><\/tr><\/tbody><\/table><\/div><style type='text\/css'>.avia-table-6 td:nth-of-type(1):before { content: 'Criterios de selecci\u00f3n de alumnos'; } <\/style><br \/>\n<div class='avia-data-table-wrap avia_responsive_table'><table class='avia-table avia-data-table avia-table-7  avia_pricing_default'  itemscope=\"itemscope\" itemtype=\"https:\/\/schema.org\/Table\" ><tbody><tr class='avia-heading-row'><th class=''>Nota para los seleccionados<\/th><\/tr><tr class=''><td class=''>-Clases presenciales en el Espacio Psicoterap\u00e9utico y Cultural -Xuba\u2019 Bin\u00ed-, (dejando la posibilidad de cambio de Sede, por cualquier situaci\u00f3n e imprevisto, donde la alternativa ser\u00eda: Casa de la Cultura o en otra sede de acuerdo a la necesidad) en la H. Cd. De Juchit\u00e1n de Zaragoza, Oaxaca.<br \/>\n&#8211; Se dejar\u00e1n ejercicios espec\u00edficos a cada estudiante, es fundamental realizarlos para continuar con la siguiente clase.<br \/>\n&#8211; Tener el compromiso y el tiempo para llevar a cabo el taller, ya que las inasistencias injustificadas ser\u00e1n motivo de suspensi\u00f3n y no podr\u00e1 ingresar a talleres futuros.<br \/>\n&#8211; Durante el taller nos estaremos comunicando por medio de mensajes en un grupo de WhatsApp, por ser una herramienta m\u00e1s r\u00e1pida para poder tener una mejor comunicaci\u00f3n con lo que respecta al taller.<br \/>\n&#8211; Actividad gratuita.<br \/>\n&#8211; Los talleristas ser\u00e1n los responsables de realizar la selecci\u00f3n de alumnos bajo sus criterios.<br \/>\n<\/td><\/tr><\/tbody><\/table><\/div><style type='text\/css'>.avia-table-7 td:nth-of-type(1):before { content: 'Nota para los seleccionados'; } <\/style><\/p><\/div>\n","protected":false},"excerpt":{"rendered":"","protected":false},"author":1,"featured_media":17790,"comment_status":"open","ping_status":"open","sticky":false,"template":"","format":"standard","meta":{"_exactmetrics_skip_tracking":false,"_exactmetrics_sitenote_active":false,"_exactmetrics_sitenote_note":"","_exactmetrics_sitenote_category":0,"footnotes":""},"categories":[204],"tags":[],"class_list":["post-17623","post","type-post","status-publish","format-standard","has-post-thumbnail","hentry","category-204"],"_links":{"self":[{"href":"https:\/\/casa.oaxaca.gob.mx\/index.php?rest_route=\/wp\/v2\/posts\/17623","targetHints":{"allow":["GET"]}}],"collection":[{"href":"https:\/\/casa.oaxaca.gob.mx\/index.php?rest_route=\/wp\/v2\/posts"}],"about":[{"href":"https:\/\/casa.oaxaca.gob.mx\/index.php?rest_route=\/wp\/v2\/types\/post"}],"author":[{"embeddable":true,"href":"https:\/\/casa.oaxaca.gob.mx\/index.php?rest_route=\/wp\/v2\/users\/1"}],"replies":[{"embeddable":true,"href":"https:\/\/casa.oaxaca.gob.mx\/index.php?rest_route=%2Fwp%2Fv2%2Fcomments&post=17623"}],"version-history":[{"count":3,"href":"https:\/\/casa.oaxaca.gob.mx\/index.php?rest_route=\/wp\/v2\/posts\/17623\/revisions"}],"predecessor-version":[{"id":18041,"href":"https:\/\/casa.oaxaca.gob.mx\/index.php?rest_route=\/wp\/v2\/posts\/17623\/revisions\/18041"}],"wp:featuredmedia":[{"embeddable":true,"href":"https:\/\/casa.oaxaca.gob.mx\/index.php?rest_route=\/wp\/v2\/media\/17790"}],"wp:attachment":[{"href":"https:\/\/casa.oaxaca.gob.mx\/index.php?rest_route=%2Fwp%2Fv2%2Fmedia&parent=17623"}],"wp:term":[{"taxonomy":"category","embeddable":true,"href":"https:\/\/casa.oaxaca.gob.mx\/index.php?rest_route=%2Fwp%2Fv2%2Fcategories&post=17623"},{"taxonomy":"post_tag","embeddable":true,"href":"https:\/\/casa.oaxaca.gob.mx\/index.php?rest_route=%2Fwp%2Fv2%2Ftags&post=17623"}],"curies":[{"name":"wp","href":"https:\/\/api.w.org\/{rel}","templated":true}]}}