{"id":17626,"date":"2025-09-23T12:42:22","date_gmt":"2025-09-23T18:42:22","guid":{"rendered":"https:\/\/casa.oaxaca.gob.mx\/?p=17626"},"modified":"2026-01-22T13:46:43","modified_gmt":"2026-01-22T19:46:43","slug":"taller-presencial-grabado-en-mdf-imparte-damara-rosales","status":"publish","type":"post","link":"https:\/\/casa.oaxaca.gob.mx\/?p=17626","title":{"rendered":"Taller presencial. Deshilar la imagen. Imparte: Ariadna Rojas Alc\u00e1ntara."},"content":{"rendered":"<\/div><\/div><\/div><!-- close content main div --><\/div><\/div><div id='av_section_1' class='avia-section main_color avia-section-no-padding avia-no-border-styling avia-full-stretch av-parallax-section avia-bg-style-parallax  av-minimum-height av-minimum-height-75 container_wrap fullsize' style = 'background-color: #000000; ' data-section-bg-repeat='stretch' ><div class='av-parallax' data-avia-parallax-ratio='0.3' ><div class='av-parallax-inner main_color  avia-full-stretch' style = 'background-color: #000000; background-repeat: no-repeat; background-image: url(https:\/\/casa.oaxaca.gob.mx\/wp-content\/uploads\/2025\/09\/Deshilar-la-imagen_portada-scaled.jpg); background-attachment: scroll; background-position: bottom center; ' ><\/div><\/div><div class='container' ><div class='template-page content  av-content-full alpha units'><div class='post-entry post-entry-type-page post-entry-17626'><div class='entry-content-wrapper clearfix'>\n<div style='padding-bottom:10px;color:#ffffff;font-size:50px;' class='av-special-heading av-special-heading-h3 custom-color-heading blockquote modern-quote  av-inherit-size'><h3 class='av-special-heading-tag'  itemprop=\"headline\"  >Taller presencial. Deshilar la imagen.<\/h3><div class ='av-subheading av-subheading_below av_custom_color' style='font-size:25px;'><p>Imparte: Ariadna Rojas Alc\u00e1ntara.<\/p>\n<\/div><div class='special-heading-border'><div class='special-heading-inner-border' style='border-color:#ffffff'><\/div><\/div><\/div>\n\n<\/div><\/div><\/div><!-- close content main div --><\/div><\/div><div id='av-layout-grid-1' class='av-layout-grid-container entry-content-wrapper main_color av-flex-cells  container_wrap fullsize'   >\n<div class=\"flex_cell no_margin av_one_full   \" style='vertical-align:top; padding:30px; background-color:#ED9600; '><div class='flex_cell_inner' ><p><div class=\"flex_column av_one_fourth  flex_column_div av-zero-column-padding first  \" style='border-radius:0px; '><div style='padding-bottom:10px;color:#ffffff;' class='av-special-heading av-special-heading-h3 custom-color-heading blockquote modern-quote '><h3 class='av-special-heading-tag'  itemprop=\"headline\"  >Cierre de inscripciones<\/h3><div class ='av-subheading av-subheading_below av_custom_color' style='font-size:20px;'><p>Domingo 12 de octubre de 2025<\/p>\n<p>Publicaci\u00f3n de resultados<br \/>\nMi\u00e9rcoles 15 de octubre de 2025<\/p>\n<\/div><div class='special-heading-border'><div class='special-heading-inner-border' style='border-color:#ffffff'><\/div><\/div><\/div><\/div><div class=\"flex_column av_one_fourth  flex_column_div av-zero-column-padding   \" style='border-radius:0px; '><div style='padding-bottom:10px;color:#ffffff;' class='av-special-heading av-special-heading-h3 custom-color-heading blockquote modern-quote '><h3 class='av-special-heading-tag'  itemprop=\"headline\"  >Fechas<\/h3><div class ='av-subheading av-subheading_below av_custom_color' style='font-size:20px;'><p>Lunes a viernes<br \/>\nDel 20 al 24 de octubre de 2025<\/p>\n<\/div><div class='special-heading-border'><div class='special-heading-inner-border' style='border-color:#ffffff'><\/div><\/div><\/div><\/div><div class=\"flex_column av_one_fourth  flex_column_div av-zero-column-padding   \" style='border-radius:0px; '><div style='padding-bottom:10px;color:#ffffff;' class='av-special-heading av-special-heading-h3 custom-color-heading blockquote modern-quote  '><h3 class='av-special-heading-tag'  itemprop=\"headline\"  >Horario<\/h3><div class ='av-subheading av-subheading_below av_custom_color' style='font-size:20px;'><p>10 a 14 h<\/p>\n<\/div><div class='special-heading-border'><div class='special-heading-inner-border' style='border-color:#ffffff'><\/div><\/div><\/div><\/div><div class=\"flex_column av_one_fourth  flex_column_div av-zero-column-padding   \" style='border-radius:0px; '><section class=\"avia_codeblock_section avia_code_block_0\"  itemscope=\"itemscope\" itemtype=\"https:\/\/schema.org\/BlogPosting\" itemprop=\"blogPost\" ><div class='avia_codeblock '  itemprop=\"text\" > [avia_codeblock_placeholder uid=\"0\"] <\/div><\/section><\/div><\/p>\n<\/div><\/div>\n<\/div>\n<div class=\"flex_column av_two_fifth  flex_column_div av-zero-column-padding first  \" style='border-radius:0px; '><p><div class='av-social-sharing-box '><div class='av-share-box'><h5 class='av-share-link-description'>Compartir esta actividad<\/h5><ul class='av-share-box-list noLightbox'><li class='av-share-link av-social-link-facebook' ><a target='_blank' href='http:\/\/www.facebook.com\/sharer.php?u=https:\/\/casa.oaxaca.gob.mx\/?p=17626&amp;t=Taller%20presencial.%20Deshilar%20la%20imagen.%20Imparte%3A%20Ariadna%20Rojas%20Alc%C3%A1ntara.' aria-hidden='true' data-av_icon='\ue8f3' data-av_iconfont='entypo-fontello' title='' data-avia-related-tooltip='Share on Facebook'><span class='avia_hidden_link_text'>Share on Facebook<\/span><\/a><\/li><li class='av-share-link av-social-link-twitter' ><a target='_blank' href='https:\/\/twitter.com\/share?text=Taller%20presencial.%20Deshilar%20la%20imagen.%20Imparte%3A%20Ariadna%20Rojas%20Alc%C3%A1ntara.&url=https:\/\/casa.oaxaca.gob.mx\/?p=17626' aria-hidden='true' data-av_icon='\ue8f1' data-av_iconfont='entypo-fontello' title='' data-avia-related-tooltip='Share on Twitter'><span class='avia_hidden_link_text'>Share on Twitter<\/span><\/a><\/li><li class='av-share-link av-social-link-gplus' ><a target='_blank' href='https:\/\/plus.google.com\/share?url=https:\/\/casa.oaxaca.gob.mx\/?p=17626' aria-hidden='true' data-av_icon='\ue8f6' data-av_iconfont='entypo-fontello' title='' data-avia-related-tooltip='Share on Google+'><span class='avia_hidden_link_text'>Share on Google+<\/span><\/a><\/li><li class='av-share-link av-social-link-pinterest' ><a target='_blank' href='http:\/\/pinterest.com\/pin\/create\/button\/?url=https%3A%2F%2Fcasa.oaxaca.gob.mx%2F%3Fp%3D17626&amp;description=Taller%20presencial.%20Deshilar%20la%20imagen.%20Imparte%3A%20Ariadna%20Rojas%20Alc%C3%A1ntara.&amp;media=https%3A%2F%2Fcasa.oaxaca.gob.mx%2Fwp-content%2Fuploads%2F2025%2F09%2FDeshilar-la-imagen_cerrada-705x484.jpg' aria-hidden='true' data-av_icon='\ue8f8' data-av_iconfont='entypo-fontello' title='' data-avia-related-tooltip='Share on Pinterest'><span class='avia_hidden_link_text'>Share on Pinterest<\/span><\/a><\/li><li class='av-share-link av-social-link-mail' ><a  href='mailto:?subject=Taller%20presencial.%20Deshilar%20la%20imagen.%20Imparte%3A%20Ariadna%20Rojas%20Alc%C3%A1ntara.&amp;body=https:\/\/casa.oaxaca.gob.mx\/?p=17626' aria-hidden='true' data-av_icon='\ue805' data-av_iconfont='entypo-fontello' title='' data-avia-related-tooltip='Share by Mail'><span class='avia_hidden_link_text'>Share by Mail<\/span><\/a><\/li><\/ul><\/div><\/div><br \/>\n<div  class='hr hr-default '><span class='hr-inner ' ><span class='hr-inner-style'><\/span><\/span><\/div><br \/>\n<div style='padding-bottom:10px;font-size:30px;' class='av-special-heading av-special-heading-h3  blockquote modern-quote   av-inherit-size'><h3 class='av-special-heading-tag'  itemprop=\"headline\"  >Sobre la tallerista<\/h3><div class='special-heading-border'><div class='special-heading-inner-border' ><\/div><\/div><\/div><br \/>\n<div class='avia-data-table-wrap avia_responsive_table'><table class='avia-table avia-data-table avia-table-1  avia_pricing_default'  itemscope=\"itemscope\" itemtype=\"https:\/\/schema.org\/Table\" ><tbody><tr class='avia-heading-row'><th class=''>Ariadna Rojas Alc\u00e1ntara<\/th><\/tr><tr class=''><td class=''>Fot\u00f3grafa independiente. Estudio en la Escuela Activa de Fotograf\u00eda. Curso el seminario de fotograf\u00eda contempor\u00e1nea impartido en el Centro de las Arte de San Agust\u00edn Etla, (CaSa), bajo la coordinaci\u00f3n del Centro de la Imagen, el \u201cDiplomado en artes visuales\u201d igualmente impartido en el Casa, ha sido beneficiaria de las becas otorgadas por la SECULTA. Fue parte del Programa de Fotograf\u00eda Contempor\u00e1nea impartido en el Centro de las Artes de Pachuca. Form\u00f3 parte de la selecci\u00f3n de la primera bienal de fotograf\u00eda en Oaxaca \u201cFOTOAX\u201d, seleccionada en el Festival internacional \u201cParaty em Foco\u201d as\u00ed como en la publicaci\u00f3n LAT photo magazine en su n\u00famero dedicado a la familia. Ha formado parte de exposiciones y publicaciones colectivas en la CDMX, Oaxaca, Pachuca, Guanajuato.<\/p>\n<p>En 2022 tuvo su primera exposici\u00f3n individual \u201cTerraria, paisajes de lo \u00edntimo\u201d en la Casa de la Cultura Oaxaque\u00f1a y en 2025 su segunda exposici\u00f3n individual \u201cEres bueno, invocaciones visuales\u201d en el Centro Fotogr\u00e1fico Manuel \u00c1lvarez Bravo\u201d.<\/p>\n<p>Desde 2013 se ha desempe\u00f1ado laboralmente impartiendo clases en la materia de fotograf\u00eda en universidades, as\u00ed como en el Centro Fotogr\u00e1fico Manuel \u00c1lvarez Bravo, ha sido tallerista en preparatorias dentro de la ciudad, as\u00ed como en colonias de la periferia y en comunidades rurales.<br \/>\n<\/td><\/tr><\/tbody><\/table><\/div><style type='text\/css'>.avia-table-1 td:nth-of-type(1):before { content: 'Ariadna Rojas Alc\u00e1ntara'; } <\/style><\/p><\/div>\n<div class=\"flex_column av_three_fifth  flex_column_div av-zero-column-padding   \" style='border-radius:0px; '><p><div style='padding-bottom:10px;font-size:30px;' class='av-special-heading av-special-heading-h3  blockquote modern-quote   av-inherit-size'><h3 class='av-special-heading-tag'  itemprop=\"headline\"  >Acerca del taller<\/h3><div class='special-heading-border'><div class='special-heading-inner-border' ><\/div><\/div><\/div><br \/>\n<div class='avia-data-table-wrap avia_responsive_table'><table class='avia-table avia-data-table avia-table-2  avia_pricing_default'  itemscope=\"itemscope\" itemtype=\"https:\/\/schema.org\/Table\" ><tbody><tr class=''><td class=''>LISTA DE SELECCIONADOS<\/td><\/tr><tr class=''><td class=''>F\u00e1tima Montserrat Bel\u00e9n Morales<br \/>\nSof\u00eda Alejandra Mart\u00ednez Mateos<br \/>\nAndrea Villaca\u00f1a Quevedo<br \/>\nHoliday Juko Martina<br \/>\nDiana Carre\u00f3n Higuera<br \/>\nClaudia Alejandra L\u00f3pez Vega<br \/>\nAndr\u00e9s Daniel Bustamante L\u00f3pez<br \/>\nKarla Ivet Luis Marcial<\/td><\/tr><\/tbody><\/table><\/div><style type='text\/css'><\/style><br \/>\n<div class='avia-data-table-wrap avia_responsive_table'><table class='avia-table avia-data-table avia-table-3  avia_pricing_default'  itemscope=\"itemscope\" itemtype=\"https:\/\/schema.org\/Table\" ><tbody><tr class='avia-heading-row'><th class=''>Descripci\u00f3n general<\/th><\/tr><tr class=''><td class=''>Este taller invita a reactivar y resignificar archivos fotogr\u00e1ficos personales, familiares o hist\u00f3ricos a trav\u00e9s del fotobordado. A partir de la exploraci\u00f3n de la memoria personal y colectiva, las y los participantes intervendr\u00e1n sus im\u00e1genes aplicando t\u00e9cnicas de bordado experimental e intuitivo sobre papel. Durante las sesiones se revisar\u00e1n artistas que trabajan con archivos y bordado, se explorar\u00e1n materiales, tipos de papel, hilos y puntadas b\u00e1sicas y avanzadas. El taller fomentar\u00e1 el di\u00e1logo en torno a la memoria, identidad y emociones, promoviendo la apropiaci\u00f3n creativa de los archivos y la construcci\u00f3n de nuevos discursos visuales<br \/>\n<\/td><\/tr><tr class='avia-heading-row'><th class=''>Objetivo general<\/th><\/tr><tr class=''><td class=''>Promover la resignificaci\u00f3n de la memoria personal y colectiva mediante la intervenci\u00f3n de archivos fotogr\u00e1ficos con t\u00e9cnicas de fotobordado sobre papel.<br \/>\n<\/td><\/tr><tr class='avia-heading-row'><th class=''>Objetivos espec\u00edficos<\/th><\/tr><tr class=''><td class=''>&#8211; Conocer referentes art\u00edsticos que trabajan con bordado y archivo para enriquecer la pr\u00e1ctica personal.<br \/>\n&#8211; Aprender t\u00e9cnicas b\u00e1sicas y avanzadas de bordado sobre papel aplicadas a la fotograf\u00eda.<br \/>\n&#8211; Generar un espacio de di\u00e1logo y reflexi\u00f3n sobre memoria, archivo, identidad y emociones a partir de los procesos creativos.<\/p>\n<p><\/td><\/tr><tr class='avia-heading-row'><th class=''>Temas<\/th><\/tr><tr class=''><td class=''>Sesi\u00f3n 1. Introducci\u00f3n al taller<br \/>\nPresentaci\u00f3n de participantes y sus motivaciones.<br \/>\nRevisi\u00f3n y an\u00e1lisis de artistas cuyo eje de trabajo es el bordado en tela y papel.<br \/>\nRevisi\u00f3n de artistas que trabajan con archivos fotogr\u00e1ficos.<br \/>\nExploraci\u00f3n de materiales: tipos de papel y gramajes, hilos y agujas.<br \/>\nLecturas sobre el acompa\u00f1amiento del bordado y su historia.<br \/>\nCompartencia en colectivo de fotograf\u00edas personales y de archivo.<br \/>\nSesi\u00f3n 2. T\u00e9cnicas iniciales de bordado sobre papel<br \/>\nElaboraci\u00f3n de un muestrario con puntadas b\u00e1sicas: hilv\u00e1n, punto atr\u00e1s, punto partido, entre otras.<br \/>\nRevisi\u00f3n de material de cada participante.<br \/>\nElaboraci\u00f3n de bocetos con papel albanene sobre una fotograf\u00eda.<br \/>\nLecturas y reflexiones sobre la historia del bordado.<br \/>\nSesi\u00f3n 3. Profundizaci\u00f3n en t\u00e9cnicas y reflexi\u00f3n<br \/>\nAmpliaci\u00f3n del muestrario con puntadas intermedias: nudo franc\u00e9s, cadenilla, coral, etc.<br \/>\nReflexi\u00f3n colectiva sobre el sentido y mensaje al bordar una imagen.<br \/>\nInicio de la intervenci\u00f3n en fotograf\u00edas personales, planteando un discurso o proyecto visual.<br \/>\nSesiones 4 y 5. Desarrollo de proyectos y cierre<br \/>\nAplicaci\u00f3n de bordado en las fotograf\u00edas de cada participante.<br \/>\nEspacios de di\u00e1logo libre sobre memoria, archivo, identidad y emociones.<br \/>\nExploraci\u00f3n de combinaci\u00f3n de colores, hilos y texturas.<br \/>\nCompartencia de procesos entre participantes.<br \/>\nCierre del taller: activaci\u00f3n y apropiaci\u00f3n del archivo fotogr\u00e1fico familiar o p\u00fablico mediante el fotobordado, generando nuevos discursos visuales.<br \/>\n<\/td><\/tr><\/tbody><\/table><\/div><style type='text\/css'>.avia-table-3 td:nth-of-type(1):before { content: 'Descripci\u00f3n general'; } <\/style><br \/>\n<div style='padding-bottom:10px;font-size:30px;' class='av-special-heading av-special-heading-h3  blockquote modern-quote   av-inherit-size'><h3 class='av-special-heading-tag'  itemprop=\"headline\"  >Requisitos de inscripci\u00f3n<\/h3><div class='special-heading-border'><div class='special-heading-inner-border' ><\/div><\/div><\/div><br \/>\n<div class='avia-data-table-wrap avia_responsive_table'><table class='avia-table avia-data-table avia-table-4  avia_pricing_default'  itemscope=\"itemscope\" itemtype=\"https:\/\/schema.org\/Table\" ><tbody><tr class=''><td class=''>&#8211; Ser claro, al exponer tus motivos de inter\u00e9s para que cumplas con todos los criterios de selecci\u00f3n.<\/td><\/tr><tr class=''><td class=''>&#8211; Si tienes inter\u00e9s deber\u00e1s llenar el formulario con los datos completos que se encuentra en esta p\u00e1gina.<br \/>\n&#8211; La lista de seleccionados se publicar\u00e1 en esta p\u00e1gina, tambi\u00e9n se les notificar\u00e1 v\u00eda correo electr\u00f3nico con los detalles de la actividad.<br \/>\n&#8211; Actividad gratuita.<br \/>\n&#8211; Los talleristas ser\u00e1n los responsables de realizar la selecci\u00f3n de alumnos bajo sus criterios.<br \/>\n<\/td><\/tr><\/tbody><\/table><\/div><style type='text\/css'><\/style><br \/>\n<div class='avia-data-table-wrap avia_responsive_table'><table class='avia-table avia-data-table avia-table-5  avia_pricing_default'  itemscope=\"itemscope\" itemtype=\"https:\/\/schema.org\/Table\" ><tbody><tr class='avia-heading-row'><th class=''>Material que se le solicitar\u00e1 al alumno(a)<\/th><\/tr><tr class=''><td class=''>-Fotograf\u00edas impresas<br \/>\n&#8211; Punz\u00f3n<br \/>\n<\/td><\/tr><\/tbody><\/table><\/div><style type='text\/css'>.avia-table-5 td:nth-of-type(1):before { content: 'Material que se le solicitar\u00e1 al alumno(a)'; } <\/style><br \/>\n<div class='avia-data-table-wrap avia_responsive_table'><table class='avia-table avia-data-table avia-table-6  avia_pricing_default'  itemscope=\"itemscope\" itemtype=\"https:\/\/schema.org\/Table\" ><tbody><tr class='avia-heading-row'><th class=''>Criterios de selecci\u00f3n de alumnos<\/th><\/tr><tr class=''><td class=''>&#8211; No se requiere experiencia previa en bordado ni en artes visuales.<br \/>\n&#8211; Contar con fotograf\u00edas personales, familiares o de archivo que deseen intervenir durante el taller.<br \/>\n&#8211; Inter\u00e9s en explorar la memoria personal y colectiva a trav\u00e9s de la fotograf\u00eda y el bordado.<br \/>\n&#8211; Disposici\u00f3n para compartir y dialogar en colectivo sobre experiencias, im\u00e1genes y procesos creativos.<br \/>\n<\/td><\/tr><\/tbody><\/table><\/div><style type='text\/css'>.avia-table-6 td:nth-of-type(1):before { content: 'Criterios de selecci\u00f3n de alumnos'; } <\/style><br \/>\n<div class='avia-data-table-wrap avia_responsive_table'><table class='avia-table avia-data-table avia-table-7  avia_pricing_default'  itemscope=\"itemscope\" itemtype=\"https:\/\/schema.org\/Table\" ><tbody><tr class='avia-heading-row'><th class=''>Nota para los seleccionados<\/th><\/tr><tr class=''><td class=''>&#8211; Clases presenciales en el sal\u00f3n de usos m\u00faltiples del CaSa<br \/>\n&#8211; Se dejar\u00e1n ejercicios espec\u00edficos a cada estudiante, es fundamental realizarlos para continuar con la siguiente clase.<br \/>\n&#8211; Tener el compromiso y el tiempo para llevar a cabo el taller, ya que las inasistencias injustificadas ser\u00e1n motivo de suspensi\u00f3n y no podr\u00e1 ingresar a talleres futuros.<br \/>\n&#8211; Asistir puntualmente a las sesiones y participar en las actividades propuestas.<br \/>\n&#8211; Durante el taller nos estaremos comunicando por medio de mensajes en un grupo de WhatsApp, por ser una herramienta m\u00e1s r\u00e1pida para poder tener una mejor comunicaci\u00f3n con lo que respecta al taller.<br \/>\n&#8211; Actividad gratuita.<br \/>\n&#8211; Los talleristas ser\u00e1n los responsables de realizar la selecci\u00f3n de alumnos bajo sus criterios.<br \/>\n<\/td><\/tr><\/tbody><\/table><\/div><style type='text\/css'>.avia-table-7 td:nth-of-type(1):before { content: 'Nota para los seleccionados'; } <\/style><br \/>\n<div id='av-masonry-1' class='av-masonry noHover av-flex-size av-large-gap av-hover-overlay-active av-masonry-col-flexible av-caption-always av-caption-style- av-masonry-gallery  '  ><div class='av-masonry-container isotope av-js-disabled ' ><div class='av-masonry-entry isotope-item av-masonry-item-no-image '><\/div><a href=\"https:\/\/casa.oaxaca.gob.mx\/wp-content\/uploads\/2025\/09\/1-1030x686.jpg\" id='av-masonry-1-item-17670' data-av-masonry-item='17670' class='av-masonry-entry isotope-item post-17670 attachment type-attachment status-inherit hentry  av-masonry-item-with-image' title=\"\"  itemprop=\"thumbnailUrl\" ><div class='av-inner-masonry-sizer'><\/div><figure class='av-inner-masonry main_color'><div class=\"av-masonry-outerimage-container\"><div class=\"av-masonry-image-container\" style=\"background-image: url(https:\/\/casa.oaxaca.gob.mx\/wp-content\/uploads\/2025\/09\/1-705x470.jpg);\"><img decoding=\"async\" src=\"https:\/\/casa.oaxaca.gob.mx\/wp-content\/uploads\/2025\/09\/1-705x470.jpg\" title=\"1\" alt=\"\" \/><\/div><\/div><figcaption class='av-inner-masonry-content site-background'><div class='av-inner-masonry-content-pos'><div class='av-inner-masonry-content-pos-content'><div class='avia-arrow'><\/div><h3 class='av-masonry-entry-title entry-title'  itemprop=\"headline\" >1<\/h3><\/div><\/div><\/figcaption><\/figure><\/a><!--end av-masonry entry--><a href=\"https:\/\/casa.oaxaca.gob.mx\/wp-content\/uploads\/2025\/09\/AriRojas-0004-1030x713.jpg\" id='av-masonry-1-item-17671' data-av-masonry-item='17671' class='av-masonry-entry isotope-item post-17671 attachment type-attachment status-inherit hentry  av-masonry-item-with-image' title=\"\"  itemprop=\"thumbnailUrl\" ><div class='av-inner-masonry-sizer'><\/div><figure class='av-inner-masonry main_color'><div class=\"av-masonry-outerimage-container\"><div class=\"av-masonry-image-container\" style=\"background-image: url(https:\/\/casa.oaxaca.gob.mx\/wp-content\/uploads\/2025\/09\/AriRojas-0004-705x488.jpg);\"><img decoding=\"async\" src=\"https:\/\/casa.oaxaca.gob.mx\/wp-content\/uploads\/2025\/09\/AriRojas-0004-705x488.jpg\" title=\"AriRojas-0004\" alt=\"\" \/><\/div><\/div><figcaption class='av-inner-masonry-content site-background'><div class='av-inner-masonry-content-pos'><div class='av-inner-masonry-content-pos-content'><div class='avia-arrow'><\/div><h3 class='av-masonry-entry-title entry-title'  itemprop=\"headline\" >AriRojas-0004<\/h3><\/div><\/div><\/figcaption><\/figure><\/a><!--end av-masonry entry--><a href=\"https:\/\/casa.oaxaca.gob.mx\/wp-content\/uploads\/2025\/09\/IMG_20241213_0005-copia-1030x735.jpg\" id='av-masonry-1-item-17672' data-av-masonry-item='17672' class='av-masonry-entry isotope-item post-17672 attachment type-attachment status-inherit hentry  av-masonry-item-with-image' title=\"\"  itemprop=\"thumbnailUrl\" ><div class='av-inner-masonry-sizer'><\/div><figure class='av-inner-masonry main_color'><div class=\"av-masonry-outerimage-container\"><div class=\"av-masonry-image-container\" style=\"background-image: url(https:\/\/casa.oaxaca.gob.mx\/wp-content\/uploads\/2025\/09\/IMG_20241213_0005-copia-705x503.jpg);\"><img decoding=\"async\" src=\"https:\/\/casa.oaxaca.gob.mx\/wp-content\/uploads\/2025\/09\/IMG_20241213_0005-copia-705x503.jpg\" title=\"IMG_20241213_0005 copia\" alt=\"\" \/><\/div><\/div><figcaption class='av-inner-masonry-content site-background'><div class='av-inner-masonry-content-pos'><div class='av-inner-masonry-content-pos-content'><div class='avia-arrow'><\/div><h3 class='av-masonry-entry-title entry-title'  itemprop=\"headline\" >IMG_20241213_0005 copia<\/h3><\/div><\/div><\/figcaption><\/figure><\/a><!--end av-masonry entry--><a href=\"https:\/\/casa.oaxaca.gob.mx\/wp-content\/uploads\/2025\/09\/IMG_20250329_0001-1030x716.jpg\" id='av-masonry-1-item-17673' data-av-masonry-item='17673' class='av-masonry-entry isotope-item post-17673 attachment type-attachment status-inherit hentry  av-masonry-item-with-image' title=\"\"  itemprop=\"thumbnailUrl\" ><div class='av-inner-masonry-sizer'><\/div><figure class='av-inner-masonry main_color'><div class=\"av-masonry-outerimage-container\"><div class=\"av-masonry-image-container\" style=\"background-image: url(https:\/\/casa.oaxaca.gob.mx\/wp-content\/uploads\/2025\/09\/IMG_20250329_0001-705x490.jpg);\"><img decoding=\"async\" src=\"https:\/\/casa.oaxaca.gob.mx\/wp-content\/uploads\/2025\/09\/IMG_20250329_0001-705x490.jpg\" title=\"IMG_20250329_0001\" alt=\"\" \/><\/div><\/div><figcaption class='av-inner-masonry-content site-background'><div class='av-inner-masonry-content-pos'><div class='av-inner-masonry-content-pos-content'><div class='avia-arrow'><\/div><h3 class='av-masonry-entry-title entry-title'  itemprop=\"headline\" >IMG_20250329_0001<\/h3><\/div><\/div><\/figcaption><\/figure><\/a><!--end av-masonry entry--><\/div><div class='av-masonry-pagination av-masonry-pagination-pagination'><nav class='pagination'><span class='pagination-meta'>Page 1 of 0<\/span><\/nav>\n<\/div><\/div><\/p><\/div>\n","protected":false},"excerpt":{"rendered":"","protected":false},"author":1,"featured_media":17628,"comment_status":"open","ping_status":"open","sticky":false,"template":"","format":"standard","meta":{"_exactmetrics_skip_tracking":false,"_exactmetrics_sitenote_active":false,"_exactmetrics_sitenote_note":"","_exactmetrics_sitenote_category":0,"footnotes":""},"categories":[204],"tags":[],"class_list":["post-17626","post","type-post","status-publish","format-standard","has-post-thumbnail","hentry","category-204"],"_links":{"self":[{"href":"https:\/\/casa.oaxaca.gob.mx\/index.php?rest_route=\/wp\/v2\/posts\/17626","targetHints":{"allow":["GET"]}}],"collection":[{"href":"https:\/\/casa.oaxaca.gob.mx\/index.php?rest_route=\/wp\/v2\/posts"}],"about":[{"href":"https:\/\/casa.oaxaca.gob.mx\/index.php?rest_route=\/wp\/v2\/types\/post"}],"author":[{"embeddable":true,"href":"https:\/\/casa.oaxaca.gob.mx\/index.php?rest_route=\/wp\/v2\/users\/1"}],"replies":[{"embeddable":true,"href":"https:\/\/casa.oaxaca.gob.mx\/index.php?rest_route=%2Fwp%2Fv2%2Fcomments&post=17626"}],"version-history":[{"count":4,"href":"https:\/\/casa.oaxaca.gob.mx\/index.php?rest_route=\/wp\/v2\/posts\/17626\/revisions"}],"predecessor-version":[{"id":17825,"href":"https:\/\/casa.oaxaca.gob.mx\/index.php?rest_route=\/wp\/v2\/posts\/17626\/revisions\/17825"}],"wp:featuredmedia":[{"embeddable":true,"href":"https:\/\/casa.oaxaca.gob.mx\/index.php?rest_route=\/wp\/v2\/media\/17628"}],"wp:attachment":[{"href":"https:\/\/casa.oaxaca.gob.mx\/index.php?rest_route=%2Fwp%2Fv2%2Fmedia&parent=17626"}],"wp:term":[{"taxonomy":"category","embeddable":true,"href":"https:\/\/casa.oaxaca.gob.mx\/index.php?rest_route=%2Fwp%2Fv2%2Fcategories&post=17626"},{"taxonomy":"post_tag","embeddable":true,"href":"https:\/\/casa.oaxaca.gob.mx\/index.php?rest_route=%2Fwp%2Fv2%2Ftags&post=17626"}],"curies":[{"name":"wp","href":"https:\/\/api.w.org\/{rel}","templated":true}]}}