{"id":17642,"date":"2025-09-23T12:49:23","date_gmt":"2025-09-23T18:49:23","guid":{"rendered":"https:\/\/casa.oaxaca.gob.mx\/?p=17642"},"modified":"2026-01-22T13:46:42","modified_gmt":"2026-01-22T19:46:42","slug":"taller-presencial-provocaciones-narrativas-en-la-fotografia-documental-imparte-alessandro-bo","status":"publish","type":"post","link":"https:\/\/casa.oaxaca.gob.mx\/?p=17642","title":{"rendered":"Taller presencial. Provocaciones narrativas en la fotograf\u00eda documental. Imparte: Alessandro Bo."},"content":{"rendered":"<\/div><\/div><\/div><!-- close content main div --><\/div><\/div><div id='av_section_1' class='avia-section main_color avia-section-no-padding avia-no-border-styling avia-full-stretch av-parallax-section avia-bg-style-parallax  av-minimum-height av-minimum-height-75 container_wrap fullsize' style = 'background-color: #000000; ' data-section-bg-repeat='stretch' ><div class='av-parallax' data-avia-parallax-ratio='0.3' ><div class='av-parallax-inner main_color  avia-full-stretch' style = 'background-color: #000000; background-repeat: no-repeat; background-image: url(https:\/\/casa.oaxaca.gob.mx\/wp-content\/uploads\/2025\/09\/Provocaciones-narrativas-en-la-fotografia-documental_portada-scaled.jpg); background-attachment: scroll; background-position: bottom center; ' ><\/div><\/div><div class='container' ><div class='template-page content  av-content-full alpha units'><div class='post-entry post-entry-type-page post-entry-17642'><div class='entry-content-wrapper clearfix'>\n<div style='padding-bottom:10px;color:#ffffff;font-size:50px;' class='av-special-heading av-special-heading-h3 custom-color-heading blockquote modern-quote  av-inherit-size'><h3 class='av-special-heading-tag'  itemprop=\"headline\"  >Taller presencial. Provocaciones narrativas en la fotograf\u00eda documental.<\/h3><div class ='av-subheading av-subheading_below av_custom_color' style='font-size:25px;'><p>Imparte: Alessandro Bo.<\/p>\n<\/div><div class='special-heading-border'><div class='special-heading-inner-border' style='border-color:#ffffff'><\/div><\/div><\/div>\n\n<\/div><\/div><\/div><!-- close content main div --><\/div><\/div><div id='av-layout-grid-1' class='av-layout-grid-container entry-content-wrapper main_color av-flex-cells  container_wrap fullsize'   >\n<div class=\"flex_cell no_margin av_one_full   \" style='vertical-align:top; padding:30px; background-color:#ED9600; '><div class='flex_cell_inner' ><p><div class=\"flex_column av_one_fourth  flex_column_div av-zero-column-padding first  \" style='border-radius:0px; '><div style='padding-bottom:10px;color:#ffffff;' class='av-special-heading av-special-heading-h3 custom-color-heading blockquote modern-quote '><h3 class='av-special-heading-tag'  itemprop=\"headline\"  >Cierre de inscripciones<\/h3><div class ='av-subheading av-subheading_below av_custom_color' style='font-size:20px;'><p>Domingo 19 de octubre de 2025<\/p>\n<p>Publicaci\u00f3n de resultados<br \/>\nMi\u00e9rcoles 21 de octubre de 2025<\/p>\n<\/div><div class='special-heading-border'><div class='special-heading-inner-border' style='border-color:#ffffff'><\/div><\/div><\/div><\/div><div class=\"flex_column av_one_fourth  flex_column_div av-zero-column-padding   \" style='border-radius:0px; '><div style='padding-bottom:10px;color:#ffffff;' class='av-special-heading av-special-heading-h3 custom-color-heading blockquote modern-quote '><h3 class='av-special-heading-tag'  itemprop=\"headline\"  >Fechas<\/h3><div class ='av-subheading av-subheading_below av_custom_color' style='font-size:20px;'><p>Lunes a viernes<br \/>\nDel 27 al 31 de octubre 2025<\/p>\n<\/div><div class='special-heading-border'><div class='special-heading-inner-border' style='border-color:#ffffff'><\/div><\/div><\/div><\/div><div class=\"flex_column av_one_fourth  flex_column_div av-zero-column-padding   \" style='border-radius:0px; '><div style='padding-bottom:10px;color:#ffffff;' class='av-special-heading av-special-heading-h3 custom-color-heading blockquote modern-quote  '><h3 class='av-special-heading-tag'  itemprop=\"headline\"  >Horario<\/h3><div class ='av-subheading av-subheading_below av_custom_color' style='font-size:20px;'><p>10 a 14 h<\/p>\n<\/div><div class='special-heading-border'><div class='special-heading-inner-border' style='border-color:#ffffff'><\/div><\/div><\/div><\/div><div class=\"flex_column av_one_fourth  flex_column_div av-zero-column-padding   \" style='border-radius:0px; '><section class=\"avia_codeblock_section avia_code_block_0\"  itemscope=\"itemscope\" itemtype=\"https:\/\/schema.org\/BlogPosting\" itemprop=\"blogPost\" ><div class='avia_codeblock '  itemprop=\"text\" > [avia_codeblock_placeholder uid=\"0\"] <\/div><\/section><\/div><\/p>\n<\/div><\/div>\n<\/div>\n<div class=\"flex_column av_two_fifth  flex_column_div av-zero-column-padding first  \" style='border-radius:0px; '><p><div class='av-social-sharing-box '><div class='av-share-box'><h5 class='av-share-link-description'>Compartir esta actividad<\/h5><ul class='av-share-box-list noLightbox'><li class='av-share-link av-social-link-facebook' ><a target='_blank' href='http:\/\/www.facebook.com\/sharer.php?u=https:\/\/casa.oaxaca.gob.mx\/?p=17642&amp;t=Taller%20presencial.%20Provocaciones%20narrativas%20en%20la%20fotograf%C3%ADa%20documental.%20Imparte%3A%20Alessandro%20Bo.' aria-hidden='true' data-av_icon='\ue8f3' data-av_iconfont='entypo-fontello' title='' data-avia-related-tooltip='Share on Facebook'><span class='avia_hidden_link_text'>Share on Facebook<\/span><\/a><\/li><li class='av-share-link av-social-link-twitter' ><a target='_blank' href='https:\/\/twitter.com\/share?text=Taller%20presencial.%20Provocaciones%20narrativas%20en%20la%20fotograf%C3%ADa%20documental.%20Imparte%3A%20Alessandro%20Bo.&url=https:\/\/casa.oaxaca.gob.mx\/?p=17642' aria-hidden='true' data-av_icon='\ue8f1' data-av_iconfont='entypo-fontello' title='' data-avia-related-tooltip='Share on Twitter'><span class='avia_hidden_link_text'>Share on Twitter<\/span><\/a><\/li><li class='av-share-link av-social-link-gplus' ><a target='_blank' href='https:\/\/plus.google.com\/share?url=https:\/\/casa.oaxaca.gob.mx\/?p=17642' aria-hidden='true' data-av_icon='\ue8f6' data-av_iconfont='entypo-fontello' title='' data-avia-related-tooltip='Share on Google+'><span class='avia_hidden_link_text'>Share on Google+<\/span><\/a><\/li><li class='av-share-link av-social-link-pinterest' ><a target='_blank' href='http:\/\/pinterest.com\/pin\/create\/button\/?url=https%3A%2F%2Fcasa.oaxaca.gob.mx%2F%3Fp%3D17642&amp;description=Taller%20presencial.%20Provocaciones%20narrativas%20en%20la%20fotograf%C3%ADa%20documental.%20Imparte%3A%20Alessandro%20Bo.&amp;media=https%3A%2F%2Fcasa.oaxaca.gob.mx%2Fwp-content%2Fuploads%2F2025%2F09%2FProvocaciones-narrativas-en-la-fotografia-documental_cerrada-705x484.jpg' aria-hidden='true' data-av_icon='\ue8f8' data-av_iconfont='entypo-fontello' title='' data-avia-related-tooltip='Share on Pinterest'><span class='avia_hidden_link_text'>Share on Pinterest<\/span><\/a><\/li><li class='av-share-link av-social-link-mail' ><a  href='mailto:?subject=Taller%20presencial.%20Provocaciones%20narrativas%20en%20la%20fotograf%C3%ADa%20documental.%20Imparte%3A%20Alessandro%20Bo.&amp;body=https:\/\/casa.oaxaca.gob.mx\/?p=17642' aria-hidden='true' data-av_icon='\ue805' data-av_iconfont='entypo-fontello' title='' data-avia-related-tooltip='Share by Mail'><span class='avia_hidden_link_text'>Share by Mail<\/span><\/a><\/li><\/ul><\/div><\/div><br \/>\n<div  class='hr hr-default '><span class='hr-inner ' ><span class='hr-inner-style'><\/span><\/span><\/div><br \/>\n<div style='padding-bottom:10px;font-size:30px;' class='av-special-heading av-special-heading-h3  blockquote modern-quote  av-inherit-size'><h3 class='av-special-heading-tag'  itemprop=\"headline\"  >Sobre el tallerista<\/h3><div class='special-heading-border'><div class='special-heading-inner-border' ><\/div><\/div><\/div><br \/>\n<div class='avia-data-table-wrap avia_responsive_table'><table class='avia-table avia-data-table avia-table-1  avia_pricing_default'  itemscope=\"itemscope\" itemtype=\"https:\/\/schema.org\/Table\" ><tbody><tr class='avia-heading-row'><th class=''>Alessandro Bo Rohde*<\/th><\/tr><tr class=''><td class=''>Ciudad de M\u00e9xico (1982), con m\u00e1s de 20 a\u00f1os trabajando como fot\u00f3grafo, actualmente radica en Oaxaca, donde desarrolla un proyecto con el apoyo de la beca Diane Dammeyer Fellowship (2024 -25), y finalizando su tercer fotolibro titulado \u201cLas Encantadas\u201d, con el apoyo de la beca del Sistema Nacional de Creadores del Arte (2021 &#8211; 24). Ha impartido diversos talleres en el Columbia College de Chicago (2023), Centro de la Im\u00e1gen (2022), Centro Fotogr\u00e1fico Manuel Alvarez Bravo (2022) y Gimnasio de Arte (2019). Ha publicado en Der Greif Online, Its Nice That, New York Times, Don\u2019t Take Pictures.<br \/>\n<\/td><\/tr><tr class=''><td class=''>*Beneficiario de la convocatoria Programa de Residencias para Docentes en Artes, Tercera Edici\u00f3n<\/td><\/tr><\/tbody><\/table><\/div><style type='text\/css'>.avia-table-1 td:nth-of-type(1):before { content: 'Alessandro Bo Rohde*'; } <\/style><\/p><\/div>\n<div class=\"flex_column av_three_fifth  flex_column_div av-zero-column-padding   \" style='border-radius:0px; '><p><div style='padding-bottom:10px;font-size:30px;' class='av-special-heading av-special-heading-h3  blockquote modern-quote   av-inherit-size'><h3 class='av-special-heading-tag'  itemprop=\"headline\"  >Acerca del taller<\/h3><div class='special-heading-border'><div class='special-heading-inner-border' ><\/div><\/div><\/div><br \/>\n<div class='avia-data-table-wrap avia_responsive_table'><table class='avia-table avia-data-table avia-table-2  avia_pricing_default'  itemscope=\"itemscope\" itemtype=\"https:\/\/schema.org\/Table\" ><tbody><tr class=''><td class=''>LISTA DE SELECCIONADOS<\/td><\/tr><tr class=''><td class=''>Ivan Pustovalov Pustovalov<br \/>\nIsai Hern\u00e1ndez Garc\u00eda<br \/>\nJes\u00fas Alberto Jim\u00e9nez L\u00f3pez<br \/>\nEdgar De Jes\u00fas Montalvo Almendra<br \/>\nRosenda Wilde Rodr\u00edguez<br \/>\nRebeca Martell Martell<br \/>\nAna Ivonne Rodr\u00edguez Anchondo<br \/>\nJorge Pacheco Le\u00f3n<br \/>\nMetztli Hern\u00e1ndez Jim\u00e9nez<br \/>\nAudrey Christine Gis\u00e9le Vall\u00e9e Matsa<\/td><\/tr><\/tbody><\/table><\/div><style type='text\/css'><\/style><br \/>\n<div class='avia-data-table-wrap avia_responsive_table'><table class='avia-table avia-data-table avia-table-3  avia_pricing_default'  itemscope=\"itemscope\" itemtype=\"https:\/\/schema.org\/Table\" ><tbody><tr class='avia-heading-row'><th class=''>Descripci\u00f3n general<\/th><\/tr><tr class=''><td class=''>A trav\u00e9s de sesi\u00f3nes grupales interactivas, este taller se centra en ayudar a identificar los pasos necesarios para desarrollar un proyecto personal a largo plazo que rompa con narrativas convencionales y estereotipadas. En este proceso, se discutir\u00e1n algunas de las herramientas esenciales y aspectos del proceso creativo, desde el desarrollo del concepto, centr\u00e1ndose en el poder de la edici\u00f3n y la secuencia para combinar estrategias del documental tradicional con elementos ficticios, y proponer otras formas de narrar, representar o pensar lo real, abriendo espacio a futuros posibles, memorias alternativas y cambios de perspectiva.<br \/>\n<\/td><\/tr><tr class='avia-heading-row'><th class=''>Objetivo general<\/th><\/tr><tr class=''><td class=''>Desarrollar un proyecto personal a largo plazo que desaf\u00ede narrativas convencionales y estereotipadas, a trav\u00e9s de sesiones grupales interactivas centradas en el proceso creativo, combinando herramientas del documental tradicional con elementos ficticios para explorar nuevas formas de narrar lo real.<br \/>\n<\/td><\/tr><tr class='avia-heading-row'><th class=''>Objetivos espec\u00edficos<\/th><\/tr><tr class=''><td class=''>&#8211; Identificar y estructurar los pasos necesarios para la creaci\u00f3n de un proyecto narrativo personal con una visi\u00f3n a largo plazo.<br \/>\n&#8211; Explorar y aplicar herramientas clave del proceso creativo, incluyendo el desarrollo conceptual, la edici\u00f3n y la secuencia, para enriquecer el lenguaje narrativo.<br \/>\n&#8211; Fomentar la creaci\u00f3n de relatos que integren elementos de ficci\u00f3n y documental, proponiendo perspectivas alternativas, futuros posibles y nuevas formas de representaci\u00f3n de la realidad.<\/p>\n<p><\/td><\/tr><tr class='avia-heading-row'><th class=''>Temas<\/th><\/tr><tr class=''><td class=''>D\u00cdA 1. INTRODUCCI\u00d3N.<br \/>\n1.1 Presentaci\u00f3n e intereses personales.<br \/>\n1.2 Din\u00e1micas y flujos de trabajo.<br \/>\n1.3 Objetivos y direcci\u00f3n.<br \/>\nD\u00cdA 2. CLARIDAD, ORGANIZACI\u00d3N Y ESTRATEGIAS.<br \/>\n2.1 Investigaci\u00f3n, apuntes, recortes, diario visual.<br \/>\n2.2 Discurso de obra y declaraci\u00f3n de artista.<br \/>\n2.2 Selecci\u00f3n y an\u00e1lisis de ciertos artistas.<br \/>\nTarea \u2013 Definir intereses personales y est\u00e9ticas<br \/>\nDIA 3. DOCUMENTAL ESPECULATIVO<br \/>\n3.1 El gesto documental.<br \/>\n3.2 Ficci\u00f3n \/ no ficci\u00f3n: Creer y hacer creer.<br \/>\n3.3 Representaci\u00f3n ver\u00eddica.<br \/>\n3.4 Incertidumbre: Realidades m\u00faltiples y mutables.<br \/>\nD\u00cdA 4. LA IMAGEN Y LA SECUENCIA<br \/>\n3.1 Construcci\u00f3n y narrativa de una historia.<br \/>\n3.2 Selecci\u00f3n y an\u00e1lisis de varios artistas.<br \/>\n3.3 Ejercicio grupal de secuencia de imagen.<br \/>\nTarea \u2013 Contar una historia a trav\u00e9s de una pel\u00edcula.<br \/>\nDIA 5. SALIDA DEL PROYECTO<br \/>\n5.1 Presentaci\u00f3n de proyecto personal (din\u00e1mica grupal).<br \/>\n5.2 Retroalimentaci\u00f3n individual y en grupo.<br \/>\n5.3 Estrategias de circulaci\u00f3n de un proyecto: exposici\u00f3n, publicaci\u00f3n y maquetas<br \/>\n<\/td><\/tr><\/tbody><\/table><\/div><style type='text\/css'>.avia-table-3 td:nth-of-type(1):before { content: 'Descripci\u00f3n general'; } <\/style><br \/>\n<div style='padding-bottom:10px;font-size:30px;' class='av-special-heading av-special-heading-h3  blockquote modern-quote   av-inherit-size'><h3 class='av-special-heading-tag'  itemprop=\"headline\"  >Requisitos de inscripci\u00f3n<\/h3><div class='special-heading-border'><div class='special-heading-inner-border' ><\/div><\/div><\/div><br \/>\n<div class='avia-data-table-wrap avia_responsive_table'><table class='avia-table avia-data-table avia-table-4  avia_pricing_default'  itemscope=\"itemscope\" itemtype=\"https:\/\/schema.org\/Table\" ><tbody><tr class=''><td class=''>&#8211; Artistas visuales mayores de 18 a\u00f1os de edad.<\/td><\/tr><tr class=''><td class=''>&#8211; Si tienes inter\u00e9s deber\u00e1s llenar el formulario con los datos completos que se encuentra en esta p\u00e1gina.<br \/>\n&#8211; La lista de seleccionados se publicar\u00e1 en esta p\u00e1gina, tambi\u00e9n se les notificar\u00e1 v\u00eda correo electr\u00f3nico con los detalles de la actividad.<br \/>\n&#8211; Actividad gratuita.<br \/>\n&#8211; Los talleristas ser\u00e1n los responsables de realizar la selecci\u00f3n de alumnos bajo sus criterios.<br \/>\n<\/td><\/tr><\/tbody><\/table><\/div><style type='text\/css'><\/style><br \/>\n<div class='avia-data-table-wrap avia_responsive_table'><table class='avia-table avia-data-table avia-table-5  avia_pricing_default'  itemscope=\"itemscope\" itemtype=\"https:\/\/schema.org\/Table\" ><tbody><tr class='avia-heading-row'><th class=''>Material que se le solicitar\u00e1 al alumno(a)<\/th><\/tr><tr class=''><td class=''>&#8211; Los interesados deber\u00e1n proponer obras iniciales o en proceso para ser posteriormente<br \/>\ndesarrolladas a trav\u00e9s de un grupo de trabajo y generar una serie de im\u00e1genes que logren contar y transmitir una historia visual.<br \/>\n<\/td><\/tr><\/tbody><\/table><\/div><style type='text\/css'>.avia-table-5 td:nth-of-type(1):before { content: 'Material que se le solicitar\u00e1 al alumno(a)'; } <\/style><br \/>\n<div class='avia-data-table-wrap avia_responsive_table'><table class='avia-table avia-data-table avia-table-6  avia_pricing_default'  itemscope=\"itemscope\" itemtype=\"https:\/\/schema.org\/Table\" ><tbody><tr class='avia-heading-row'><th class=''>Criterios de selecci\u00f3n de alumnos<\/th><\/tr><tr class=''><td class=''>&#8211; Se le dar\u00e1 preferencia a fot\u00f3grafos interesados en desarrollar proyectos a largo plazo a trav\u00e9s de narrativas visuales y escritas.<br \/>\n&#8211; Artistas visuales mayores de 18 a\u00f1os de edad.<br \/>\nNo hay l\u00edmite superior de edad.<br \/>\nSe requiere mayor\u00eda de edad al momento de la postulaci\u00f3n.<br \/>\n&#8211; Que utilicen la fotograf\u00eda como herramienta principal.<br \/>\nLa fotograf\u00eda debe ser el medio central de expresi\u00f3n del proyecto.<br \/>\n&#8211; Que documenten historias a largo plazo.<br \/>\nEl enfoque debe estar en narrativas desarrolladas con el tiempo.<br \/>\n&#8211; Que documenten historias a largo plazo.<br \/>\nEl enfoque debe estar en narrativas desarrolladas con el tiempo.<br \/>\nSe valora la profundidad, continuidad y evoluci\u00f3n del tema documentado.<br \/>\n&#8211; Los proyectos pueden estar en curso o concluidos.<br \/>\nNo es necesario que el proyecto est\u00e9 finalizado.<br \/>\nSe aceptan trabajos en desarrollo siempre que tengan una estructura clara.<br \/>\n<\/td><\/tr><\/tbody><\/table><\/div><style type='text\/css'>.avia-table-6 td:nth-of-type(1):before { content: 'Criterios de selecci\u00f3n de alumnos'; } <\/style><br \/>\n<div class='avia-data-table-wrap avia_responsive_table'><table class='avia-table avia-data-table avia-table-7  avia_pricing_default'  itemscope=\"itemscope\" itemtype=\"https:\/\/schema.org\/Table\" ><tbody><tr class='avia-heading-row'><th class=''>Nota para los seleccionados<\/th><\/tr><tr class=''><td class=''>&#8211; Clases presenciales en Tele aula del CaSa<br \/>\n&#8211; Se dejar\u00e1n ejercicios espec\u00edficos a cada estudiante, es fundamental realizarlos para continuar con la siguiente clase.<br \/>\n&#8211; Tener el compromiso y el tiempo para llevar a cabo el taller, ya que las inasistencias injustificadas ser\u00e1n motivo de suspensi\u00f3n y no podr\u00e1 ingresar a talleres futuros.<br \/>\n&#8211; Durante el taller nos estaremos comunicando por medio de mensajes en un grupo de WhatsApp, por ser una herramienta m\u00e1s r\u00e1pida para poder tener una mejor comunicaci\u00f3n con lo que respecta al taller.<br \/>\n<\/td><\/tr><\/tbody><\/table><\/div><style type='text\/css'>.avia-table-7 td:nth-of-type(1):before { content: 'Nota para los seleccionados'; } <\/style><br \/>\n<div id='av-masonry-1' class='av-masonry noHover av-flex-size av-large-gap av-hover-overlay-active av-masonry-col-flexible av-caption-always av-caption-style- av-masonry-gallery  '  ><div class='av-masonry-container isotope av-js-disabled ' ><div class='av-masonry-entry isotope-item av-masonry-item-no-image '><\/div><a href=\"https:\/\/casa.oaxaca.gob.mx\/wp-content\/uploads\/2025\/09\/Alessandro-01-820x1030.jpg\" id='av-masonry-1-item-17643' data-av-masonry-item='17643' class='av-masonry-entry isotope-item post-17643 attachment type-attachment status-inherit hentry  av-masonry-item-with-image' title=\"\"  itemprop=\"thumbnailUrl\" ><div class='av-inner-masonry-sizer'><\/div><figure class='av-inner-masonry main_color'><div class=\"av-masonry-outerimage-container\"><div class=\"av-masonry-image-container\" style=\"background-image: url(https:\/\/casa.oaxaca.gob.mx\/wp-content\/uploads\/2025\/09\/Alessandro-01-561x705.jpg);\"><img decoding=\"async\" src=\"https:\/\/casa.oaxaca.gob.mx\/wp-content\/uploads\/2025\/09\/Alessandro-01-561x705.jpg\" title=\"Alessandro 01\" alt=\"\" \/><\/div><\/div><figcaption class='av-inner-masonry-content site-background'><div class='av-inner-masonry-content-pos'><div class='av-inner-masonry-content-pos-content'><div class='avia-arrow'><\/div><h3 class='av-masonry-entry-title entry-title'  itemprop=\"headline\" >Alessandro 01<\/h3><\/div><\/div><\/figcaption><\/figure><\/a><!--end av-masonry entry--><a href=\"https:\/\/casa.oaxaca.gob.mx\/wp-content\/uploads\/2025\/09\/Alessandro-02-1030x829.jpg\" id='av-masonry-1-item-17644' data-av-masonry-item='17644' class='av-masonry-entry isotope-item post-17644 attachment type-attachment status-inherit hentry  av-masonry-item-with-image' title=\"\"  itemprop=\"thumbnailUrl\" ><div class='av-inner-masonry-sizer'><\/div><figure class='av-inner-masonry main_color'><div class=\"av-masonry-outerimage-container\"><div class=\"av-masonry-image-container\" style=\"background-image: url(https:\/\/casa.oaxaca.gob.mx\/wp-content\/uploads\/2025\/09\/Alessandro-02-705x567.jpg);\"><img decoding=\"async\" src=\"https:\/\/casa.oaxaca.gob.mx\/wp-content\/uploads\/2025\/09\/Alessandro-02-705x567.jpg\" title=\"Alessandro 02\" alt=\"\" \/><\/div><\/div><figcaption class='av-inner-masonry-content site-background'><div class='av-inner-masonry-content-pos'><div class='av-inner-masonry-content-pos-content'><div class='avia-arrow'><\/div><h3 class='av-masonry-entry-title entry-title'  itemprop=\"headline\" >Alessandro 02<\/h3><\/div><\/div><\/figcaption><\/figure><\/a><!--end av-masonry entry--><\/div><div class='av-masonry-pagination av-masonry-pagination-pagination'><nav class='pagination'><span class='pagination-meta'>Page 1 of 0<\/span><\/nav>\n<\/div><\/div><\/p><\/div>\n","protected":false},"excerpt":{"rendered":"","protected":false},"author":1,"featured_media":17634,"comment_status":"open","ping_status":"open","sticky":false,"template":"","format":"standard","meta":{"_exactmetrics_skip_tracking":false,"_exactmetrics_sitenote_active":false,"_exactmetrics_sitenote_note":"","_exactmetrics_sitenote_category":0,"footnotes":""},"categories":[204],"tags":[],"class_list":["post-17642","post","type-post","status-publish","format-standard","has-post-thumbnail","hentry","category-204"],"_links":{"self":[{"href":"https:\/\/casa.oaxaca.gob.mx\/index.php?rest_route=\/wp\/v2\/posts\/17642","targetHints":{"allow":["GET"]}}],"collection":[{"href":"https:\/\/casa.oaxaca.gob.mx\/index.php?rest_route=\/wp\/v2\/posts"}],"about":[{"href":"https:\/\/casa.oaxaca.gob.mx\/index.php?rest_route=\/wp\/v2\/types\/post"}],"author":[{"embeddable":true,"href":"https:\/\/casa.oaxaca.gob.mx\/index.php?rest_route=\/wp\/v2\/users\/1"}],"replies":[{"embeddable":true,"href":"https:\/\/casa.oaxaca.gob.mx\/index.php?rest_route=%2Fwp%2Fv2%2Fcomments&post=17642"}],"version-history":[{"count":3,"href":"https:\/\/casa.oaxaca.gob.mx\/index.php?rest_route=\/wp\/v2\/posts\/17642\/revisions"}],"predecessor-version":[{"id":17830,"href":"https:\/\/casa.oaxaca.gob.mx\/index.php?rest_route=\/wp\/v2\/posts\/17642\/revisions\/17830"}],"wp:featuredmedia":[{"embeddable":true,"href":"https:\/\/casa.oaxaca.gob.mx\/index.php?rest_route=\/wp\/v2\/media\/17634"}],"wp:attachment":[{"href":"https:\/\/casa.oaxaca.gob.mx\/index.php?rest_route=%2Fwp%2Fv2%2Fmedia&parent=17642"}],"wp:term":[{"taxonomy":"category","embeddable":true,"href":"https:\/\/casa.oaxaca.gob.mx\/index.php?rest_route=%2Fwp%2Fv2%2Fcategories&post=17642"},{"taxonomy":"post_tag","embeddable":true,"href":"https:\/\/casa.oaxaca.gob.mx\/index.php?rest_route=%2Fwp%2Fv2%2Ftags&post=17642"}],"curies":[{"name":"wp","href":"https:\/\/api.w.org\/{rel}","templated":true}]}}