{"id":17653,"date":"2025-09-23T13:21:02","date_gmt":"2025-09-23T19:21:02","guid":{"rendered":"https:\/\/casa.oaxaca.gob.mx\/?p=17653"},"modified":"2026-01-22T13:46:42","modified_gmt":"2026-01-22T19:46:42","slug":"taller-presencial-humanidades-ambientales-circulo-de-estudio-imparte-dra-carmen-cebreros-urzaiz","status":"publish","type":"post","link":"https:\/\/casa.oaxaca.gob.mx\/?p=17653","title":{"rendered":"Taller presencial. Humanidades Ambientales: C\u00edrculo de estudio. Imparte: Dra. Carmen Cebreros Urzaiz."},"content":{"rendered":"<\/div><\/div><\/div><!-- close content main div --><\/div><\/div><div id='av_section_1' class='avia-section main_color avia-section-no-padding avia-no-border-styling avia-full-stretch av-parallax-section avia-bg-style-parallax  av-minimum-height av-minimum-height-75 container_wrap fullsize' style = 'background-color: #000000; ' data-section-bg-repeat='stretch' ><div class='av-parallax' data-avia-parallax-ratio='0.3' ><div class='av-parallax-inner main_color  avia-full-stretch' style = 'background-color: #000000; background-repeat: no-repeat; background-image: url(https:\/\/casa.oaxaca.gob.mx\/wp-content\/uploads\/2025\/09\/Humanidades-ambientales_Circulo-de-estudio_portada-scaled.jpg); background-attachment: scroll; background-position: bottom center; ' ><\/div><\/div><div class='container' ><div class='template-page content  av-content-full alpha units'><div class='post-entry post-entry-type-page post-entry-17653'><div class='entry-content-wrapper clearfix'>\n<div style='padding-bottom:10px;color:#ffffff;font-size:50px;' class='av-special-heading av-special-heading-h3 custom-color-heading blockquote modern-quote  av-inherit-size'><h3 class='av-special-heading-tag'  itemprop=\"headline\"  >Taller presencial. Humanidades Ambientales: C\u00edrculo de estudio.<\/h3><div class ='av-subheading av-subheading_below av_custom_color' style='font-size:25px;'><p>Imparte: Dra. Carmen Cebreros Urzaiz.<\/p>\n<\/div><div class='special-heading-border'><div class='special-heading-inner-border' style='border-color:#ffffff'><\/div><\/div><\/div>\n\n<\/div><\/div><\/div><!-- close content main div --><\/div><\/div><div id='av-layout-grid-1' class='av-layout-grid-container entry-content-wrapper main_color av-flex-cells  container_wrap fullsize'   >\n<div class=\"flex_cell no_margin av_one_full   \" style='vertical-align:top; padding:30px; background-color:#ED9600; '><div class='flex_cell_inner' ><p><div class=\"flex_column av_one_fourth  flex_column_div av-zero-column-padding first  \" style='border-radius:0px; '><div style='padding-bottom:10px;color:#ffffff;' class='av-special-heading av-special-heading-h3 custom-color-heading blockquote modern-quote  '><h3 class='av-special-heading-tag'  itemprop=\"headline\"  >Cierre de inscripciones<\/h3><div class ='av-subheading av-subheading_below av_custom_color' style='font-size:20px;'><p>Domingo 19 de octubre de 2025<\/p>\n<p>Publicaci\u00f3n de resultados<br \/>\nMi\u00e9rcoles 22 de octubre de 2025<\/p>\n<\/div><div class='special-heading-border'><div class='special-heading-inner-border' style='border-color:#ffffff'><\/div><\/div><\/div><\/div><div class=\"flex_column av_one_fourth  flex_column_div av-zero-column-padding   \" style='border-radius:0px; '><div style='padding-bottom:10px;color:#ffffff;' class='av-special-heading av-special-heading-h3 custom-color-heading blockquote modern-quote  '><h3 class='av-special-heading-tag'  itemprop=\"headline\"  >Fechas<\/h3><div class ='av-subheading av-subheading_below av_custom_color' style='font-size:20px;'><p>Lunes a viernes<br \/>\nDel 27 al 31 de octubre 2025<\/p>\n<\/div><div class='special-heading-border'><div class='special-heading-inner-border' style='border-color:#ffffff'><\/div><\/div><\/div><\/div><div class=\"flex_column av_one_fourth  flex_column_div av-zero-column-padding   \" style='border-radius:0px; '><div style='padding-bottom:10px;color:#ffffff;' class='av-special-heading av-special-heading-h3 custom-color-heading blockquote modern-quote '><h3 class='av-special-heading-tag'  itemprop=\"headline\"  >Horario<\/h3><div class ='av-subheading av-subheading_below av_custom_color' style='font-size:20px;'><p>11 a 15 h<\/p>\n<\/div><div class='special-heading-border'><div class='special-heading-inner-border' style='border-color:#ffffff'><\/div><\/div><\/div><\/div><div class=\"flex_column av_one_fourth  flex_column_div av-zero-column-padding   \" style='border-radius:0px; '><section class=\"avia_codeblock_section avia_code_block_0\"  itemscope=\"itemscope\" itemtype=\"https:\/\/schema.org\/BlogPosting\" itemprop=\"blogPost\" ><div class='avia_codeblock '  itemprop=\"text\" > [avia_codeblock_placeholder uid=\"0\"] <\/div><\/section><\/div><\/p>\n<\/div><\/div>\n<\/div>\n<div class=\"flex_column av_two_fifth  flex_column_div av-zero-column-padding first  \" style='border-radius:0px; '><p><div class='av-social-sharing-box '><div class='av-share-box'><h5 class='av-share-link-description'>Compartir esta actividad<\/h5><ul class='av-share-box-list noLightbox'><li class='av-share-link av-social-link-facebook' ><a target='_blank' href='http:\/\/www.facebook.com\/sharer.php?u=https:\/\/casa.oaxaca.gob.mx\/?p=17653&amp;t=Taller%20presencial.%20Humanidades%20Ambientales%3A%20C%C3%ADrculo%20de%20estudio.%20Imparte%3A%20Dra.%20Carmen%20Cebreros%20Urzaiz.' aria-hidden='true' data-av_icon='\ue8f3' data-av_iconfont='entypo-fontello' title='' data-avia-related-tooltip='Share on Facebook'><span class='avia_hidden_link_text'>Share on Facebook<\/span><\/a><\/li><li class='av-share-link av-social-link-twitter' ><a target='_blank' href='https:\/\/twitter.com\/share?text=Taller%20presencial.%20Humanidades%20Ambientales%3A%20C%C3%ADrculo%20de%20estudio.%20Imparte%3A%20Dra.%20Carmen%20Cebreros%20Urzaiz.&url=https:\/\/casa.oaxaca.gob.mx\/?p=17653' aria-hidden='true' data-av_icon='\ue8f1' data-av_iconfont='entypo-fontello' title='' data-avia-related-tooltip='Share on Twitter'><span class='avia_hidden_link_text'>Share on Twitter<\/span><\/a><\/li><li class='av-share-link av-social-link-gplus' ><a target='_blank' href='https:\/\/plus.google.com\/share?url=https:\/\/casa.oaxaca.gob.mx\/?p=17653' aria-hidden='true' data-av_icon='\ue8f6' data-av_iconfont='entypo-fontello' title='' data-avia-related-tooltip='Share on Google+'><span class='avia_hidden_link_text'>Share on Google+<\/span><\/a><\/li><li class='av-share-link av-social-link-pinterest' ><a target='_blank' href='http:\/\/pinterest.com\/pin\/create\/button\/?url=https%3A%2F%2Fcasa.oaxaca.gob.mx%2F%3Fp%3D17653&amp;description=Taller%20presencial.%20Humanidades%20Ambientales%3A%20C%C3%ADrculo%20de%20estudio.%20Imparte%3A%20Dra.%20Carmen%20Cebreros%20Urzaiz.&amp;media=https%3A%2F%2Fcasa.oaxaca.gob.mx%2Fwp-content%2Fuploads%2F2025%2F09%2FHumanidades-ambientales_Circulo-de-estudio_cerrada-705x484.jpg' aria-hidden='true' data-av_icon='\ue8f8' data-av_iconfont='entypo-fontello' title='' data-avia-related-tooltip='Share on Pinterest'><span class='avia_hidden_link_text'>Share on Pinterest<\/span><\/a><\/li><li class='av-share-link av-social-link-mail' ><a  href='mailto:?subject=Taller%20presencial.%20Humanidades%20Ambientales%3A%20C%C3%ADrculo%20de%20estudio.%20Imparte%3A%20Dra.%20Carmen%20Cebreros%20Urzaiz.&amp;body=https:\/\/casa.oaxaca.gob.mx\/?p=17653' aria-hidden='true' data-av_icon='\ue805' data-av_iconfont='entypo-fontello' title='' data-avia-related-tooltip='Share by Mail'><span class='avia_hidden_link_text'>Share by Mail<\/span><\/a><\/li><\/ul><\/div><\/div><br \/>\n<div  class='hr hr-default '><span class='hr-inner ' ><span class='hr-inner-style'><\/span><\/span><\/div><br \/>\n<div style='padding-bottom:10px;font-size:30px;' class='av-special-heading av-special-heading-h3  blockquote modern-quote  av-inherit-size'><h3 class='av-special-heading-tag'  itemprop=\"headline\"  >Sobre la tallerista<\/h3><div class='special-heading-border'><div class='special-heading-inner-border' ><\/div><\/div><\/div><br \/>\n<div class='avia-data-table-wrap avia_responsive_table'><table class='avia-table avia-data-table avia-table-1  avia_pricing_default'  itemscope=\"itemscope\" itemtype=\"https:\/\/schema.org\/Table\" ><tbody><tr class='avia-heading-row'><th class=''>Dra. Carmen Cebreros Urzaiz<\/th><\/tr><tr class=''><td class=''>Carmen Cebreros Urzaiz (CDMX, 1977) es curadora, investigadora y docente especializada en estudios curatoriales y de museos. Recibi\u00f3 el doctorado en Cultura y Performance de UCLA, con la tesis Historia, localidad y mundos del arte: Un estudio de caso del Centro de las Artes de San Agust\u00edn Etla (CASA) Oaxaca, M\u00e9xico. Por una d\u00e9cada, se ha especializado la ense\u00f1anza de escritura para creadores visuales y ha impartido talleres en el Seminario El P\u00fablico del Futuro del FICUNAM, Centro de las Artes de San Agust\u00edn, Conarte-Nuevo Le\u00f3n, Museo de Arte de Ciudad Ju\u00e1rez, Proyecto Y-Yucat\u00e1n y Centro Cultural de Espa\u00f1a-CDMX.<\/td><\/tr><tr class=''><td class=''>*Beneficiario de la convocatoria Programa de Residencias para Docentes en Artes, Tercera Edici\u00f3n<\/td><\/tr><\/tbody><\/table><\/div><style type='text\/css'>.avia-table-1 td:nth-of-type(1):before { content: 'Dra. Carmen Cebreros Urzaiz'; } <\/style><\/p><\/div>\n<div class=\"flex_column av_three_fifth  flex_column_div av-zero-column-padding   \" style='border-radius:0px; '><p><div style='padding-bottom:10px;font-size:30px;' class='av-special-heading av-special-heading-h3  blockquote modern-quote   av-inherit-size'><h3 class='av-special-heading-tag'  itemprop=\"headline\"  >Acerca del taller<\/h3><div class='special-heading-border'><div class='special-heading-inner-border' ><\/div><\/div><\/div><br \/>\n<div class='avia-data-table-wrap avia_responsive_table'><table class='avia-table avia-data-table avia-table-2  avia_pricing_default'  itemscope=\"itemscope\" itemtype=\"https:\/\/schema.org\/Table\" ><tbody><tr class=''><td class=''>LISTA DE SELECCIONADOS<\/td><\/tr><tr class=''><td class=''>Thania Itzayeri Flores L\u00f3pez<br \/>\nBlanca Gonz\u00e1lez Hern\u00e1ndez<br \/>\nMarcos Hiram Rojas Sosa<br \/>\nAlberto Robles Tapia<br \/>\nNoem\u00ed Dom\u00ednguez Gaspar<br \/>\nJazive Allende Canseco<br \/>\nIsabel Rojas Santiago<br \/>\nVictoria Pacheco Berista\u00edn<br \/>\nDelfina Alvarado Morales<br \/>\nLysistrati Sof\u00eda Ainatzis Hern\u00e1ndez<br \/>\nClaudia L\u00f3pez Terroso<br \/>\nNaomi Rinc\u00f3n Gallardo Shimada<br \/>\nLeticia Galv\u00e1n Alvarado<\/td><\/tr><\/tbody><\/table><\/div><style type='text\/css'><\/style><br \/>\n<div class='avia-data-table-wrap avia_responsive_table'><table class='avia-table avia-data-table avia-table-3  avia_pricing_default'  itemscope=\"itemscope\" itemtype=\"https:\/\/schema.org\/Table\" ><tbody><tr class='avia-heading-row'><th class=''>Descripci\u00f3n general<\/th><\/tr><tr class=''><td class=''>Las Humanidades Ambientales son un campo interdisciplinario del saber, sentir y percibir, que plantea la necesidad de una reconfiguraci\u00f3n epistemol\u00f3gica para afrontar la crisis ambiental que atravesamos. Dos ejes fundamentan esta transformaci\u00f3n: reintegrar lo humano como parte de lo viviente, y reconocer la dimensi\u00f3n \u00e9tica y cultural de lo viviente no-humano. El CASA representa un ecosistema \u00f3ptimo desde el cual ecualizar nuestra sensibilidad est\u00e9tica para disponernos a estudiar textos clave de este campo, a partir de conversaciones, visionado de documentales, ejercicios de caminata\/observaci\u00f3n, escritura creativa, escultura colectiva y dibujo libre. Con estos ejercicios ensayaremos acciones para una transformaci\u00f3n epistemol\u00f3gica.<br \/>\n<\/td><\/tr><tr class='avia-heading-row'><th class=''>Objetivo general<\/th><\/tr><tr class=''><td class=''>Reimaginarnos y resituarnos como integrantes de un sistema viviente de relaciones.<br \/>\n<\/td><\/tr><tr class='avia-heading-row'><th class=''>Objetivos espec\u00edficos<\/th><\/tr><tr class=''><td class=''>&#8211; Identificar textos clave e ideas comunes de las Humanidades Ambientales.<br \/>\n&#8211; Analizar casos de crisis ambiental desde la mirada de artistas y documentalistas<br \/>\nmexicanos y latinoamericanos.<br \/>\n&#8211; Poner en pr\u00e1ctica actitudes de observaci\u00f3n propuestas por los autores y artistas<br \/>\nrevisados.<br \/>\n&#8211; Disponernos sensiblemente, a partir de ejercicios creativos y hasta fant\u00e1sticos, para<br \/>\nInterpelar nuestras formas de aprender y conocer.<br \/>\n<\/td><\/tr><tr class='avia-heading-row'><th class=''>Temas<\/th><\/tr><tr class=''><td class=''>1) Simbiosis y colaboraci\u00f3n planetaria.<br \/>\n1.1. Ejercicio: El consejo de todos los seres.<br \/>\n1.2. Lectura: Margulies, Lynn (2023). PLANETA SIMBI\u00d3TICO. UN NUEVO PUNTO DE VISTA SOBRE LA EVOLUCI\u00d3N. Epub Libre. (Selecci\u00f3n)<br \/>\n1.3. Discusi\u00f3n y caminata por los jardines y fuentes del CASA.<br \/>\n2) Las artes de la observaci\u00f3n. Etnograf\u00eda interespecie.<br \/>\n2.1. Documental: Canul, Robin y Otero, Adriana (Dir.) (2018) QU\u00c9 LES PAS\u00d3 A LAS ABEJAS. 1 h 28 m. Espa\u00f1ol y Maya.<br \/>\n2.2. Lectura: Tsing, Anna L. (2023) LOS HONGOS DEL FIN DEL MUNDO. Caja Negra Editora. (Selecci\u00f3n)<br \/>\n2.3. Caminata y ejercicio de escritura creativa.<br \/>\n3) Filosofar como las plantas<br \/>\n3.1. Ejercicio: Escultura colectiva con residuos vegetales de los jardines del CASA y<br \/>\nsimult\u00e1neamente discusi\u00f3n de:<br \/>\n3.2. Lectura: Kimmerer, Robin W. (2021). UNA TRENZA DE HIERBA SAGRADA. SABER IND\u00cdGENA, CONOCIMIENTO CIENT\u00cdFICO Y LA ENSE\u00d1ANZA DE LAS PLANTAS. Capit\u00e1n Swing Libros. (Selecci\u00f3n)<br \/>\n4) Derechos no-humanos<br \/>\n4.1. Documental: Tavares, Paulo (Dir.) (2012) NON-HUMAN RIGHTS. Espa\u00f1ol.<br \/>\n4.2. Lectura: Tavares, Paulo (2024). LA NATURALEZA POL\u00cdTICA DE LA SELVA. Caja Negra Editora. (Selecci\u00f3n)<br \/>\n4.3. Ejercicio: Dibujo sobre paisajes imaginarios, arquitecturas vivas y arquitecturas muertas.<br \/>\n5) Futuros y presente<br \/>\n5.1. Documental: Ruiz, Tania Ximena (Dir.) (2024) LA MARCHA DEL LIQUEN. 24 m. Espa\u00f1ol.<br \/>\n5.2. Lectura: Serratos, Francisco (2025). ECOTOP\u00cdAS. UNA CR\u00cdTICA RADICAL DEL FUTURO.<br \/>\nFestina Publicaciones. (Selecci\u00f3n)<br \/>\n5.3. Ejercicio de escritura creativa: Carta sobre el futuro.<br \/>\n5.4. Conclusiones del taller<br \/>\n<\/td><\/tr><\/tbody><\/table><\/div><style type='text\/css'>.avia-table-3 td:nth-of-type(1):before { content: 'Descripci\u00f3n general'; } <\/style><br \/>\n<div style='padding-bottom:10px;font-size:30px;' class='av-special-heading av-special-heading-h3  blockquote modern-quote   av-inherit-size'><h3 class='av-special-heading-tag'  itemprop=\"headline\"  >Requisitos de inscripci\u00f3n<\/h3><div class='special-heading-border'><div class='special-heading-inner-border' ><\/div><\/div><\/div><br \/>\n<div class='avia-data-table-wrap avia_responsive_table'><table class='avia-table avia-data-table avia-table-4  avia_pricing_default'  itemscope=\"itemscope\" itemtype=\"https:\/\/schema.org\/Table\" ><tbody><tr class=''><td class=''>&#8211; Adjuntar al formulario carta de expresi\u00f3n de inter\u00e9s en la que responda \u00bfpor qu\u00e9 le interesa participar en este C\u00edrculo de Estudio? y una breve semblanza en la que vincule su historia de vida con los temas del C\u00edrculo de Estudio.<br \/>\n&#8211; Adjuntar al formulario carta compromiso en la que reconoce y acepta realizar las lecturas del curso, en su totalidad y con anticipaci\u00f3n, adem\u00e1s de asistir con disposici\u00f3n para participar activamente en las discusiones, an\u00e1lisis y realizaci\u00f3n de ejercicios de escritura y dibujo.<br \/>\n<\/td><\/tr><tr class=''><td class=''>&#8211; Si tienes inter\u00e9s deber\u00e1s llenar el formulario con los datos completos que se encuentra en esta p\u00e1gina.<br \/>\n&#8211; La lista de seleccionados se publicar\u00e1 en esta p\u00e1gina, tambi\u00e9n se les notificar\u00e1 v\u00eda correo electr\u00f3nico con los detalles de la actividad.<br \/>\n&#8211; Actividad gratuita.<br \/>\n&#8211; Los talleristas ser\u00e1n los responsables de realizar la selecci\u00f3n de alumnos bajo sus criterios.<br \/>\n<\/td><\/tr><\/tbody><\/table><\/div><style type='text\/css'><\/style><br \/>\n<div class='avia-data-table-wrap avia_responsive_table'><table class='avia-table avia-data-table avia-table-5  avia_pricing_default'  itemscope=\"itemscope\" itemtype=\"https:\/\/schema.org\/Table\" ><tbody><tr class='avia-heading-row'><th class=''>Material que se le solicitar\u00e1 al alumno(a)<\/th><\/tr><tr class=''><td class=''>&#8211; Materiales necesarios de lectura (textos digitales, notas)<br \/>\n&#8211; Escritura (cuaderno, hojas)<br \/>\n&#8211; Dibujo (acuarelas, pinceles, papel, paleta y recipientes para mezclas).<br \/>\n<\/td><\/tr><\/tbody><\/table><\/div><style type='text\/css'>.avia-table-5 td:nth-of-type(1):before { content: 'Material que se le solicitar\u00e1 al alumno(a)'; } <\/style><br \/>\n<div class='avia-data-table-wrap avia_responsive_table'><table class='avia-table avia-data-table avia-table-6  avia_pricing_default'  itemscope=\"itemscope\" itemtype=\"https:\/\/schema.org\/Table\" ><tbody><tr class='avia-heading-row'><th class=''>Criterios de selecci\u00f3n de alumnos<\/th><\/tr><tr class=''><td class=''>&#8211; Requisitos de inscripci\u00f3n completos<br \/>\n&#8211; Disposici\u00f3n y disfrute por la lectura<br \/>\n&#8211; Compromiso de participaci\u00f3n en el 100% de las actividades<br \/>\n<\/td><\/tr><\/tbody><\/table><\/div><style type='text\/css'>.avia-table-6 td:nth-of-type(1):before { content: 'Criterios de selecci\u00f3n de alumnos'; } <\/style><br \/>\n<div class='avia-data-table-wrap avia_responsive_table'><table class='avia-table avia-data-table avia-table-7  avia_pricing_default'  itemscope=\"itemscope\" itemtype=\"https:\/\/schema.org\/Table\" ><tbody><tr class='avia-heading-row'><th class=''>Nota para los seleccionados<\/th><\/tr><tr class=''><td class=''>&#8211; Clases presenciales en Usos m\u00faltiples del CaSa<br \/>\n&#8211; Se dejar\u00e1n ejercicios espec\u00edficos a cada estudiante, es fundamental realizarlos para continuar con la siguiente clase.<br \/>\n&#8211; Tener el compromiso y el tiempo para llevar a cabo el taller, ya que las inasistencias injustificadas ser\u00e1n motivo de suspensi\u00f3n y no podr\u00e1 ingresar a talleres futuros.<br \/>\n&#8211; Durante el taller nos estaremos comunicando por medio de mensajes en un grupo de WhatsApp, por ser una herramienta m\u00e1s r\u00e1pida para poder tener una mejor comunicaci\u00f3n con lo que respecta al taller.<br \/>\n<\/td><\/tr><\/tbody><\/table><\/div><style type='text\/css'>.avia-table-7 td:nth-of-type(1):before { content: 'Nota para los seleccionados'; } <\/style><br \/>\n<div id='av-masonry-1' class='av-masonry noHover av-flex-size av-large-gap av-hover-overlay-active av-masonry-col-flexible av-caption-always av-caption-style- av-masonry-gallery  '  ><div class='av-masonry-container isotope av-js-disabled ' ><div class='av-masonry-entry isotope-item av-masonry-item-no-image '><\/div><a href=\"https:\/\/casa.oaxaca.gob.mx\/wp-content\/uploads\/2025\/09\/Cebreros-Arbol-1-773x1030.jpg\" id='av-masonry-1-item-17654' data-av-masonry-item='17654' class='av-masonry-entry isotope-item post-17654 attachment type-attachment status-inherit hentry  av-masonry-item-with-image' title=\"\"  itemprop=\"thumbnailUrl\" ><div class='av-inner-masonry-sizer'><\/div><figure class='av-inner-masonry main_color'><div class=\"av-masonry-outerimage-container\"><div class=\"av-masonry-image-container\" style=\"background-image: url(https:\/\/casa.oaxaca.gob.mx\/wp-content\/uploads\/2025\/09\/Cebreros-Arbol-1-529x705.jpg);\"><img decoding=\"async\" src=\"https:\/\/casa.oaxaca.gob.mx\/wp-content\/uploads\/2025\/09\/Cebreros-Arbol-1-529x705.jpg\" title=\"Cebreros-\u00c1rbol 1\" alt=\"\" \/><\/div><\/div><figcaption class='av-inner-masonry-content site-background'><div class='av-inner-masonry-content-pos'><div class='av-inner-masonry-content-pos-content'><div class='avia-arrow'><\/div><h3 class='av-masonry-entry-title entry-title'  itemprop=\"headline\" >Cebreros-\u00c1rbol 1<\/h3><\/div><\/div><\/figcaption><\/figure><\/a><!--end av-masonry entry--><a href=\"https:\/\/casa.oaxaca.gob.mx\/wp-content\/uploads\/2025\/09\/Cebreros-Liquen-799x1030.jpg\" id='av-masonry-1-item-17655' data-av-masonry-item='17655' class='av-masonry-entry isotope-item post-17655 attachment type-attachment status-inherit hentry  av-masonry-item-with-image' title=\"\"  itemprop=\"thumbnailUrl\" ><div class='av-inner-masonry-sizer'><\/div><figure class='av-inner-masonry main_color'><div class=\"av-masonry-outerimage-container\"><div class=\"av-masonry-image-container\" style=\"background-image: url(https:\/\/casa.oaxaca.gob.mx\/wp-content\/uploads\/2025\/09\/Cebreros-Liquen-547x705.jpg);\"><img decoding=\"async\" src=\"https:\/\/casa.oaxaca.gob.mx\/wp-content\/uploads\/2025\/09\/Cebreros-Liquen-547x705.jpg\" title=\"Cebreros-L\u00edquen\" alt=\"\" \/><\/div><\/div><figcaption class='av-inner-masonry-content site-background'><div class='av-inner-masonry-content-pos'><div class='av-inner-masonry-content-pos-content'><div class='avia-arrow'><\/div><h3 class='av-masonry-entry-title entry-title'  itemprop=\"headline\" >Cebreros-L\u00edquen<\/h3><\/div><\/div><\/figcaption><\/figure><\/a><!--end av-masonry entry--><a href=\"https:\/\/casa.oaxaca.gob.mx\/wp-content\/uploads\/2025\/09\/Cebreros-Muro-CASA-1030x773.jpg\" id='av-masonry-1-item-17656' data-av-masonry-item='17656' class='av-masonry-entry isotope-item post-17656 attachment type-attachment status-inherit hentry  av-masonry-item-with-image' title=\"\"  itemprop=\"thumbnailUrl\" ><div class='av-inner-masonry-sizer'><\/div><figure class='av-inner-masonry main_color'><div class=\"av-masonry-outerimage-container\"><div class=\"av-masonry-image-container\" style=\"background-image: url(https:\/\/casa.oaxaca.gob.mx\/wp-content\/uploads\/2025\/09\/Cebreros-Muro-CASA-705x529.jpg);\"><img decoding=\"async\" src=\"https:\/\/casa.oaxaca.gob.mx\/wp-content\/uploads\/2025\/09\/Cebreros-Muro-CASA-705x529.jpg\" title=\"Cebreros-Muro CASA\" alt=\"\" \/><\/div><\/div><figcaption class='av-inner-masonry-content site-background'><div class='av-inner-masonry-content-pos'><div class='av-inner-masonry-content-pos-content'><div class='avia-arrow'><\/div><h3 class='av-masonry-entry-title entry-title'  itemprop=\"headline\" >Cebreros-Muro CASA<\/h3><\/div><\/div><\/figcaption><\/figure><\/a><!--end av-masonry entry--><\/div><div class='av-masonry-pagination av-masonry-pagination-pagination'><nav class='pagination'><span class='pagination-meta'>Page 1 of 0<\/span><\/nav>\n<\/div><\/div><\/p><\/div>\n","protected":false},"excerpt":{"rendered":"","protected":false},"author":1,"featured_media":17631,"comment_status":"open","ping_status":"open","sticky":false,"template":"","format":"standard","meta":{"_exactmetrics_skip_tracking":false,"_exactmetrics_sitenote_active":false,"_exactmetrics_sitenote_note":"","_exactmetrics_sitenote_category":0,"footnotes":""},"categories":[204],"tags":[],"class_list":["post-17653","post","type-post","status-publish","format-standard","has-post-thumbnail","hentry","category-204"],"_links":{"self":[{"href":"https:\/\/casa.oaxaca.gob.mx\/index.php?rest_route=\/wp\/v2\/posts\/17653","targetHints":{"allow":["GET"]}}],"collection":[{"href":"https:\/\/casa.oaxaca.gob.mx\/index.php?rest_route=\/wp\/v2\/posts"}],"about":[{"href":"https:\/\/casa.oaxaca.gob.mx\/index.php?rest_route=\/wp\/v2\/types\/post"}],"author":[{"embeddable":true,"href":"https:\/\/casa.oaxaca.gob.mx\/index.php?rest_route=\/wp\/v2\/users\/1"}],"replies":[{"embeddable":true,"href":"https:\/\/casa.oaxaca.gob.mx\/index.php?rest_route=%2Fwp%2Fv2%2Fcomments&post=17653"}],"version-history":[{"count":3,"href":"https:\/\/casa.oaxaca.gob.mx\/index.php?rest_route=\/wp\/v2\/posts\/17653\/revisions"}],"predecessor-version":[{"id":17832,"href":"https:\/\/casa.oaxaca.gob.mx\/index.php?rest_route=\/wp\/v2\/posts\/17653\/revisions\/17832"}],"wp:featuredmedia":[{"embeddable":true,"href":"https:\/\/casa.oaxaca.gob.mx\/index.php?rest_route=\/wp\/v2\/media\/17631"}],"wp:attachment":[{"href":"https:\/\/casa.oaxaca.gob.mx\/index.php?rest_route=%2Fwp%2Fv2%2Fmedia&parent=17653"}],"wp:term":[{"taxonomy":"category","embeddable":true,"href":"https:\/\/casa.oaxaca.gob.mx\/index.php?rest_route=%2Fwp%2Fv2%2Fcategories&post=17653"},{"taxonomy":"post_tag","embeddable":true,"href":"https:\/\/casa.oaxaca.gob.mx\/index.php?rest_route=%2Fwp%2Fv2%2Ftags&post=17653"}],"curies":[{"name":"wp","href":"https:\/\/api.w.org\/{rel}","templated":true}]}}