{"id":17703,"date":"2025-10-08T16:14:17","date_gmt":"2025-10-08T22:14:17","guid":{"rendered":"https:\/\/casa.oaxaca.gob.mx\/?p=17703"},"modified":"2026-01-22T13:46:42","modified_gmt":"2026-01-22T19:46:42","slug":"taller-presencial-fotografia-y-archivo-comunitario-la-fotografia-como-testigo-del-tiempo-y-la-memoria-colectiva-imparte-eva-lepiz","status":"publish","type":"post","link":"https:\/\/casa.oaxaca.gob.mx\/?p=17703","title":{"rendered":"Taller presencial. \u201cFotograf\u00eda y Archivo Comunitario\u201d La fotograf\u00eda como testigo del tiempo y la memoria colectiva. Imparte: Eva L\u00e9piz."},"content":{"rendered":"<\/div><\/div><\/div><!-- close content main div --><\/div><\/div><div id='av_section_1' class='avia-section main_color avia-section-no-padding avia-no-border-styling avia-full-stretch av-parallax-section avia-bg-style-parallax  av-minimum-height av-minimum-height-75 container_wrap fullsize' style = 'background-color: #000000; ' data-section-bg-repeat='stretch' ><div class='av-parallax' data-avia-parallax-ratio='0.3' ><div class='av-parallax-inner main_color  avia-full-stretch' style = 'background-color: #000000; background-repeat: no-repeat; background-image: url(https:\/\/casa.oaxaca.gob.mx\/wp-content\/uploads\/2025\/10\/Fotografia-y-archivo-comunitario-portada-scaled.jpg); background-attachment: scroll; background-position: bottom center; ' ><\/div><\/div><div class='container' ><div class='template-page content  av-content-full alpha units'><div class='post-entry post-entry-type-page post-entry-17703'><div class='entry-content-wrapper clearfix'>\n<div style='padding-bottom:10px;color:#ffffff;font-size:50px;' class='av-special-heading av-special-heading-h3 custom-color-heading blockquote modern-quote  av-inherit-size'><h3 class='av-special-heading-tag'  itemprop=\"headline\"  >Taller presencial. <span class='special_amp'>\u201c<\/span>Fotograf\u00eda y Archivo Comunitario<span class='special_amp'>\u201d<\/span> La fotograf\u00eda como testigo del tiempo y la memoria colectiva<\/h3><div class ='av-subheading av-subheading_below av_custom_color' style='font-size:25px;'><p>Imparte: Eva L\u00e9piz.<\/p>\n<p>Actividad realizada en colaboraci\u00f3n con la Asociaci\u00f3n Civil Amigos del IAGO y del CFMAB en el marco de la exposici\u00f3n \u201cLu\u2019 Biaani: Francisco Toledo y la fotograf\u00eda\u201d en el Centro de las Artes de San Agust\u00edn.<\/p>\n<\/div><div class='special-heading-border'><div class='special-heading-inner-border' style='border-color:#ffffff'><\/div><\/div><\/div>\n\n<\/div><\/div><\/div><!-- close content main div --><\/div><\/div><div id='av-layout-grid-1' class='av-layout-grid-container entry-content-wrapper main_color av-flex-cells  container_wrap fullsize'   >\n<div class=\"flex_cell no_margin av_one_full   \" style='vertical-align:top; padding:30px; background-color:#ED9600; '><div class='flex_cell_inner' ><p><div class=\"flex_column av_one_fourth  flex_column_div av-zero-column-padding first  \" style='border-radius:0px; '><div style='padding-bottom:10px;color:#ffffff;' class='av-special-heading av-special-heading-h3 custom-color-heading blockquote modern-quote '><h3 class='av-special-heading-tag'  itemprop=\"headline\"  >Cierre de inscripciones<\/h3><div class ='av-subheading av-subheading_below av_custom_color' style='font-size:20px;'><p>Domingo 9 de noviembre de 2025<\/p>\n<p>Publicaci\u00f3n de resultados<br \/>\nMi\u00e9rcoles 12 de noviembre de 2025<\/p>\n<\/div><div class='special-heading-border'><div class='special-heading-inner-border' style='border-color:#ffffff'><\/div><\/div><\/div><\/div><div class=\"flex_column av_one_fourth  flex_column_div av-zero-column-padding   \" style='border-radius:0px; '><div style='padding-bottom:10px;color:#ffffff;' class='av-special-heading av-special-heading-h3 custom-color-heading blockquote modern-quote '><h3 class='av-special-heading-tag'  itemprop=\"headline\"  >Fechas<\/h3><div class ='av-subheading av-subheading_below av_custom_color' style='font-size:20px;'><p>Lunes, martes, mi\u00e9rcoles y viernes<\/p>\n<p>Semana 1: 17 al 21 de noviembre de 2025<br \/>\nSemana 2: 25 y 28 de noviembre de 2025<\/p>\n<\/div><div class='special-heading-border'><div class='special-heading-inner-border' style='border-color:#ffffff'><\/div><\/div><\/div><\/div><div class=\"flex_column av_one_fourth  flex_column_div av-zero-column-padding   \" style='border-radius:0px; '><div style='padding-bottom:10px;color:#ffffff;' class='av-special-heading av-special-heading-h3 custom-color-heading blockquote modern-quote '><h3 class='av-special-heading-tag'  itemprop=\"headline\"  >Horario<\/h3><div class ='av-subheading av-subheading_below av_custom_color' style='font-size:20px;'><p>De 15 a 19 h<\/p>\n<\/div><div class='special-heading-border'><div class='special-heading-inner-border' style='border-color:#ffffff'><\/div><\/div><\/div><\/div><div class=\"flex_column av_one_fourth  flex_column_div av-zero-column-padding   \" style='border-radius:0px; '><section class=\"avia_codeblock_section avia_code_block_0\"  itemscope=\"itemscope\" itemtype=\"https:\/\/schema.org\/BlogPosting\" itemprop=\"blogPost\" ><div class='avia_codeblock '  itemprop=\"text\" > [avia_codeblock_placeholder uid=\"0\"] <\/div><\/section><\/div><\/p>\n<\/div><\/div>\n<\/div>\n<div class=\"flex_column av_two_fifth  flex_column_div av-zero-column-padding first  \" style='border-radius:0px; '><p><div class='av-social-sharing-box '><div class='av-share-box'><h5 class='av-share-link-description'>Compartir esta actividad<\/h5><ul class='av-share-box-list noLightbox'><li class='av-share-link av-social-link-facebook' ><a target='_blank' href='http:\/\/www.facebook.com\/sharer.php?u=https:\/\/casa.oaxaca.gob.mx\/?p=17703&amp;t=Taller%20presencial.%20%E2%80%9CFotograf%C3%ADa%20y%20Archivo%20Comunitario%E2%80%9D%20La%20fotograf%C3%ADa%20como%20testigo%20del%20tiempo%20y%20la%20memoria%20colectiva.%20Imparte%3A%20Eva%20L%C3%A9piz.' aria-hidden='true' data-av_icon='\ue8f3' data-av_iconfont='entypo-fontello' title='' data-avia-related-tooltip='Share on Facebook'><span class='avia_hidden_link_text'>Share on Facebook<\/span><\/a><\/li><li class='av-share-link av-social-link-twitter' ><a target='_blank' href='https:\/\/twitter.com\/share?text=Taller%20presencial.%20%E2%80%9CFotograf%C3%ADa%20y%20Archivo%20Comunitario%E2%80%9D%20La%20fotograf%C3%ADa%20como%20testigo%20del%20tiempo%20y%20la%20memoria%20colectiva.%20Imparte%3A%20Eva%20L%C3%A9piz.&url=https:\/\/casa.oaxaca.gob.mx\/?p=17703' aria-hidden='true' data-av_icon='\ue8f1' data-av_iconfont='entypo-fontello' title='' data-avia-related-tooltip='Share on Twitter'><span class='avia_hidden_link_text'>Share on Twitter<\/span><\/a><\/li><li class='av-share-link av-social-link-gplus' ><a target='_blank' href='https:\/\/plus.google.com\/share?url=https:\/\/casa.oaxaca.gob.mx\/?p=17703' aria-hidden='true' data-av_icon='\ue8f6' data-av_iconfont='entypo-fontello' title='' data-avia-related-tooltip='Share on Google+'><span class='avia_hidden_link_text'>Share on Google+<\/span><\/a><\/li><li class='av-share-link av-social-link-pinterest' ><a target='_blank' href='http:\/\/pinterest.com\/pin\/create\/button\/?url=https%3A%2F%2Fcasa.oaxaca.gob.mx%2F%3Fp%3D17703&amp;description=Taller%20presencial.%20%E2%80%9CFotograf%C3%ADa%20y%20Archivo%20Comunitario%E2%80%9D%20La%20fotograf%C3%ADa%20como%20testigo%20del%20tiempo%20y%20la%20memoria%20colectiva.%20Imparte%3A%20Eva%20L%C3%A9piz.&amp;media=https%3A%2F%2Fcasa.oaxaca.gob.mx%2Fwp-content%2Fuploads%2F2025%2F10%2FFotografia-y-archivo-comunitario-cerrada-705x484.jpg' aria-hidden='true' data-av_icon='\ue8f8' data-av_iconfont='entypo-fontello' title='' data-avia-related-tooltip='Share on Pinterest'><span class='avia_hidden_link_text'>Share on Pinterest<\/span><\/a><\/li><li class='av-share-link av-social-link-mail' ><a  href='mailto:?subject=Taller%20presencial.%20%E2%80%9CFotograf%C3%ADa%20y%20Archivo%20Comunitario%E2%80%9D%20La%20fotograf%C3%ADa%20como%20testigo%20del%20tiempo%20y%20la%20memoria%20colectiva.%20Imparte%3A%20Eva%20L%C3%A9piz.&amp;body=https:\/\/casa.oaxaca.gob.mx\/?p=17703' aria-hidden='true' data-av_icon='\ue805' data-av_iconfont='entypo-fontello' title='' data-avia-related-tooltip='Share by Mail'><span class='avia_hidden_link_text'>Share by Mail<\/span><\/a><\/li><\/ul><\/div><\/div><br \/>\n<div  class='hr hr-default '><span class='hr-inner ' ><span class='hr-inner-style'><\/span><\/span><\/div><br \/>\n<div style='padding-bottom:10px;font-size:30px;' class='av-special-heading av-special-heading-h3  blockquote modern-quote  av-inherit-size'><h3 class='av-special-heading-tag'  itemprop=\"headline\"  >Sobre la tallerista<\/h3><div class='special-heading-border'><div class='special-heading-inner-border' ><\/div><\/div><\/div><br \/>\n<div class='avia-data-table-wrap avia_responsive_table'><table class='avia-table avia-data-table avia-table-1  avia_pricing_default'  itemscope=\"itemscope\" itemtype=\"https:\/\/schema.org\/Table\" ><tbody><tr class='avia-heading-row'><th class=''>Eva L\u00e9piz<\/th><\/tr><tr class=''><td class=''>Fot\u00f3grafa independiente, realiza trabajos documentales, editoriales y comerciales; imparte clases en los programas del CFMAB y el CASA. Ha participado en talleres como el Seminario de Fotograf\u00eda Contempor\u00e1nea del Centro de la Imagen y el CaSa, el Foundry Photojournalism Workshop, Diplomado de Fotograf\u00eda Documental con Joan Liftin y Antoine D\u2019Agata, ha participado en el New York Portfolio Review, recibi\u00f3 en equipo el Covid-19 Emergency Fund for Journalists de National Geographic, finalista en la convocatoria \u201cBeyond The Silence\u201d de Magnum Foundation, beneficiaria para el programa de Residencias Art\u00edsticas de la Secretar\u00eda de Cultura para el \u201cTbilisi Photo Festival\u201d en Georgia, alumna de VII Academy. Ha publicado en LA Times, The WaPo, Insider, Les Echos, Americas Quarterly, Gatopardo, S\u00fcddeutsche Zeitung Magazine, The Wall Street Journal. Ha exhibido individualmente en Texas y Oaxaca; en exhibiciones colectivas como Lu Biaanni, entre \u0301 otras. Forma parte de la \u201cColecci\u00f3n Toledo de Fotograf\u00eda\u201d<br \/>\n<\/td><\/tr><\/tbody><\/table><\/div><style type='text\/css'>.avia-table-1 td:nth-of-type(1):before { content: 'Eva L\u00e9piz'; } <\/style><\/p><\/div>\n<div class=\"flex_column av_three_fifth  flex_column_div av-zero-column-padding   \" style='border-radius:0px; '><p><div style='padding-bottom:10px;font-size:30px;' class='av-special-heading av-special-heading-h3  blockquote modern-quote   av-inherit-size'><h3 class='av-special-heading-tag'  itemprop=\"headline\"  >Acerca del taller<\/h3><div class='special-heading-border'><div class='special-heading-inner-border' ><\/div><\/div><\/div><br \/>\n<div class='avia-data-table-wrap avia_responsive_table'><table class='avia-table avia-data-table avia-table-2  avia_pricing_default'  itemscope=\"itemscope\" itemtype=\"https:\/\/schema.org\/Table\" ><tbody><tr class=''><td class=''>LISTA DE SELECCIONADOS<\/td><\/tr><tr class=''><td class=''>Gregorio Ruiz Escamilla<br \/>\nEl\u00ed Abraham Aramburo<br \/>\nXimena Melissa Mendoza Garc\u00eda<br \/>\nMaricarmen Magdaleno Rodr\u00edguez<br \/>\nMar\u00eda De Los \u00c1ngeles Garc\u00eda Garc\u00eda<br \/>\nJesica Jocellyn C\u00f3rdova Garc\u00eda<br \/>\nCaty Karime Matadamas Ju\u00e1rez<\/td><\/tr><\/tbody><\/table><\/div><style type='text\/css'><\/style><br \/>\n<div class='avia-data-table-wrap avia_responsive_table'><table class='avia-table avia-data-table avia-table-3  avia_pricing_default'  itemscope=\"itemscope\" itemtype=\"https:\/\/schema.org\/Table\" ><tbody><tr class='avia-heading-row'><th class=''>Descripci\u00f3n general<\/th><\/tr><tr class=''><td class=''>El taller propone explorar la fotograf\u00eda como una herramienta para registrar, preservar y compartir la memoria comunitaria. A trav\u00e9s de sesiones te\u00f3ricas y pr\u00e1cticas, los participantes reflexionar\u00e1n sobre el papel de la imagen en la construcci\u00f3n de identidades colectivas, aprender\u00e1n metodolog\u00edas de registro \u00e9tico y colaborativo, y trabajar\u00e1n en la creaci\u00f3n de un archivo comunitario.<br \/>\n<\/td><\/tr><tr class='avia-heading-row'><th class=''>Objetivo general<\/th><\/tr><tr class=''><td class=''>Fortalecer la pr\u00e1ctica fotogr\u00e1fica comunitaria como medio de memoria, identidad y transformaci\u00f3n social, mediante el an\u00e1lisis de referentes art\u00edsticos, la aplicaci\u00f3n de metodolog\u00edas colaborativas y la creaci\u00f3n de un archivo accesible.<br \/>\n<\/td><\/tr><tr class='avia-heading-row'><th class=''>Objetivos espec\u00edficos<\/th><\/tr><tr class=''><td class=''>&#8211; Reconocer y reflexionar sobre la importancia de la fotograf\u00eda como testimonio de los procesos hist\u00f3ricos y comunitarios.<br \/>\n&#8211; Analizar referentes visuales y literarios que inspiran la producci\u00f3n fotogr\u00e1fica con un enfoque cr\u00edtico y sensible.<br \/>\n&#8211; Desarrollar estrategias metodol\u00f3gicas y \u00e9ticas para documentar la vida comunitaria y organizar un archivo fotogr\u00e1fico accesible.<br \/>\n<\/td><\/tr><tr class='avia-heading-row'><th class=''>Temas<\/th><\/tr><tr class=''><td class=''>1. La fotograf\u00eda como testigo del tiempo y de la vida comunitaria.<br \/>\n2. Conceptos de memoria individual, colectiva y comunitaria.<br \/>\n3. \u00c9tica de la mirada: consentimiento, representaci\u00f3n y reciprocidad.<br \/>\n4. Im\u00e1genes significativas de la comunidad.<br \/>\n5. Referencias visuales y literarias: Juan Rulfo, Graciela Iturbide, Nacho L\u00f3pez, Mariana Yampolsky.<br \/>\n6. Estrategias narrativas: c\u00f3mo contar historias con im\u00e1genes.<br \/>\n7. Conceptualizaci\u00f3n de proyecto fotogr\u00e1fico en una comunidad.<br \/>\n8. Toma de fotograf\u00edas en campo.<br \/>\n9. Edici\u00f3n, revelado digital y secuencia.<br \/>\n10. Estrategias para devolver las im\u00e1genes a la comunidad.<br \/>\n<\/td><\/tr><\/tbody><\/table><\/div><style type='text\/css'>.avia-table-3 td:nth-of-type(1):before { content: 'Descripci\u00f3n general'; } <\/style><br \/>\n<div style='padding-bottom:10px;font-size:30px;' class='av-special-heading av-special-heading-h3  blockquote modern-quote   av-inherit-size'><h3 class='av-special-heading-tag'  itemprop=\"headline\"  >Requisitos de inscripci\u00f3n<\/h3><div class='special-heading-border'><div class='special-heading-inner-border' ><\/div><\/div><\/div><br \/>\n<div class='avia-data-table-wrap avia_responsive_table'><table class='avia-table avia-data-table avia-table-4  avia_pricing_default'  itemscope=\"itemscope\" itemtype=\"https:\/\/schema.org\/Table\" ><tbody><tr class=''><td class=''>&#8212;<\/td><\/tr><tr class=''><td class=''>&#8211; Si tienes inter\u00e9s deber\u00e1s llenar el formulario con los datos completos que se encuentra en esta p\u00e1gina.<br \/>\n&#8211; La lista de seleccionados se publicar\u00e1 en esta p\u00e1gina, tambi\u00e9n se les notificar\u00e1 v\u00eda correo electr\u00f3nico con los detalles de la actividad.<br \/>\n&#8211; Actividad gratuita.<br \/>\n&#8211; Los talleristas ser\u00e1n los responsables de realizar la selecci\u00f3n de alumnos bajo sus criterios.<br \/>\n<\/td><\/tr><\/tbody><\/table><\/div><style type='text\/css'><\/style><br \/>\n<div class='avia-data-table-wrap avia_responsive_table'><table class='avia-table avia-data-table avia-table-5  avia_pricing_default'  itemscope=\"itemscope\" itemtype=\"https:\/\/schema.org\/Table\" ><tbody><tr class='avia-heading-row'><th class=''>REQUERIMIENTOS QUE SE LE SOLICITAR\u00c1 AL ALUMNO\/A<\/th><\/tr><tr class=''><td class=''>-Propuesta inicial de proyecto comunitario, ya sea en su comunidad de origen o en una comunidad a la que tenga acceso.<br \/>\n&#8211; Disponibilidad de tiempo durante las dos semanas del taller para realizar trabajo de campo y pr\u00e1cticas fotogr\u00e1ficas.<\/p>\n<p><\/td><\/tr><\/tbody><\/table><\/div><style type='text\/css'>.avia-table-5 td:nth-of-type(1):before { content: 'REQUERIMIENTOS QUE SE LE SOLICITAR\u00c1 AL ALUMNO\/A'; } <\/style><br \/>\n<div class='avia-data-table-wrap avia_responsive_table'><table class='avia-table avia-data-table avia-table-6  avia_pricing_default'  itemscope=\"itemscope\" itemtype=\"https:\/\/schema.org\/Table\" ><tbody><tr class='avia-heading-row'><th class=''>Criterios de selecci\u00f3n de alumnos<\/th><\/tr><tr class=''><td class=''>-Personas mayores de 15 a\u00f1os con conocimientos b\u00e1sicos en fotograf\u00eda, edici\u00f3n y revelado digital.<br \/>\n-Los aspirantes deber\u00e1n adjuntar un PDF que contenga:<br \/>\n1. Portafolio con 10 im\u00e1genes de autor\u00eda propia.<br \/>\n-Propuesta de proyecto comunitario, incluyendo:<br \/>\nAvances realizados hasta la fecha.<br \/>\nBreve explicaci\u00f3n de los motivos para tomar el taller.<br \/>\n&#8211; La selecci\u00f3n se realizar\u00e1 considerando la pertinencia de la propuesta, el inter\u00e9s en trabajar con una comunidad y la solidez del portafolio presentado.<br \/>\n<\/td><\/tr><\/tbody><\/table><\/div><style type='text\/css'>.avia-table-6 td:nth-of-type(1):before { content: 'Criterios de selecci\u00f3n de alumnos'; } <\/style><br \/>\n<div class='avia-data-table-wrap avia_responsive_table'><table class='avia-table avia-data-table avia-table-7  avia_pricing_default'  itemscope=\"itemscope\" itemtype=\"https:\/\/schema.org\/Table\" ><tbody><tr class='avia-heading-row'><th class=''>Nota para los seleccionados<\/th><\/tr><tr class=''><td class=''>&#8211; Clases presenciales en el sal\u00f3n de usos m\u00faltiples del CaSa<br \/>\n&#8211; Se dejar\u00e1n ejercicios espec\u00edficos a cada estudiante, es fundamental realizarlos para continuar con la siguiente clase.<br \/>\n&#8211; Tener el compromiso y el tiempo para llevar a cabo el taller, ya que las inasistencias injustificadas ser\u00e1n motivo de suspensi\u00f3n y no podr\u00e1 ingresar a talleres futuros.<br \/>\n&#8211; Durante el taller nos estaremos comunicando por medio de mensajes en un grupo de WhatsApp, por ser una herramienta m\u00e1s r\u00e1pida para poder tener una mejor comunicaci\u00f3n con lo que respecta al taller.<br \/>\n&#8211; Actividad gratuita.<br \/>\n&#8211; Los talleristas ser\u00e1n los responsables de realizar la selecci\u00f3n de alumnos bajo sus criterios.<br \/>\n&#8211; La lista de seleccionados se publicar\u00e1 en esta p\u00e1gina, tambi\u00e9n se les notificar\u00e1 v\u00eda correo electr\u00f3nico con los detalles de la actividad.<br \/>\n<\/td><\/tr><\/tbody><\/table><\/div><style type='text\/css'>.avia-table-7 td:nth-of-type(1):before { content: 'Nota para los seleccionados'; } <\/style><br \/>\n<div id='av-masonry-1' class='av-masonry noHover av-flex-size av-large-gap av-hover-overlay-active av-masonry-col-flexible av-caption-always av-caption-style- av-masonry-gallery  '  ><div class='av-masonry-container isotope av-js-disabled ' ><div class='av-masonry-entry isotope-item av-masonry-item-no-image '><\/div><a href=\"https:\/\/casa.oaxaca.gob.mx\/wp-content\/uploads\/2025\/10\/EVALEPIZ_retratos_0011-1-817x1030.jpg\" id='av-masonry-1-item-17731' data-av-masonry-item='17731' class='av-masonry-entry isotope-item post-17731 attachment type-attachment status-inherit hentry  av-masonry-item-with-image' title=\"\"  itemprop=\"thumbnailUrl\" ><div class='av-inner-masonry-sizer'><\/div><figure class='av-inner-masonry main_color'><div class=\"av-masonry-outerimage-container\"><div class=\"av-masonry-image-container\" style=\"background-image: url(https:\/\/casa.oaxaca.gob.mx\/wp-content\/uploads\/2025\/10\/EVALEPIZ_retratos_0011-1-559x705.jpg);\"><img decoding=\"async\" src=\"https:\/\/casa.oaxaca.gob.mx\/wp-content\/uploads\/2025\/10\/EVALEPIZ_retratos_0011-1-559x705.jpg\" title=\"EVALEPIZ_retratos_0011 (1)\" alt=\"\" \/><\/div><\/div><figcaption class='av-inner-masonry-content site-background'><div class='av-inner-masonry-content-pos'><div class='av-inner-masonry-content-pos-content'><div class='avia-arrow'><\/div><h3 class='av-masonry-entry-title entry-title'  itemprop=\"headline\" >EVALEPIZ_retratos_0011 (1)<\/h3><\/div><\/div><\/figcaption><\/figure><\/a><!--end av-masonry entry--><a href=\"https:\/\/casa.oaxaca.gob.mx\/wp-content\/uploads\/2025\/10\/evalepiz1_0169-1030x687.jpg\" id='av-masonry-1-item-17732' data-av-masonry-item='17732' class='av-masonry-entry isotope-item post-17732 attachment type-attachment status-inherit hentry  av-masonry-item-with-image' title=\"\"  itemprop=\"thumbnailUrl\" ><div class='av-inner-masonry-sizer'><\/div><figure class='av-inner-masonry main_color'><div class=\"av-masonry-outerimage-container\"><div class=\"av-masonry-image-container\" style=\"background-image: url(https:\/\/casa.oaxaca.gob.mx\/wp-content\/uploads\/2025\/10\/evalepiz1_0169-705x470.jpg);\"><img decoding=\"async\" src=\"https:\/\/casa.oaxaca.gob.mx\/wp-content\/uploads\/2025\/10\/evalepiz1_0169-705x470.jpg\" title=\"evalepiz1_0169\" alt=\"\" \/><\/div><\/div><figcaption class='av-inner-masonry-content site-background'><div class='av-inner-masonry-content-pos'><div class='av-inner-masonry-content-pos-content'><div class='avia-arrow'><\/div><h3 class='av-masonry-entry-title entry-title'  itemprop=\"headline\" >evalepiz1_0169<\/h3><\/div><\/div><\/figcaption><\/figure><\/a><!--end av-masonry entry--><\/div><div class='av-masonry-pagination av-masonry-pagination-pagination'><nav class='pagination'><span class='pagination-meta'>Page 1 of 0<\/span><\/nav>\n<\/div><\/div><\/p><\/div>\n","protected":false},"excerpt":{"rendered":"","protected":false},"author":1,"featured_media":17714,"comment_status":"open","ping_status":"open","sticky":false,"template":"","format":"standard","meta":{"_exactmetrics_skip_tracking":false,"_exactmetrics_sitenote_active":false,"_exactmetrics_sitenote_note":"","_exactmetrics_sitenote_category":0,"footnotes":""},"categories":[204],"tags":[],"class_list":["post-17703","post","type-post","status-publish","format-standard","has-post-thumbnail","hentry","category-204"],"_links":{"self":[{"href":"https:\/\/casa.oaxaca.gob.mx\/index.php?rest_route=\/wp\/v2\/posts\/17703","targetHints":{"allow":["GET"]}}],"collection":[{"href":"https:\/\/casa.oaxaca.gob.mx\/index.php?rest_route=\/wp\/v2\/posts"}],"about":[{"href":"https:\/\/casa.oaxaca.gob.mx\/index.php?rest_route=\/wp\/v2\/types\/post"}],"author":[{"embeddable":true,"href":"https:\/\/casa.oaxaca.gob.mx\/index.php?rest_route=\/wp\/v2\/users\/1"}],"replies":[{"embeddable":true,"href":"https:\/\/casa.oaxaca.gob.mx\/index.php?rest_route=%2Fwp%2Fv2%2Fcomments&post=17703"}],"version-history":[{"count":3,"href":"https:\/\/casa.oaxaca.gob.mx\/index.php?rest_route=\/wp\/v2\/posts\/17703\/revisions"}],"predecessor-version":[{"id":18060,"href":"https:\/\/casa.oaxaca.gob.mx\/index.php?rest_route=\/wp\/v2\/posts\/17703\/revisions\/18060"}],"wp:featuredmedia":[{"embeddable":true,"href":"https:\/\/casa.oaxaca.gob.mx\/index.php?rest_route=\/wp\/v2\/media\/17714"}],"wp:attachment":[{"href":"https:\/\/casa.oaxaca.gob.mx\/index.php?rest_route=%2Fwp%2Fv2%2Fmedia&parent=17703"}],"wp:term":[{"taxonomy":"category","embeddable":true,"href":"https:\/\/casa.oaxaca.gob.mx\/index.php?rest_route=%2Fwp%2Fv2%2Fcategories&post=17703"},{"taxonomy":"post_tag","embeddable":true,"href":"https:\/\/casa.oaxaca.gob.mx\/index.php?rest_route=%2Fwp%2Fv2%2Ftags&post=17703"}],"curies":[{"name":"wp","href":"https:\/\/api.w.org\/{rel}","templated":true}]}}