{"id":17754,"date":"2025-10-09T12:22:06","date_gmt":"2025-10-09T18:22:06","guid":{"rendered":"https:\/\/casa.oaxaca.gob.mx\/?p=17754"},"modified":"2026-01-22T13:46:42","modified_gmt":"2026-01-22T19:46:42","slug":"taller-presencial-grabado-en-mural-imparte-irving-herrera","status":"publish","type":"post","link":"https:\/\/casa.oaxaca.gob.mx\/?p=17754","title":{"rendered":"Taller presencial. Grabado en mural. Imparte: Irving Herrera."},"content":{"rendered":"<\/div><\/div><\/div><!-- close content main div --><\/div><\/div><div id='av_section_1' class='avia-section main_color avia-section-no-padding avia-no-border-styling avia-full-stretch av-parallax-section avia-bg-style-parallax  av-minimum-height av-minimum-height-75 container_wrap fullsize'  data-section-bg-repeat='stretch' ><div class='av-parallax' data-avia-parallax-ratio='0.3' ><div class='av-parallax-inner main_color  avia-full-stretch' style = 'background-repeat: no-repeat; background-image: url(https:\/\/casa.oaxaca.gob.mx\/wp-content\/uploads\/2025\/10\/Grabado-en-mural_portada-scaled.jpg); background-attachment: scroll; background-position: bottom center; ' ><\/div><\/div><div class='container' ><div class='template-page content  av-content-full alpha units'><div class='post-entry post-entry-type-page post-entry-17754'><div class='entry-content-wrapper clearfix'>\n<div style='padding-bottom:10px;color:#ffffff;font-size:50px;' class='av-special-heading av-special-heading-h3 custom-color-heading blockquote modern-quote  av-inherit-size'><h3 class='av-special-heading-tag'  itemprop=\"headline\"  >Taller presencial. Grabado en mural.<\/h3><div class ='av-subheading av-subheading_below av_custom_color' style='font-size:25px;'><p>Imparte: Irving Herrera.<\/p>\n<\/div><div class='special-heading-border'><div class='special-heading-inner-border' style='border-color:#ffffff'><\/div><\/div><\/div>\n\n<\/div><\/div><\/div><!-- close content main div --><\/div><\/div><div id='av-layout-grid-1' class='av-layout-grid-container entry-content-wrapper main_color av-flex-cells  container_wrap fullsize'   >\n<div class=\"flex_cell no_margin av_one_full   \" style='vertical-align:top; padding:30px; background-color:#ED9600; '><div class='flex_cell_inner' ><p><div class=\"flex_column av_one_fourth  flex_column_div av-zero-column-padding first  \" style='border-radius:0px; '><div style='padding-bottom:10px;color:#ffffff;' class='av-special-heading av-special-heading-h3 custom-color-heading blockquote modern-quote '><h3 class='av-special-heading-tag'  itemprop=\"headline\"  >Cierre de inscripciones<\/h3><div class ='av-subheading av-subheading_below av_custom_color' style='font-size:20px;'><p>Domingo 2 de noviembre de 2025<\/p>\n<p>Publicaci\u00f3n de resultados<br \/>\nMi\u00e9rcoles 5 de noviembre de 2025<\/p>\n<\/div><div class='special-heading-border'><div class='special-heading-inner-border' style='border-color:#ffffff'><\/div><\/div><\/div><\/div><div class=\"flex_column av_one_fourth  flex_column_div av-zero-column-padding   \" style='border-radius:0px; '><div style='padding-bottom:10px;color:#ffffff;' class='av-special-heading av-special-heading-h3 custom-color-heading blockquote modern-quote '><h3 class='av-special-heading-tag'  itemprop=\"headline\"  >Fechas<\/h3><div class ='av-subheading av-subheading_below av_custom_color' style='font-size:20px;'><p>Lunes a viernes<br \/>\nDel 10 al 14 de noviembre de 2025<\/p>\n<\/div><div class='special-heading-border'><div class='special-heading-inner-border' style='border-color:#ffffff'><\/div><\/div><\/div><\/div><div class=\"flex_column av_one_fourth  flex_column_div av-zero-column-padding   \" style='border-radius:0px; '><div style='padding-bottom:10px;color:#ffffff;' class='av-special-heading av-special-heading-h3 custom-color-heading blockquote modern-quote  '><h3 class='av-special-heading-tag'  itemprop=\"headline\"  >Horario<\/h3><div class ='av-subheading av-subheading_below av_custom_color' style='font-size:20px;'><p>10 a 14 h<\/p>\n<\/div><div class='special-heading-border'><div class='special-heading-inner-border' style='border-color:#ffffff'><\/div><\/div><\/div><\/div><div class=\"flex_column av_one_fourth  flex_column_div av-zero-column-padding   \" style='border-radius:0px; '><section class=\"avia_codeblock_section avia_code_block_0\"  itemscope=\"itemscope\" itemtype=\"https:\/\/schema.org\/BlogPosting\" itemprop=\"blogPost\" ><div class='avia_codeblock '  itemprop=\"text\" > [avia_codeblock_placeholder uid=\"0\"] <\/div><\/section><\/div><\/p>\n<\/div><\/div>\n<\/div>\n<div class=\"flex_column av_two_fifth  flex_column_div av-zero-column-padding first  \" style='border-radius:0px; '><p><div class='av-social-sharing-box '><div class='av-share-box'><h5 class='av-share-link-description'>Compartir esta actividad<\/h5><ul class='av-share-box-list noLightbox'><li class='av-share-link av-social-link-facebook' ><a target='_blank' href='http:\/\/www.facebook.com\/sharer.php?u=https:\/\/casa.oaxaca.gob.mx\/?p=17754&amp;t=Taller%20presencial.%20Grabado%20en%20mural.%20Imparte%3A%20Irving%20Herrera.' aria-hidden='true' data-av_icon='\ue8f3' data-av_iconfont='entypo-fontello' title='' data-avia-related-tooltip='Share on Facebook'><span class='avia_hidden_link_text'>Share on Facebook<\/span><\/a><\/li><li class='av-share-link av-social-link-twitter' ><a target='_blank' href='https:\/\/twitter.com\/share?text=Taller%20presencial.%20Grabado%20en%20mural.%20Imparte%3A%20Irving%20Herrera.&url=https:\/\/casa.oaxaca.gob.mx\/?p=17754' aria-hidden='true' data-av_icon='\ue8f1' data-av_iconfont='entypo-fontello' title='' data-avia-related-tooltip='Share on Twitter'><span class='avia_hidden_link_text'>Share on Twitter<\/span><\/a><\/li><li class='av-share-link av-social-link-gplus' ><a target='_blank' href='https:\/\/plus.google.com\/share?url=https:\/\/casa.oaxaca.gob.mx\/?p=17754' aria-hidden='true' data-av_icon='\ue8f6' data-av_iconfont='entypo-fontello' title='' data-avia-related-tooltip='Share on Google+'><span class='avia_hidden_link_text'>Share on Google+<\/span><\/a><\/li><li class='av-share-link av-social-link-pinterest' ><a target='_blank' href='http:\/\/pinterest.com\/pin\/create\/button\/?url=https%3A%2F%2Fcasa.oaxaca.gob.mx%2F%3Fp%3D17754&amp;description=Taller%20presencial.%20Grabado%20en%20mural.%20Imparte%3A%20Irving%20Herrera.&amp;media=https%3A%2F%2Fcasa.oaxaca.gob.mx%2Fwp-content%2Fuploads%2F2025%2F10%2FGrabado-en-mural_cerrada-705x484.jpg' aria-hidden='true' data-av_icon='\ue8f8' data-av_iconfont='entypo-fontello' title='' data-avia-related-tooltip='Share on Pinterest'><span class='avia_hidden_link_text'>Share on Pinterest<\/span><\/a><\/li><li class='av-share-link av-social-link-mail' ><a  href='mailto:?subject=Taller%20presencial.%20Grabado%20en%20mural.%20Imparte%3A%20Irving%20Herrera.&amp;body=https:\/\/casa.oaxaca.gob.mx\/?p=17754' aria-hidden='true' data-av_icon='\ue805' data-av_iconfont='entypo-fontello' title='' data-avia-related-tooltip='Share by Mail'><span class='avia_hidden_link_text'>Share by Mail<\/span><\/a><\/li><\/ul><\/div><\/div><br \/>\n<div  class='hr hr-default '><span class='hr-inner ' ><span class='hr-inner-style'><\/span><\/span><\/div><br \/>\n<div style='padding-bottom:10px;font-size:30px;' class='av-special-heading av-special-heading-h3  blockquote modern-quote   av-inherit-size'><h3 class='av-special-heading-tag'  itemprop=\"headline\"  >Sobre el tallerista<\/h3><div class='special-heading-border'><div class='special-heading-inner-border' ><\/div><\/div><\/div><br \/>\n<div class='avia-data-table-wrap avia_responsive_table'><table class='avia-table avia-data-table avia-table-1  avia_pricing_default'  itemscope=\"itemscope\" itemtype=\"https:\/\/schema.org\/Table\" ><tbody><tr class='avia-heading-row'><th class=''>Irving Herrera<\/th><\/tr><tr class=''><td class=''>Es un destacado artista gr\u00e1fico cuya obra ha recorrido importantes escenarios nacionales e internacionales. Su pr\u00e1ctica se centra en el grabado, disciplina en la que ha encontrado un medio para explorar la memoria, la identidad y la representaci\u00f3n de la muerte dentro de la tradici\u00f3n mexicana. Ha expuesto de manera individual y colectiva en pa\u00edses como Cuba, Argentina, Brasil, Italia, Jap\u00f3n, Chile, Espa\u00f1a, Estados Unidos, China, Alemania, Rumania, Polonia, Uruguay, Venezuela, Portugal y M\u00e9xico.<\/p>\n<p>Su trayectoria cuenta con exhibiciones en museos y galer\u00edas de gran prestigio, como el Museo Nacional de la Estampa (M\u00e9xico), el Chrysler Museum of Art (Estados Unidos), el Art Museum of Cluj-Napoca (Rumania), el Museo Civico Palazzo Fogazzaro (Italia), el China Art Museum of Shanghai (China) y el Museo Jos\u00e9 Guadalupe Posada (M\u00e9xico), entre muchos otros. Asimismo, su trabajo forma parte de publicaciones especializadas como Pratiquer la Gravure en Relief de Oliver Dekeyser (Francia), Zapata Vivo a trav\u00e9s de la gr\u00e1fica contempor\u00e1nea (Museo Nacional de la Estampa, M\u00e9xico) e Im\u00e1genes de Oaxaca \u2013 Arte, Pol\u00edtica y Memoria de Abraham Nah\u00f3n (M\u00e9xico).<\/p>\n<p>Invitado en m\u00faltiples ocasiones como docente, ha impartido talleres de grabado en instituciones como el Centro de las Artes de San Agust\u00edn (CaSa), donde ha desarrollado propuestas que integran la gr\u00e1fica mural y el trabajo colaborativo. Su producci\u00f3n art\u00edstica, que combina un profundo respeto por la tradici\u00f3n con un lenguaje contempor\u00e1neo, lo ha consolidado como una de las voces m\u00e1s relevantes de la gr\u00e1fica mexicana actual.<br \/>\n<\/td><\/tr><\/tbody><\/table><\/div><style type='text\/css'>.avia-table-1 td:nth-of-type(1):before { content: 'Irving Herrera'; } <\/style><\/p><\/div>\n<div class=\"flex_column av_three_fifth  flex_column_div av-zero-column-padding   \" style='border-radius:0px; '><p><div style='padding-bottom:10px;font-size:30px;' class='av-special-heading av-special-heading-h3  blockquote modern-quote   av-inherit-size'><h3 class='av-special-heading-tag'  itemprop=\"headline\"  >Acerca del taller<\/h3><div class='special-heading-border'><div class='special-heading-inner-border' ><\/div><\/div><\/div><br \/>\n<div class='avia-data-table-wrap avia_responsive_table'><table class='avia-table avia-data-table avia-table-2  avia_pricing_default'  itemscope=\"itemscope\" itemtype=\"https:\/\/schema.org\/Table\" ><tbody><tr class=''><td class=''>LISTA DE SELECCIONADOS<\/td><\/tr><tr class=''><td class=''>Cesar Eduardo L\u00f3pez Mart\u00ednez<br \/>\nEsmeralda Patricia Ju\u00e1rez Vel\u00e1zquez<\/p>\n<p>Pierre Efra\u00edn \u00c1vila S\u00e1nchez<\/p>\n<p>Rosa del Alba Miguel Morales<\/p>\n<p>Mayka Zurica Ordaz Fern\u00e1ndez<\/p>\n<p>Edgar Addair Ruiz Le\u00f3n<\/p>\n<p>Alexandro Jos\u00e9 G\u00f3mez<\/p>\n<p>Pablo Mat\u00edas Lorefice Maldonado<\/p>\n<p>Jes\u00fas Sanz Bartolomesanz<\/p>\n<p>Rodrigo M\u00e9ndez Garc\u00eda<\/p>\n<p>Ernesto Garc\u00eda Garc\u00eda<\/p>\n<p>Lorena Calvo Ruiz<\/p>\n<p>Alejandro Zen\u00e9n Espinoza Villag\u00f3mez<\/p>\n<p>Jorge Pascual Pablo Santiago<\/td><\/tr><\/tbody><\/table><\/div><style type='text\/css'><\/style><br \/>\n<div class='avia-data-table-wrap avia_responsive_table'><table class='avia-table avia-data-table avia-table-3  avia_pricing_default'  itemscope=\"itemscope\" itemtype=\"https:\/\/schema.org\/Table\" ><tbody><tr class='avia-heading-row'><th class=''>Descripci\u00f3n general<\/th><\/tr><tr class=''><td class=''>El taller propone una experiencia colectiva de creaci\u00f3n gr\u00e1fica para personas mayores de 15 a\u00f1os. A partir de fragmentos individuales (placas), los participantes explorar\u00e1n la tradici\u00f3n del grabado mexicano y su relaci\u00f3n con la representaci\u00f3n de la muerte. Cada persona elaborar\u00e1 una pieza que, al unirse con las dem\u00e1s, dar\u00e1 forma a un mural de gran formato (2m x 2m). La actividad fomenta la colaboraci\u00f3n, el di\u00e1logo visual y la apreciaci\u00f3n del grabado como lenguaje art\u00edstico comunitario.<br \/>\n<\/td><\/tr><tr class='avia-heading-row'><th class=''>Objetivo general<\/th><\/tr><tr class=''><td class=''>Fomentar la creaci\u00f3n colectiva mediante el grabado, explorando la representaci\u00f3n de la muerte en la gr\u00e1fica mexicana para conformar un mural de gran formato.<\/td><\/tr><tr class='avia-heading-row'><th class=''>Objetivos espec\u00edficos<\/th><\/tr><tr class=''><td class=''>&#8211; Analizar los s\u00edmbolos y significados de la muerte en el grabado mexicano.<br \/>\n&#8211; Desarrollar habilidades t\u00e9cnicas en el dise\u00f1o y elaboraci\u00f3n de placas gr\u00e1ficas.<br \/>\n&#8211; Promover el trabajo colaborativo a trav\u00e9s de la integraci\u00f3n de fragmentos en un mural com\u00fan.<br \/>\n<\/td><\/tr><tr class='avia-heading-row'><th class=''>Temas<\/th><\/tr><tr class=''><td class=''>1. Introducci\u00f3n al grabado mexicano y su v\u00ednculo con la representaci\u00f3n de la muerte.<br \/>\n2. Exploraci\u00f3n de referentes visuales y simb\u00f3licos en la gr\u00e1fica mexicana.<br \/>\n3. Dise\u00f1o y elaboraci\u00f3n de fragmentos individuales en placas.<br \/>\n4. Integraci\u00f3n de fragmentos en un mural colectivo (2m x 2m).<br \/>\n5. Reflexi\u00f3n final sobre la experiencia colaborativa y la gr\u00e1fica como lenguaje comunitario<br \/>\n<\/td><\/tr><\/tbody><\/table><\/div><style type='text\/css'>.avia-table-3 td:nth-of-type(1):before { content: 'Descripci\u00f3n general'; } <\/style><br \/>\n<div style='padding-bottom:10px;font-size:30px;' class='av-special-heading av-special-heading-h3  blockquote modern-quote   av-inherit-size'><h3 class='av-special-heading-tag'  itemprop=\"headline\"  >Requisitos de inscripci\u00f3n<\/h3><div class='special-heading-border'><div class='special-heading-inner-border' ><\/div><\/div><\/div><br \/>\n<div class='avia-data-table-wrap avia_responsive_table'><table class='avia-table avia-data-table avia-table-4  avia_pricing_default'  itemscope=\"itemscope\" itemtype=\"https:\/\/schema.org\/Table\" ><tbody><tr class=''><td class=''>&#8212;<\/td><\/tr><tr class=''><td class=''>&#8211; Si tienes inter\u00e9s deber\u00e1s llenar el formulario con los datos completos que se encuentra en esta p\u00e1gina.<br \/>\n&#8211; La lista de seleccionados se publicar\u00e1 en esta p\u00e1gina, tambi\u00e9n se les notificar\u00e1 v\u00eda correo electr\u00f3nico con los detalles de la actividad.<br \/>\n&#8211; Actividad gratuita.<br \/>\n&#8211; Los talleristas ser\u00e1n los responsables de realizar la selecci\u00f3n de alumnos bajo sus criterios.<br \/>\n<\/td><\/tr><\/tbody><\/table><\/div><style type='text\/css'><\/style><br \/>\n<div class='avia-data-table-wrap avia_responsive_table'><table class='avia-table avia-data-table avia-table-5  avia_pricing_default'  itemscope=\"itemscope\" itemtype=\"https:\/\/schema.org\/Table\" ><tbody><tr class='avia-heading-row'><th class=''>Material que se le solicitar\u00e1 al alumno(a)<\/th><\/tr><tr class=''><td class=''>&#8211; L\u00e1piz<br \/>\n&#8211; Borrador<br \/>\n&#8211; 2 plumones permanentes<br \/>\n&#8211; Pincel redondo n\u00ba 12<br \/>\n<\/td><\/tr><\/tbody><\/table><\/div><style type='text\/css'>.avia-table-5 td:nth-of-type(1):before { content: 'Material que se le solicitar\u00e1 al alumno(a)'; } <\/style><br \/>\n<div class='avia-data-table-wrap avia_responsive_table'><table class='avia-table avia-data-table avia-table-6  avia_pricing_default'  itemscope=\"itemscope\" itemtype=\"https:\/\/schema.org\/Table\" ><tbody><tr class='avia-heading-row'><th class=''>Criterios de selecci\u00f3n de alumnos<\/th><\/tr><tr class=''><td class=''>-15 personas con experiencia en gr\u00e1fica<\/td><\/tr><\/tbody><\/table><\/div><style type='text\/css'>.avia-table-6 td:nth-of-type(1):before { content: 'Criterios de selecci\u00f3n de alumnos'; } <\/style><br \/>\n<div class='avia-data-table-wrap avia_responsive_table'><table class='avia-table avia-data-table avia-table-7  avia_pricing_default'  itemscope=\"itemscope\" itemtype=\"https:\/\/schema.org\/Table\" ><tbody><tr class='avia-heading-row'><th class=''>Nota para los seleccionados<\/th><\/tr><tr class=''><td class=''>&#8211; Clases presenciales en el sal\u00f3n de gr\u00e1fica tradicional del CaSa<br \/>\n&#8211; Se dejar\u00e1n ejercicios espec\u00edficos a cada estudiante, es fundamental realizarlos para continuar con la siguiente clase.<br \/>\n&#8211; Tener el compromiso y el tiempo para llevar a cabo el taller, ya que las inasistencias injustificadas ser\u00e1n motivo de suspensi\u00f3n y no podr\u00e1 ingresar a talleres futuros.<br \/>\n&#8211; Durante el taller nos estaremos comunicando por medio de mensajes en un grupo de WhatsApp, por ser una herramienta m\u00e1s r\u00e1pida para poder tener una mejor comunicaci\u00f3n con lo que respecta al taller.<br \/>\n&#8211; Actividad gratuita.<br \/>\n&#8211; Los talleristas ser\u00e1n los responsables de realizar la selecci\u00f3n de alumnos bajo sus criterios.<br \/>\n&#8211; La lista de seleccionados se publicar\u00e1 en esta p\u00e1gina, tambi\u00e9n se les notificar\u00e1 v\u00eda correo electr\u00f3nico con los detalles de la actividad.<br \/>\n<\/td><\/tr><\/tbody><\/table><\/div><style type='text\/css'>.avia-table-7 td:nth-of-type(1):before { content: 'Nota para los seleccionados'; } <\/style><br \/>\n<div id='av-masonry-1' class='av-masonry noHover av-fixed-size av-large-gap av-hover-overlay-active av-masonry-col-flexible av-caption-always av-caption-style- av-masonry-gallery  '  ><div class='av-masonry-container isotope av-js-disabled ' ><div class='av-masonry-entry isotope-item av-masonry-item-no-image '><\/div><a href=\"https:\/\/casa.oaxaca.gob.mx\/wp-content\/uploads\/2025\/10\/Irvingl-H.jpg\" id='av-masonry-1-item-17755' data-av-masonry-item='17755' class='av-masonry-entry isotope-item post-17755 attachment type-attachment status-inherit hentry  av-masonry-item-with-image' title=\"\"  itemprop=\"thumbnailUrl\" ><div class='av-inner-masonry-sizer'><\/div><figure class='av-inner-masonry main_color'><div class=\"av-masonry-outerimage-container\"><div class=\"av-masonry-image-container\" style=\"background-image: url(https:\/\/casa.oaxaca.gob.mx\/wp-content\/uploads\/2025\/10\/Irvingl-H-705x351.jpg);\"><img decoding=\"async\" src=\"https:\/\/casa.oaxaca.gob.mx\/wp-content\/uploads\/2025\/10\/Irvingl-H-705x351.jpg\" title=\"Irvingl H\" alt=\"\" \/><\/div><\/div><\/figure><\/a><!--end av-masonry entry--><a href=\"https:\/\/casa.oaxaca.gob.mx\/wp-content\/uploads\/2025\/10\/Irvingl-H1-1030x455.jpg\" id='av-masonry-1-item-17756' data-av-masonry-item='17756' class='av-masonry-entry isotope-item post-17756 attachment type-attachment status-inherit hentry  av-masonry-item-with-image' title=\"\"  itemprop=\"thumbnailUrl\" ><div class='av-inner-masonry-sizer'><\/div><figure class='av-inner-masonry main_color'><div class=\"av-masonry-outerimage-container\"><div class=\"av-masonry-image-container\" style=\"background-image: url(https:\/\/casa.oaxaca.gob.mx\/wp-content\/uploads\/2025\/10\/Irvingl-H1-705x311.jpg);\"><img decoding=\"async\" src=\"https:\/\/casa.oaxaca.gob.mx\/wp-content\/uploads\/2025\/10\/Irvingl-H1-705x311.jpg\" title=\"Irvingl H1\" alt=\"\" \/><\/div><\/div><\/figure><\/a><!--end av-masonry entry--><\/div><\/div><\/p><\/div>\n","protected":false},"excerpt":{"rendered":"","protected":false},"author":1,"featured_media":17716,"comment_status":"open","ping_status":"open","sticky":false,"template":"","format":"standard","meta":{"_exactmetrics_skip_tracking":false,"_exactmetrics_sitenote_active":false,"_exactmetrics_sitenote_note":"","_exactmetrics_sitenote_category":0,"footnotes":""},"categories":[204],"tags":[],"class_list":["post-17754","post","type-post","status-publish","format-standard","has-post-thumbnail","hentry","category-204"],"_links":{"self":[{"href":"https:\/\/casa.oaxaca.gob.mx\/index.php?rest_route=\/wp\/v2\/posts\/17754","targetHints":{"allow":["GET"]}}],"collection":[{"href":"https:\/\/casa.oaxaca.gob.mx\/index.php?rest_route=\/wp\/v2\/posts"}],"about":[{"href":"https:\/\/casa.oaxaca.gob.mx\/index.php?rest_route=\/wp\/v2\/types\/post"}],"author":[{"embeddable":true,"href":"https:\/\/casa.oaxaca.gob.mx\/index.php?rest_route=\/wp\/v2\/users\/1"}],"replies":[{"embeddable":true,"href":"https:\/\/casa.oaxaca.gob.mx\/index.php?rest_route=%2Fwp%2Fv2%2Fcomments&post=17754"}],"version-history":[{"count":3,"href":"https:\/\/casa.oaxaca.gob.mx\/index.php?rest_route=\/wp\/v2\/posts\/17754\/revisions"}],"predecessor-version":[{"id":17988,"href":"https:\/\/casa.oaxaca.gob.mx\/index.php?rest_route=\/wp\/v2\/posts\/17754\/revisions\/17988"}],"wp:featuredmedia":[{"embeddable":true,"href":"https:\/\/casa.oaxaca.gob.mx\/index.php?rest_route=\/wp\/v2\/media\/17716"}],"wp:attachment":[{"href":"https:\/\/casa.oaxaca.gob.mx\/index.php?rest_route=%2Fwp%2Fv2%2Fmedia&parent=17754"}],"wp:term":[{"taxonomy":"category","embeddable":true,"href":"https:\/\/casa.oaxaca.gob.mx\/index.php?rest_route=%2Fwp%2Fv2%2Fcategories&post=17754"},{"taxonomy":"post_tag","embeddable":true,"href":"https:\/\/casa.oaxaca.gob.mx\/index.php?rest_route=%2Fwp%2Fv2%2Ftags&post=17754"}],"curies":[{"name":"wp","href":"https:\/\/api.w.org\/{rel}","templated":true}]}}