{"id":17766,"date":"2025-10-09T15:13:58","date_gmt":"2025-10-09T21:13:58","guid":{"rendered":"https:\/\/casa.oaxaca.gob.mx\/?p=17766"},"modified":"2026-01-22T13:46:42","modified_gmt":"2026-01-22T19:46:42","slug":"taller-presencial-tejiendo-de-4-a-24-marcos-en-un-telar-avl-computarizado-imparte-iris-calderon","status":"publish","type":"post","link":"https:\/\/casa.oaxaca.gob.mx\/?p=17766","title":{"rendered":"Taller presencial. Tejiendo de 4 a 24 marcos en un Telar AVL computarizado. Imparte: Iris Calder\u00f3n."},"content":{"rendered":"<\/div><\/div><\/div><!-- close content main div --><\/div><\/div><div id='av_section_1' class='avia-section main_color avia-section-no-padding avia-no-border-styling avia-full-stretch av-parallax-section avia-bg-style-parallax  av-minimum-height av-minimum-height-75 container_wrap fullsize'  data-section-bg-repeat='stretch' ><div class='av-parallax' data-avia-parallax-ratio='0.3' ><div class='av-parallax-inner main_color  avia-full-stretch' style = 'background-repeat: no-repeat; background-image: url(https:\/\/casa.oaxaca.gob.mx\/wp-content\/uploads\/2025\/10\/Tejiendo_de_4_a_24_marcos_en_un_telar_avl_computarizado_portada-scaled.jpg); background-attachment: scroll; background-position: bottom center; ' ><\/div><\/div><div class='container' ><div class='template-page content  av-content-full alpha units'><div class='post-entry post-entry-type-page post-entry-17766'><div class='entry-content-wrapper clearfix'>\n<div style='padding-bottom:10px;color:#ffffff;font-size:50px;' class='av-special-heading av-special-heading-h3 custom-color-heading blockquote modern-quote  av-inherit-size'><h3 class='av-special-heading-tag'  itemprop=\"headline\"  >Taller presencial. Tejiendo de 4 a 24 marcos en un Telar AVL computarizado.<\/h3><div class ='av-subheading av-subheading_below av_custom_color' style='font-size:25px;'><p>Imparte: Iris Bel\u00e9n Calder\u00f3n Guti\u00e9rrez.<\/p>\n<\/div><div class='special-heading-border'><div class='special-heading-inner-border' style='border-color:#ffffff'><\/div><\/div><\/div>\n\n<\/div><\/div><\/div><!-- close content main div --><\/div><\/div><div id='av-layout-grid-1' class='av-layout-grid-container entry-content-wrapper main_color av-flex-cells  container_wrap fullsize'   >\n<div class=\"flex_cell no_margin av_one_full   \" style='vertical-align:top; padding:30px; background-color:#ED9600; '><div class='flex_cell_inner' ><p><div class=\"flex_column av_one_fourth  flex_column_div av-zero-column-padding first  \" style='border-radius:0px; '><div style='padding-bottom:10px;color:#ffffff;' class='av-special-heading av-special-heading-h3 custom-color-heading blockquote modern-quote '><h3 class='av-special-heading-tag'  itemprop=\"headline\"  >Cierre de inscripciones<\/h3><div class ='av-subheading av-subheading_below av_custom_color' style='font-size:20px;'><p>Domingo 9 de noviembre de 2025<\/p>\n<p>Publicaci\u00f3n de resultados<br \/>\nJueves 13 de noviembre de 2025<\/p>\n<\/div><div class='special-heading-border'><div class='special-heading-inner-border' style='border-color:#ffffff'><\/div><\/div><\/div><\/div><div class=\"flex_column av_one_fourth  flex_column_div av-zero-column-padding   \" style='border-radius:0px; '><div style='padding-bottom:10px;color:#ffffff;' class='av-special-heading av-special-heading-h3 custom-color-heading blockquote modern-quote  '><h3 class='av-special-heading-tag'  itemprop=\"headline\"  >Fechas<\/h3><div class ='av-subheading av-subheading_below av_custom_color' style='font-size:20px;'><p>Lunes a viernes<br \/>\nDel 17 al 21 de noviembre de 2025<\/p>\n<\/div><div class='special-heading-border'><div class='special-heading-inner-border' style='border-color:#ffffff'><\/div><\/div><\/div><\/div><div class=\"flex_column av_one_fourth  flex_column_div av-zero-column-padding   \" style='border-radius:0px; '><div style='padding-bottom:10px;color:#ffffff;' class='av-special-heading av-special-heading-h3 custom-color-heading blockquote modern-quote  '><h3 class='av-special-heading-tag'  itemprop=\"headline\"  >Horario<\/h3><div class ='av-subheading av-subheading_below av_custom_color' style='font-size:20px;'><p>De 10 a 14 y de 15 a 17 h<\/p>\n<\/div><div class='special-heading-border'><div class='special-heading-inner-border' style='border-color:#ffffff'><\/div><\/div><\/div><\/div><div class=\"flex_column av_one_fourth  flex_column_div av-zero-column-padding   \" style='border-radius:0px; '><section class=\"avia_codeblock_section avia_code_block_0\"  itemscope=\"itemscope\" itemtype=\"https:\/\/schema.org\/BlogPosting\" itemprop=\"blogPost\" ><div class='avia_codeblock '  itemprop=\"text\" > [avia_codeblock_placeholder uid=\"0\"] <\/div><\/section><\/div><\/p>\n<\/div><\/div>\n<\/div>\n<div class=\"flex_column av_two_fifth  flex_column_div av-zero-column-padding first  \" style='border-radius:0px; '><p><div class='av-social-sharing-box '><div class='av-share-box'><h5 class='av-share-link-description'>Compartir esta actividad<\/h5><ul class='av-share-box-list noLightbox'><li class='av-share-link av-social-link-facebook' ><a target='_blank' href='http:\/\/www.facebook.com\/sharer.php?u=https:\/\/casa.oaxaca.gob.mx\/?p=17766&amp;t=Taller%20presencial.%20Tejiendo%20de%204%20a%2024%20marcos%20en%20un%20Telar%20AVL%20computarizado.%20Imparte%3A%20Iris%20Calder%C3%B3n.' aria-hidden='true' data-av_icon='\ue8f3' data-av_iconfont='entypo-fontello' title='' data-avia-related-tooltip='Share on Facebook'><span class='avia_hidden_link_text'>Share on Facebook<\/span><\/a><\/li><li class='av-share-link av-social-link-twitter' ><a target='_blank' href='https:\/\/twitter.com\/share?text=Taller%20presencial.%20Tejiendo%20de%204%20a%2024%20marcos%20en%20un%20Telar%20AVL%20computarizado.%20Imparte%3A%20Iris%20Calder%C3%B3n.&url=https:\/\/casa.oaxaca.gob.mx\/?p=17766' aria-hidden='true' data-av_icon='\ue8f1' data-av_iconfont='entypo-fontello' title='' data-avia-related-tooltip='Share on Twitter'><span class='avia_hidden_link_text'>Share on Twitter<\/span><\/a><\/li><li class='av-share-link av-social-link-gplus' ><a target='_blank' href='https:\/\/plus.google.com\/share?url=https:\/\/casa.oaxaca.gob.mx\/?p=17766' aria-hidden='true' data-av_icon='\ue8f6' data-av_iconfont='entypo-fontello' title='' data-avia-related-tooltip='Share on Google+'><span class='avia_hidden_link_text'>Share on Google+<\/span><\/a><\/li><li class='av-share-link av-social-link-pinterest' ><a target='_blank' href='http:\/\/pinterest.com\/pin\/create\/button\/?url=https%3A%2F%2Fcasa.oaxaca.gob.mx%2F%3Fp%3D17766&amp;description=Taller%20presencial.%20Tejiendo%20de%204%20a%2024%20marcos%20en%20un%20Telar%20AVL%20computarizado.%20Imparte%3A%20Iris%20Calder%C3%B3n.&amp;media=https%3A%2F%2Fcasa.oaxaca.gob.mx%2Fwp-content%2Fuploads%2F2025%2F10%2FTejiendo_de_4_a_24_marcos_en_un_telar_avl_computarizado_cerrada-705x484.jpg' aria-hidden='true' data-av_icon='\ue8f8' data-av_iconfont='entypo-fontello' title='' data-avia-related-tooltip='Share on Pinterest'><span class='avia_hidden_link_text'>Share on Pinterest<\/span><\/a><\/li><li class='av-share-link av-social-link-mail' ><a  href='mailto:?subject=Taller%20presencial.%20Tejiendo%20de%204%20a%2024%20marcos%20en%20un%20Telar%20AVL%20computarizado.%20Imparte%3A%20Iris%20Calder%C3%B3n.&amp;body=https:\/\/casa.oaxaca.gob.mx\/?p=17766' aria-hidden='true' data-av_icon='\ue805' data-av_iconfont='entypo-fontello' title='' data-avia-related-tooltip='Share by Mail'><span class='avia_hidden_link_text'>Share by Mail<\/span><\/a><\/li><\/ul><\/div><\/div><br \/>\n<div  class='hr hr-default '><span class='hr-inner ' ><span class='hr-inner-style'><\/span><\/span><\/div><br \/>\n<div style='padding-bottom:10px;font-size:30px;' class='av-special-heading av-special-heading-h3  blockquote modern-quote  av-inherit-size'><h3 class='av-special-heading-tag'  itemprop=\"headline\"  >Sobre la tallerista<\/h3><div class='special-heading-border'><div class='special-heading-inner-border' ><\/div><\/div><\/div><br \/>\n<div class='avia-data-table-wrap avia_responsive_table'><table class='avia-table avia-data-table avia-table-1  avia_pricing_default'  itemscope=\"itemscope\" itemtype=\"https:\/\/schema.org\/Table\" ><tbody><tr class='avia-heading-row'><th class=''>Iris Bel\u00e9n Calder\u00f3n Guti\u00e9rrez<\/th><\/tr><tr class=''><td class=''>Dise\u00f1adora Industrial y Gr\u00e1fica egresada del ITESO. Como tejedora, se form\u00f3 en Estados Unidos, donde aprendi\u00f3 a tejer en una amplia gama de telares de pedal \u2014desde modelos tradicionales hasta computarizados\u2014 y domina t\u00e9cnicas como doble tela, dise\u00f1o de bloques, urdimbre suplementaria y overshot entre otras. Su conocimiento de tintes naturales viene de la participaci\u00f3n con Fibershed California donde form\u00f3 sus bases con Sasha Duerr y Porfirio Guti\u00e9rrez. Radicada en Oaxaca, colabora estrechamente con tejedores de telar de lanzadera y ofrece consultor\u00eda para entrelazar dise\u00f1o social y saberes artesanales.<\/p>\n<p>Durante m\u00e1s de una d\u00e9cada ha liderado proyectos de visual merchandising y desarrollo de producto. Su afinidad con las plantas la llev\u00f3 a certificarse en Dise\u00f1o de Jardines Sustentables por The Ruth Bancroft Garden, incorporando bot\u00e1nica y sostenibilidad a su pr\u00e1ctica textil.<br \/>\n<\/td><\/tr><\/tbody><\/table><\/div><style type='text\/css'>.avia-table-1 td:nth-of-type(1):before { content: 'Iris Bel\u00e9n Calder\u00f3n Guti\u00e9rrez'; } <\/style><\/p><\/div>\n<div class=\"flex_column av_three_fifth  flex_column_div av-zero-column-padding   \" style='border-radius:0px; '><p><div style='padding-bottom:10px;font-size:30px;' class='av-special-heading av-special-heading-h3  blockquote modern-quote   av-inherit-size'><h3 class='av-special-heading-tag'  itemprop=\"headline\"  >Acerca del taller<\/h3><div class='special-heading-border'><div class='special-heading-inner-border' ><\/div><\/div><\/div><br \/>\n<div class='avia-data-table-wrap avia_responsive_table'><table class='avia-table avia-data-table avia-table-2  avia_pricing_default'  itemscope=\"itemscope\" itemtype=\"https:\/\/schema.org\/Table\" ><tbody><tr class=''><td class=''>LISTA DE SELECCIONADOS<\/td><\/tr><tr class=''><td class=''>Luc\u00eda Rebeca Ruiz Mill\u00e1n<br \/>\nXochitl Alondra Velasco Esparza<br \/>\nIvette Yadira Olmedo Vicente<br \/>\nOllintzin Castro S\u00e1nchez<br \/>\n\u00c1lvaro L\u00f3pez Jim\u00e9nez<\/td><\/tr><\/tbody><\/table><\/div><style type='text\/css'><\/style><br \/>\n<div class='avia-data-table-wrap avia_responsive_table'><table class='avia-table avia-data-table avia-table-3  avia_pricing_default'  itemscope=\"itemscope\" itemtype=\"https:\/\/schema.org\/Table\" ><tbody><tr class='avia-heading-row'><th class=''>Descripci\u00f3n general<\/th><\/tr><tr class=''><td class=''>Taller intensivo dirigido a tejedoras y tejedores con experiencia en telar de pedal\/chicote o mesa que desean ampliar sus recursos de dise\u00f1o textil y explorar las posibilidades de tejer de 4 hasta 24 marcos en un telar computarizado AVL. Abordaremos desde la lectura y comprensi\u00f3n de esquemas de tejido y estructuras complejas \u2014 como el dise\u00f1o por bloques y la doble tela \u2014 hasta el proceso de crear nuevos dise\u00f1os llev\u00e1ndolos de un dibujo a mano y digitalizarlos en el software de dise\u00f1o textil WeavePoint. Cada participante llevar\u00e1 muestras tejidas y documentadas de sus exploraciones.<\/p>\n<p>\u00bfQu\u00e9 es un telar AVL Computarizado?<br \/>\nEl AVL Series A es un telar de piso que trabaja conectado a una computadora. Tiene un sistema compu-dobby: un mecanismo electr\u00f3nico que, en lugar de los pedales y el amarre tradicional, levanta los marcos (lizos) autom\u00e1ticamente siguiendo el dise\u00f1o que env\u00edas desde el software, WeavePoint. As\u00ed, el telar ejecuta tus ligamentos en segundos, con m\u00e1s velocidad y precisi\u00f3n.<\/p>\n<p>Un telar AVL acelera el montaje y el tejido, pero no reemplaza la creatividad del tejedor. Seg\u00fan la configuraci\u00f3n, puede trabajar hasta con 40 marcos, dos julios de urdimbre: uno seccional y uno liso (tradicional). Esto da m\u00e1s control y facilita t\u00e9cnicas como la urdimbre suplementaria<\/p>\n<p><\/td><\/tr><tr class='avia-heading-row'><th class=''>Objetivo general<\/th><\/tr><tr class=''><td class=''>Impulsar tu pr\u00e1ctica textil uniendo tu experiencia en telar de pedal o chicote con la precisi\u00f3n de un telar AVL computarizado. Comenzaremos con la comprensi\u00f3n y el desarrollo de esquemas en 4 marcos y avanzaremos hacia motivos de hasta 24 marcos usando un software de dise\u00f1o textil, para que puedas jugar, explorar y fortalecer tu estilo. Al finalizar, te llevar\u00e1s un conjunto de muestras tejidas y contar\u00e1s con m\u00e9todos, ejercicios y plantillas aplicables de inmediato en tu taller, ampliando tu capacidad de dise\u00f1o y producci\u00f3n sin perder tu sello artesanal.<br \/>\n<\/td><\/tr><tr class='avia-heading-row'><th class=''>Objetivos espec\u00edficos<\/th><\/tr><tr class=''><td class=''>Al finalizar el taller, cada participante ser\u00e1 capaz de:<br \/>\n&#8211; Entender la relaci\u00f3n entre un telar colonial (de pedal\/chicote) y un telar computarizado AVL, y c\u00f3mo trasladar su experiencia de uno a otro.<br \/>\n&#8211; Conocer c\u00f3mo urdir con un julio seccionado y caja de tensi\u00f3n.<br \/>\n&#8211; Operar un telar computarizado (compu-dobby): encendido, conexi\u00f3n a la computadora, carga de dise\u00f1os y verificaci\u00f3n de alzados.<br \/>\n&#8211; Leer y desarrollar esquemas de tejido y convertirlos en dise\u00f1os propios listos para tejer.<br \/>\n&#8211; Tejer motivos que van de 4 hasta 24 marcos, con criterios para repetir, escalar y combinar.<br \/>\n&#8211; Explorar estructuras avanzadas como doble tela y dise\u00f1o por bloques, aplicadas a su pr\u00e1ctica de 4 marcos.<br \/>\n&#8211; Manejar las bases de WeavePoint: creaci\u00f3n y edici\u00f3n de dise\u00f1os.<br \/>\n&#8211; Desarrollar sus muestras en un bloque de tejido individual de 4 horas con acompa\u00f1amiento para pruebas y ajustes.<br \/>\n<\/td><\/tr><tr class='avia-heading-row'><th class=''>Temas<\/th><\/tr><tr class=''><td class=''>Taller intensivo de 40 hrs<br \/>\n&#8211; Diferencias y semejanzas entre telar tradicional (pedal\/chicote) y telar computarizado.<br \/>\n&#8211; Urdido con un julio seccional y caja de tensi\u00f3n: planeaci\u00f3n de densidad, ancho, combinaci\u00f3n de colores en la urdimbre y control de tensi\u00f3n.<br \/>\n&#8211; Funcionamiento integral de un telar computarizado (compu-dobby): encendido, conexi\u00f3n, carga de dise\u00f1os, pruebas de tejido.<br \/>\n&#8211; Lectura y creaci\u00f3n de esquemas de tejido a 4 marcos, iniciando con bases s\u00f3lidas para escalar hasta 24 marcos.<br \/>\n&#8211; Ejercicios de dibujo en papel de esquemas (del boceto a la l\u00f3gica del tejido).<br \/>\n&#8211; Teor\u00eda y Pr\u00e1ctica de ligamentos y estructuras para dise\u00f1os m\u00e1s complejos: doble tela y dise\u00f1o por bloques.<br \/>\n&#8211; Introducci\u00f3n a WeavePoint (software de dise\u00f1o textil): creaci\u00f3n de un dise\u00f1o, edici\u00f3n, guardado y exportaci\u00f3n.<br \/>\n&#8211; Exploraci\u00f3n y desarrollo de dise\u00f1os propios.<br \/>\n&#8211; Bloque de tejido individual en el telar AVL: operaci\u00f3n y producci\u00f3n de muestras con el acompa\u00f1amiento de la tallerista. (4 horas por participante).<br \/>\n&#8211; Din\u00e1mica final: Corte de muestras, cada quien presentar\u00e1 una muestra clave, explicando qu\u00e9 busc\u00f3, qu\u00e9 ajust\u00f3 y qu\u00e9 aprendi\u00f3. Entre el grupo, recogemos tips pr\u00e1cticos y dejamos una lista de \u201cmejores pr\u00e1cticas\u201d para llevar al taller<br \/>\n<\/td><\/tr><\/tbody><\/table><\/div><style type='text\/css'>.avia-table-3 td:nth-of-type(1):before { content: 'Descripci\u00f3n general'; } <\/style><br \/>\n<div style='padding-bottom:10px;font-size:30px;' class='av-special-heading av-special-heading-h3  blockquote modern-quote   av-inherit-size'><h3 class='av-special-heading-tag'  itemprop=\"headline\"  >Requisitos de inscripci\u00f3n<\/h3><div class='special-heading-border'><div class='special-heading-inner-border' ><\/div><\/div><\/div><br \/>\n<div class='avia-data-table-wrap avia_responsive_table'><table class='avia-table avia-data-table avia-table-4  avia_pricing_default'  itemscope=\"itemscope\" itemtype=\"https:\/\/schema.org\/Table\" ><tbody><tr class=''><td class=''>&#8211; Adjuntar 5 im\u00e1genes de las piezas que representen la t\u00e9cnica que domines (Es importante que al llenar el formulario ya tenga preparado el PDF con las fotos que se est\u00e1n solicitando, de lo contrario no podr\u00e1 concluir su registro.)<br \/>\n&#8211; Responder el cuestionario con honestidad y claridad al describir tu experiencia y el objetivo en c\u00f3mo este curso impactar\u00e1 su pr\u00e1ctica profesional (en el rubro de Cu\u00e9ntanos sobre ti y por qu\u00e9 te quieres inscribir a esta actividad)<br \/>\n&#8211; Compromiso de asistencia durante los 5 d\u00edas del taller<br \/>\n&#8211; Disposici\u00f3n para compartir conocimientos<br \/>\n<\/td><\/tr><tr class=''><td class=''>&#8211; Si tienes inter\u00e9s deber\u00e1s llenar el formulario con los datos completos que se encuentra en esta p\u00e1gina.<br \/>\n&#8211; La lista de seleccionados se publicar\u00e1 en esta p\u00e1gina, tambi\u00e9n se les notificar\u00e1 v\u00eda correo electr\u00f3nico con los detalles de la actividad.<br \/>\n&#8211; Actividad gratuita.<br \/>\n&#8211; Los talleristas ser\u00e1n los responsables de realizar la selecci\u00f3n de alumnos bajo sus criterios.<br \/>\n<\/td><\/tr><\/tbody><\/table><\/div><style type='text\/css'><\/style><br \/>\n<div class='avia-data-table-wrap avia_responsive_table'><table class='avia-table avia-data-table avia-table-5  avia_pricing_default'  itemscope=\"itemscope\" itemtype=\"https:\/\/schema.org\/Table\" ><tbody><tr class='avia-heading-row'><th class=''>Material que se le solicitar\u00e1 al alumno(a)<\/th><\/tr><tr class=''><td class=''>&#8211; Cuaderno para tomar notas.<br \/>\n&#8211; Laptop, (si tienes acceso a una y puedas traerla a clase)<br \/>\n&#8211; Hilos o fibras naturales con los que te gustar\u00eda experimentar. (El telar estar\u00e1 montado con 100% algod\u00f3n Omega, hilaza s\u00faper fina No. 10, colores natural y negro.) El taller cuenta 3 variedades de calibres y colores de la marca Omega: Hilaza Dalia, Hilaza Super Fina no.10, Hilaza No.3<br \/>\n<\/td><\/tr><\/tbody><\/table><\/div><style type='text\/css'>.avia-table-5 td:nth-of-type(1):before { content: 'Material que se le solicitar\u00e1 al alumno(a)'; } <\/style><br \/>\n<div class='avia-data-table-wrap avia_responsive_table'><table class='avia-table avia-data-table avia-table-6  avia_pricing_default'  itemscope=\"itemscope\" itemtype=\"https:\/\/schema.org\/Table\" ><tbody><tr class='avia-heading-row'><th class=''>Criterios de selecci\u00f3n de alumnos<\/th><\/tr><tr class=''><td class=''>-4 Tejedoras y tejedores con experiencia en 4 marcos (pedal\/chicote o mesa) que desean escalar su pr\u00e1ctica a motivos de hasta 24 marcos usando un AVL computarizado.<br \/>\n-Tener de 2 a 5 muestras representativas de tu trabajo (pueden ser piezas peque\u00f1as o fragmentos que reflejan la t\u00e9cnica que dominas). Las cuales ser\u00e1n usadas para compartir experiencia y enriquecer la conversaci\u00f3n con ejemplos reales.<br \/>\n<\/td><\/tr><\/tbody><\/table><\/div><style type='text\/css'>.avia-table-6 td:nth-of-type(1):before { content: 'Criterios de selecci\u00f3n de alumnos'; } <\/style><br \/>\n<div class='avia-data-table-wrap avia_responsive_table'><table class='avia-table avia-data-table avia-table-7  avia_pricing_default'  itemscope=\"itemscope\" itemtype=\"https:\/\/schema.org\/Table\" ><tbody><tr class='avia-heading-row'><th class=''>Nota para los seleccionados<\/th><\/tr><tr class=''><td class=''>&#8211; Clases presenciales en el \u00e1rea de Producci\u00f3n Art\u00edstica del CaSa<br \/>\n&#8211; Se dejar\u00e1n ejercicios espec\u00edficos a cada estudiante, es fundamental realizarlos para continuar con la siguiente clase.<br \/>\n&#8211; Tener el compromiso y el tiempo para llevar a cabo el taller, ya que las inasistencias injustificadas ser\u00e1n motivo de suspensi\u00f3n y no podr\u00e1 ingresar a talleres futuros.<br \/>\n&#8211; Durante el taller nos estaremos comunicando por medio de mensajes en un grupo de WhatsApp, por ser una herramienta m\u00e1s r\u00e1pida para poder tener una mejor comunicaci\u00f3n con lo que respecta al taller.<br \/>\n&#8211; Actividad gratuita.<br \/>\n&#8211; Los talleristas ser\u00e1n los responsables de realizar la selecci\u00f3n de alumnos bajo sus criterios.<br \/>\n&#8211; La lista de seleccionados se publicar\u00e1 en esta p\u00e1gina, tambi\u00e9n se les notificar\u00e1 v\u00eda correo electr\u00f3nico con los detalles de la actividad.<br \/>\n<\/td><\/tr><\/tbody><\/table><\/div><style type='text\/css'>.avia-table-7 td:nth-of-type(1):before { content: 'Nota para los seleccionados'; } <\/style><br \/>\n<div id='av-masonry-1' class='av-masonry noHover av-fixed-size av-large-gap av-hover-overlay-active av-masonry-col-flexible av-caption-always av-caption-style- av-masonry-gallery  '  ><div class='av-masonry-container isotope av-js-disabled ' ><div class='av-masonry-entry isotope-item av-masonry-item-no-image '><\/div><a href=\"https:\/\/casa.oaxaca.gob.mx\/wp-content\/uploads\/2025\/10\/Iris1-773x1030.jpg\" id='av-masonry-1-item-17767' data-av-masonry-item='17767' class='av-masonry-entry isotope-item post-17767 attachment type-attachment status-inherit hentry  av-masonry-item-with-image' title=\"\"  itemprop=\"thumbnailUrl\" ><div class='av-inner-masonry-sizer'><\/div><figure class='av-inner-masonry main_color'><div class=\"av-masonry-outerimage-container\"><div class=\"av-masonry-image-container\" style=\"background-image: url(https:\/\/casa.oaxaca.gob.mx\/wp-content\/uploads\/2025\/10\/Iris1-529x705.jpg);\"><img decoding=\"async\" src=\"https:\/\/casa.oaxaca.gob.mx\/wp-content\/uploads\/2025\/10\/Iris1-529x705.jpg\" title=\"Iris1\" alt=\"\" \/><\/div><\/div><\/figure><\/a><!--end av-masonry entry--><a href=\"https:\/\/casa.oaxaca.gob.mx\/wp-content\/uploads\/2025\/10\/Iris2-773x1030.jpg\" id='av-masonry-1-item-17768' data-av-masonry-item='17768' class='av-masonry-entry isotope-item post-17768 attachment type-attachment status-inherit hentry  av-masonry-item-with-image' title=\"\"  itemprop=\"thumbnailUrl\" ><div class='av-inner-masonry-sizer'><\/div><figure class='av-inner-masonry main_color'><div class=\"av-masonry-outerimage-container\"><div class=\"av-masonry-image-container\" style=\"background-image: url(https:\/\/casa.oaxaca.gob.mx\/wp-content\/uploads\/2025\/10\/Iris2-529x705.jpg);\"><img decoding=\"async\" src=\"https:\/\/casa.oaxaca.gob.mx\/wp-content\/uploads\/2025\/10\/Iris2-529x705.jpg\" title=\"Iris2\" alt=\"\" \/><\/div><\/div><\/figure><\/a><!--end av-masonry entry--><a href=\"https:\/\/casa.oaxaca.gob.mx\/wp-content\/uploads\/2025\/10\/Iris3-773x1030.jpg\" id='av-masonry-1-item-17769' data-av-masonry-item='17769' class='av-masonry-entry isotope-item post-17769 attachment type-attachment status-inherit hentry  av-masonry-item-with-image' title=\"\"  itemprop=\"thumbnailUrl\" ><div class='av-inner-masonry-sizer'><\/div><figure class='av-inner-masonry main_color'><div class=\"av-masonry-outerimage-container\"><div class=\"av-masonry-image-container\" style=\"background-image: url(https:\/\/casa.oaxaca.gob.mx\/wp-content\/uploads\/2025\/10\/Iris3-529x705.jpg);\"><img decoding=\"async\" src=\"https:\/\/casa.oaxaca.gob.mx\/wp-content\/uploads\/2025\/10\/Iris3-529x705.jpg\" title=\"Iris3\" alt=\"\" \/><\/div><\/div><\/figure><\/a><!--end av-masonry entry--><\/div><\/div><\/p><\/div>\n","protected":false},"excerpt":{"rendered":"","protected":false},"author":1,"featured_media":17729,"comment_status":"open","ping_status":"open","sticky":false,"template":"","format":"standard","meta":{"_exactmetrics_skip_tracking":false,"_exactmetrics_sitenote_active":false,"_exactmetrics_sitenote_note":"","_exactmetrics_sitenote_category":0,"footnotes":""},"categories":[204],"tags":[],"class_list":["post-17766","post","type-post","status-publish","format-standard","has-post-thumbnail","hentry","category-204"],"_links":{"self":[{"href":"https:\/\/casa.oaxaca.gob.mx\/index.php?rest_route=\/wp\/v2\/posts\/17766","targetHints":{"allow":["GET"]}}],"collection":[{"href":"https:\/\/casa.oaxaca.gob.mx\/index.php?rest_route=\/wp\/v2\/posts"}],"about":[{"href":"https:\/\/casa.oaxaca.gob.mx\/index.php?rest_route=\/wp\/v2\/types\/post"}],"author":[{"embeddable":true,"href":"https:\/\/casa.oaxaca.gob.mx\/index.php?rest_route=\/wp\/v2\/users\/1"}],"replies":[{"embeddable":true,"href":"https:\/\/casa.oaxaca.gob.mx\/index.php?rest_route=%2Fwp%2Fv2%2Fcomments&post=17766"}],"version-history":[{"count":6,"href":"https:\/\/casa.oaxaca.gob.mx\/index.php?rest_route=\/wp\/v2\/posts\/17766\/revisions"}],"predecessor-version":[{"id":18033,"href":"https:\/\/casa.oaxaca.gob.mx\/index.php?rest_route=\/wp\/v2\/posts\/17766\/revisions\/18033"}],"wp:featuredmedia":[{"embeddable":true,"href":"https:\/\/casa.oaxaca.gob.mx\/index.php?rest_route=\/wp\/v2\/media\/17729"}],"wp:attachment":[{"href":"https:\/\/casa.oaxaca.gob.mx\/index.php?rest_route=%2Fwp%2Fv2%2Fmedia&parent=17766"}],"wp:term":[{"taxonomy":"category","embeddable":true,"href":"https:\/\/casa.oaxaca.gob.mx\/index.php?rest_route=%2Fwp%2Fv2%2Fcategories&post=17766"},{"taxonomy":"post_tag","embeddable":true,"href":"https:\/\/casa.oaxaca.gob.mx\/index.php?rest_route=%2Fwp%2Fv2%2Ftags&post=17766"}],"curies":[{"name":"wp","href":"https:\/\/api.w.org\/{rel}","templated":true}]}}