{"id":17772,"date":"2025-10-09T15:25:10","date_gmt":"2025-10-09T21:25:10","guid":{"rendered":"https:\/\/casa.oaxaca.gob.mx\/?p=17772"},"modified":"2026-01-22T13:46:42","modified_gmt":"2026-01-22T19:46:42","slug":"taller-presencial-decoracion-de-calaveritas-de-azucar-imparte-xochitl-sanchez-cordova","status":"publish","type":"post","link":"https:\/\/casa.oaxaca.gob.mx\/?p=17772","title":{"rendered":"Taller presencial. Decoraci\u00f3n de calaveritas de az\u00facar. Imparte: X\u00f3chitl S\u00e1nchez C\u00f3rdova."},"content":{"rendered":"<\/div><\/div><\/div><!-- close content main div --><\/div><\/div><div id='av_section_1' class='avia-section main_color avia-section-no-padding avia-no-border-styling avia-full-stretch av-parallax-section avia-bg-style-parallax  av-minimum-height av-minimum-height-75 container_wrap fullsize'  data-section-bg-repeat='stretch' ><div class='av-parallax' data-avia-parallax-ratio='0.3' ><div class='av-parallax-inner main_color  avia-full-stretch' style = 'background-repeat: no-repeat; background-image: url(https:\/\/casa.oaxaca.gob.mx\/wp-content\/uploads\/2025\/10\/Decoracion-de-calaveritas-de-azucar-portada-scaled.jpg); background-attachment: scroll; background-position: bottom center; ' ><\/div><\/div><div class='container' ><div class='template-page content  av-content-full alpha units'><div class='post-entry post-entry-type-page post-entry-17772'><div class='entry-content-wrapper clearfix'>\n<div style='padding-bottom:10px;color:#ffffff;font-size:50px;' class='av-special-heading av-special-heading-h3 custom-color-heading blockquote modern-quote  av-inherit-size'><h3 class='av-special-heading-tag'  itemprop=\"headline\"  >Taller presencial. Decoraci\u00f3n de calaveritas de az\u00facar.<\/h3><div class ='av-subheading av-subheading_below av_custom_color' style='font-size:25px;'><p>Imparte: X\u00f3chitl S\u00e1nchez C\u00f3rdova.<\/p>\n<\/div><div class='special-heading-border'><div class='special-heading-inner-border' style='border-color:#ffffff'><\/div><\/div><\/div>\n\n<\/div><\/div><\/div><!-- close content main div --><\/div><\/div><div id='av-layout-grid-1' class='av-layout-grid-container entry-content-wrapper main_color av-flex-cells  container_wrap fullsize'   >\n<div class=\"flex_cell no_margin av_one_full   \" style='vertical-align:top; padding:30px; background-color:#ED9600; '><div class='flex_cell_inner' ><p><div class=\"flex_column av_one_fourth  flex_column_div av-zero-column-padding first  \" style='border-radius:0px; '><div style='padding-bottom:10px;color:#ffffff;' class='av-special-heading av-special-heading-h3 custom-color-heading blockquote modern-quote '><h3 class='av-special-heading-tag'  itemprop=\"headline\"  >Cierre de inscripciones<\/h3><div class ='av-subheading av-subheading_below av_custom_color' style='font-size:20px;'><p>Domingo 16 de noviembre de 2025<\/p>\n<p>Publicaci\u00f3n de resultados<br \/>\nMi\u00e9rcoles 19 de noviembre de 2025<\/p>\n<\/div><div class='special-heading-border'><div class='special-heading-inner-border' style='border-color:#ffffff'><\/div><\/div><\/div><\/div><div class=\"flex_column av_one_fourth  flex_column_div av-zero-column-padding   \" style='border-radius:0px; '><div style='padding-bottom:10px;color:#ffffff;' class='av-special-heading av-special-heading-h3 custom-color-heading blockquote modern-quote '><h3 class='av-special-heading-tag'  itemprop=\"headline\"  >Fechas<\/h3><div class ='av-subheading av-subheading_below av_custom_color' style='font-size:20px;'><p>S\u00e1bado y domingo<br \/>\nGrupo 1: 22 y 23 de noviembre del 2025<br \/>\nGrupo 2: 29 y 30 de noviembre de 2025<\/p>\n<\/div><div class='special-heading-border'><div class='special-heading-inner-border' style='border-color:#ffffff'><\/div><\/div><\/div><\/div><div class=\"flex_column av_one_fourth  flex_column_div av-zero-column-padding   \" style='border-radius:0px; '><div style='padding-bottom:10px;color:#ffffff;' class='av-special-heading av-special-heading-h3 custom-color-heading blockquote modern-quote '><h3 class='av-special-heading-tag'  itemprop=\"headline\"  >Horario<\/h3><div class ='av-subheading av-subheading_below av_custom_color' style='font-size:20px;'><p>De 10 a 15 h<\/p>\n<\/div><div class='special-heading-border'><div class='special-heading-inner-border' style='border-color:#ffffff'><\/div><\/div><\/div><\/div><div class=\"flex_column av_one_fourth  flex_column_div av-zero-column-padding   \" style='border-radius:0px; '><section class=\"avia_codeblock_section avia_code_block_0\"  itemscope=\"itemscope\" itemtype=\"https:\/\/schema.org\/BlogPosting\" itemprop=\"blogPost\" ><div class='avia_codeblock '  itemprop=\"text\" > [avia_codeblock_placeholder uid=\"0\"] <\/div><\/section><\/div><\/p>\n<\/div><\/div>\n<\/div>\n<div class=\"flex_column av_two_fifth  flex_column_div av-zero-column-padding first  \" style='border-radius:0px; '><p><div class='av-social-sharing-box '><div class='av-share-box'><h5 class='av-share-link-description'>Compartir esta actividad<\/h5><ul class='av-share-box-list noLightbox'><li class='av-share-link av-social-link-facebook' ><a target='_blank' href='http:\/\/www.facebook.com\/sharer.php?u=https:\/\/casa.oaxaca.gob.mx\/?p=17772&amp;t=Taller%20presencial.%20Decoraci%C3%B3n%20de%20calaveritas%20de%20az%C3%BAcar.%20Imparte%3A%20X%C3%B3chitl%20S%C3%A1nchez%20C%C3%B3rdova.' aria-hidden='true' data-av_icon='\ue8f3' data-av_iconfont='entypo-fontello' title='' data-avia-related-tooltip='Share on Facebook'><span class='avia_hidden_link_text'>Share on Facebook<\/span><\/a><\/li><li class='av-share-link av-social-link-twitter' ><a target='_blank' href='https:\/\/twitter.com\/share?text=Taller%20presencial.%20Decoraci%C3%B3n%20de%20calaveritas%20de%20az%C3%BAcar.%20Imparte%3A%20X%C3%B3chitl%20S%C3%A1nchez%20C%C3%B3rdova.&url=https:\/\/casa.oaxaca.gob.mx\/?p=17772' aria-hidden='true' data-av_icon='\ue8f1' data-av_iconfont='entypo-fontello' title='' data-avia-related-tooltip='Share on Twitter'><span class='avia_hidden_link_text'>Share on Twitter<\/span><\/a><\/li><li class='av-share-link av-social-link-gplus' ><a target='_blank' href='https:\/\/plus.google.com\/share?url=https:\/\/casa.oaxaca.gob.mx\/?p=17772' aria-hidden='true' data-av_icon='\ue8f6' data-av_iconfont='entypo-fontello' title='' data-avia-related-tooltip='Share on Google+'><span class='avia_hidden_link_text'>Share on Google+<\/span><\/a><\/li><li class='av-share-link av-social-link-pinterest' ><a target='_blank' href='http:\/\/pinterest.com\/pin\/create\/button\/?url=https%3A%2F%2Fcasa.oaxaca.gob.mx%2F%3Fp%3D17772&amp;description=Taller%20presencial.%20Decoraci%C3%B3n%20de%20calaveritas%20de%20az%C3%BAcar.%20Imparte%3A%20X%C3%B3chitl%20S%C3%A1nchez%20C%C3%B3rdova.&amp;media=https%3A%2F%2Fcasa.oaxaca.gob.mx%2Fwp-content%2Fuploads%2F2025%2F10%2FDecoracion-de-calaveritas-de-azucar-cerrada-705x484.jpg' aria-hidden='true' data-av_icon='\ue8f8' data-av_iconfont='entypo-fontello' title='' data-avia-related-tooltip='Share on Pinterest'><span class='avia_hidden_link_text'>Share on Pinterest<\/span><\/a><\/li><li class='av-share-link av-social-link-mail' ><a  href='mailto:?subject=Taller%20presencial.%20Decoraci%C3%B3n%20de%20calaveritas%20de%20az%C3%BAcar.%20Imparte%3A%20X%C3%B3chitl%20S%C3%A1nchez%20C%C3%B3rdova.&amp;body=https:\/\/casa.oaxaca.gob.mx\/?p=17772' aria-hidden='true' data-av_icon='\ue805' data-av_iconfont='entypo-fontello' title='' data-avia-related-tooltip='Share by Mail'><span class='avia_hidden_link_text'>Share by Mail<\/span><\/a><\/li><\/ul><\/div><\/div><br \/>\n<div  class='hr hr-default '><span class='hr-inner ' ><span class='hr-inner-style'><\/span><\/span><\/div><br \/>\n<div style='padding-bottom:10px;font-size:30px;' class='av-special-heading av-special-heading-h3  blockquote modern-quote   av-inherit-size'><h3 class='av-special-heading-tag'  itemprop=\"headline\"  >Sobre la tallerista<\/h3><div class='special-heading-border'><div class='special-heading-inner-border' ><\/div><\/div><\/div><br \/>\n<div class='avia-data-table-wrap avia_responsive_table'><table class='avia-table avia-data-table avia-table-1  avia_pricing_default'  itemscope=\"itemscope\" itemtype=\"https:\/\/schema.org\/Table\" ><tbody><tr class='avia-heading-row'><th class=''>X\u00f3chitl S\u00e1nchez C\u00f3rdova <\/th><\/tr><tr class=''><td class=''>Antrop\u00f3loga social y heredera del oficio tradicional de la elaboraci\u00f3n de calaveritas de az\u00facar, pr\u00e1ctica que aprendi\u00f3 desde muy temprana edad dentro de su entorno familiar. Como parte de su labor de promoci\u00f3n y difusi\u00f3n de esta tradici\u00f3n, ha impartido talleres en bibliotecas infantiles, fomentando el acercamiento de ni\u00f1as y ni\u00f1os a este legado cultural. Asimismo, ha participado en espacios de difusi\u00f3n m\u00e1s amplios, como la Biblioteca Andr\u00e9s Henestrosa en Oaxaca, donde ha compartido el valor hist\u00f3rico y simb\u00f3lico de esta pr\u00e1ctica artesanal vinculada a las festividades del D\u00eda de Muertos.<br \/>\n<\/td><\/tr><\/tbody><\/table><\/div><style type='text\/css'>.avia-table-1 td:nth-of-type(1):before { content: 'X\u00f3chitl S\u00e1nchez C\u00f3rdova '; } <\/style><\/p><\/div>\n<div class=\"flex_column av_three_fifth  flex_column_div av-zero-column-padding   \" style='border-radius:0px; '><p><div style='padding-bottom:10px;font-size:30px;' class='av-special-heading av-special-heading-h3  blockquote modern-quote   av-inherit-size'><h3 class='av-special-heading-tag'  itemprop=\"headline\"  >Acerca del taller<\/h3><div class='special-heading-border'><div class='special-heading-inner-border' ><\/div><\/div><\/div><br \/>\n<div class='avia-data-table-wrap avia_responsive_table'><table class='avia-table avia-data-table avia-table-2  avia_pricing_default'  itemscope=\"itemscope\" itemtype=\"https:\/\/schema.org\/Table\" ><tbody><tr class=''><td class=''>LISTA DE SELECCIONADOS<br \/>\nGRUPO 1<\/td><\/tr><tr class=''><td class=''>Adriana Hauad Marroqu\u00edn<br \/>\nAgustina Adelina G\u00f3mez Ruiz<\/p>\n<p>Airy Morales N\u00fa\u00f1ez<\/p>\n<p>Alba S\u00e1nchez Garc\u00eda<\/p>\n<p>Aldo Alejandro Romero Camacho<\/p>\n<p>Alexandra Rivera L\u00f3pez<\/p>\n<p>Diego de Mar\u00eda Mart\u00ednez Ascencio<\/p>\n<p>Erick Eduardo Silva L\u00f3pez<\/p>\n<p>Frida Paulina \u00c1lvarez Arias<\/p>\n<p>H\u00e9ctor Uriel Rivera Flores<\/p>\n<p>Ilse Alc\u00e1ntara R\u00edos<\/p>\n<p>Kammy Estefan\u00eda Rodr\u00edguez R\u00edos<\/p>\n<p>Marco Antonio Canseco Gonz\u00e1lez<\/p>\n<p>Marina Alejandra L\u00f3pez Pinacho<\/p>\n<p>Miguel \u00c1ngel Jim\u00e9nez. Garc\u00eda<\/p>\n<p>Mitzi Guadalupe Merl\u00edn V\u00e1squez<\/p>\n<p>Monserrat Mu\u00f1oz Ram\u00edrez<\/p>\n<p>Paloma Jatzibe Aguirre S\u00e1nchez<\/p>\n<p>Sara Mar\u00eda Mendoza M\u00e9ndez<\/p>\n<p>Ximena Melissa Mendoza Garc\u00eda<br \/>\n<\/td><\/tr><\/tbody><\/table><\/div><style type='text\/css'><\/style><br \/>\n<div class='avia-data-table-wrap avia_responsive_table'><table class='avia-table avia-data-table avia-table-3  avia_pricing_default'  itemscope=\"itemscope\" itemtype=\"https:\/\/schema.org\/Table\" ><tbody><tr class=''><td class=''>LISTA DE SELECCIONADOS<br \/>\nGRUPO 2<\/td><\/tr><tr class=''><td class=''>Diana Carre\u00f3n Higuera<\/p>\n<p>Juan Arturo Morales Santiago<\/p>\n<p>Jessica Jarqu\u00edn Jaime<\/p>\n<p>Mara Paola Saavedra Ru\u00edz<\/p>\n<p>Karina Yetzil Castellanos Carraaco<\/p>\n<p>Karol Andrea P\u00e9rez Castellanos<\/p>\n<p>Zurisadai Herrera Gonz\u00e1lez<\/p>\n<p>Carolina R\u00edos Mendoza<\/p>\n<p>Valent\u00edn Maximino Jacobo Arellanes<\/p>\n<p>Kenia Vianey Caballero Escamilla<\/p>\n<p>Diego Maldonado Garc\u00eda<\/p>\n<p>Donaj\u00ed Hern\u00e1ndez Velasco<\/p>\n<p>Robin Adri\u00e1n Aguilar Diaz<\/p>\n<p>Jesica Jocellyn C\u00f3rdova Garc\u00eda<\/p>\n<p>Yazmin Arco Santiago<\/td><\/tr><\/tbody><\/table><\/div><style type='text\/css'><\/style><br \/>\n<div class='avia-data-table-wrap avia_responsive_table'><table class='avia-table avia-data-table avia-table-4  avia_pricing_default'  itemscope=\"itemscope\" itemtype=\"https:\/\/schema.org\/Table\" ><tbody><tr class='avia-heading-row'><th class=''>Descripci\u00f3n general<\/th><\/tr><tr class=''><td class=''>El taller busca reconocer la labor artesanal en la elaboraci\u00f3n de calaveritas de az\u00facar, tradici\u00f3n que forma parte esencial del D\u00eda de Muertos. A trav\u00e9s de la pr\u00e1ctica, los participantes aprender\u00e1n el proceso de creaci\u00f3n, su simbolismo y valor cultural, rescatando un oficio poco conocido pero profundamente significativo.<br \/>\n<\/td><\/tr><tr class='avia-heading-row'><th class=''>Objetivo general<\/th><\/tr><tr class=''><td class=''>Valorar y preservar la tradici\u00f3n del D\u00eda de Muertos a trav\u00e9s del aprendizaje pr\u00e1ctico de la elaboraci\u00f3n artesanal de calaveritas de az\u00facar.<br \/>\n<\/td><\/tr><tr class='avia-heading-row'><th class=''>Objetivos espec\u00edficos<\/th><\/tr><tr class=''><td class=''>&#8211; Reconocer el significado cultural y simb\u00f3lico de las calaveritas dentro de la festividad de los fieles difuntos.<br \/>\n&#8211; Desarrollar habilidades pr\u00e1cticas en el proceso de elaboraci\u00f3n artesanal de calaveritas de az\u00facar.<br \/>\n&#8211; Promover la transmisi\u00f3n de saberes tradicionales como parte del patrimonio cultural inmaterial<br \/>\n<\/td><\/tr><tr class='avia-heading-row'><th class=''>Temas<\/th><\/tr><tr class=''><td class=''>Contextos hist\u00f3rico<br \/>\n1. Simbolog\u00eda de la calavera en M\u00e9xico<br \/>\n1.1 Llegada del alfe\u00f1ique en M\u00e9xico<br \/>\n1.2 La familia S\u00e1nchez Cordova y las calaveras de az\u00facar en Oaxaca<br \/>\n1.3 Elaboraci\u00f3n de alfe\u00f1ique<br \/>\n2. Moldeado de alfe\u00f1ique<br \/>\n2.1 Elaboraci\u00f3n de duyas para decorar calaveras de az\u00facar<br \/>\n3. Pr\u00e1ctica con duyas<br \/>\n3.1 Empapelado de calaveras<br \/>\n3.2 Adornado de calaveras<br \/>\n<\/td><\/tr><\/tbody><\/table><\/div><style type='text\/css'>.avia-table-4 td:nth-of-type(1):before { content: 'Descripci\u00f3n general'; } <\/style><br \/>\n<div style='padding-bottom:10px;font-size:30px;' class='av-special-heading av-special-heading-h3  blockquote modern-quote   av-inherit-size'><h3 class='av-special-heading-tag'  itemprop=\"headline\"  >Requisitos de inscripci\u00f3n<\/h3><div class='special-heading-border'><div class='special-heading-inner-border' ><\/div><\/div><\/div><br \/>\n<div class='avia-data-table-wrap avia_responsive_table'><table class='avia-table avia-data-table avia-table-5  avia_pricing_default'  itemscope=\"itemscope\" itemtype=\"https:\/\/schema.org\/Table\" ><tbody><tr class=''><td class=''>Si tienes inter\u00e9s deber\u00e1s llenar el formulario con los datos completos que se encuentra en esta p\u00e1gina.<\/td><\/tr><tr class=''><td class=''><br \/>\n&#8211; La lista de seleccionados se publicar\u00e1 en esta p\u00e1gina, tambi\u00e9n se les notificar\u00e1 v\u00eda correo electr\u00f3nico con los detalles de la actividad.<br \/>\n&#8211; Actividad gratuita.<br \/>\n&#8211; Los talleristas ser\u00e1n los responsables de realizar la selecci\u00f3n de alumnos bajo sus criterios.<br \/>\n<\/td><\/tr><\/tbody><\/table><\/div><style type='text\/css'><\/style><br \/>\n<div class='avia-data-table-wrap avia_responsive_table'><table class='avia-table avia-data-table avia-table-6  avia_pricing_default'  itemscope=\"itemscope\" itemtype=\"https:\/\/schema.org\/Table\" ><tbody><tr class='avia-heading-row'><th class=''>Material que se le solicitar\u00e1 al alumno(a)<\/th><\/tr><tr class=''><td class=''>&#8211; 1kg de az\u00facar glass<br \/>\n&#8211; 2 recipientes peque\u00f1os para mezclar<br \/>\n&#8211; 1 recipiente mediano para mezclar<br \/>\n&#8211; 3 palita de madera<br \/>\n&#8211; 3 huevos<br \/>\n<\/td><\/tr><\/tbody><\/table><\/div><style type='text\/css'>.avia-table-6 td:nth-of-type(1):before { content: 'Material que se le solicitar\u00e1 al alumno(a)'; } <\/style><br \/>\n<div class='avia-data-table-wrap avia_responsive_table'><table class='avia-table avia-data-table avia-table-7  avia_pricing_default'  itemscope=\"itemscope\" itemtype=\"https:\/\/schema.org\/Table\" ><tbody><tr class='avia-heading-row'><th class=''>Criterios de selecci\u00f3n de alumnos<\/th><\/tr><tr class=''><td class=''>Primeras 15 personas interesadas en los temas<\/td><\/tr><\/tbody><\/table><\/div><style type='text\/css'>.avia-table-7 td:nth-of-type(1):before { content: 'Criterios de selecci\u00f3n de alumnos'; } <\/style><br \/>\n<div class='avia-data-table-wrap avia_responsive_table'><table class='avia-table avia-data-table avia-table-8  avia_pricing_default'  itemscope=\"itemscope\" itemtype=\"https:\/\/schema.org\/Table\" ><tbody><tr class='avia-heading-row'><th class=''>Nota para los seleccionados<\/th><\/tr><tr class=''><td class=''>&#8211; Clases presenciales en el sal\u00f3n de usos m\u00faltiples del CaSa<br \/>\n&#8211; Se dejar\u00e1n ejercicios espec\u00edficos a cada estudiante, es fundamental realizarlos para continuar con la siguiente clase.<br \/>\n&#8211; Tener el compromiso y el tiempo para llevar a cabo el taller, ya que las inasistencias injustificadas ser\u00e1n motivo de suspensi\u00f3n y no podr\u00e1 ingresar a talleres futuros.<br \/>\n&#8211; Durante el taller nos estaremos comunicando por medio de mensajes en un grupo de WhatsApp, por ser una herramienta m\u00e1s r\u00e1pida para poder tener una mejor comunicaci\u00f3n con lo que respecta al taller.<br \/>\n&#8211; Actividad gratuita.<br \/>\n&#8211; Los talleristas ser\u00e1n los responsables de realizar la selecci\u00f3n de alumnos bajo sus criterios.<br \/>\n&#8211; La lista de seleccionados se publicar\u00e1 en esta p\u00e1gina, tambi\u00e9n se les notificar\u00e1 v\u00eda correo electr\u00f3nico con los detalles de la actividad.<br \/>\n<\/td><\/tr><\/tbody><\/table><\/div><style type='text\/css'>.avia-table-8 td:nth-of-type(1):before { content: 'Nota para los seleccionados'; } <\/style><br \/>\n<div id='av-masonry-1' class='av-masonry noHover av-fixed-size av-large-gap av-hover-overlay-active av-masonry-col-flexible av-caption-always av-caption-style- av-masonry-gallery  '  ><div class='av-masonry-container isotope av-js-disabled ' ><div class='av-masonry-entry isotope-item av-masonry-item-no-image '><\/div><a href=\"https:\/\/casa.oaxaca.gob.mx\/wp-content\/uploads\/2025\/10\/10f5a02d-767c-46dd-aa0b-460dc1e943dd-1030x687.jpg\" id='av-masonry-1-item-17773' data-av-masonry-item='17773' class='av-masonry-entry isotope-item post-17773 attachment type-attachment status-inherit hentry  av-masonry-item-with-image' title=\"\"  itemprop=\"thumbnailUrl\" ><div class='av-inner-masonry-sizer'><\/div><figure class='av-inner-masonry main_color'><div class=\"av-masonry-outerimage-container\"><div class=\"av-masonry-image-container\" style=\"background-image: url(https:\/\/casa.oaxaca.gob.mx\/wp-content\/uploads\/2025\/10\/10f5a02d-767c-46dd-aa0b-460dc1e943dd-705x470.jpg);\"><img decoding=\"async\" src=\"https:\/\/casa.oaxaca.gob.mx\/wp-content\/uploads\/2025\/10\/10f5a02d-767c-46dd-aa0b-460dc1e943dd-705x470.jpg\" title=\"10f5a02d-767c-46dd-aa0b-460dc1e943dd\" alt=\"\" \/><\/div><\/div><\/figure><\/a><!--end av-masonry entry--><a href=\"https:\/\/casa.oaxaca.gob.mx\/wp-content\/uploads\/2025\/10\/6272e944-4f05-4f38-8f43-574b11ebdcad-1030x686.jpg\" id='av-masonry-1-item-17774' data-av-masonry-item='17774' class='av-masonry-entry isotope-item post-17774 attachment type-attachment status-inherit hentry  av-masonry-item-with-image' title=\"\"  itemprop=\"thumbnailUrl\" ><div class='av-inner-masonry-sizer'><\/div><figure class='av-inner-masonry main_color'><div class=\"av-masonry-outerimage-container\"><div class=\"av-masonry-image-container\" style=\"background-image: url(https:\/\/casa.oaxaca.gob.mx\/wp-content\/uploads\/2025\/10\/6272e944-4f05-4f38-8f43-574b11ebdcad-705x470.jpg);\"><img decoding=\"async\" src=\"https:\/\/casa.oaxaca.gob.mx\/wp-content\/uploads\/2025\/10\/6272e944-4f05-4f38-8f43-574b11ebdcad-705x470.jpg\" title=\"6272e944-4f05-4f38-8f43-574b11ebdcad\" alt=\"\" \/><\/div><\/div><\/figure><\/a><!--end av-masonry entry--><a href=\"https:\/\/casa.oaxaca.gob.mx\/wp-content\/uploads\/2025\/10\/44821b6a-b7f3-46b3-841d-c75ac74ca2fd-1030x773.jpg\" id='av-masonry-1-item-17775' data-av-masonry-item='17775' class='av-masonry-entry isotope-item post-17775 attachment type-attachment status-inherit hentry  av-masonry-item-with-image' title=\"\"  itemprop=\"thumbnailUrl\" ><div class='av-inner-masonry-sizer'><\/div><figure class='av-inner-masonry main_color'><div class=\"av-masonry-outerimage-container\"><div class=\"av-masonry-image-container\" style=\"background-image: url(https:\/\/casa.oaxaca.gob.mx\/wp-content\/uploads\/2025\/10\/44821b6a-b7f3-46b3-841d-c75ac74ca2fd-705x529.jpg);\"><img decoding=\"async\" src=\"https:\/\/casa.oaxaca.gob.mx\/wp-content\/uploads\/2025\/10\/44821b6a-b7f3-46b3-841d-c75ac74ca2fd-705x529.jpg\" title=\"44821b6a-b7f3-46b3-841d-c75ac74ca2fd\" alt=\"\" \/><\/div><\/div><\/figure><\/a><!--end av-masonry entry--><\/div><\/div><\/p><\/div>\n","protected":false},"excerpt":{"rendered":"","protected":false},"author":1,"featured_media":17705,"comment_status":"open","ping_status":"open","sticky":false,"template":"","format":"standard","meta":{"_exactmetrics_skip_tracking":false,"_exactmetrics_sitenote_active":false,"_exactmetrics_sitenote_note":"","_exactmetrics_sitenote_category":0,"footnotes":""},"categories":[204],"tags":[],"class_list":["post-17772","post","type-post","status-publish","format-standard","has-post-thumbnail","hentry","category-204"],"_links":{"self":[{"href":"https:\/\/casa.oaxaca.gob.mx\/index.php?rest_route=\/wp\/v2\/posts\/17772","targetHints":{"allow":["GET"]}}],"collection":[{"href":"https:\/\/casa.oaxaca.gob.mx\/index.php?rest_route=\/wp\/v2\/posts"}],"about":[{"href":"https:\/\/casa.oaxaca.gob.mx\/index.php?rest_route=\/wp\/v2\/types\/post"}],"author":[{"embeddable":true,"href":"https:\/\/casa.oaxaca.gob.mx\/index.php?rest_route=\/wp\/v2\/users\/1"}],"replies":[{"embeddable":true,"href":"https:\/\/casa.oaxaca.gob.mx\/index.php?rest_route=%2Fwp%2Fv2%2Fcomments&post=17772"}],"version-history":[{"count":3,"href":"https:\/\/casa.oaxaca.gob.mx\/index.php?rest_route=\/wp\/v2\/posts\/17772\/revisions"}],"predecessor-version":[{"id":18118,"href":"https:\/\/casa.oaxaca.gob.mx\/index.php?rest_route=\/wp\/v2\/posts\/17772\/revisions\/18118"}],"wp:featuredmedia":[{"embeddable":true,"href":"https:\/\/casa.oaxaca.gob.mx\/index.php?rest_route=\/wp\/v2\/media\/17705"}],"wp:attachment":[{"href":"https:\/\/casa.oaxaca.gob.mx\/index.php?rest_route=%2Fwp%2Fv2%2Fmedia&parent=17772"}],"wp:term":[{"taxonomy":"category","embeddable":true,"href":"https:\/\/casa.oaxaca.gob.mx\/index.php?rest_route=%2Fwp%2Fv2%2Fcategories&post=17772"},{"taxonomy":"post_tag","embeddable":true,"href":"https:\/\/casa.oaxaca.gob.mx\/index.php?rest_route=%2Fwp%2Fv2%2Ftags&post=17772"}],"curies":[{"name":"wp","href":"https:\/\/api.w.org\/{rel}","templated":true}]}}