{"id":17985,"date":"2025-11-07T11:28:46","date_gmt":"2025-11-07T17:28:46","guid":{"rendered":"https:\/\/casa.oaxaca.gob.mx\/?p=17985"},"modified":"2026-01-22T13:46:42","modified_gmt":"2026-01-22T19:46:42","slug":"taller-presencial-nuevas-voces-del-cuerpo-imparte-samantha-del-castillo-nevarez-sofia-nicole-diaz-de-sandi-y-kassandra-hernandez","status":"publish","type":"post","link":"https:\/\/casa.oaxaca.gob.mx\/?p=17985","title":{"rendered":"Taller presencial. Nuevas voces del cuerpo. Imparte: Samantha del Castillo Nevarez, Sofia Nicole Diaz de Sandi y Kassandra Hern\u00e1ndez."},"content":{"rendered":"<\/div><\/div><\/div><!-- close content main div --><\/div><\/div><div id='av_section_1' class='avia-section main_color avia-section-no-padding avia-no-border-styling avia-full-stretch av-parallax-section avia-bg-style-parallax  av-minimum-height av-minimum-height-75 container_wrap fullsize' style = 'background-color: #000000; ' data-section-bg-repeat='stretch' ><div class='av-parallax' data-avia-parallax-ratio='0.3' ><div class='av-parallax-inner main_color  avia-full-stretch' style = 'background-color: #000000; background-repeat: no-repeat; background-image: url(https:\/\/casa.oaxaca.gob.mx\/wp-content\/uploads\/2025\/11\/Nuestras-voces-del-cuerpo_portada-scaled.jpg); background-attachment: scroll; background-position: bottom center; ' ><\/div><\/div><div class='container' ><div class='template-page content  av-content-full alpha units'><div class='post-entry post-entry-type-page post-entry-17985'><div class='entry-content-wrapper clearfix'>\n<div style='padding-bottom:10px;color:#ffffff;font-size:50px;' class='av-special-heading av-special-heading-h3 custom-color-heading blockquote modern-quote  av-inherit-size'><h3 class='av-special-heading-tag'  itemprop=\"headline\"  >Taller presencial. Nuevas voces del cuerpo.<\/h3><div class ='av-subheading av-subheading_below av_custom_color' style='font-size:25px;'><p>Imparte: Samantha del Castillo Nevarez, Sofia Nicole Diaz de Sandi y Kassandra Hern\u00e1ndez<\/p>\n<\/div><div class='special-heading-border'><div class='special-heading-inner-border' style='border-color:#ffffff'><\/div><\/div><\/div>\n\n<\/div><\/div><\/div><!-- close content main div --><\/div><\/div><div id='av-layout-grid-1' class='av-layout-grid-container entry-content-wrapper main_color av-flex-cells  container_wrap fullsize'   >\n<div class=\"flex_cell no_margin av_one_full   \" style='vertical-align:top; padding:30px; background-color:#ED9600; '><div class='flex_cell_inner' ><p><div class=\"flex_column av_one_fourth  flex_column_div av-zero-column-padding first  \" style='border-radius:0px; '><div style='padding-bottom:10px;color:#ffffff;' class='av-special-heading av-special-heading-h3 custom-color-heading blockquote modern-quote '><h3 class='av-special-heading-tag'  itemprop=\"headline\"  >Cierre de inscripciones<\/h3><div class ='av-subheading av-subheading_below av_custom_color' style='font-size:20px;'><p>Martes 18 de noviembre de 2025<\/p>\n<p>Publicaci\u00f3n de resultados<br \/>\nViernes 7 de noviembre de 2025<\/p>\n<\/div><div class='special-heading-border'><div class='special-heading-inner-border' style='border-color:#ffffff'><\/div><\/div><\/div><\/div><div class=\"flex_column av_one_fourth  flex_column_div av-zero-column-padding   \" style='border-radius:0px; '><div style='padding-bottom:10px;color:#ffffff;' class='av-special-heading av-special-heading-h3 custom-color-heading blockquote modern-quote  '><h3 class='av-special-heading-tag'  itemprop=\"headline\"  >Fechas<\/h3><div class ='av-subheading av-subheading_below av_custom_color' style='font-size:20px;'><p>Jueves<br \/>\n20 de noviembre del 2025<\/p>\n<\/div><div class='special-heading-border'><div class='special-heading-inner-border' style='border-color:#ffffff'><\/div><\/div><\/div><\/div><div class=\"flex_column av_one_fourth  flex_column_div av-zero-column-padding   \" style='border-radius:0px; '><div style='padding-bottom:10px;color:#ffffff;' class='av-special-heading av-special-heading-h3 custom-color-heading blockquote modern-quote  '><h3 class='av-special-heading-tag'  itemprop=\"headline\"  >Horario<\/h3><div class ='av-subheading av-subheading_below av_custom_color' style='font-size:20px;'><p>De 11 a 15:30 h<\/p>\n<\/div><div class='special-heading-border'><div class='special-heading-inner-border' style='border-color:#ffffff'><\/div><\/div><\/div><\/div><div class=\"flex_column av_one_fourth  flex_column_div av-zero-column-padding   \" style='border-radius:0px; '><section class=\"avia_codeblock_section avia_code_block_0\"  itemscope=\"itemscope\" itemtype=\"https:\/\/schema.org\/BlogPosting\" itemprop=\"blogPost\" ><div class='avia_codeblock '  itemprop=\"text\" > [avia_codeblock_placeholder uid=\"0\"] <\/div><\/section><\/div><\/p>\n<\/div><\/div>\n<\/div>\n<div class=\"flex_column av_two_fifth  flex_column_div av-zero-column-padding first  \" style='border-radius:0px; '><p><div class='av-social-sharing-box '><div class='av-share-box'><h5 class='av-share-link-description'>Compartir esta actividad<\/h5><ul class='av-share-box-list noLightbox'><li class='av-share-link av-social-link-facebook' ><a target='_blank' href='http:\/\/www.facebook.com\/sharer.php?u=https:\/\/casa.oaxaca.gob.mx\/?p=17985&amp;t=Taller%20presencial.%20Nuevas%20voces%20del%20cuerpo.%20Imparte%3A%20Samantha%20del%20Castillo%20Nevarez%2C%20Sofia%20Nicole%20Diaz%20de%20Sandi%20y%20Kassandra%20Hern%C3%A1ndez.' aria-hidden='true' data-av_icon='\ue8f3' data-av_iconfont='entypo-fontello' title='' data-avia-related-tooltip='Share on Facebook'><span class='avia_hidden_link_text'>Share on Facebook<\/span><\/a><\/li><li class='av-share-link av-social-link-twitter' ><a target='_blank' href='https:\/\/twitter.com\/share?text=Taller%20presencial.%20Nuevas%20voces%20del%20cuerpo.%20Imparte%3A%20Samantha%20del%20Castillo%20Nevarez%2C%20Sofia%20Nicole%20Diaz%20de%20Sandi%20y%20Kassandra%20Hern%C3%A1ndez.&url=https:\/\/casa.oaxaca.gob.mx\/?p=17985' aria-hidden='true' data-av_icon='\ue8f1' data-av_iconfont='entypo-fontello' title='' data-avia-related-tooltip='Share on Twitter'><span class='avia_hidden_link_text'>Share on Twitter<\/span><\/a><\/li><li class='av-share-link av-social-link-gplus' ><a target='_blank' href='https:\/\/plus.google.com\/share?url=https:\/\/casa.oaxaca.gob.mx\/?p=17985' aria-hidden='true' data-av_icon='\ue8f6' data-av_iconfont='entypo-fontello' title='' data-avia-related-tooltip='Share on Google+'><span class='avia_hidden_link_text'>Share on Google+<\/span><\/a><\/li><li class='av-share-link av-social-link-pinterest' ><a target='_blank' href='http:\/\/pinterest.com\/pin\/create\/button\/?url=https%3A%2F%2Fcasa.oaxaca.gob.mx%2F%3Fp%3D17985&amp;description=Taller%20presencial.%20Nuevas%20voces%20del%20cuerpo.%20Imparte%3A%20Samantha%20del%20Castillo%20Nevarez%2C%20Sofia%20Nicole%20Diaz%20de%20Sandi%20y%20Kassandra%20Hern%C3%A1ndez.&amp;media=https%3A%2F%2Fcasa.oaxaca.gob.mx%2Fwp-content%2Fuploads%2F2025%2F11%2FNuevas-voces-del-cuerpo-cerrada-705x484.jpg' aria-hidden='true' data-av_icon='\ue8f8' data-av_iconfont='entypo-fontello' title='' data-avia-related-tooltip='Share on Pinterest'><span class='avia_hidden_link_text'>Share on Pinterest<\/span><\/a><\/li><li class='av-share-link av-social-link-mail' ><a  href='mailto:?subject=Taller%20presencial.%20Nuevas%20voces%20del%20cuerpo.%20Imparte%3A%20Samantha%20del%20Castillo%20Nevarez%2C%20Sofia%20Nicole%20Diaz%20de%20Sandi%20y%20Kassandra%20Hern%C3%A1ndez.&amp;body=https:\/\/casa.oaxaca.gob.mx\/?p=17985' aria-hidden='true' data-av_icon='\ue805' data-av_iconfont='entypo-fontello' title='' data-avia-related-tooltip='Share by Mail'><span class='avia_hidden_link_text'>Share by Mail<\/span><\/a><\/li><\/ul><\/div><\/div><br \/>\n<div  class='hr hr-default '><span class='hr-inner ' ><span class='hr-inner-style'><\/span><\/span><\/div><br \/>\n<div style='padding-bottom:10px;font-size:30px;' class='av-special-heading av-special-heading-h3  blockquote modern-quote  av-inherit-size'><h3 class='av-special-heading-tag'  itemprop=\"headline\"  >Sobre las talleristas<\/h3><div class='special-heading-border'><div class='special-heading-inner-border' ><\/div><\/div><\/div><br \/>\n<div class='avia-data-table-wrap avia_responsive_table'><table class='avia-table avia-data-table avia-table-1  avia_pricing_default'  itemscope=\"itemscope\" itemtype=\"https:\/\/schema.org\/Table\" ><tbody><tr class='avia-heading-row'><th class=''>Samy Nevarez <\/th><\/tr><tr class=''><td class=''>Artista esc\u00e9nica formada en danza contempor\u00e1nea en la Escuela Superior de M\u00fasica y Danza de Monterrey. Ha recibido apoyos de CONARTE para perfeccionarse en P.A.R.T.S (Bruselas) y participar en la residencia METAMORPHOSIS con Iratxe Ansa e Igor Bacovich (Espa\u00f1a). Integr\u00f3 el ensamble DON CANALERO (2017-2019) y fue parte del CEPRODAC, interpretando obras de Lydia Romero, Hamid el Kabuss y Damien Jalet, con giras en M\u00e9xico, Alemania y Francia. Con el est\u00edmulo fiscal EFCA 2020 cre\u00f3 la pieza VERY BEAUTY, estrenada en MUSEO MARCO y seleccionada por ENARTES 2021, a\u00f1o en que recibi\u00f3 la Medalla al M\u00e9rito Juvenil (San Pedro Garza Garc\u00eda). Desde hace cuatro a\u00f1os imparte el taller Cuerpo Abierto en M\u00e9xico y Reino Unido. Co-dirige el colectivo THE ROMMIES y desde 2020 desarrolla su proyecto LA INQUIETA, con obras presentadas en M\u00e9xico y Costa Rica. Fue Creadora Esc\u00e9nica 2022-2023, egres\u00f3 del diplomado en Gesti\u00f3n para las Artes Esc\u00e9nicas (UDG) y realiz\u00f3 una residencia en JV2 de Jasmin Vardimon Company. Actualmente baila en NOYOLLO OPUS 52 de Fernando Melo.<br \/>\n<\/td><\/tr><\/tbody><\/table><\/div><style type='text\/css'>.avia-table-1 td:nth-of-type(1):before { content: 'Samy Nevarez '; } <\/style><br \/>\n<div class='avia-data-table-wrap avia_responsive_table'><table class='avia-table avia-data-table avia-table-2  avia_pricing_default'  itemscope=\"itemscope\" itemtype=\"https:\/\/schema.org\/Table\" ><tbody><tr class='avia-heading-row'><th class=''>Niko D\u00edaz de Sandi <\/th><\/tr><tr class=''><td class=''>Dise\u00f1adora creativa, bailarina y performer, con un enfoque profundo en los estudios del cuerpo y el movimiento, especialmente en danza contempor\u00e1nea, teatro f\u00edsico,acrobacia (tricking) e improvisaci\u00f3n. Su trabajo explora el comportamiento del cuerpo en diferentes espacios, estados energ\u00e9ticos y su relaci\u00f3n con el entorno y los sonidos que lo rodean.<\/td><\/tr><\/tbody><\/table><\/div><style type='text\/css'>.avia-table-2 td:nth-of-type(1):before { content: 'Niko D\u00edaz de Sandi '; } <\/style><br \/>\n<div class='avia-data-table-wrap avia_responsive_table'><table class='avia-table avia-data-table avia-table-3  avia_pricing_default'  itemscope=\"itemscope\" itemtype=\"https:\/\/schema.org\/Table\" ><tbody><tr class='avia-heading-row'><th class=''>Kassandra HM <\/th><\/tr><tr class=''><td class=''>Bailarina y creadora esc\u00e9nica. Egresada de la Lic. en Danza Contempor\u00e1nea de la Escuela Superior de M\u00fasica y Danza de Monterrey (2018\u2013 2023), cuenta adem\u00e1s con un Diplomado en Pedagog\u00eda de la Danza (2022\u20132023). Entre 2023 y 2025 form\u00f3 parte de la compa\u00f1\u00eda Los Unos y Los Otros, dirigida por Mizraim Araujo, donde explor\u00f3 cruces entre danza, lucha libre y acrobacia, participando en el Encuentro Metropolitano de Danza Contempor\u00e1nea. En 2025 integr\u00f3 el programa internacional B12 Mavericks en Berl\u00edn, tomando clases con artistas internacionales y bailando las obras Undecoded de Akira Yoshida y Hold de Lali Ayguad\u00e9. Ha participado en proyectos como Lado B de Sandra Hern\u00e1ndez (2024), Mujer Guerrero de Dolores Bernal (2023\u20132024). La \u00faltima parada de C\u00e9sar Brodermann (2023) y Archipi\u00e9lago de Jaime Sierra en Bellas Artes (2022). Su obra Yo soy la cama se ha presentado en festivales y foros de Monterrey, Morelos y Oaxaca, y en 2023 fue beneficiaria de la convocatoria Voces en Movimiento en San Pedro Garza Garc\u00eda.<br \/>\n<\/td><\/tr><\/tbody><\/table><\/div><style type='text\/css'>.avia-table-3 td:nth-of-type(1):before { content: 'Kassandra HM '; } <\/style><\/p><\/div>\n<div class=\"flex_column av_three_fifth  flex_column_div av-zero-column-padding   \" style='border-radius:0px; '><p><div style='padding-bottom:10px;font-size:30px;' class='av-special-heading av-special-heading-h3  blockquote modern-quote   av-inherit-size'><h3 class='av-special-heading-tag'  itemprop=\"headline\"  >Acerca del taller<\/h3><div class='special-heading-border'><div class='special-heading-inner-border' ><\/div><\/div><\/div><br \/>\n<div class='avia-data-table-wrap avia_responsive_table'><table class='avia-table avia-data-table avia-table-4  avia_pricing_default'  itemscope=\"itemscope\" itemtype=\"https:\/\/schema.org\/Table\" ><tbody><tr class=''><td class=''>LISTA DE SELECCIONADOS<\/td><\/tr><tr class=''><td class=''>Diana Lizbeth G\u00f3mez C\u00f3rdova<\/p>\n<p>Erika Lorena Mojarro Becerra<\/p>\n<p>Denise Asenet Ju\u00e1rez Santiago<\/p>\n<p>Aleida G\u00f3mez Barriga<\/p>\n<p>Aid\u00e9 Jim\u00e9nez Ortega<\/p>\n<p>Ver\u00f3nica Medina Gonz\u00e1lez<\/p>\n<p>Frida Guzm\u00e1n G\u00f3mez<\/p>\n<p>Valeria Ram\u00edrez Mendoza<\/p>\n<p>Marian Orantes Mar\u00edn<\/p>\n<p>Citlali Esperanza Landa S\u00e1nchez<\/p>\n<p>Jessica Charles Espinoza<\/p>\n<p>Katya Guadalupe Cruz Eugenio<\/p>\n<p>Karla Crytal Rosas Castellanos<\/p>\n<p>Universo L\u00f3pez<\/p>\n<p>Melisa Gonz\u00e1lez Valencia<\/td><\/tr><\/tbody><\/table><\/div><style type='text\/css'><\/style><br \/>\n<div class='avia-data-table-wrap avia_responsive_table'><table class='avia-table avia-data-table avia-table-5  avia_pricing_default'  itemscope=\"itemscope\" itemtype=\"https:\/\/schema.org\/Table\" ><tbody><tr class='avia-heading-row'><th class=''>Descripci\u00f3n general<\/th><\/tr><tr class=''><td class=''>Este taller es una invitaci\u00f3n a explorar el cuerpo en movimiento a trav\u00e9s de la experiencia de tres creadoras que unen distintas perspectivas para enriquecer el proceso. Dos de ellas, con una s\u00f3lida trayectoria en danza contempor\u00e1nea y acrobacia, guiar\u00e1n a las y los participantes en el desarrollo de fuerza, conciencia f\u00edsica y t\u00e9cnicas de sost\u00e9n, cargadas y traslados que expanden las posibilidades del cuerpo en relaci\u00f3n con el espacio y con otros cuerpos. La tercera facilitadora propone un enfoque basado en la improvisaci\u00f3n, el juego y la imaginaci\u00f3n, estimulando la escucha, la sensibilidad y la creaci\u00f3n colectiva desde lo intuitivo. Juntas, plantean un laboratorio vivo donde la t\u00e9cnica se combina con la exploraci\u00f3n libre, favoreciendo la construcci\u00f3n de un lenguaje propio de movimiento.<br \/>\n<\/td><\/tr><tr class='avia-heading-row'><th class=''>Objetivo general<\/th><\/tr><tr class=''><td class=''>Espacio accesible y de alta calidad art\u00edstica, creado por mujeres y organizado por mujeres, que impulse el encuentro, la formaci\u00f3n y la experimentaci\u00f3n en danza contempor\u00e1nea, acrobacia e improvisaci\u00f3n.<br \/>\n<\/td><\/tr><tr class='avia-heading-row'><th class=''>Objetivos espec\u00edficos<\/th><\/tr><tr class=''><td class=''>Fortalecer el desarrollo creativo de j\u00f3venes bailarines y creadores emergentes en Oaxaca, ampliar sus herramientas t\u00e9cnicas y expresivas, fomentar la colaboraci\u00f3n y la construcci\u00f3n de comunidad, y aportar a la proyecci\u00f3n de nuevas voces dentro de la escena local y regional, a trav\u00e9s de la gu\u00eda de tres artistas que proponen distintas miradas sobre el movimiento.<br \/>\n<\/td><\/tr><tr class='avia-heading-row'><th class=''>Temas<\/th><\/tr><tr class=''><td class=''>&#8211; Versos libres del cuerpo: investigaci\u00f3n en movimiento<br \/>\nInvestigar el cuerpo como territorio expresivo, sensible y pensante. Propone una pr\u00e1ctica transdisciplinar que cruza herramientas de la improvisaci\u00f3n, la danza contempor\u00e1nea, el teatro f\u00edsico, el Qi Gong, el trabajo de piso y el estudio del cuerpo en lo cotidiano, en su historia y en su andar.<\/p>\n<p>&#8211; Fuerza y resistencia para el movimiento acrob\u00e1tico, preparaci\u00f3n f\u00edsica y cuidado del cuerpo.<br \/>\n&#8211; Trabajo colectivo creaci\u00f3n de din\u00e1micas grupales y comunidad en escena.<br \/>\n&#8211; Conciencia corporal y alineaci\u00f3n reconocer el peso, el eje y el centro<br \/>\n<\/td><\/tr><\/tbody><\/table><\/div><style type='text\/css'>.avia-table-5 td:nth-of-type(1):before { content: 'Descripci\u00f3n general'; } <\/style><br \/>\n<div style='padding-bottom:10px;font-size:30px;' class='av-special-heading av-special-heading-h3  blockquote modern-quote   av-inherit-size'><h3 class='av-special-heading-tag'  itemprop=\"headline\"  >Requisitos de inscripci\u00f3n<\/h3><div class='special-heading-border'><div class='special-heading-inner-border' ><\/div><\/div><\/div><br \/>\n<div class='avia-data-table-wrap avia_responsive_table'><table class='avia-table avia-data-table avia-table-6  avia_pricing_default'  itemscope=\"itemscope\" itemtype=\"https:\/\/schema.org\/Table\" ><tbody><tr class=''><td class=''>-Si tienes inter\u00e9s deber\u00e1s llenar el formulario con los datos completos que se encuentra en esta p\u00e1gina.<\/td><\/tr><tr class=''><td class=''>&#8211; La lista de seleccionados se publicar\u00e1 en esta p\u00e1gina, tambi\u00e9n se les notificar\u00e1 v\u00eda correo electr\u00f3nico con los detalles de la actividad.<br \/>\n&#8211; Actividad gratuita.<br \/>\n&#8211; Los talleristas ser\u00e1n los responsables de realizar la selecci\u00f3n de alumnos bajo sus criterios.<br \/>\n<\/td><\/tr><\/tbody><\/table><\/div><style type='text\/css'><\/style><br \/>\n<div class='avia-data-table-wrap avia_responsive_table'><table class='avia-table avia-data-table avia-table-7  avia_pricing_default'  itemscope=\"itemscope\" itemtype=\"https:\/\/schema.org\/Table\" ><tbody><tr class='avia-heading-row'><th class=''>Criterios de selecci\u00f3n de alumnos<\/th><\/tr><tr class=''><td class=''>Dirigido a personas con inter\u00e9s en la danza, el movimiento esc\u00e9nico y la experimentaci\u00f3n corporal, sin importar su nivel t\u00e9cnico previo<\/td><\/tr><\/tbody><\/table><\/div><style type='text\/css'>.avia-table-7 td:nth-of-type(1):before { content: 'Criterios de selecci\u00f3n de alumnos'; } <\/style><br \/>\n<div class='avia-data-table-wrap avia_responsive_table'><table class='avia-table avia-data-table avia-table-8  avia_pricing_default'  itemscope=\"itemscope\" itemtype=\"https:\/\/schema.org\/Table\" ><tbody><tr class='avia-heading-row'><th class=''>Nota para los seleccionados<\/th><\/tr><tr class=''><td class=''>&#8211; Clases presenciales en la Galer\u00eda de planta alta (duela) del CaSa<br \/>\n&#8211; Se dejar\u00e1n ejercicios espec\u00edficos a cada estudiante, es fundamental realizarlos para continuar con la siguiente clase.<br \/>\n&#8211; Tener el compromiso y el tiempo para llevar a cabo el taller, ya que las inasistencias injustificadas ser\u00e1n motivo de suspensi\u00f3n y no podr\u00e1 ingresar a talleres futuros.<br \/>\n&#8211; Durante el taller nos estaremos comunicando por medio de mensajes en un grupo de WhatsApp, por ser una herramienta m\u00e1s r\u00e1pida para poder tener una mejor comunicaci\u00f3n con lo que respecta al taller.<br \/>\n&#8211; Actividad gratuita.<br \/>\n&#8211; Los talleristas ser\u00e1n los responsables de realizar la selecci\u00f3n de alumnos bajo sus criterios.<br \/>\n&#8211; La lista de seleccionados se publicar\u00e1 en esta p\u00e1gina, tambi\u00e9n se les notificar\u00e1 v\u00eda correo electr\u00f3nico con los detalles de la actividad.<br \/>\n<\/td><\/tr><\/tbody><\/table><\/div><style type='text\/css'>.avia-table-8 td:nth-of-type(1):before { content: 'Nota para los seleccionados'; } <\/style><\/p><\/div>\n","protected":false},"excerpt":{"rendered":"","protected":false},"author":1,"featured_media":18025,"comment_status":"open","ping_status":"open","sticky":false,"template":"","format":"standard","meta":{"_exactmetrics_skip_tracking":false,"_exactmetrics_sitenote_active":false,"_exactmetrics_sitenote_note":"","_exactmetrics_sitenote_category":0,"footnotes":""},"categories":[204],"tags":[],"class_list":["post-17985","post","type-post","status-publish","format-standard","has-post-thumbnail","hentry","category-204"],"_links":{"self":[{"href":"https:\/\/casa.oaxaca.gob.mx\/index.php?rest_route=\/wp\/v2\/posts\/17985","targetHints":{"allow":["GET"]}}],"collection":[{"href":"https:\/\/casa.oaxaca.gob.mx\/index.php?rest_route=\/wp\/v2\/posts"}],"about":[{"href":"https:\/\/casa.oaxaca.gob.mx\/index.php?rest_route=\/wp\/v2\/types\/post"}],"author":[{"embeddable":true,"href":"https:\/\/casa.oaxaca.gob.mx\/index.php?rest_route=\/wp\/v2\/users\/1"}],"replies":[{"embeddable":true,"href":"https:\/\/casa.oaxaca.gob.mx\/index.php?rest_route=%2Fwp%2Fv2%2Fcomments&post=17985"}],"version-history":[{"count":4,"href":"https:\/\/casa.oaxaca.gob.mx\/index.php?rest_route=\/wp\/v2\/posts\/17985\/revisions"}],"predecessor-version":[{"id":18117,"href":"https:\/\/casa.oaxaca.gob.mx\/index.php?rest_route=\/wp\/v2\/posts\/17985\/revisions\/18117"}],"wp:featuredmedia":[{"embeddable":true,"href":"https:\/\/casa.oaxaca.gob.mx\/index.php?rest_route=\/wp\/v2\/media\/18025"}],"wp:attachment":[{"href":"https:\/\/casa.oaxaca.gob.mx\/index.php?rest_route=%2Fwp%2Fv2%2Fmedia&parent=17985"}],"wp:term":[{"taxonomy":"category","embeddable":true,"href":"https:\/\/casa.oaxaca.gob.mx\/index.php?rest_route=%2Fwp%2Fv2%2Fcategories&post=17985"},{"taxonomy":"post_tag","embeddable":true,"href":"https:\/\/casa.oaxaca.gob.mx\/index.php?rest_route=%2Fwp%2Fv2%2Ftags&post=17985"}],"curies":[{"name":"wp","href":"https:\/\/api.w.org\/{rel}","templated":true}]}}