{"id":17991,"date":"2025-11-07T13:52:37","date_gmt":"2025-11-07T19:52:37","guid":{"rendered":"https:\/\/casa.oaxaca.gob.mx\/?p=17991"},"modified":"2026-01-31T10:58:43","modified_gmt":"2026-01-31T16:58:43","slug":"rayos-x-mexicanos-la-radiografia-como-lenguaje-expresivo","status":"publish","type":"post","link":"https:\/\/casa.oaxaca.gob.mx\/?p=17991","title":{"rendered":"RAYOS X MEXICANOS. La radiograf\u00eda como lenguaje expresivo."},"content":{"rendered":"<\/div><\/div><\/div><!-- close content main div --><\/div><\/div><div id='av_section_1' class='avia-section main_color avia-section-no-padding avia-no-border-styling avia-full-stretch av-parallax-section avia-bg-style-parallax  av-minimum-height av-minimum-height-75 container_wrap fullsize'  data-section-bg-repeat='stretch' ><div class='av-parallax' data-avia-parallax-ratio='0.3' ><div class='av-parallax-inner main_color  avia-full-stretch' style = 'background-repeat: no-repeat; background-image: url(https:\/\/casa.oaxaca.gob.mx\/wp-content\/uploads\/2025\/11\/Rayos-X_IG01.jpg); background-attachment: scroll; background-position: bottom center; ' ><\/div><\/div><div class='container' ><div class='template-page content  av-content-full alpha units'><div class='post-entry post-entry-type-page post-entry-17991'><div class='entry-content-wrapper clearfix'>\n<div style='padding-bottom:10px;color:#ffffff;font-size:50px;' class='av-special-heading av-special-heading-h3 custom-color-heading blockquote modern-quote  av-inherit-size'><h3 class='av-special-heading-tag'  itemprop=\"headline\"  >RAYOS X MEXICANOS. La radiograf\u00eda como lenguaje expresivo. <\/h3><div class='special-heading-border'><div class='special-heading-inner-border' style='border-color:#ffffff'><\/div><\/div><\/div>\n\n<\/div><\/div><\/div><!-- close content main div --><\/div><\/div><div id='av-layout-grid-1' class='av-layout-grid-container entry-content-wrapper main_color av-flex-cells  container_wrap fullsize'   >\n<div class=\"flex_cell no_margin av_one_full   \" style='vertical-align:top; padding:30px; background-color:#006bb2; '><div class='flex_cell_inner' ><p><div class=\"flex_column av_one_third  flex_column_div av-zero-column-padding first  \" style='border-radius:0px; '><div style='padding-bottom:10px;color:#ffffff;' class='av-special-heading av-special-heading-h3 custom-color-heading blockquote modern-quote '><h3 class='av-special-heading-tag'  itemprop=\"headline\"  >Cierre de la convocatoria<\/h3><div class ='av-subheading av-subheading_below av_custom_color' style='font-size:20px;'><p>LUNES 9 DE FEBRERO DE 2026<\/p>\n<\/div><div class='special-heading-border'><div class='special-heading-inner-border' style='border-color:#ffffff'><\/div><\/div><\/div><\/div><div class=\"flex_column av_one_third  flex_column_div av-zero-column-padding   \" style='border-radius:0px; '><div style='padding-bottom:10px;color:#ffffff;' class='av-special-heading av-special-heading-h3 custom-color-heading blockquote modern-quote  '><h3 class='av-special-heading-tag'  itemprop=\"headline\"  >Publicaci\u00f3n de resultados<\/h3><div class ='av-subheading av-subheading_below av_custom_color' style='font-size:20px;'><p>Viernes 6 de marzo de 2026.<\/p>\n<\/div><div class='special-heading-border'><div class='special-heading-inner-border' style='border-color:#ffffff'><\/div><\/div><\/div><\/div><div class=\"flex_column av_one_third  flex_column_div av-zero-column-padding   \" style='border-radius:0px; '><\/div><\/p>\n<\/div><\/div>\n<\/div>\n<div class=\"flex_column av_three_fifth  flex_column_div av-zero-column-padding first  \" style='background-color:#ffffff; border-radius:0px; '><section class=\"av_textblock_section\"  itemscope=\"itemscope\" itemtype=\"https:\/\/schema.org\/BlogPosting\" itemprop=\"blogPost\" ><div class='avia_textblock  av_inherit_color'  style='font-size:16px; color:#0a0a0a; '  itemprop=\"text\" ><div title=\"Page 1\">\n<h1>Rayos X Mexicanos<\/h1>\n<h1>La radiograf\u00eda como lenguaje expresivo<\/h1>\n<\/div>\n<div title=\"Page 1\"><\/div>\n<div title=\"Page 1\">\n<h2><span style=\"color: #ffffff;\">&#8211;<\/span><\/h2>\n<p><span style=\"font-weight: 400;\">En el marco de la conmemoraci\u00f3n por los 130 a\u00f1os del descubrimiento de los rayos X, el Gobierno del Estado de Oaxaca, a trav\u00e9s de la Secretar\u00eda de las Culturas y Artes de Oaxaca, el Centro de las Artes de San Agust\u00edn (CaSa) y el Centro Fotogr\u00e1fico Manuel \u00c1lvarez Bravo (CFMAB), en colaboraci\u00f3n con la Asociaci\u00f3n Civil Amigos del Instituto de Artes Gr\u00e1ficas de Oaxaca (IAGO) y del Centro Fotogr\u00e1fico Manuel \u00c1lvarez Bravo (CFMAB), as\u00ed como con el Laboratorio de Diagn\u00f3stico de Obras de Arte del Instituto de Investigaciones Est\u00e9ticas de la UNAM (IIE-UNAM) y la Escuela de Conservaci\u00f3n y Restauraci\u00f3n de Occidente (ECRO), invitan a participar con im\u00e1genes de notable potencia visual que empleen esta t\u00e9cnica como elemento central.<\/span><\/p>\n<h3><span style=\"color: #ffffff;\">&#8211;<\/span><\/h3>\n<h3><b>BASES<\/b><\/h3>\n<h3><span style=\"color: #ffffff;\">&#8211;<\/span><\/h3>\n<h3>Descripci\u00f3n<\/h3>\n<p><span style=\"font-weight: 400;\">La convocatoria tiene como objetivo reconocer la creaci\u00f3n de im\u00e1genes realizadas con rayos X \u2014anal\u00f3gicas o digitales\u2014 que destaquen por su potencia visual, su valor est\u00e9tico y su capacidad de resignificar esta tecnolog\u00eda en el campo del arte. Se recibir\u00e1n tanto im\u00e1genes de captura directa como aquellas que incorporen alg\u00fan tipo de intervenci\u00f3n o modificaci\u00f3n, siempre que esta se indique en el registro. La obra ganadora formar\u00e1 parte de una exposici\u00f3n en el Centro Fotogr\u00e1fico Manuel \u00c1lvarez Bravo en 2026.<\/span><\/p>\n<h3><span style=\"color: #ffffff;\">&#8211;<\/span><\/h3>\n<h3>Qui\u00e9nes pueden participar<\/h3>\n<p><span style=\"font-weight: 400;\">Podr\u00e1n participar personas mexicanas, por nacimiento o naturalizaci\u00f3n, mayores de edad, con residencia en el pa\u00eds durante los \u00faltimos doce meses (deber\u00e1n comprobar residencia de noviembre de 2024 a noviembre de 2025). Est\u00e1 dirigida a artistas, radi\u00f3logos, <\/span><span style=\"font-weight: 400;\">m\u00e9dicos<\/span><span style=\"font-weight: 400;\">, veterinarios, conservadores, restauradores, investigadores y p\u00fablico en general interesado en explorar esta t\u00e9cnica con fines <\/span><span style=\"font-weight: 400;\">expresivos<\/span><span style=\"font-weight: 400;\">.<\/span><\/p>\n<h3><span style=\"color: #ffffff;\">&#8211;<\/span><\/h3>\n<h3>C\u00f3mo participar<\/h3>\n<p><span style=\"font-weight: 400;\">La participaci\u00f3n ser\u00e1 individual y cada persona ser\u00e1 responsable del registro y la documentaci\u00f3n enviada. Cada participante podr\u00e1 inscribirse con una sola imagen <\/span><span style=\"font-weight: 400;\">(con origen an\u00e1logo o digital) <\/span><span style=\"font-weight: 400;\">o una serie, siempre que las piezas mantengan unidad conceptual y est\u00e9tica y sean consideradas una sola propuesta.\u00a0<\/span><\/p>\n<p><span style=\"font-weight: 400;\">El registro se realizar\u00e1 exclusivamente de forma electr\u00f3nica, mediante el formulario disponible en la siguiente liga<\/span><span style=\"font-weight: 400;\">:<\/span> <a href=\"http:\/\/bit.ly\/rayosxmexicanos\"><b>bit.ly\/rayosxmexicanos<\/b><\/a><\/p>\n<p><span style=\"font-weight: 400;\">Cada propuesta deber\u00e1 enviarse en un solo archivo PDF (m\u00e1ximo 10 MB) que incluya la siguiente informaci\u00f3n:<\/span><\/p>\n<ol>\n<li style=\"font-weight: 400;\" aria-level=\"1\"><span style=\"font-weight: 400;\">Descripci\u00f3n de la pieza o serie (m\u00e1ximo 100 palabras) indicando t\u00edtulo, t\u00e9cnica, dimensiones exactas (alto, ancho y profundidad o dimensiones variables) y si fue intervenida o modificada a partir de una imagen preexistente.<\/span><\/li>\n<li style=\"font-weight: 400;\" aria-level=\"1\"><span style=\"font-weight: 400;\">Im\u00e1genes en alta resoluci\u00f3n de la pieza o piezas propuestas. En caso de series, deber\u00e1 apreciarse su unidad visual y conceptual.<\/span><\/li>\n<li style=\"font-weight: 400;\" aria-level=\"1\"><span style=\"font-weight: 400;\">Las placas de rayos X utilizadas no deber\u00e1n contener informaci\u00f3n personal identificable. Si la imagen pertenece a una tercera persona, deber\u00e1 incluirse una carta de autorizaci\u00f3n para su uso.<\/span><\/li>\n<li style=\"font-weight: 400;\" aria-level=\"1\"><span style=\"font-weight: 400;\">Al enviar su obra, la persona participante certifica que cuenta con todas las autorizaciones necesarias para el uso art\u00edstico de las im\u00e1genes y materiales presentados, incluyendo los obtenidos a trav\u00e9s de asistencia t\u00e9cnica, servicios m\u00e9dicos o de laboratorio. Asimismo, asume la plena responsabilidad legal sobre la procedencia y derechos de las im\u00e1genes.<\/span><\/li>\n<li style=\"font-weight: 400;\" aria-level=\"1\"><span style=\"font-weight: 400;\">Documentos requeridos: acta de nacimiento, dos comprobantes de residencia en M\u00e9xico (INE, comprobante de domicilio con antig\u00fcedad no mayor a tres meses, constancia de vecindad o carta de testigos con identificaci\u00f3n), RFC (c\u00e9dula de identificaci\u00f3n fiscal), car\u00e1tula de cuenta bancaria (CLABE interbancaria, nombre completo y n\u00famero de cuenta). La cuenta deber\u00e1 estar activa y poder recibir dep\u00f3sitos mayores a $30,000.00, constancia de capacidad para emitir facturas (CFDI).<\/span><\/li>\n<\/ol>\n<p><span style=\"font-weight: 400;\">No se aceptar\u00e1n env\u00edos por correo electr\u00f3nico, en f\u00edsico ni por ning\u00fan otro medio distinto al formulario oficial.<\/span><\/p>\n<h3><span style=\"color: #ffffff;\">&#8211;<\/span><\/h3>\n<h3>Calendario<\/h3>\n<p><span style=\"font-weight: 400;\">Calendario<\/span><span style=\"font-weight: 400;\"><br \/>\n<\/span><span style=\"font-weight: 400;\"> Publicaci\u00f3n de la convocatoria: s\u00e1bado 8 de noviembre de 2025.<\/span><span style=\"font-weight: 400;\"><br \/>\n<strong>Cierre de registro: lunes 9 de febrero de 2026.<\/strong><\/span><span style=\"font-weight: 400;\"><br \/>\n<\/span><span style=\"font-weight: 400;\"> Publicaci\u00f3n de resultados: viernes 6 de marzo de 2026.<\/span><span style=\"font-weight: 400;\"><br \/>\n<\/span><span style=\"font-weight: 400;\"> Los resultados se publicar\u00e1n en las p\u00e1ginas y redes sociales de las instituciones convocantes.<\/span><\/p>\n<h3><span style=\"color: #ffffff;\">&#8211;<\/span><\/h3>\n<h3>Premio<\/h3>\n<p><span style=\"font-weight: 400;\">La persona ganadora recibir\u00e1 un premio de $30,000.00 (treinta mil pesos mexicanos). La obra ganadora formar\u00e1 parte de una exposici\u00f3n en el Centro Fotogr\u00e1fico Manuel \u00c1lvarez Bravo en 2026.<\/span><\/p>\n<h3><span style=\"color: #ffffff;\">&#8211;<\/span><\/h3>\n<h3>Criterios de selecci\u00f3n<\/h3>\n<p><span style=\"font-weight: 400;\">El jurado evaluar\u00e1 las propuestas considerando la potencia visual, la calidad t\u00e9cnica y est\u00e9tica de la imagen y el uso predominante de la t\u00e9cnica de rayos X.<\/span><\/p>\n<h3><span style=\"color: #ffffff;\">&#8211;<\/span><\/h3>\n<h3>Derechos de uso<\/h3>\n<p><span style=\"font-weight: 400;\">La persona participante conservar\u00e1 los derechos de autor\u00eda de la obra. Los organizadores podr\u00e1n reproducir, exhibir y difundir la imagen con fines exclusivamente culturales, de promoci\u00f3n y documentaci\u00f3n vinculados con la presente convocatoria y sus actividades.<\/span><\/p>\n<h3><span style=\"color: #ffffff;\">&#8211;<\/span><span style=\"color: #ffffff;\">&#8211;<\/span><\/h3>\n<p><span style=\"font-weight: 400;\">***<\/span><\/p>\n<p><br style=\"font-weight: 400;\" \/><br style=\"font-weight: 400;\" \/><\/p>\n<\/div>\n<\/div><\/section><br \/>\n<div class='av-social-sharing-box '><div class='av-share-box'><h5 class='av-share-link-description'>Compartir esta actividad<\/h5><ul class='av-share-box-list noLightbox'><li class='av-share-link av-social-link-facebook' ><a target='_blank' href='http:\/\/www.facebook.com\/sharer.php?u=https:\/\/casa.oaxaca.gob.mx\/?p=17991&amp;t=RAYOS%20X%20MEXICANOS.%20La%20radiograf%C3%ADa%20como%20lenguaje%20expresivo.' aria-hidden='true' data-av_icon='\ue8f3' data-av_iconfont='entypo-fontello' title='' data-avia-related-tooltip='Share on Facebook'><span class='avia_hidden_link_text'>Share on Facebook<\/span><\/a><\/li><li class='av-share-link av-social-link-twitter' ><a target='_blank' href='https:\/\/twitter.com\/share?text=RAYOS%20X%20MEXICANOS.%20La%20radiograf%C3%ADa%20como%20lenguaje%20expresivo.&url=https:\/\/casa.oaxaca.gob.mx\/?p=17991' aria-hidden='true' data-av_icon='\ue8f1' data-av_iconfont='entypo-fontello' title='' data-avia-related-tooltip='Share on Twitter'><span class='avia_hidden_link_text'>Share on Twitter<\/span><\/a><\/li><li class='av-share-link av-social-link-gplus' ><a target='_blank' href='https:\/\/plus.google.com\/share?url=https:\/\/casa.oaxaca.gob.mx\/?p=17991' aria-hidden='true' data-av_icon='\ue8f6' data-av_iconfont='entypo-fontello' title='' data-avia-related-tooltip='Share on Google+'><span class='avia_hidden_link_text'>Share on Google+<\/span><\/a><\/li><li class='av-share-link av-social-link-pinterest' ><a target='_blank' href='http:\/\/pinterest.com\/pin\/create\/button\/?url=https%3A%2F%2Fcasa.oaxaca.gob.mx%2F%3Fp%3D17991&amp;description=RAYOS%20X%20MEXICANOS.%20La%20radiograf%C3%ADa%20como%20lenguaje%20expresivo.&amp;media=https%3A%2F%2Fcasa.oaxaca.gob.mx%2Fwp-content%2Fuploads%2F2025%2F11%2FRayos-X_IG01-705x580.jpg' aria-hidden='true' data-av_icon='\ue8f8' data-av_iconfont='entypo-fontello' title='' data-avia-related-tooltip='Share on Pinterest'><span class='avia_hidden_link_text'>Share on Pinterest<\/span><\/a><\/li><li class='av-share-link av-social-link-mail' ><a  href='mailto:?subject=RAYOS%20X%20MEXICANOS.%20La%20radiograf%C3%ADa%20como%20lenguaje%20expresivo.&amp;body=https:\/\/casa.oaxaca.gob.mx\/?p=17991' aria-hidden='true' data-av_icon='\ue805' data-av_iconfont='entypo-fontello' title='' data-avia-related-tooltip='Share by Mail'><span class='avia_hidden_link_text'>Share by Mail<\/span><\/a><\/li><\/ul><\/div><\/div><\/p><\/div><div class=\"flex_column av_two_fifth  flex_column_div av-zero-column-padding   \" style='border-radius:0px; '><p><section class=\"av_textblock_section\"  itemscope=\"itemscope\" itemtype=\"https:\/\/schema.org\/BlogPosting\" itemprop=\"blogPost\" ><div class='avia_textblock '   itemprop=\"text\" ><p><strong>Descargables<\/strong><\/p>\n<\/div><\/section><br \/>\n<div class='avia-table main_color avia-pricing-table-container  avia_pricing_default avia-table-1 '  itemscope=\"itemscope\" itemtype=\"https:\/\/schema.org\/Table\" ><div class='pricing-table-wrap'><ul class='pricing-table '><li class=''><div class='first-table-item'>PDF<\/div><span class='pricing-extra'><\/span><\/li><li class=''><a href=\"https:\/\/casa.oaxaca.gob.mx\/wp-content\/uploads\/2025\/11\/RAYOS-X-final.pdf\"><img loading=\"lazy\" decoding=\"async\" src=\"https:\/\/casa.oaxaca.gob.mx\/wp-content\/uploads\/2018\/08\/001-pdf.jpg\" alt=\"\" width=\"40\" height=\"46\" \/><\/a><\/li><\/ul><\/div><\/div><br \/>\n<div id='av-masonry-1' class='av-masonry noHover av-flex-size av-large-gap av-hover-overlay- av-masonry-col-flexible av-caption-always av-caption-style- av-masonry-gallery  '  ><div class='av-masonry-container isotope av-js-disabled ' ><div class='av-masonry-entry isotope-item av-masonry-item-no-image '><\/div><a href=\"https:\/\/casa.oaxaca.gob.mx\/wp-content\/uploads\/2025\/11\/\u00a9Area-de-Documentacion-y-Analisis-por-Imagen.-ECRO_1-1030x850.jpeg\" id='av-masonry-1-item-17992' data-av-masonry-item='17992' class='av-masonry-entry isotope-item post-17992 attachment type-attachment status-inherit hentry  av-masonry-item-with-image' title=\"\"  itemprop=\"thumbnailUrl\" ><div class='av-inner-masonry-sizer'><\/div><figure class='av-inner-masonry main_color'><div class=\"av-masonry-outerimage-container\"><div class=\"av-masonry-image-container\" style=\"background-image: url(https:\/\/casa.oaxaca.gob.mx\/wp-content\/uploads\/2025\/11\/\u00a9Area-de-Documentacion-y-Analisis-por-Imagen.-ECRO_1-705x582.jpeg);\"><img decoding=\"async\" src=\"https:\/\/casa.oaxaca.gob.mx\/wp-content\/uploads\/2025\/11\/\u00a9Area-de-Documentacion-y-Analisis-por-Imagen.-ECRO_1-705x582.jpeg\" title=\"\u00a9\u00c1rea de Documentaci\u00f3n y An\u00e1lisis por Imagen. ECRO_1\" alt=\"\" \/><\/div><\/div><figcaption class='av-inner-masonry-content site-background'><div class='av-inner-masonry-content-pos'><div class='av-inner-masonry-content-pos-content'><div class='avia-arrow'><\/div><h3 class='av-masonry-entry-title entry-title'  itemprop=\"headline\" >\u00a9\u00c1rea de Documentaci\u00f3n y An\u00e1lisis por Imagen. ECRO_1<\/h3><\/div><\/div><\/figcaption><\/figure><\/a><!--end av-masonry entry--><\/div><div class='av-masonry-pagination av-masonry-pagination-pagination'><nav class='pagination'><span class='pagination-meta'>Page 1 of 3<\/span><span class='current'>1<\/span><a href='https:\/\/casa.oaxaca.gob.mx\/index.php?rest_route=%2Fwp%2Fv2%2Fposts%2F17991&#038;paged=2' class='inactive' >2<\/a><a href='https:\/\/casa.oaxaca.gob.mx\/index.php?rest_route=%2Fwp%2Fv2%2Fposts%2F17991&#038;paged=3' class='inactive' >3<\/a><\/nav>\n<\/div><\/div><\/p><\/div><\/p>\n<div class=\"flex_column av_one_third  flex_column_div av-zero-column-padding first  \" style='border-radius:0px; '><\/div>\n<div class=\"flex_column av_one_third  flex_column_div av-zero-column-padding   \" style='border-radius:0px; '><\/div>\n<div class=\"flex_column av_one_third  flex_column_div av-zero-column-padding   \" style='border-radius:0px; '><\/div>\n<div class=\"flex_column av_two_fifth  flex_column_div av-zero-column-padding first  \" style='border-radius:0px; '><\/div>\n<div class=\"flex_column av_two_fifth  flex_column_div av-zero-column-padding   \" style='border-radius:0px; '><\/div>\n","protected":false},"excerpt":{"rendered":"","protected":false},"author":1,"featured_media":17999,"comment_status":"open","ping_status":"open","sticky":false,"template":"","format":"standard","meta":{"_exactmetrics_skip_tracking":false,"_exactmetrics_sitenote_active":false,"_exactmetrics_sitenote_note":"","_exactmetrics_sitenote_category":0,"footnotes":""},"categories":[204,192],"tags":[],"class_list":["post-17991","post","type-post","status-publish","format-standard","has-post-thumbnail","hentry","category-204","category-convocatorias"],"_links":{"self":[{"href":"https:\/\/casa.oaxaca.gob.mx\/index.php?rest_route=\/wp\/v2\/posts\/17991","targetHints":{"allow":["GET"]}}],"collection":[{"href":"https:\/\/casa.oaxaca.gob.mx\/index.php?rest_route=\/wp\/v2\/posts"}],"about":[{"href":"https:\/\/casa.oaxaca.gob.mx\/index.php?rest_route=\/wp\/v2\/types\/post"}],"author":[{"embeddable":true,"href":"https:\/\/casa.oaxaca.gob.mx\/index.php?rest_route=\/wp\/v2\/users\/1"}],"replies":[{"embeddable":true,"href":"https:\/\/casa.oaxaca.gob.mx\/index.php?rest_route=%2Fwp%2Fv2%2Fcomments&post=17991"}],"version-history":[{"count":6,"href":"https:\/\/casa.oaxaca.gob.mx\/index.php?rest_route=\/wp\/v2\/posts\/17991\/revisions"}],"predecessor-version":[{"id":18234,"href":"https:\/\/casa.oaxaca.gob.mx\/index.php?rest_route=\/wp\/v2\/posts\/17991\/revisions\/18234"}],"wp:featuredmedia":[{"embeddable":true,"href":"https:\/\/casa.oaxaca.gob.mx\/index.php?rest_route=\/wp\/v2\/media\/17999"}],"wp:attachment":[{"href":"https:\/\/casa.oaxaca.gob.mx\/index.php?rest_route=%2Fwp%2Fv2%2Fmedia&parent=17991"}],"wp:term":[{"taxonomy":"category","embeddable":true,"href":"https:\/\/casa.oaxaca.gob.mx\/index.php?rest_route=%2Fwp%2Fv2%2Fcategories&post=17991"},{"taxonomy":"post_tag","embeddable":true,"href":"https:\/\/casa.oaxaca.gob.mx\/index.php?rest_route=%2Fwp%2Fv2%2Ftags&post=17991"}],"curies":[{"name":"wp","href":"https:\/\/api.w.org\/{rel}","templated":true}]}}