{"id":18026,"date":"2025-11-12T11:59:28","date_gmt":"2025-11-12T17:59:28","guid":{"rendered":"https:\/\/casa.oaxaca.gob.mx\/?p=18026"},"modified":"2026-01-22T13:46:42","modified_gmt":"2026-01-22T19:46:42","slug":"laboratorio-presencial-pedagogias-artisticas-imparte-pablo-martinez-zarate","status":"publish","type":"post","link":"https:\/\/casa.oaxaca.gob.mx\/?p=18026","title":{"rendered":"Laboratorio presencial. Pedagog\u00edas Art\u00edsticas. Imparte: Pablo Mart\u00ednez Z\u00e1rate."},"content":{"rendered":"<\/div><\/div><\/div><!-- close content main div --><\/div><\/div><div id='av_section_1' class='avia-section main_color avia-section-no-padding avia-no-border-styling avia-full-stretch av-parallax-section avia-bg-style-parallax  av-minimum-height av-minimum-height-75 container_wrap fullsize' style = 'background-color: #000000; ' data-section-bg-repeat='stretch' ><div class='av-parallax' data-avia-parallax-ratio='0.3' ><div class='av-parallax-inner main_color  avia-full-stretch' style = 'background-color: #000000; background-repeat: no-repeat; background-image: url(https:\/\/casa.oaxaca.gob.mx\/wp-content\/uploads\/2025\/11\/Pedagogias-artisticas_portada-scaled.jpg); background-attachment: scroll; background-position: bottom center; ' ><\/div><\/div><div class='container' ><div class='template-page content  av-content-full alpha units'><div class='post-entry post-entry-type-page post-entry-18026'><div class='entry-content-wrapper clearfix'>\n<div style='padding-bottom:10px;color:#ffffff;font-size:50px;' class='av-special-heading av-special-heading-h3 custom-color-heading blockquote modern-quote  av-inherit-size'><h3 class='av-special-heading-tag'  itemprop=\"headline\"  >Laboratorio presencial. Pedagog\u00edas Art\u00edsticas.<\/h3><div class ='av-subheading av-subheading_below av_custom_color' style='font-size:25px;'><p>Imparte: Pablo Mart\u00ednez Z\u00e1rate.<\/p>\n<\/div><div class='special-heading-border'><div class='special-heading-inner-border' style='border-color:#ffffff'><\/div><\/div><\/div>\n\n<\/div><\/div><\/div><!-- close content main div --><\/div><\/div><div id='av-layout-grid-1' class='av-layout-grid-container entry-content-wrapper main_color av-flex-cells  container_wrap fullsize'   >\n<div class=\"flex_cell no_margin av_one_full   \" style='vertical-align:top; padding:30px; background-color:#ED9600; '><div class='flex_cell_inner' ><p><div class=\"flex_column av_one_fourth  flex_column_div av-zero-column-padding first  \" style='border-radius:0px; '><div style='padding-bottom:10px;color:#ffffff;' class='av-special-heading av-special-heading-h3 custom-color-heading blockquote modern-quote '><h3 class='av-special-heading-tag'  itemprop=\"headline\"  >Cierre de inscripciones<\/h3><div class ='av-subheading av-subheading_below av_custom_color' style='font-size:20px;'><p>Domingo 23 de noviembre de 2025<\/p>\n<p>Publicaci\u00f3n de resultados<br \/>\nJueves 27 de noviembre de 2025<\/p>\n<\/div><div class='special-heading-border'><div class='special-heading-inner-border' style='border-color:#ffffff'><\/div><\/div><\/div><\/div><div class=\"flex_column av_one_fourth  flex_column_div av-zero-column-padding   \" style='border-radius:0px; '><div style='padding-bottom:10px;color:#ffffff;' class='av-special-heading av-special-heading-h3 custom-color-heading blockquote modern-quote '><h3 class='av-special-heading-tag'  itemprop=\"headline\"  >Fechas<\/h3><div class ='av-subheading av-subheading_below av_custom_color' style='font-size:20px;'><p>Lunes a viernes<br \/>\nDel 8 al 12 de diciembre de 2025<\/p>\n<\/div><div class='special-heading-border'><div class='special-heading-inner-border' style='border-color:#ffffff'><\/div><\/div><\/div><\/div><div class=\"flex_column av_one_fourth  flex_column_div av-zero-column-padding   \" style='border-radius:0px; '><div style='padding-bottom:10px;color:#ffffff;' class='av-special-heading av-special-heading-h3 custom-color-heading blockquote modern-quote  '><h3 class='av-special-heading-tag'  itemprop=\"headline\"  >Horario<\/h3><div class ='av-subheading av-subheading_below av_custom_color' style='font-size:20px;'><p>De 10 a 14 h<\/p>\n<\/div><div class='special-heading-border'><div class='special-heading-inner-border' style='border-color:#ffffff'><\/div><\/div><\/div><\/div><div class=\"flex_column av_one_fourth  flex_column_div av-zero-column-padding   \" style='border-radius:0px; '><section class=\"avia_codeblock_section avia_code_block_0\"  itemscope=\"itemscope\" itemtype=\"https:\/\/schema.org\/BlogPosting\" itemprop=\"blogPost\" ><div class='avia_codeblock '  itemprop=\"text\" > [avia_codeblock_placeholder uid=\"0\"] <\/div><\/section><\/div><\/p>\n<\/div><\/div>\n<\/div>\n<div class=\"flex_column av_two_fifth  flex_column_div av-zero-column-padding first  \" style='border-radius:0px; '><p><div class='av-social-sharing-box '><div class='av-share-box'><h5 class='av-share-link-description'>Compartir esta actividad<\/h5><ul class='av-share-box-list noLightbox'><li class='av-share-link av-social-link-facebook' ><a target='_blank' href='http:\/\/www.facebook.com\/sharer.php?u=https:\/\/casa.oaxaca.gob.mx\/?p=18026&amp;t=Laboratorio%20presencial.%20Pedagog%C3%ADas%20Art%C3%ADsticas.%20Imparte%3A%20Pablo%20Mart%C3%ADnez%20Z%C3%A1rate.' aria-hidden='true' data-av_icon='\ue8f3' data-av_iconfont='entypo-fontello' title='' data-avia-related-tooltip='Share on Facebook'><span class='avia_hidden_link_text'>Share on Facebook<\/span><\/a><\/li><li class='av-share-link av-social-link-twitter' ><a target='_blank' href='https:\/\/twitter.com\/share?text=Laboratorio%20presencial.%20Pedagog%C3%ADas%20Art%C3%ADsticas.%20Imparte%3A%20Pablo%20Mart%C3%ADnez%20Z%C3%A1rate.&url=https:\/\/casa.oaxaca.gob.mx\/?p=18026' aria-hidden='true' data-av_icon='\ue8f1' data-av_iconfont='entypo-fontello' title='' data-avia-related-tooltip='Share on Twitter'><span class='avia_hidden_link_text'>Share on Twitter<\/span><\/a><\/li><li class='av-share-link av-social-link-gplus' ><a target='_blank' href='https:\/\/plus.google.com\/share?url=https:\/\/casa.oaxaca.gob.mx\/?p=18026' aria-hidden='true' data-av_icon='\ue8f6' data-av_iconfont='entypo-fontello' title='' data-avia-related-tooltip='Share on Google+'><span class='avia_hidden_link_text'>Share on Google+<\/span><\/a><\/li><li class='av-share-link av-social-link-pinterest' ><a target='_blank' href='http:\/\/pinterest.com\/pin\/create\/button\/?url=https%3A%2F%2Fcasa.oaxaca.gob.mx%2F%3Fp%3D18026&amp;description=Laboratorio%20presencial.%20Pedagog%C3%ADas%20Art%C3%ADsticas.%20Imparte%3A%20Pablo%20Mart%C3%ADnez%20Z%C3%A1rate.&amp;media=https%3A%2F%2Fcasa.oaxaca.gob.mx%2Fwp-content%2Fuploads%2F2025%2F11%2FPedagogias-artisticas_cerrada-705x484.jpg' aria-hidden='true' data-av_icon='\ue8f8' data-av_iconfont='entypo-fontello' title='' data-avia-related-tooltip='Share on Pinterest'><span class='avia_hidden_link_text'>Share on Pinterest<\/span><\/a><\/li><li class='av-share-link av-social-link-mail' ><a  href='mailto:?subject=Laboratorio%20presencial.%20Pedagog%C3%ADas%20Art%C3%ADsticas.%20Imparte%3A%20Pablo%20Mart%C3%ADnez%20Z%C3%A1rate.&amp;body=https:\/\/casa.oaxaca.gob.mx\/?p=18026' aria-hidden='true' data-av_icon='\ue805' data-av_iconfont='entypo-fontello' title='' data-avia-related-tooltip='Share by Mail'><span class='avia_hidden_link_text'>Share by Mail<\/span><\/a><\/li><\/ul><\/div><\/div><br \/>\n<div  class='hr hr-default '><span class='hr-inner ' ><span class='hr-inner-style'><\/span><\/span><\/div><br \/>\n<div style='padding-bottom:10px;font-size:30px;' class='av-special-heading av-special-heading-h3  blockquote modern-quote   av-inherit-size'><h3 class='av-special-heading-tag'  itemprop=\"headline\"  >Sobre el tallerista<\/h3><div class='special-heading-border'><div class='special-heading-inner-border' ><\/div><\/div><\/div><br \/>\n<div class='avia-data-table-wrap avia_responsive_table'><table class='avia-table avia-data-table avia-table-1  avia_pricing_default'  itemscope=\"itemscope\" itemtype=\"https:\/\/schema.org\/Table\" ><tbody><tr class='avia-heading-row'><th class=''>Pablo Mart\u00ednez Z\u00e1rate<\/th><\/tr><tr class=''><td class=''>Artista, documentalista e investigador mexicano cuyo trabajo explora los cruces entre memoria, cuerpo y territorio desde la pr\u00e1ctica experimental en medios m\u00faltiples y las pedagog\u00edas radicales. Es reconocido en M\u00e9xico y Latinoam\u00e9rica como uno de los principales exponentes de la narrativa documental web e inmersiva. Ha expuesto individualmente en recintos importantes de M\u00e9xico y su trabajo se ha incluido en festivales como DocsMX y Ambulante en M\u00e9xico, MIDBO en Bogot\u00e1, o IDFA en los Pa\u00edses Bajos. Ha publicado varios libros de ensayo sobre pr\u00e1ctica art\u00edstica y pedagog\u00eda cr\u00edticas, el \u00faltimo de ellos, \u201cEccentric Pedagogy. Artistic research in times of crisis\u201d, editado en 2023 por la Academia de Cine de Holanda a trav\u00e9s del programa de artistas en residencia de la Universidad de las Artes de \u00c1msterdam. Cuenta con una maestr\u00eda en arte digital por la Universidad de Edimburgo y un doctorado en comunicaci\u00f3n por la Universidad Iberoamericana, donde es acad\u00e9mico de tiempo completo y fundador del Laboratorio Iberoamericano de Documental. Ha sido profesor invitado en sitios como la EICTV San Antonio de los Ba\u00f1os, la Escuela Nacional de Artes Cinematogr\u00e1ficas de la UNAM, la Academia de Cine de Holanda, Emerson College Boston, University of Southern California y Zurich University of the Arts.<br \/>\n<\/td><\/tr><\/tbody><\/table><\/div><style type='text\/css'>.avia-table-1 td:nth-of-type(1):before { content: 'Pablo Mart\u00ednez Z\u00e1rate'; } <\/style><\/p><\/div>\n<div class=\"flex_column av_three_fifth  flex_column_div av-zero-column-padding   \" style='border-radius:0px; '><p><div style='padding-bottom:10px;font-size:30px;' class='av-special-heading av-special-heading-h3  blockquote modern-quote   av-inherit-size'><h3 class='av-special-heading-tag'  itemprop=\"headline\"  >Acerca del taller<\/h3><div class='special-heading-border'><div class='special-heading-inner-border' ><\/div><\/div><\/div><br \/>\n<div class='avia-data-table-wrap avia_responsive_table'><table class='avia-table avia-data-table avia-table-2  avia_pricing_default'  itemscope=\"itemscope\" itemtype=\"https:\/\/schema.org\/Table\" ><tbody><tr class=''><td class=''>LISTA DE SELECCIONADOS<\/td><\/tr><tr class=''><td class=''>Nah\u00fa Rodr\u00edguez Montoya<br \/>\nCarlos Alejandro V\u00e1zquez Ruckstuhl<br \/>\nDiego Aguilar De Paz<br \/>\nMario Arturo Cuellar Oca\u00f1a<br \/>\nZyanya Trujillo Gallegos<br \/>\nGabriela S\u00e1nchez L\u00f3pez<br \/>\nBerenice Rodr\u00edguez Ram\u00edrez<br \/>\nSamara Salinas Zald\u00edvar<br \/>\nAlexandra Rivera L\u00f3pez<br \/>\nNayashell Ram\u00edrez P\u00e9rez<br \/>\nJessica Adriana Funes Ju\u00e1rez<br \/>\nJos\u00e9 Manuel Cruz Carrasco<br \/>\nEduardo Manuel Gonz\u00e1lez Tapia<br \/>\nLorena R\u00edos Trevi\u00f1o<br \/>\nJes\u00fas Gallardo Espina<br \/>\nJessica Mabel Hern\u00e1ndez Salinas<br \/>\nRebeca Hern\u00e1ndez Rivera<br \/>\nDennis Noel L\u00f3pez Sosa<br \/>\nIrma Leticia Jim\u00e9nez Pe\u00f1a <\/td><\/tr><\/tbody><\/table><\/div><style type='text\/css'><\/style><br \/>\n<div class='avia-data-table-wrap avia_responsive_table'><table class='avia-table avia-data-table avia-table-3  avia_pricing_default'  itemscope=\"itemscope\" itemtype=\"https:\/\/schema.org\/Table\" ><tbody><tr class='avia-heading-row'><th class=''>Descripci\u00f3n general<\/th><\/tr><tr class=''><td class=''>El Laboratorio de Pedagog\u00edas Art\u00edsticas (LaPA) est\u00e1 dedicado al fortalecimiento de proyectos de educaci\u00f3n art\u00edstica y al impulso de la ense\u00f1anza de las artes como una actividad de alto valor social y cultural.<\/p>\n<p>Est\u00e1 dirigido a artistas y profesionales de las artes interesados en enriquecer sus pr\u00e1cticas pedag\u00f3gicas mediante la revisi\u00f3n cr\u00edtica y el encuentro con pares de contextos diversos.<br \/>\nEl LaPA se desarrolla con inspiraci\u00f3n latinoamericana y en respuesta a las urgencias de nuestros tiempos, poniendo \u00e9nfasis en la reflexi\u00f3n y en la exploraci\u00f3n de las posibilidades que ofrecen las distintas disciplinas para encarnar las artes y su ense\u00f1anza.<\/p>\n<p>Tiene como base el s\/tudio pablo mz y establece v\u00ednculos con diversas instituciones, entre ellas la Universidad Iberoamericana, a trav\u00e9s del Laboratorio Iberoamericano de Documental del Departamento de Comunicaci\u00f3n y el Instituto de Investigaciones para el Desarrollo de la Educaci\u00f3n, as\u00ed como el Centro de las Artes de San Agust\u00edn Etla<br \/>\n<\/td><\/tr><tr class='avia-heading-row'><th class=''>Objetivo general<\/th><\/tr><tr class=''><td class=''>Fortalecer las pr\u00e1cticas pedag\u00f3gicas en las artes mediante la reflexi\u00f3n cr\u00edtica, la colaboraci\u00f3n interdisciplinaria y el intercambio entre artistas y profesionales de contextos diversos.<br \/>\n<\/td><\/tr><tr class='avia-heading-row'><th class=''>Objetivo espec\u00edfico<\/th><\/tr><tr class=''><td class=''>1. Fomentar la revisi\u00f3n cr\u00edtica de proyectos de educaci\u00f3n art\u00edstica y su ense\u00f1anza.<br \/>\n2. Promover el encuentro y di\u00e1logo entre artistas y profesionales de distintas disciplinas y contextos.<br \/>\n3. Explorar y poner en pr\u00e1ctica nuevas metodolog\u00edas y estrategias pedag\u00f3gicas en las artes.<br \/>\n4. Consolidar v\u00ednculos institucionales para el desarrollo de proyectos educativos art\u00edsticos.<br \/>\n5. Impulsar la valoraci\u00f3n social y cultural de la ense\u00f1anza de las artes en contextos latinoamericanos.<br \/>\n<\/td><\/tr><tr class='avia-heading-row'><th class=''>Temas<\/th><\/tr><tr class=''><td class=''>&#8211; Pedagog\u00eda cr\u00edtica y ense\u00f1anza de las artes<br \/>\n&#8211; Estrategias pedag\u00f3gicas a trav\u00e9s de disciplinas art\u00edsticas<br \/>\n&#8211; Investigaci\u00f3n art\u00edstica como marco de acci\u00f3n<br \/>\n&#8211; Aproximaciones metodol\u00f3gicas a la investigaci\u00f3n art\u00edstica<br \/>\n&#8211; Cruces disciplinares m\u00e1s all\u00e1 de las artes<br \/>\n&#8211; Educaci\u00f3n art\u00edstica y futuros posibles<\/td><\/tr><\/tbody><\/table><\/div><style type='text\/css'>.avia-table-3 td:nth-of-type(1):before { content: 'Descripci\u00f3n general'; } <\/style><br \/>\n<div style='padding-bottom:10px;font-size:30px;' class='av-special-heading av-special-heading-h3  blockquote modern-quote   av-inherit-size'><h3 class='av-special-heading-tag'  itemprop=\"headline\"  >Requisitos de inscripci\u00f3n<\/h3><div class='special-heading-border'><div class='special-heading-inner-border' ><\/div><\/div><\/div><br \/>\n<div class='avia-data-table-wrap avia_responsive_table'><table class='avia-table avia-data-table avia-table-4  avia_pricing_default'  itemscope=\"itemscope\" itemtype=\"https:\/\/schema.org\/Table\" ><tbody><tr class=''><td class=''>&#8211; Si tienes inter\u00e9s deber\u00e1s llenar el formulario con los datos completos que se encuentra en esta p\u00e1gina.<br \/>\n-Contar con el archivo adjunto que solicita la convocatoria<br \/>\n-Es importante que al llenar el formulario ya tenga preparado el PDF<br \/>\ncon las fotos que se est\u00e1n solicitando, de lo contrario no podr\u00e1 concluir su registro.<br \/>\n<\/td><\/tr><tr class=''><td class=''>&#8211; La lista de seleccionados se publicar\u00e1 en esta p\u00e1gina, tambi\u00e9n se les notificar\u00e1 v\u00eda correo electr\u00f3nico con los detalles de la actividad.<br \/>\n&#8211; Actividad gratuita.<br \/>\n&#8211; Los talleristas ser\u00e1n los responsables de realizar la selecci\u00f3n de alumnos bajo sus criterios.<br \/>\n<\/td><\/tr><\/tbody><\/table><\/div><style type='text\/css'><\/style><br \/>\n<div class='avia-data-table-wrap avia_responsive_table'><table class='avia-table avia-data-table avia-table-5  avia_pricing_default'  itemscope=\"itemscope\" itemtype=\"https:\/\/schema.org\/Table\" ><tbody><tr class='avia-heading-row'><th class=''>Material que se le solicitar\u00e1 al alumno(a)<\/th><\/tr><tr class=''><td class=''>Presentar la idea de un taller a desarrollar durante la semana del laboratorio.<\/td><\/tr><\/tbody><\/table><\/div><style type='text\/css'>.avia-table-5 td:nth-of-type(1):before { content: 'Material que se le solicitar\u00e1 al alumno(a)'; } <\/style><br \/>\n<div class='avia-data-table-wrap avia_responsive_table'><table class='avia-table avia-data-table avia-table-6  avia_pricing_default'  itemscope=\"itemscope\" itemtype=\"https:\/\/schema.org\/Table\" ><tbody><tr class='avia-heading-row'><th class=''>Criterios de selecci\u00f3n de alumnos<\/th><\/tr><tr class=''><td class=''>-Dirigido a personas activas en alguna disciplina art\u00edstica que quieran fortalecer sus habilidades de formaci\u00f3n art\u00edstica, que est\u00e1n interesados en desarrollar herramientas pedag\u00f3gicas para el desarrollo de talleres desde sus disciplinas<br \/>\n-Cada aspirante deber\u00e1 presentar una propuesta pedag\u00f3gica que quiera desarrollar durante la semana del taller.<br \/>\n&#8211; Las propuestas se evaluar\u00e1n en funci\u00f3n de:<br \/>\n(a) La visi\u00f3n pedag\u00f3gica<br \/>\n(b) Los aspectos t\u00e9cnicos de las disciplinas<br \/>\n(c) La carta de intenci\u00f3n con su visi\u00f3n pedag\u00f3gica.<br \/>\n<\/td><\/tr><\/tbody><\/table><\/div><style type='text\/css'>.avia-table-6 td:nth-of-type(1):before { content: 'Criterios de selecci\u00f3n de alumnos'; } <\/style><br \/>\n<div class='avia-data-table-wrap avia_responsive_table'><table class='avia-table avia-data-table avia-table-7  avia_pricing_default'  itemscope=\"itemscope\" itemtype=\"https:\/\/schema.org\/Table\" ><tbody><tr class='avia-heading-row'><th class=''>Nota para los seleccionados<\/th><\/tr><tr class=''><td class=''>&#8211; Clases presenciales en el \u00e1rea de Producci\u00f3n Art\u00edstica del CaSa<br \/>\n&#8211; Se dejar\u00e1n ejercicios espec\u00edficos a cada estudiante, es fundamental realizarlos para continuar con la siguiente clase.<br \/>\n&#8211; Tener el compromiso y el tiempo para llevar a cabo el taller, ya que las inasistencias injustificadas ser\u00e1n motivo de suspensi\u00f3n y no podr\u00e1 ingresar a talleres futuros.<br \/>\n&#8211; Durante el taller nos estaremos comunicando por medio de mensajes en un grupo de WhatsApp, por ser una herramienta m\u00e1s r\u00e1pida para poder tener una mejor comunicaci\u00f3n con lo que respecta al taller.<br \/>\n&#8211; Actividad gratuita.<br \/>\n&#8211; Los talleristas ser\u00e1n los responsables de realizar la selecci\u00f3n de alumnos bajo sus criterios.<br \/>\n&#8211; La lista de seleccionados se publicar\u00e1 en esta p\u00e1gina, tambi\u00e9n se les notificar\u00e1 v\u00eda correo electr\u00f3nico con los detalles de la actividad.<br \/>\n<\/td><\/tr><\/tbody><\/table><\/div><style type='text\/css'>.avia-table-7 td:nth-of-type(1):before { content: 'Nota para los seleccionados'; } <\/style><\/p><\/div>\n","protected":false},"excerpt":{"rendered":"","protected":false},"author":1,"featured_media":18028,"comment_status":"open","ping_status":"open","sticky":false,"template":"","format":"standard","meta":{"_exactmetrics_skip_tracking":false,"_exactmetrics_sitenote_active":false,"_exactmetrics_sitenote_note":"","_exactmetrics_sitenote_category":0,"footnotes":""},"categories":[204],"tags":[],"class_list":["post-18026","post","type-post","status-publish","format-standard","has-post-thumbnail","hentry","category-204"],"_links":{"self":[{"href":"https:\/\/casa.oaxaca.gob.mx\/index.php?rest_route=\/wp\/v2\/posts\/18026","targetHints":{"allow":["GET"]}}],"collection":[{"href":"https:\/\/casa.oaxaca.gob.mx\/index.php?rest_route=\/wp\/v2\/posts"}],"about":[{"href":"https:\/\/casa.oaxaca.gob.mx\/index.php?rest_route=\/wp\/v2\/types\/post"}],"author":[{"embeddable":true,"href":"https:\/\/casa.oaxaca.gob.mx\/index.php?rest_route=\/wp\/v2\/users\/1"}],"replies":[{"embeddable":true,"href":"https:\/\/casa.oaxaca.gob.mx\/index.php?rest_route=%2Fwp%2Fv2%2Fcomments&post=18026"}],"version-history":[{"count":3,"href":"https:\/\/casa.oaxaca.gob.mx\/index.php?rest_route=\/wp\/v2\/posts\/18026\/revisions"}],"predecessor-version":[{"id":18094,"href":"https:\/\/casa.oaxaca.gob.mx\/index.php?rest_route=\/wp\/v2\/posts\/18026\/revisions\/18094"}],"wp:featuredmedia":[{"embeddable":true,"href":"https:\/\/casa.oaxaca.gob.mx\/index.php?rest_route=\/wp\/v2\/media\/18028"}],"wp:attachment":[{"href":"https:\/\/casa.oaxaca.gob.mx\/index.php?rest_route=%2Fwp%2Fv2%2Fmedia&parent=18026"}],"wp:term":[{"taxonomy":"category","embeddable":true,"href":"https:\/\/casa.oaxaca.gob.mx\/index.php?rest_route=%2Fwp%2Fv2%2Fcategories&post=18026"},{"taxonomy":"post_tag","embeddable":true,"href":"https:\/\/casa.oaxaca.gob.mx\/index.php?rest_route=%2Fwp%2Fv2%2Ftags&post=18026"}],"curies":[{"name":"wp","href":"https:\/\/api.w.org\/{rel}","templated":true}]}}