{"id":18042,"date":"2025-11-12T16:44:42","date_gmt":"2025-11-12T22:44:42","guid":{"rendered":"https:\/\/casa.oaxaca.gob.mx\/?p=18042"},"modified":"2026-01-22T13:56:20","modified_gmt":"2026-01-22T19:56:20","slug":"rayos-x-mexicanos-la-radiografia-como-lenguaje-expresivo-2","status":"publish","type":"post","link":"https:\/\/casa.oaxaca.gob.mx\/?p=18042","title":{"rendered":"ATELIER MONDIAL. Beca de residencia en creaci\u00f3n de textiles."},"content":{"rendered":"<\/div><\/div><\/div><!-- close content main div --><\/div><\/div><div id='av_section_1' class='avia-section main_color avia-section-no-padding avia-no-border-styling avia-full-stretch av-parallax-section avia-bg-style-parallax  av-minimum-height av-minimum-height-75 container_wrap fullsize'  data-section-bg-repeat='stretch' ><div class='av-parallax' data-avia-parallax-ratio='0.3' ><div class='av-parallax-inner main_color  avia-full-stretch' style = 'background-repeat: no-repeat; background-image: url(https:\/\/casa.oaxaca.gob.mx\/wp-content\/uploads\/2025\/11\/Atelier-post11.jpg); background-attachment: scroll; background-position: bottom center; ' ><\/div><\/div><div class='container' ><div class='template-page content  av-content-full alpha units'><div class='post-entry post-entry-type-page post-entry-18042'><div class='entry-content-wrapper clearfix'>\n<div style='padding-bottom:10px;color:#ffffff;font-size:50px;' class='av-special-heading av-special-heading-h3 custom-color-heading blockquote modern-quote  av-inherit-size'><h3 class='av-special-heading-tag'  itemprop=\"headline\"  >ATELIER MONDIAL. Beca de residencia en creaci\u00f3n de textiles<\/h3><div class='special-heading-border'><div class='special-heading-inner-border' style='border-color:#ffffff'><\/div><\/div><\/div>\n\n<\/div><\/div><\/div><!-- close content main div --><\/div><\/div><div id='av-layout-grid-1' class='av-layout-grid-container entry-content-wrapper main_color av-flex-cells  container_wrap fullsize'   >\n<div class=\"flex_cell no_margin av_one_full   \" style='vertical-align:top; padding:30px; background-color:#006bb2; '><div class='flex_cell_inner' ><p><div class=\"flex_column av_one_third  flex_column_div av-zero-column-padding first  \" style='border-radius:0px; '><div style='padding-bottom:10px;color:#ffffff;' class='av-special-heading av-special-heading-h3 custom-color-heading blockquote modern-quote '><h3 class='av-special-heading-tag'  itemprop=\"headline\"  >Cierre de la convocatoria<\/h3><div class ='av-subheading av-subheading_below av_custom_color' style='font-size:20px;'><p>Domingo 07 de diciembre de 2025<\/p>\n<\/div><div class='special-heading-border'><div class='special-heading-inner-border' style='border-color:#ffffff'><\/div><\/div><\/div><\/div><div class=\"flex_column av_one_third  flex_column_div av-zero-column-padding   \" style='border-radius:0px; '><div style='padding-bottom:10px;color:#ffffff;' class='av-special-heading av-special-heading-h3 custom-color-heading blockquote modern-quote '><h3 class='av-special-heading-tag'  itemprop=\"headline\"  >Publicaci\u00f3n de resultados<\/h3><div class ='av-subheading av-subheading_below av_custom_color' style='font-size:20px;'><p>Lunes 22 de diciembre de 2025<\/p>\n<\/div><div class='special-heading-border'><div class='special-heading-inner-border' style='border-color:#ffffff'><\/div><\/div><\/div><\/div><div class=\"flex_column av_one_third  flex_column_div av-zero-column-padding   \" style='border-radius:0px; '><\/div><\/p>\n<\/div><\/div>\n<\/div>\n<div class=\"flex_column av_three_fifth  flex_column_div av-zero-column-padding first  \" style='background-color:#ffffff; border-radius:0px; '><section class=\"av_textblock_section\"  itemscope=\"itemscope\" itemtype=\"https:\/\/schema.org\/BlogPosting\" itemprop=\"blogPost\" ><div class='avia_textblock  av_inherit_color'  style='font-size:16px; color:#0a0a0a; '  itemprop=\"text\" ><div title=\"Page 1\">\n<h1>Beca de residencia en creaci\u00f3n de textiles, de abril-septiembre 2026 en Mulhouse, Francia y Basilea Suiza<\/h1>\n<\/div>\n<div title=\"Page 1\"><\/div>\n<div title=\"Page 1\">\n<h2><span style=\"color: #ffffff;\">&#8211;<\/span><\/h2>\n<h3 class=\"zfr3Q CDt4Ke \" dir=\"ltr\"><span class=\"C9DxTc \">Informaci\u00f3n general<\/span><\/h3>\n<p class=\"zfr3Q CDt4Ke \" dir=\"ltr\"><span class=\"C9DxTc \">El programa Atelier Mondial de Basilea-Mulhouse-Friburgo ofrece convocatorias anuales para artistas o dise\u00f1adores textiles de Oaxaca que trabajan en el \u00e1mbito contempor\u00e1neo. Los seleccionados tendr\u00e1n la oportunidad de vivir y trabajar en el extranjero durante seis meses.<\/span><\/p>\n<p class=\"zfr3Q CDt4Ke \" dir=\"ltr\"><span class=\"C9DxTc \">\u00a0<\/span><\/p>\n<p class=\"zfr3Q CDt4Ke \" dir=\"ltr\"><span class=\"C9DxTc \">Atelier Mondial, en colaboraci\u00f3n con varios socios, ofrece residencias internacionales en diversas disciplinas, incluidas las artes pl\u00e1sticas, dise\u00f1o textil, literatura, danza y artes esc\u00e9nicas.<\/span><\/p>\n<p class=\"zfr3Q CDt4Ke \" dir=\"ltr\"><span class=\"C9DxTc \">\u00a0<\/span><\/p>\n<p class=\"zfr3Q CDt4Ke \" dir=\"ltr\"><span class=\"C9DxTc \">En 2016, el programa se expandi\u00f3 para incluir a artistas y dise\u00f1adores textiles de Oaxaca. Este nuevo intercambio se realiza en colaboraci\u00f3n con el Centro de las Artes de San Agust\u00edn y la Fundaci\u00f3n Alfredo Harp Hel\u00fa Oaxaca a trav\u00e9s del Museo Textil de Oaxaca.<\/span><\/p>\n<h3><span style=\"color: #ffffff;\">&#8211;<\/span><\/h3>\n<h3>PATROCINADORES DEL PROYECTO<\/h3>\n<p>La Fundaci\u00f3n Christoph Merian lidera el proyecto Atelier Mondial. Esta fundaci\u00f3n se encarga de coordinar actividades tanto a nivel nacional como internacional. Tambi\u00e9n gestiona y administra los programas de intercambio y act\u00faa como representante de los dem\u00e1s patrocinadores del proyecto.<\/p>\n<h3><span style=\"color: #ffffff;\">&#8211;<\/span><\/h3>\n<h3>DIRECCI\u00d3N DEL PROYECTO<\/h3>\n<p><span style=\"font-weight: 400;\">Podr\u00e1n participar personas mexicanas, por nacimiento o naturalizaci\u00f3n, mayores de edad, con residencia en el pa\u00eds durante los \u00faltimos doce meses (deber\u00e1n comprobar residencia de noviembre de 2024 a noviembre de 2025). Est\u00e1 dirigida a artistas, radi\u00f3logos, <\/span><span style=\"font-weight: 400;\">m\u00e9dicos<\/span><span style=\"font-weight: 400;\">, veterinarios, conservadores, restauradores, investigadores y p\u00fablico en general interesado en explorar esta t\u00e9cnica con fines <\/span><span style=\"font-weight: 400;\">expresivos<\/span><span style=\"font-weight: 400;\">.<\/span><\/p>\n<h3><span style=\"color: #ffffff;\">&#8211;<\/span><\/h3>\n<h3>OBJETIVO DE LA SUBVENCI\u00d3N Y CONDICIONES<\/h3>\n<p class=\"zfr3Q CDt4Ke \" dir=\"ltr\"><span class=\"C9DxTc \">Esta convocatoria busca artistas o dise\u00f1adores textiles de Oaxaca especializados en arte contempor\u00e1neo. Los candidatos deben estar interesados en mejorar su trabajo a trav\u00e9s de un intercambio cultural con asociados en Francia y Suiza. Se valora especialmente la apertura para recibir retroalimentaci\u00f3n del equipo de La Kunsthalle, nuestro Centro de Arte Contempor\u00e1neo en Mulhouse.<\/span><\/p>\n<p class=\"zfr3Q CDt4Ke \" dir=\"ltr\"><span class=\"C9DxTc \">\u00a0<\/span><\/p>\n<p class=\"zfr3Q CDt4Ke \" dir=\"ltr\"><span class=\"C9DxTc \">Enfoque de la Convocatoria<\/span><\/p>\n<p class=\"zfr3Q CDt4Ke \" dir=\"ltr\"><span class=\"C9DxTc \">La beca se centrar\u00e1 en proyectos que no podr\u00edan llevarse a cabo sin este apoyo financiero.<\/span><\/p>\n<h3><span style=\"color: #ffffff;\">&#8211;<\/span><\/h3>\n<h3><span class=\"C9DxTc \">OBJETIVO<\/span><span class=\"C9DxTc \">S DE LA RESIDENCIA<\/span><\/h3>\n<ul class=\"n8H08c UVNKR \">\n<li class=\"zfr3Q TYR86d eD0Rn \" dir=\"ltr\">\n<p class=\"zfr3Q CDt4Ke \" dir=\"ltr\" role=\"presentation\"><span class=\"C9DxTc \">Realizar investigaciones en su campo.<\/span><\/p>\n<\/li>\n<li class=\"zfr3Q TYR86d eD0Rn \" dir=\"ltr\">\n<p class=\"zfr3Q CDt4Ke \" dir=\"ltr\" role=\"presentation\"><span class=\"C9DxTc \">Obtener retroalimentaci\u00f3n y est\u00edmulos para sus proyectos actuales.<\/span><\/p>\n<\/li>\n<li class=\"zfr3Q TYR86d eD0Rn \" dir=\"ltr\">\n<p class=\"zfr3Q CDt4Ke \" dir=\"ltr\" role=\"presentation\"><span class=\"C9DxTc \">Expandir su red profesional en el mundo del arte y dise\u00f1o textil.<\/span><\/p>\n<\/li>\n<li class=\"zfr3Q TYR86d eD0Rn \" dir=\"ltr\">\n<p class=\"zfr3Q CDt4Ke \" dir=\"ltr\" role=\"presentation\"><span class=\"C9DxTc \">Mejorar o adquirir nuevas habilidades t\u00e9cnicas en la elaboraci\u00f3n de textiles.<\/span><\/p>\n<\/li>\n<li class=\"zfr3Q TYR86d eD0Rn \" dir=\"ltr\">\n<p class=\"zfr3Q CDt4Ke \" dir=\"ltr\" role=\"presentation\"><span class=\"C9DxTc \">Sumergirse en la cultura franco-suiza y establecer contactos importantes.<\/span><\/p>\n<\/li>\n<\/ul>\n<h3><span style=\"color: #ffffff;\">&#8211;<\/span><\/h3>\n<h3>ASPECTO FINANCIERO<\/h3>\n<p>Atelier Mondial ofrece una beca de residencia en Mulhouse, Francia, con un apoyo financiero de $10,000 d\u00f3lares. Este monto cubre gastos de viaje, visa, alimentaci\u00f3n, transporte y producci\u00f3n durante seis meses. Tambi\u00e9n se proporcionar\u00e1 un seguro de gastos m\u00e9dicos. Cualquier gasto adicional en el extranjero ser\u00e1 responsabilidad del becario. En caso de interrupci\u00f3n de la residencia, el becario tiene 30 d\u00edas para devolver la parte proporcional de la beca.<\/p>\n<h3><span style=\"color: #ffffff;\">&#8211;<\/span><\/h3>\n<h3>OBLIGACI\u00d3N DEL BECARIO<\/h3>\n<p>Al concluir la residencia, el becario debe entregar un informe de actividades de hasta cuatro p\u00e1ginas para evaluar su experiencia.<\/p>\n<h3><span style=\"color: #ffffff;\">&#8211;<\/span><\/h3>\n<h3>RESPONSABILIDAD DEL BECARIO<\/h3>\n<p>La participaci\u00f3n en el programa es responsabilidad completa del becario. Ni Atelier Mondial, ni sus asociados en el Centro de las Artes de San Agust\u00edn, el Museo Textil de Oaxaca, y la Fundaci\u00f3n Alfredo Harp Hel\u00fa Oaxaca, son responsables de problemas o decisiones que puedan afectar negativamente al becario durante su estancia en Europa.<\/p>\n<h3><span style=\"color: #ffffff;\">&#8211;<\/span><span style=\"color: #ffffff;\">&#8211;<\/span><\/h3>\n<h3>ASOCIADOS DEL PROYECTO<\/h3>\n<p class=\"zfr3Q CDt4Ke \" dir=\"ltr\"><span class=\"C9DxTc \">Centro de las Artes de San Agust\u00edn<\/span><\/p>\n<p class=\"zfr3Q CDt4Ke \" dir=\"ltr\"><a class=\"XqQF9c\" href=\"http:\/\/casa.oaxaca.gob.mx\/\" target=\"_blank\" rel=\"noopener\"><span class=\"C9DxTc aw5Odc \">casa.oaxaca.gob.mx<\/span><\/a><\/p>\n<p class=\"zfr3Q CDt4Ke \" dir=\"ltr\"><span class=\"C9DxTc \">\u00a0<\/span><span class=\"C9DxTc \">Fundaci\u00f3n Alfredo Harp Hel\u00fa Oaxaca<\/span><\/p>\n<p class=\"zfr3Q CDt4Ke \" dir=\"ltr\"><a class=\"XqQF9c\" href=\"http:\/\/www.fahho.mx\/\" target=\"_blank\" rel=\"noopener\"><span class=\"C9DxTc aw5Odc \">www.fahho.mx<\/span><\/a><\/p>\n<p class=\"zfr3Q CDt4Ke \" dir=\"ltr\"><span class=\"C9DxTc \">Museo Textil de Oaxaca<\/span><\/p>\n<p class=\"zfr3Q CDt4Ke \" dir=\"ltr\"><a class=\"XqQF9c\" href=\"https:\/\/drive.google.com\/a\/museotextil.org\/open?id=0B1lg6XhWE93tbXAta1JzVDFjTHZEenZkT3JfZjdlY2NCQ3pr\" target=\"_blank\" rel=\"noopener\"><span class=\"C9DxTc aw5Odc \">www.museotextildeoaxaca.org<\/span><\/a><\/p>\n<p class=\"zfr3Q CDt4Ke \" dir=\"ltr\"><span class=\"C9DxTc \">Stiftungf\u00fcrKunst&amp;Handwerk, Basel<\/span><\/p>\n<p class=\"zfr3Q CDt4Ke \" dir=\"ltr\"><span class=\"C9DxTc \">La Kunsthalle Mulhouse<\/span><\/p>\n<p class=\"zfr3Q CDt4Ke \" dir=\"ltr\"><a class=\"XqQF9c\" href=\"http:\/\/kunsthallemulhouse.com\/\" target=\"_blank\" rel=\"noopener\"><span class=\"C9DxTc aw5Odc \">http:\/\/kunsthallemulhouse.com<\/span><\/a><\/p>\n<p class=\"zfr3Q CDt4Ke \" dir=\"ltr\"><span class=\"C9DxTc \">HEAR (Haute \u00c9cole des Arts du Rhin), Mulhouse<\/span><\/p>\n<p class=\"zfr3Q CDt4Ke \" dir=\"ltr\"><a class=\"XqQF9c\" href=\"http:\/\/www.hear.fr\/\" target=\"_blank\" rel=\"noopener\"><span class=\"C9DxTc aw5Odc \">www.hear.fr<\/span><\/a><\/p>\n<h3><span style=\"color: #ffffff;\">&#8211;<\/span><span style=\"color: #ffffff;\">&#8211;<\/span><\/h3>\n<h2 class=\"CjVfdc\"><span class=\"C9DxTc \" style=\"color: #800000;\">CONDICIONES DE PARTICIPACI\u00d3N<\/span><\/h2>\n<h3 class=\"zfr3Q CDt4Ke \" dir=\"ltr\"><span class=\"C9DxTc \">\u00a0<\/span><span class=\"C9DxTc \">BECA DE RESIDENCIA PARA CREADORES TEXTILES<\/span><\/h3>\n<p class=\"zfr3Q CDt4Ke \" dir=\"ltr\"><span class=\"C9DxTc \">La beca de residencia se ofrece para:<\/span><\/p>\n<p class=\"zfr3Q CDt4Ke \" dir=\"ltr\"><span class=\"C9DxTc \">Una persona para residir 4 meses (abril-julio) en Mulhouse, Francia, y 2 meses (agosto-septiembre) en Basilea, Suiza, durante el periodo de abril a septiembre de 2026.<\/span><\/p>\n<p class=\"zfr3Q CDt4Ke \" dir=\"ltr\"><span class=\"C9DxTc \">El becario estar\u00e1 asesorado por el equipo de La Kunsthalle (Centro de Arte Contempor\u00e1neo Mulhouse). El taller en Mulhouse, Francia, se ubica en Motoco, una antigua f\u00e1brica textil de la compa\u00f1\u00eda de hilos DMC que ha sido redise\u00f1ada y transformada en estudios de trabajo. El hospedaje ser\u00e1 en un departamento amplio, compartido, ubicado en Motoco.<\/span><\/p>\n<p class=\"zfr3Q CDt4Ke \" dir=\"ltr\"><a class=\"XqQF9c\" href=\"http:\/\/motoco.me\/motocodmc\/\" target=\"_blank\" rel=\"noopener\"><span class=\"C9DxTc aw5Odc \">http:\/\/motoco.me\/motocodmc\/<\/span><\/a><\/p>\n<p class=\"zfr3Q CDt4Ke \" dir=\"ltr\"><a class=\"XqQF9c\" href=\"http:\/\/kunsthallemulhouse.com\/%0D%0D\" target=\"_blank\" rel=\"noopener\"><span class=\"C9DxTc aw5Odc \">http:\/\/kunsthallemulhouse.com\/<\/span><\/a><\/p>\n<p class=\"zfr3Q CDt4Ke \" dir=\"ltr\"><span class=\"C9DxTc \">El taller y la residencia en Basilea, Suiza, se encuentran dentro de las instalaciones de Atelier Mondial. El espacio incluye una peque\u00f1a habitaci\u00f3n, as\u00ed como cocina y ba\u00f1o.<\/span><\/p>\n<p class=\"zfr3Q CDt4Ke \" dir=\"ltr\"><a class=\"XqQF9c\" href=\"http:\/\/www.ateliermondial.com\/en\/ateliers\/incoming\/basel.html\" target=\"_blank\" rel=\"noopener\"><span class=\"C9DxTc aw5Odc \">http:\/\/www.ateliermondial.com\/en\/ateliers\/incoming\/basel.html<\/span><\/a><\/p>\n<p class=\"zfr3Q CDt4Ke \" dir=\"ltr\"><a class=\"XqQF9c\" href=\"http:\/\/www.ateliermondial.com\/en\/home.html\" target=\"_blank\" rel=\"noopener\"><span class=\"C9DxTc aw5Odc \">http:\/\/www.ateliermondial.com\/en\/home.html<\/span><\/a><\/p>\n<h3><span style=\"color: #ffffff;\">&#8211;<\/span><span style=\"color: #ffffff;\">&#8211;<\/span><\/h3>\n<h3>PROCESO DE SELECCI\u00d3N<\/h3>\n<p class=\"zfr3Q CDt4Ke \" dir=\"ltr\"><span class=\"C9DxTc \">El jurado examinar\u00e1 todas las solicitudes que cumplan con los requisitos previamente establecidos. Su objetivo es identificar a los candidatos m\u00e1s aptos para recibir la beca. Pueden convocar a los candidatos a entrevistas personales para ayudar en la decisi\u00f3n final. Los factores de evaluaci\u00f3n son los siguientes:<\/span><\/p>\n<p class=\"zfr3Q CDt4Ke \" dir=\"ltr\"><span class=\"C9DxTc \">1. Experiencia o formaci\u00f3n en arte textil contempor\u00e1neo o dise\u00f1o textil.<\/span><\/p>\n<p class=\"zfr3Q CDt4Ke \" dir=\"ltr\"><span class=\"C9DxTc \">2. Calidad de los trabajos en el portafolio, enfoc\u00e1ndose en habilidades relevantes.<\/span><\/p>\n<p class=\"zfr3Q CDt4Ke \" dir=\"ltr\"><span class=\"C9DxTc \">3. Claridad, calidad y viabilidad del plan presentado en la Carta de Exposici\u00f3n de Motivos.<\/span><\/p>\n<p class=\"zfr3Q CDt4Ke \" dir=\"ltr\"><span class=\"C9DxTc \">El proceso de recepci\u00f3n de solicitudes cerrar\u00e1 el domingo 07 de diciembre de 2025. Atelier Mondial, a trav\u00e9s del Centro de las Artes de San Agust\u00edn y el Museo Textil de Oaxaca, informar\u00e1 por escrito a todos los candidatos para notificarles la decisi\u00f3n definitiva e inapelable, el <\/span><span class=\"C9DxTc \">lunes 22 de diciembre de 2025.<\/span><\/p>\n<ul class=\"n8H08c UVNKR \">\n<li class=\"zfr3Q TYR86d eD0Rn \" dir=\"ltr\">\n<p class=\"zfr3Q CDt4Ke \" dir=\"ltr\" role=\"presentation\"><span class=\"C9DxTc \">Cierre de convocatoria: domingo 07 de diciembre de 2025.<\/span><\/p>\n<\/li>\n<\/ul>\n<h3><span style=\"color: #ffffff;\">&#8211;<\/span><span style=\"color: #ffffff;\">&#8211;<\/span><\/h3>\n<h3>REQUISITOS PARA PARTICIPAR<\/h3>\n<p class=\"zfr3Q CDt4Ke \" dir=\"ltr\"><span class=\"C9DxTc \">1. Procedencia. Podr\u00e1n participar todos lo artistas o dise\u00f1adores textiles de Oaxaca que trabajan en el \u00e1mbito contempor\u00e1neo:<\/span><\/p>\n<ul class=\"n8H08c UVNKR \">\n<li class=\"zfr3Q TYR86d eD0Rn \" dir=\"ltr\">\n<p class=\"zfr3Q CDt4Ke \" dir=\"ltr\" role=\"presentation\"><span class=\"C9DxTc \">Personas de nacionalidad mexicana que vivan y trabajen en el estado de Oaxaca desde el a\u00f1o 2022, como m\u00ednimo.<\/span><\/p>\n<\/li>\n<li class=\"zfr3Q TYR86d eD0Rn \" dir=\"ltr\">\n<p class=\"zfr3Q CDt4Ke \" dir=\"ltr\" role=\"presentation\"><span class=\"C9DxTc \">Personas nacidas en Oaxaca, aunque vivan en alg\u00fan otro estado de la Rep\u00fablica Mexicana, o bien, fuera del pa\u00eds.<\/span><\/p>\n<\/li>\n<\/ul>\n<p class=\"zfr3Q CDt4Ke \" dir=\"ltr\"><span class=\"C9DxTc \">2. Comprobantes de domicilio. Los candidatos que vivan actualmente en Oaxaca deben anexar un documento fechado en 2024 que compruebe su domicilio actual, as\u00ed como un comprobante de domicilio fechado en 2023 y otro, fechado en 2022. Se aceptar\u00e1n comprobantes de luz o de tel\u00e9fono; o bien, alguna carta escrita por las autoridades municipales que certifiquen el lugar de residencia del candidato.<\/span><\/p>\n<p class=\"zfr3Q CDt4Ke \" dir=\"ltr\"><span class=\"C9DxTc \">3. Comprobante de nacionalidad mexicana. Los candidatos que vivan y trabajen actualmente en el estado de Oaxaca, deber\u00e1n enviar una copia de su acta de nacimiento o de su pasaporte vigente para comprobar su nacionalidad mexicana. Los candidatos que vivan fuera del estado de Oaxaca o bien, fuera de M\u00e9xico, deber\u00e1n enviar su acta de nacimiento donde se especifique que son originarios del estado de Oaxaca.<\/span><\/p>\n<p class=\"zfr3Q CDt4Ke \" dir=\"ltr\"><span class=\"C9DxTc \">4. Los candidatos solamente podr\u00e1n registrarse para la convocatoria de residencia para creaci\u00f3n textil.<\/span><\/p>\n<p class=\"zfr3Q CDt4Ke \" dir=\"ltr\"><span class=\"C9DxTc \">5. Los candidatos deber\u00e1n tener suficiente conocimiento del idioma ingl\u00e9s y\/o franc\u00e9s. Este punto se podr\u00e1 verificar mediante una entrevista personal durante el proceso de selecci\u00f3n.<\/span><\/p>\n<p class=\"zfr3Q CDt4Ke \" dir=\"ltr\"><span class=\"C9DxTc \">6. Los candidatos deber\u00e1n mencionar todos los programas de intercambio y\/o de residencia en los que hayan participado.<\/span><\/p>\n<p class=\"zfr3Q CDt4Ke \" dir=\"ltr\"><span class=\"C9DxTc \">7. En caso de ser seleccionado, el becario se compromete a entregar tres fotograf\u00edas de su obra; las im\u00e1genes deber\u00e1n estar en alta definici\u00f3n y deber\u00e1n incluirse los pies de foto correspondientes para fines de promoci\u00f3n. Asimismo, deber\u00e1 incluirse una leyenda donde se otorga el derecho de uso de imagen a Atelier Mondial, sin costo alguno, para fines de difusi\u00f3n.<\/span><\/p>\n<h3><span style=\"color: #ffffff;\">&#8211;<\/span><span style=\"color: #ffffff;\">&#8211;<\/span><\/h3>\n<h3>PROTOCOLO DE CANDIDATURA<\/h3>\n<p class=\"zfr3Q CDt4Ke \" dir=\"ltr\"><span class=\"C9DxTc \">La candidatura se completar\u00e1 mediante el env\u00edo de tres documentos complementarios, en formato PDF. Ning\u00fan documento ser\u00e1 aceptado de manera extempor\u00e1nea. Los expedientes con informaci\u00f3n equivocada o que no respondan a los puntos expuestos a continuaci\u00f3n no podr\u00e1n someterse a evaluaci\u00f3n del jurado.<\/span><\/p>\n<p class=\"zfr3Q CDt4Ke \" dir=\"ltr\"><span class=\"C9DxTc \">1. Archivo PDF \u2013 Carta de exposici\u00f3n de motivos:<\/span><\/p>\n<ul class=\"n8H08c UVNKR \">\n<li class=\"zfr3Q TYR86d eD0Rn \" dir=\"ltr\">\n<p class=\"zfr3Q CDt4Ke \" dir=\"ltr\" role=\"presentation\"><span class=\"C9DxTc \">Carta de exposici\u00f3n de motivos para participar por la beca de residencia en Francia-Suiza con una descripci\u00f3n de actividades previstas (esbozo de proyecto) escrita en espa\u00f1ol. La carta deber\u00e1 contener la informaci\u00f3n del postulante: nombre completo, direcci\u00f3n (calle, n\u00famero, colonia, municipio, estado, pa\u00eds), tel\u00e9fono de contacto, correo electr\u00f3nico y fecha de nacimiento.<\/span><\/p>\n<\/li>\n<li class=\"zfr3Q TYR86d eD0Rn \" dir=\"ltr\">\n<p class=\"zfr3Q CDt4Ke \" dir=\"ltr\" role=\"presentation\"><span class=\"C9DxTc \">\u00a0<\/span><span class=\"C9DxTc \">M\u00e1ximo 5 MB.<\/span><\/p>\n<\/li>\n<\/ul>\n<p class=\"zfr3Q CDt4Ke \" dir=\"ltr\"><span class=\"C9DxTc \">2. Archivo PDF \u2013 Comprobante de domicilio:<\/span><\/p>\n<ul class=\"n8H08c UVNKR \">\n<li class=\"zfr3Q TYR86d eD0Rn \" dir=\"ltr\">\n<p class=\"zfr3Q CDt4Ke \" dir=\"ltr\" role=\"presentation\"><span class=\"C9DxTc \">Comprobante de domicilio.<\/span><\/p>\n<\/li>\n<li class=\"zfr3Q TYR86d eD0Rn \" dir=\"ltr\">\n<p class=\"zfr3Q CDt4Ke \" dir=\"ltr\" role=\"presentation\"><span class=\"C9DxTc \">M\u00e1ximo 5 MB.<\/span><\/p>\n<\/li>\n<\/ul>\n<p class=\"zfr3Q CDt4Ke \" dir=\"ltr\"><span class=\"C9DxTc \">3. Archivo PDF \u2013 Curr\u00edculum\/Portafolio, documentaci\u00f3n sobre el trabajo art\u00edstico con referencias:<\/span><\/p>\n<ul class=\"n8H08c UVNKR \">\n<li class=\"zfr3Q TYR86d eD0Rn \" dir=\"ltr\">\n<p class=\"zfr3Q CDt4Ke \" dir=\"ltr\" role=\"presentation\"><span class=\"C9DxTc \">Biograf\u00eda (deber\u00e1 describir su actividad, as\u00ed como la participaci\u00f3n previa en programas de intercambio y\/o residencias).<\/span><\/p>\n<\/li>\n<li class=\"zfr3Q TYR86d eD0Rn \" dir=\"ltr\">\n<p class=\"zfr3Q CDt4Ke \" dir=\"ltr\" role=\"presentation\"><span class=\"C9DxTc \">Documentaci\u00f3n sobre su trabajo art\u00edstico en el campo textil con proyectos y referencias (m\u00e1ximo 20 cuartillas).<\/span><\/p>\n<\/li>\n<li class=\"zfr3Q TYR86d eD0Rn \" dir=\"ltr\">\n<p class=\"zfr3Q CDt4Ke \" dir=\"ltr\" role=\"presentation\"><span class=\"C9DxTc \">M\u00e1ximo 15 MB.<\/span><\/p>\n<\/li>\n<\/ul>\n<p class=\"zfr3Q CDt4Ke \" dir=\"ltr\"><span class=\"C9DxTc \">Los documentos deber\u00e1n enviarse a la cuenta de: <\/span><span class=\"C9DxTc \">residenciamondial@gmail.com<\/span><\/p>\n<p class=\"zfr3Q CDt4Ke \" dir=\"ltr\"><span class=\"C9DxTc \">Favor de considerar que \u00fanicamente se tomar\u00e1n en cuenta a los candidatos que env\u00eden la documentaci\u00f3n se\u00f1alada por medio de correo electr\u00f3nico. \u00danicamente se podr\u00e1n recibir expedientes en el Centro de las Artes de San Agust\u00edn o en el Museo Textil de Oaxaca de forma excepcional y tras un acuerdo previamente establecido.<\/span><\/p>\n<h3><span style=\"color: #ffffff;\">&#8211;<\/span><span style=\"color: #ffffff;\">&#8211;<\/span><\/h3>\n<p><span style=\"font-weight: 400;\">***<\/span><\/p>\n<p><br style=\"font-weight: 400;\" \/><br style=\"font-weight: 400;\" \/><\/p>\n<\/div>\n<\/div><\/section><br \/>\n<div class='av-social-sharing-box '><div class='av-share-box'><h5 class='av-share-link-description'>Compartir esta actividad<\/h5><ul class='av-share-box-list noLightbox'><li class='av-share-link av-social-link-facebook' ><a target='_blank' href='http:\/\/www.facebook.com\/sharer.php?u=https:\/\/casa.oaxaca.gob.mx\/?p=18042&amp;t=ATELIER%20MONDIAL.%20Beca%20de%20residencia%20en%20creaci%C3%B3n%20de%20textiles.' aria-hidden='true' data-av_icon='\ue8f3' data-av_iconfont='entypo-fontello' title='' data-avia-related-tooltip='Share on Facebook'><span class='avia_hidden_link_text'>Share on Facebook<\/span><\/a><\/li><li class='av-share-link av-social-link-twitter' ><a target='_blank' href='https:\/\/twitter.com\/share?text=ATELIER%20MONDIAL.%20Beca%20de%20residencia%20en%20creaci%C3%B3n%20de%20textiles.&url=https:\/\/casa.oaxaca.gob.mx\/?p=18042' aria-hidden='true' data-av_icon='\ue8f1' data-av_iconfont='entypo-fontello' title='' data-avia-related-tooltip='Share on Twitter'><span class='avia_hidden_link_text'>Share on Twitter<\/span><\/a><\/li><li class='av-share-link av-social-link-gplus' ><a target='_blank' href='https:\/\/plus.google.com\/share?url=https:\/\/casa.oaxaca.gob.mx\/?p=18042' aria-hidden='true' data-av_icon='\ue8f6' data-av_iconfont='entypo-fontello' title='' data-avia-related-tooltip='Share on Google+'><span class='avia_hidden_link_text'>Share on Google+<\/span><\/a><\/li><li class='av-share-link av-social-link-pinterest' ><a target='_blank' href='http:\/\/pinterest.com\/pin\/create\/button\/?url=https%3A%2F%2Fcasa.oaxaca.gob.mx%2F%3Fp%3D18042&amp;description=ATELIER%20MONDIAL.%20Beca%20de%20residencia%20en%20creaci%C3%B3n%20de%20textiles.&amp;media=https%3A%2F%2Fcasa.oaxaca.gob.mx%2Fwp-content%2Fuploads%2F2025%2F11%2FAtelier_cerrada-705x484.jpg' aria-hidden='true' data-av_icon='\ue8f8' data-av_iconfont='entypo-fontello' title='' data-avia-related-tooltip='Share on Pinterest'><span class='avia_hidden_link_text'>Share on Pinterest<\/span><\/a><\/li><li class='av-share-link av-social-link-mail' ><a  href='mailto:?subject=ATELIER%20MONDIAL.%20Beca%20de%20residencia%20en%20creaci%C3%B3n%20de%20textiles.&amp;body=https:\/\/casa.oaxaca.gob.mx\/?p=18042' aria-hidden='true' data-av_icon='\ue805' data-av_iconfont='entypo-fontello' title='' data-avia-related-tooltip='Share by Mail'><span class='avia_hidden_link_text'>Share by Mail<\/span><\/a><\/li><\/ul><\/div><\/div><\/p><\/div>\n<div class=\"flex_column av_two_fifth  flex_column_div av-zero-column-padding   \" style='border-radius:0px; '><p><section class=\"av_textblock_section\"  itemscope=\"itemscope\" itemtype=\"https:\/\/schema.org\/BlogPosting\" itemprop=\"blogPost\" ><div class='avia_textblock '   itemprop=\"text\" ><p><strong>Descargables<\/strong><\/p>\n<\/div><\/section><br \/>\n<div class='avia-table main_color avia-pricing-table-container  avia_pricing_default avia-table-1 '  itemscope=\"itemscope\" itemtype=\"https:\/\/schema.org\/Table\" ><div class='pricing-table-wrap'><ul class='pricing-table '><li class=''><div class='first-table-item'>PDF<\/div><span class='pricing-extra'><\/span><\/li><li class=''><a href=\"https:\/\/casa.oaxaca.gob.mx\/wp-content\/uploads\/2025\/11\/Atelier-.pdf\"><img loading=\"lazy\" decoding=\"async\" src=\"https:\/\/casa.oaxaca.gob.mx\/wp-content\/uploads\/2018\/08\/001-pdf.jpg\" alt=\"\" width=\"40\" height=\"46\" \/><\/a><\/li><\/ul><\/div><\/div><br \/>\n<div id='av-masonry-1' class='av-masonry noHover av-flex-size av-large-gap av-hover-overlay- av-masonry-col-flexible av-caption-always av-caption-style- av-masonry-gallery  '  ><div class='av-masonry-container isotope av-js-disabled ' ><div class='av-masonry-entry isotope-item av-masonry-item-no-image '><\/div><a href=\"https:\/\/casa.oaxaca.gob.mx\/wp-content\/uploads\/2025\/11\/Atelier-post11-1030x1030.jpg\" id='av-masonry-1-item-18045' data-av-masonry-item='18045' class='av-masonry-entry isotope-item post-18045 attachment type-attachment status-inherit hentry  av-masonry-item-with-image' title=\"\"  itemprop=\"thumbnailUrl\" ><div class='av-inner-masonry-sizer'><\/div><figure class='av-inner-masonry main_color'><div class=\"av-masonry-outerimage-container\"><div class=\"av-masonry-image-container\" style=\"background-image: url(https:\/\/casa.oaxaca.gob.mx\/wp-content\/uploads\/2025\/11\/Atelier-post11-705x705.jpg);\"><img decoding=\"async\" src=\"https:\/\/casa.oaxaca.gob.mx\/wp-content\/uploads\/2025\/11\/Atelier-post11-705x705.jpg\" title=\"Atelier-post11\" alt=\"\" \/><\/div><\/div><figcaption class='av-inner-masonry-content site-background'><div class='av-inner-masonry-content-pos'><div class='av-inner-masonry-content-pos-content'><div class='avia-arrow'><\/div><h3 class='av-masonry-entry-title entry-title'  itemprop=\"headline\" >Atelier-post11<\/h3><\/div><\/div><\/figcaption><\/figure><\/a><!--end av-masonry entry--><a href=\"https:\/\/casa.oaxaca.gob.mx\/wp-content\/uploads\/2025\/11\/Atelier-post2-1030x1030.jpg\" id='av-masonry-1-item-18044' data-av-masonry-item='18044' class='av-masonry-entry isotope-item post-18044 attachment type-attachment status-inherit hentry  av-masonry-item-with-image' title=\"\"  itemprop=\"thumbnailUrl\" ><div class='av-inner-masonry-sizer'><\/div><figure class='av-inner-masonry main_color'><div class=\"av-masonry-outerimage-container\"><div class=\"av-masonry-image-container\" style=\"background-image: url(https:\/\/casa.oaxaca.gob.mx\/wp-content\/uploads\/2025\/11\/Atelier-post2-705x705.jpg);\"><img decoding=\"async\" src=\"https:\/\/casa.oaxaca.gob.mx\/wp-content\/uploads\/2025\/11\/Atelier-post2-705x705.jpg\" title=\"Atelier-post2\" alt=\"\" \/><\/div><\/div><figcaption class='av-inner-masonry-content site-background'><div class='av-inner-masonry-content-pos'><div class='av-inner-masonry-content-pos-content'><div class='avia-arrow'><\/div><h3 class='av-masonry-entry-title entry-title'  itemprop=\"headline\" >Atelier-post2<\/h3><\/div><\/div><\/figcaption><\/figure><\/a><!--end av-masonry entry--><a href=\"https:\/\/casa.oaxaca.gob.mx\/wp-content\/uploads\/2025\/11\/Atelier-664x1030.jpg\" id='av-masonry-1-item-18043' data-av-masonry-item='18043' class='av-masonry-entry isotope-item post-18043 attachment type-attachment status-inherit hentry  av-masonry-item-with-image' title=\"\"  itemprop=\"thumbnailUrl\" ><div class='av-inner-masonry-sizer'><\/div><figure class='av-inner-masonry main_color'><div class=\"av-masonry-outerimage-container\"><div class=\"av-masonry-image-container\" style=\"background-image: url(https:\/\/casa.oaxaca.gob.mx\/wp-content\/uploads\/2025\/11\/Atelier-455x705.jpg);\"><img decoding=\"async\" src=\"https:\/\/casa.oaxaca.gob.mx\/wp-content\/uploads\/2025\/11\/Atelier-455x705.jpg\" title=\"Atelier\" alt=\"\" \/><\/div><\/div><figcaption class='av-inner-masonry-content site-background'><div class='av-inner-masonry-content-pos'><div class='av-inner-masonry-content-pos-content'><div class='avia-arrow'><\/div><h3 class='av-masonry-entry-title entry-title'  itemprop=\"headline\" >Atelier<\/h3><\/div><\/div><\/figcaption><\/figure><\/a><!--end av-masonry entry--><\/div><div class='av-masonry-pagination av-masonry-pagination-pagination'><nav class='pagination'><span class='pagination-meta'>Page 1 of 0<\/span><\/nav>\n<\/div><\/div><\/p><\/div><div class=\"flex_column av_one_third  flex_column_div av-zero-column-padding first  \" style='border-radius:0px; '><\/div><\/p>\n<div class=\"flex_column av_one_third  flex_column_div av-zero-column-padding   \" style='border-radius:0px; '><\/div>\n<div class=\"flex_column av_one_third  flex_column_div av-zero-column-padding   \" style='border-radius:0px; '><\/div>\n<div class=\"flex_column av_two_fifth  flex_column_div av-zero-column-padding first  \" style='border-radius:0px; '><\/div>\n<div class=\"flex_column av_two_fifth  flex_column_div av-zero-column-padding   \" style='border-radius:0px; '><\/div>\n","protected":false},"excerpt":{"rendered":"","protected":false},"author":1,"featured_media":18058,"comment_status":"open","ping_status":"open","sticky":false,"template":"","format":"standard","meta":{"_exactmetrics_skip_tracking":false,"_exactmetrics_sitenote_active":false,"_exactmetrics_sitenote_note":"","_exactmetrics_sitenote_category":0,"footnotes":""},"categories":[204,194],"tags":[],"class_list":["post-18042","post","type-post","status-publish","format-standard","has-post-thumbnail","hentry","category-204","category-convocatorias-pasadas"],"_links":{"self":[{"href":"https:\/\/casa.oaxaca.gob.mx\/index.php?rest_route=\/wp\/v2\/posts\/18042","targetHints":{"allow":["GET"]}}],"collection":[{"href":"https:\/\/casa.oaxaca.gob.mx\/index.php?rest_route=\/wp\/v2\/posts"}],"about":[{"href":"https:\/\/casa.oaxaca.gob.mx\/index.php?rest_route=\/wp\/v2\/types\/post"}],"author":[{"embeddable":true,"href":"https:\/\/casa.oaxaca.gob.mx\/index.php?rest_route=\/wp\/v2\/users\/1"}],"replies":[{"embeddable":true,"href":"https:\/\/casa.oaxaca.gob.mx\/index.php?rest_route=%2Fwp%2Fv2%2Fcomments&post=18042"}],"version-history":[{"count":5,"href":"https:\/\/casa.oaxaca.gob.mx\/index.php?rest_route=\/wp\/v2\/posts\/18042\/revisions"}],"predecessor-version":[{"id":18136,"href":"https:\/\/casa.oaxaca.gob.mx\/index.php?rest_route=\/wp\/v2\/posts\/18042\/revisions\/18136"}],"wp:featuredmedia":[{"embeddable":true,"href":"https:\/\/casa.oaxaca.gob.mx\/index.php?rest_route=\/wp\/v2\/media\/18058"}],"wp:attachment":[{"href":"https:\/\/casa.oaxaca.gob.mx\/index.php?rest_route=%2Fwp%2Fv2%2Fmedia&parent=18042"}],"wp:term":[{"taxonomy":"category","embeddable":true,"href":"https:\/\/casa.oaxaca.gob.mx\/index.php?rest_route=%2Fwp%2Fv2%2Fcategories&post=18042"},{"taxonomy":"post_tag","embeddable":true,"href":"https:\/\/casa.oaxaca.gob.mx\/index.php?rest_route=%2Fwp%2Fv2%2Ftags&post=18042"}],"curies":[{"name":"wp","href":"https:\/\/api.w.org\/{rel}","templated":true}]}}