{"id":18096,"date":"2025-12-02T12:43:04","date_gmt":"2025-12-02T18:43:04","guid":{"rendered":"https:\/\/casa.oaxaca.gob.mx\/?p=18096"},"modified":"2026-02-06T16:57:06","modified_gmt":"2026-02-06T22:57:06","slug":"taller-presencial-dibujar-para-estar-imparte-vanessa-rivero","status":"publish","type":"post","link":"https:\/\/casa.oaxaca.gob.mx\/?p=18096","title":{"rendered":"Laboratorio presencial. Laboratorio Editorial de Narrativa Gr\u00e1fica. Coordina: F\u00e9lix Ra\u00fal Serrano Villalobos."},"content":{"rendered":"<\/div><\/div><\/div><!-- close content main div --><\/div><\/div><div id='av_section_1' class='avia-section main_color avia-section-no-padding avia-no-border-styling avia-full-stretch av-parallax-section avia-bg-style-parallax  av-minimum-height av-minimum-height-75 container_wrap fullsize' style = 'background-color: #000000; ' data-section-bg-repeat='stretch' ><div class='av-parallax' data-avia-parallax-ratio='0.3' ><div class='av-parallax-inner main_color  avia-full-stretch' style = 'background-color: #000000; background-repeat: no-repeat; background-image: url(https:\/\/casa.oaxaca.gob.mx\/wp-content\/uploads\/2025\/12\/WhatsApp-Image-2025-11-28-at-4.27.00-PM-2.jpeg); background-attachment: scroll; background-position: bottom center; ' ><\/div><\/div><div class='container' ><div class='template-page content  av-content-full alpha units'><div class='post-entry post-entry-type-page post-entry-18096'><div class='entry-content-wrapper clearfix'>\n<div style='padding-bottom:10px;color:#ffffff;font-size:50px;' class='av-special-heading av-special-heading-h3 custom-color-heading blockquote modern-quote  av-inherit-size'><h3 class='av-special-heading-tag'  itemprop=\"headline\"  >Laboratorio presencial. Laboratorio Editorial de Narrativa Gr\u00e1fica.<\/h3><div class ='av-subheading av-subheading_below av_custom_color' style='font-size:25px;'><p>Coordina: F\u00e9lix Ra\u00fal Serrano Villalobos<br \/>\nImparten: Acelo Ruiz Villanueva, Dar\u00edo Castillejos L\u00e1zcares, F\u00e9lix Ra\u00fal Serrano Villalobos, Carlos Augusto Mora Gutierrez, Gonzalo Rocha, Luis Alonso V\u00e1squez y Alfredo Ballesteros<\/p>\n<\/div><div class='special-heading-border'><div class='special-heading-inner-border' style='border-color:#ffffff'><\/div><\/div><\/div>\n\n<\/div><\/div><\/div><!-- close content main div --><\/div><\/div><div id='av-layout-grid-1' class='av-layout-grid-container entry-content-wrapper main_color av-flex-cells  container_wrap fullsize'   >\n<div class=\"flex_cell no_margin av_one_full   \" style='vertical-align:top; padding:30px; background-color:#ED9600; '><div class='flex_cell_inner' ><p><div class=\"flex_column av_one_fourth  flex_column_div av-zero-column-padding first  \" style='border-radius:0px; '><div style='padding-bottom:10px;color:#ffffff;' class='av-special-heading av-special-heading-h3 custom-color-heading blockquote modern-quote '><h3 class='av-special-heading-tag'  itemprop=\"headline\"  >Cierre de inscripciones<\/h3><div class ='av-subheading av-subheading_below av_custom_color' style='font-size:20px;'><p>Domingo 25 de enero de 2026<\/p>\n<p>Publicaci\u00f3n de resultados<br \/>\nMi\u00e9rcoles 28 de enero de 2026<\/p>\n<\/div><div class='special-heading-border'><div class='special-heading-inner-border' style='border-color:#ffffff'><\/div><\/div><\/div><\/div><div class=\"flex_column av_one_fourth  flex_column_div av-zero-column-padding   \" style='border-radius:0px; '><div style='padding-bottom:10px;color:#ffffff;' class='av-special-heading av-special-heading-h3 custom-color-heading blockquote modern-quote  '><h3 class='av-special-heading-tag'  itemprop=\"headline\"  >Fechas<\/h3><div class ='av-subheading av-subheading_below av_custom_color' style='font-size:20px;'><p>Del 9 de febrero al 14 de agosto de 2026<\/p>\n<\/div><div class='special-heading-border'><div class='special-heading-inner-border' style='border-color:#ffffff'><\/div><\/div><\/div><\/div><div class=\"flex_column av_one_fourth  flex_column_div av-zero-column-padding   \" style='border-radius:0px; '><div style='padding-bottom:10px;color:#ffffff;' class='av-special-heading av-special-heading-h3 custom-color-heading blockquote modern-quote  '><h3 class='av-special-heading-tag'  itemprop=\"headline\"  >Horario<\/h3><div class ='av-subheading av-subheading_below av_custom_color' style='font-size:20px;'><p>De 11 a 14 h<\/p>\n<\/div><div class='special-heading-border'><div class='special-heading-inner-border' style='border-color:#ffffff'><\/div><\/div><\/div><\/div><div class=\"flex_column av_one_fourth  flex_column_div av-zero-column-padding   \" style='border-radius:0px; '><section class=\"avia_codeblock_section avia_code_block_0\"  itemscope=\"itemscope\" itemtype=\"https:\/\/schema.org\/BlogPosting\" itemprop=\"blogPost\" ><div class='avia_codeblock '  itemprop=\"text\" > [avia_codeblock_placeholder uid=\"0\"] <\/div><\/section><\/div><\/p>\n<\/div><\/div>\n<\/div>\n<div class=\"flex_column av_two_fifth  flex_column_div av-zero-column-padding first  \" style='border-radius:0px; '><p><div class='av-social-sharing-box '><div class='av-share-box'><h5 class='av-share-link-description'>Compartir esta actividad<\/h5><ul class='av-share-box-list noLightbox'><li class='av-share-link av-social-link-facebook' ><a target='_blank' href='http:\/\/www.facebook.com\/sharer.php?u=https:\/\/casa.oaxaca.gob.mx\/?p=18096&amp;t=Laboratorio%20presencial.%20Laboratorio%20Editorial%20de%20Narrativa%20Gr%C3%A1fica.%20Coordina%3A%20F%C3%A9lix%20Ra%C3%BAl%20Serrano%20Villalobos.' aria-hidden='true' data-av_icon='\ue8f3' data-av_iconfont='entypo-fontello' title='' data-avia-related-tooltip='Share on Facebook'><span class='avia_hidden_link_text'>Share on Facebook<\/span><\/a><\/li><li class='av-share-link av-social-link-twitter' ><a target='_blank' href='https:\/\/twitter.com\/share?text=Laboratorio%20presencial.%20Laboratorio%20Editorial%20de%20Narrativa%20Gr%C3%A1fica.%20Coordina%3A%20F%C3%A9lix%20Ra%C3%BAl%20Serrano%20Villalobos.&url=https:\/\/casa.oaxaca.gob.mx\/?p=18096' aria-hidden='true' data-av_icon='\ue8f1' data-av_iconfont='entypo-fontello' title='' data-avia-related-tooltip='Share on Twitter'><span class='avia_hidden_link_text'>Share on Twitter<\/span><\/a><\/li><li class='av-share-link av-social-link-gplus' ><a target='_blank' href='https:\/\/plus.google.com\/share?url=https:\/\/casa.oaxaca.gob.mx\/?p=18096' aria-hidden='true' data-av_icon='\ue8f6' data-av_iconfont='entypo-fontello' title='' data-avia-related-tooltip='Share on Google+'><span class='avia_hidden_link_text'>Share on Google+<\/span><\/a><\/li><li class='av-share-link av-social-link-pinterest' ><a target='_blank' href='http:\/\/pinterest.com\/pin\/create\/button\/?url=https%3A%2F%2Fcasa.oaxaca.gob.mx%2F%3Fp%3D18096&amp;description=Laboratorio%20presencial.%20Laboratorio%20Editorial%20de%20Narrativa%20Gr%C3%A1fica.%20Coordina%3A%20F%C3%A9lix%20Ra%C3%BAl%20Serrano%20Villalobos.&amp;media=https%3A%2F%2Fcasa.oaxaca.gob.mx%2Fwp-content%2Fuploads%2F2025%2F12%2FLab-Edit-Narrativa-Grafica_cerrado-705x484.jpg' aria-hidden='true' data-av_icon='\ue8f8' data-av_iconfont='entypo-fontello' title='' data-avia-related-tooltip='Share on Pinterest'><span class='avia_hidden_link_text'>Share on Pinterest<\/span><\/a><\/li><li class='av-share-link av-social-link-mail' ><a  href='mailto:?subject=Laboratorio%20presencial.%20Laboratorio%20Editorial%20de%20Narrativa%20Gr%C3%A1fica.%20Coordina%3A%20F%C3%A9lix%20Ra%C3%BAl%20Serrano%20Villalobos.&amp;body=https:\/\/casa.oaxaca.gob.mx\/?p=18096' aria-hidden='true' data-av_icon='\ue805' data-av_iconfont='entypo-fontello' title='' data-avia-related-tooltip='Share by Mail'><span class='avia_hidden_link_text'>Share by Mail<\/span><\/a><\/li><\/ul><\/div><\/div><br \/>\n<div  class='hr hr-default '><span class='hr-inner ' ><span class='hr-inner-style'><\/span><\/span><\/div><br \/>\n<div style='padding-bottom:10px;font-size:30px;' class='av-special-heading av-special-heading-h3  blockquote modern-quote  av-inherit-size'><h3 class='av-special-heading-tag'  itemprop=\"headline\"  >Sobre los talleristas<\/h3><div class='special-heading-border'><div class='special-heading-inner-border' ><\/div><\/div><\/div><br \/>\n<div class='avia-data-table-wrap avia_responsive_table'><table class='avia-table avia-data-table avia-table-1  avia_pricing_default'  itemscope=\"itemscope\" itemtype=\"https:\/\/schema.org\/Table\" ><tbody><tr class='avia-heading-row'><th class=''>Acelo Ruiz Villanueva (Oaxaca, 1986) <\/th><\/tr><tr class=''><td class=''>\u201cChelo\u201d naci\u00f3 en Oaxaca, ciudad de la resistencia, en 1986. Desde adolescente p\u00fablica sus primeros monos en los principales diarios locales, sin lograr que le pagar\u00e1n por ello. En 2010 comienza a colaborar en la revista nacional de s\u00e1tira pol\u00edtica \u201cEl Chamuco y los hijos del averno\u201d. En 2016 gan\u00f3 el primer lugar en el Concurso Nacional de Caricatura convocado por El Universal, lo que lo lleva a publicar regularmente en el gran diario de M\u00e9xico. Es ganador del Premio Nacional de Periodismo 2017 y 2023, adem\u00e1s del Premio Alem\u00e1n de Periodismo Walter Reuter 2020. Actualmente es miembro del Sistema Nacional de Creadores de Arte. Combina sus actividades de monero con el guionismo y la direcci\u00f3n cinematogr\u00e1fica.<br \/>\n<\/td><\/tr><\/tbody><\/table><\/div><style type='text\/css'>.avia-table-1 td:nth-of-type(1):before { content: 'Acelo Ruiz Villanueva (Oaxaca, 1986) '; } <\/style><br \/>\n<div class='avia-data-table-wrap avia_responsive_table'><table class='avia-table avia-data-table avia-table-2  avia_pricing_default'  itemscope=\"itemscope\" itemtype=\"https:\/\/schema.org\/Table\" ><tbody><tr class='avia-heading-row'><th class=''>Dar\u00edo Castillejos L\u00e1zcares. (Oaxaca 1974)<\/th><\/tr><tr class=''><td class=''>Artista pl\u00e1stico y caricaturista, presidente Cartonclub S.A. de C.V. \u201cEl Club de la caricatura Latina\u201d, colaborador de la revista Foreign Affairs y las agencias www.caglecartoons.com, cartooning for Peace y www. Courrierinternational.com Su trabajo ha sido publicado en diarios como Le Monde, La Temps, The Nation y The New York Times.<\/p>\n<p>En el a\u00f1o 2012 y 2014 y 2015 y en 2018 obtiene el Premio Nacional de Periodismo otorgado por el Consejo Ciudadano en M\u00e9xico. En el a\u00f1o 2011 recibe el Grand Prix y el Primer Premio en la categor\u00eda de humor en la edici\u00f3n 38a del Sal\u00f3n Internacional del humor en Piracicaba, Brasil. En 2016 public\u00f3 &#8220;Impresiones de un mundo desdibujado&#8221; en Editorial Almad\u00eda. En 2019 recibi\u00f3 el Premio a la Excelencia en Periodismo otorgado por la Sociedad Interamericana de Prensa (SIP). En los a\u00f1os 2020 y 2021 recibe el premio World Press Cartoon en Portugal y es considerado por la revista Forbes entre los 100 mexicanos m\u00e1s creativos en el mundo. En noviembre de 2024 recibe el premio y homenaje La Catrina en la Feria Internacional del Libro de Guadalajara.<br \/>\n<\/td><\/tr><\/tbody><\/table><\/div><style type='text\/css'>.avia-table-2 td:nth-of-type(1):before { content: 'Dar\u00edo Castillejos L\u00e1zcares. (Oaxaca 1974)'; } <\/style><br \/>\n<div class='avia-data-table-wrap avia_responsive_table'><table class='avia-table avia-data-table avia-table-3  avia_pricing_default'  itemscope=\"itemscope\" itemtype=\"https:\/\/schema.org\/Table\" ><tbody><tr class='avia-heading-row'><th class=''>F\u00e9lix Ra\u00fal Serrano Villalobos (Ciudad Ixtepec, Oaxaca, 1990)<\/th><\/tr><tr class=''><td class=''>Es dibujante, historietista y editor independiente. Estudi\u00f3 historieta en la Escuela Eugenio Zoppi, en Mor\u00f3n, Argentina, y desde entonces ha desarrollado una trayectoria que combina la ilustraci\u00f3n, la narrativa gr\u00e1fica y la investigaci\u00f3n cultural con un enfoque cr\u00edtico y experimental. Ha publicado obras en medios impresos y digitales de Argentina, Ecuador, Inglaterra y M\u00e9xico, y ha sido colaborador ocasional en la revista El Chamuco.<\/p>\n<p>Desde 2014 impulsa proyectos de autopublicaci\u00f3n como La Madriguera fanzine y Volador Noct\u00e1mbulo, orientados a la experimentaci\u00f3n editorial y a la circulaci\u00f3n alternativa de la historieta. Su trabajo explora tem\u00e1ticas sociales, pol\u00edticas y existenciales, con un lenguaje visual influenciado por el grabado popular, la gr\u00e1fica mexicana y el c\u00f3mic de autor.<\/p>\n<p>Entre sus proyectos m\u00e1s recientes se encuentra la novela gr\u00e1fica San Baltazar Coralillo, una historia que cruza la fantas\u00eda y la cr\u00edtica social para abordar los efectos de la gentrificaci\u00f3n y el despojo econ\u00f3mico en comunidades del sur de M\u00e9xico.<br \/>\n<\/td><\/tr><\/tbody><\/table><\/div><style type='text\/css'>.avia-table-3 td:nth-of-type(1):before { content: 'F\u00e9lix Ra\u00fal Serrano Villalobos (Ciudad Ixtepec, Oaxaca, 1990)'; } <\/style><br \/>\n<div class='avia-data-table-wrap avia_responsive_table'><table class='avia-table avia-data-table avia-table-4  avia_pricing_default'  itemscope=\"itemscope\" itemtype=\"https:\/\/schema.org\/Table\" ><tbody><tr class='avia-heading-row'><th class=''>Carlos Augusto Mora Gutierrez ( 1984)<\/th><\/tr><tr class=''><td class=''>Es autor de c\u00f3mics. Colaborador de la revista El Chamuco y los hijos del averno. Ha colaborado en medios como Milenio, Infobae, Emeeequis y en la revista MAD M\u00e9xico.<\/p>\n<p>Su obra ha participado en exposiciones en ciudades como Ciudad de M\u00e9xico, Madrid, Chicago, Houston, Bogot\u00e1, Cali y Qu\u00e9bec. Sus libros han sido publicados en editoriales como Jus, Caligrama,<br \/>\nResistencia, La Cifra, Libros UNAM, Black Panel Press y Alta books. Ganador del primer lugar del Premio Nacional de Novela Gr\u00e1fica de Editorial JUS. De 2022 a 2024 fue parte del Sistema Nacional de Creadores de Arte. Recibi\u00f3 el Primer Premio FICOMICS BUAP 2023 por su trayectoria como autor y en 2024 recibi\u00f3 el Premio Nacional del Club de Periodistas de M\u00e9xico en la disciplina de Caricatura.<br \/>\n<\/td><\/tr><\/tbody><\/table><\/div><style type='text\/css'>.avia-table-4 td:nth-of-type(1):before { content: 'Carlos Augusto Mora Gutierrez ( 1984)'; } <\/style><br \/>\n<div class='avia-data-table-wrap avia_responsive_table'><table class='avia-table avia-data-table avia-table-5  avia_pricing_default'  itemscope=\"itemscope\" itemtype=\"https:\/\/schema.org\/Table\" ><tbody><tr class='avia-heading-row'><th class=''>Gonzalo Rocha (Ciudad de M\u00e9xico, 1964)<\/th><\/tr><tr class=''><td class=''>Es un destacado caricaturista pol\u00edtico, grabador e ilustrador mexicano, reconocido por su aguda cr\u00edtica social y su estilo gr\u00e1fico inconfundible. Autodidacta en gran medida, Rocha inici\u00f3 su carrera profesional a finales de los a\u00f1os setenta y, desde 1984, forma parte del equipo fundador del diario La Jornada, donde publica diariamente sus cartones con una mirada cr\u00edtica, humor\u00edstica y profundamente comprometida con las luchas sociales.<\/p>\n<p>Su obra combina elementos del grabado tradicional con una sensibilidad contempor\u00e1nea, influenciada por figuras como Jos\u00e9 Guadalupe Posada, los muralistas mexicanos y los movimientos sociales del siglo XX. Adem\u00e1s de La Jornada, ha colaborado en revistas como Proceso, Unom\u00e1suno, La Garrapata y medios internacionales, consolid\u00e1ndose como una voz gr\u00e1fica esencial en la cultura pol\u00edtica del pa\u00eds.<\/p>\n<p>Rocha ha expuesto su obra en diversas ciudades del pa\u00eds y del extranjero, destacando su serie \u201cLa vida no vale nada\u201d, una reflexi\u00f3n gr\u00e1fica sobre la muerte desde una perspectiva cr\u00edtica y popular, que dialoga con la tradici\u00f3n est\u00e9tica mexicana. Ha sido galardonado en Jap\u00f3n, Italia y M\u00e9xico, y en 2020 recibi\u00f3 el Premio Gabriel Vargas a la Trayectoria en Caricatura, otorgado por el Gobierno de la Ciudad de M\u00e9xico.<\/p>\n<p>A trav\u00e9s del dibujo, la litograf\u00eda y la caricatura, Gonzalo Rocha ha construido una trayectoria s\u00f3lida y coherente que lo posiciona como uno de los moneros m\u00e1s importantes de su generaci\u00f3n. Su obra encarna una conciencia pol\u00edtica constante, una preocupaci\u00f3n est\u00e9tica profunda y un firme compromiso con las causas populares.<br \/>\n<\/td><\/tr><\/tbody><\/table><\/div><style type='text\/css'>.avia-table-5 td:nth-of-type(1):before { content: 'Gonzalo Rocha (Ciudad de M\u00e9xico, 1964)'; } <\/style><br \/>\n<div class='avia-data-table-wrap avia_responsive_table'><table class='avia-table avia-data-table avia-table-6  avia_pricing_default'  itemscope=\"itemscope\" itemtype=\"https:\/\/schema.org\/Table\" ><tbody><tr class='avia-heading-row'><th class=''>Luis Alonso V\u00e1squez (Oaxaca de Ju\u00e1rez, Oaxaca, 1969)<\/th><\/tr><tr class=''><td class=''>Reside en Oaxaca de Ju\u00e1rez). Es Dise\u00f1ador de la Comunicaci\u00f3n Gr\u00e1fica y Maestro en Dise\u00f1o y Producci\u00f3n Editorial, especializado en ret\u00f3rica del libro, por la Universidad Aut\u00f3noma Metropolitana (1992 y 2013 respectivamente). Trabaja con formas tipogr\u00e1ficas representadas mediante t\u00e9cnicas anal\u00f3gicas y digitales. Realiz\u00f3 estudios sobre composici\u00f3n editorial en Centro de las Artes de San Agust\u00edn Etla (2019), construcci\u00f3n tipogr\u00e1fica en la Universidad Mesoamericana (Oaxaca, 2014) y hermen\u00e9utica de la imagen en el Taller Espacio Alternativo (2013). Present\u00f3 la exposici\u00f3n Tipo\/graf\u00edas en la Biblioteca Andr\u00e9s Henestrosa (Oaxaca, 2016). Dise\u00f1\u00f3 y coordin\u00f3 el programa de docencia, capacitaci\u00f3n y creaci\u00f3n tipogr\u00e1fica \u201cZaachila Extended\u201d (Centro de Dise\u00f1o de Oaxaca, 2015). Fue becario del Programa para Artistas y Creadores C11 (Seculta de Oaxaca, 2011). Como docente ha impartido los cursos de Tipograf\u00eda, Semi\u00f3tica y Seminario de Investigaci\u00f3n en las universidades Mesoamericana y An\u00e1huac Oaxaca, tambi\u00e9n ha asesorado tesis de licenciatura y presidido el jurado de titulaci\u00f3n durante varios periodos en la Universidad Mesoamericana. Se desempe\u00f1\u00f3 como maestro de asignatura en la Escuela de Comunicaci\u00f3n de la Universidad An\u00e1huac Oaxaca y posteriormente como maestro de tiempo completo en la Escuela de Dise\u00f1o de esta misma instituci\u00f3n. Actualmente se desempe\u00f1a como dise\u00f1ador y editor independiente.<br \/>\n<\/td><\/tr><\/tbody><\/table><\/div><style type='text\/css'>.avia-table-6 td:nth-of-type(1):before { content: 'Luis Alonso V\u00e1squez (Oaxaca de Ju\u00e1rez, Oaxaca, 1969)'; } <\/style><br \/>\n<div class='avia-data-table-wrap avia_responsive_table'><table class='avia-table avia-data-table avia-table-7  avia_pricing_default'  itemscope=\"itemscope\" itemtype=\"https:\/\/schema.org\/Table\" ><tbody><tr class='avia-heading-row'><th class=''>Alfredo Ballesteros (Ciudad de M\u00e9xico, 1991)<\/th><\/tr><tr class=''><td class=''>Artista visual, docente e investigador. Alfredo Ballesteros, tambi\u00e9n conocido como Verde Agua y como Lucero Tornasol, es un artista visual interdisciplinario cuya obra se sit\u00faa en la intersecci\u00f3n entre la poes\u00eda, el c\u00f3mic, la fotograf\u00eda y la pintura contempor\u00e1nea. Su trabajo investiga la percepci\u00f3n del instante y la memoria como ejes para cuestionar la idea de lo real, articulando im\u00e1genes donde lo \u00edntimo, lo simb\u00f3lico y lo narrativo se entrelazan. Formado en la Facultad de Artes y Dise\u00f1o de la UNAM, donde tambi\u00e9n curs\u00f3 la Maestr\u00eda en Artes Visuales con orientaci\u00f3n en dibujo contempor\u00e1neo, su trayectoria ha estado marcada por una constante reflexi\u00f3n sobre los lenguajes secuenciales y su capacidad expresiva m\u00e1s all\u00e1 de lo literario. Ha publicado m\u00e1s de veinte t\u00edtulos de c\u00f3mic y novela gr\u00e1fica de autor bajo el sello Verde Agua C\u00f3mics, entre ellos Canciones de Kythorian (2024), Caricias (2023), Melancol\u00eda (2018-2020), La Broma del \u00dcbermensch (2016) y Trans-Gresi\u00f3n (2011).<\/p>\n<p>Sus obras han sido reconocidas con premios como Secuenciarte (2016), Multiversos NGM (2019), y la Beca de Investigaci\u00f3n Art\u00edstica del CONACYT (2020\u20132022), con un proyecto enfocado en la poes\u00eda gr\u00e1fica como forma interdisciplinaria.<\/p>\n<p>Adem\u00e1s de su pr\u00e1ctica art\u00edstica, Alfredo se desempe\u00f1a como docente en instituciones como la Universidad An\u00e1huac, la Universidad de la Comunicaci\u00f3n, ESCENA, y el Museo Universitario del Chopo, impartiendo c\u00e1tedras de pintura, dibujo, narrativa gr\u00e1fica, storyboard y concept art. Su labor pedag\u00f3gica busca generar espacios de di\u00e1logo entre las formas de creaci\u00f3n tradicionales y los lenguajes visuales contempor\u00e1neos.<\/p>\n<p>Ha participado en m\u00faltiples festivales y ferias nacionales e internacionales como Pixelatl, La Mole, Ficomics y la Feria Internacional del Libro de Guadalajara, y ha presentado su obra en espacios como el Museo de la Ciudad de M\u00e9xico, el Museo Tamayo, y el Sal\u00f3n del C\u00f3mic de Valencia. Tambi\u00e9n ha sido curador, editor y colaborador de distintos proyectos colectivos como T\u00e1ndem C\u00f3mics, Fanzinorama y La M\u00f3nada.<br \/>\n<\/td><\/tr><\/tbody><\/table><\/div><style type='text\/css'>.avia-table-7 td:nth-of-type(1):before { content: 'Alfredo Ballesteros (Ciudad de M\u00e9xico, 1991)'; } <\/style><\/p><\/div>\n<div class=\"flex_column av_three_fifth  flex_column_div av-zero-column-padding   \" style='border-radius:0px; '><p><div style='padding-bottom:10px;font-size:30px;' class='av-special-heading av-special-heading-h3  blockquote modern-quote   av-inherit-size'><h3 class='av-special-heading-tag'  itemprop=\"headline\"  >Acerca del taller<\/h3><div class='special-heading-border'><div class='special-heading-inner-border' ><\/div><\/div><\/div><br \/>\n<section class=\"av_textblock_section\"  itemscope=\"itemscope\" itemtype=\"https:\/\/schema.org\/BlogPosting\" itemprop=\"blogPost\" ><div class='avia_textblock '   itemprop=\"text\" ><h2>LISTA DE SELECCIONADOS<\/h2>\n<p style=\"font-weight: 400;\">\u00c1ngel Ayri Santiago Barrita<\/p>\n<p style=\"font-weight: 400;\">Huini Nanashy Mauro Heuberger<\/p>\n<p style=\"font-weight: 400;\">Romina P\u00e9rez Ram\u00edrez Puente<\/p>\n<p style=\"font-weight: 400;\">Rosa del Alba Miguel Morales<\/p>\n<p style=\"font-weight: 400;\">Diego Torres Gudi\u00f1o<\/p>\n<p style=\"font-weight: 400;\">Jatziri Cruz Cruz<\/p>\n<p style=\"font-weight: 400;\">Diego Aguilar De Paz<\/p>\n<p style=\"font-weight: 400;\">Milena Sofia Benmuyal Vigano<\/p>\n<p style=\"font-weight: 400;\">Sandra Ver\u00f3nica De Santos Medina<\/p>\n<p style=\"font-weight: 400;\">Karen Fernanda Ch\u00e1vez Torres<\/p>\n<p style=\"font-weight: 400;\">Nelson Ni\u00f1o Hern\u00e1ndez<\/p>\n<p style=\"font-weight: 400;\">\u00c1ngel Flores M\u00e9ndez<\/p>\n<p style=\"font-weight: 400;\">Suri Carazo R\u00edos<\/p>\n<p style=\"font-weight: 400;\">Jos\u00e9 Eduardo Mat\u00edas Acevedo<\/p>\n<p style=\"font-weight: 400;\">Emma Avigail Ferra Gregorio<\/p>\n<p style=\"font-weight: 400;\">Gilberto Delgado Garc\u00eda<\/p>\n<p style=\"font-weight: 400;\">M\u00f3nica Olmedo Cruz<\/p>\n<p style=\"font-weight: 400;\">Coral del Rosario Hern\u00e1ndez Mat\u00edas<\/p>\n<p style=\"font-weight: 400;\">Adriana Zaragoza Zepeda<\/p>\n<p style=\"font-weight: 400;\">Leonardo de Jes\u00fas Pascual Pinelo<\/p>\n<p style=\"font-weight: 400;\">Enrique Arnaud Blum<\/p>\n<\/div><\/section><br \/>\n<div class='avia-data-table-wrap avia_responsive_table'><table class='avia-table avia-data-table avia-table-8  avia_pricing_default'  itemscope=\"itemscope\" itemtype=\"https:\/\/schema.org\/Table\" ><tbody><tr class=''><td class=''>Dirigido a personas con inter\u00e9s en la Narrativa gr\u00e1fica<\/td><\/tr><tr class=''><td class=''>Se realizar\u00e1 una revista de historieta colectiva impresa y digital.<\/td><\/tr><tr class='avia-heading-row'><th class=''>M\u00f3dulo 1. Gui\u00f3n t\u00e9cnico<br \/>\nImparte: Acelo Ruiz Villanueva<\/th><\/tr><tr class=''><td class=''>Lunes a viernes<br \/>\n9 al 13 de febrero de 2026<br \/>\nDe 10 a 14 h<br \/>\n<\/td><\/tr><tr class='avia-heading-row'><th class=''>M\u00f3dulo 2. Concepto gr\u00e1fico.<br \/>\nImparte: Dar\u00edo Castillejos L\u00e1zcares<\/th><\/tr><tr class=''><td class=''>Lunes a viernes<br \/>\n9 al 13 de marzo de 2026<br \/>\nDe 10 a 14 h<br \/>\n<\/td><\/tr><tr class='avia-heading-row'><th class=''>M\u00f3dulo 3. Perspectiva y anatom\u00eda<br \/>\nImparte: F\u00e9lix Ra\u00fal Serrano Villalobos<\/th><\/tr><tr class=''><td class=''>Lunes a viernes<br \/>\n13 al 17 de abril de 2026<br \/>\nDe 10 a 14 h<br \/>\n<\/td><\/tr><tr class='avia-heading-row'><th class=''>M\u00f3dulo 4. Bocetos (Estampillado)<br \/>\nImparte: Carlos Augusto Mora Gutierrez<\/th><\/tr><tr class=''><td class=''>Lunes a viernes<br \/>\n11 al 15 de mayo de 2026<br \/>\nDe 10 a 14 h<br \/>\n<\/td><\/tr><tr class='avia-heading-row'><th class=''>M\u00f3dulo 5. Puesta en p\u00e1gina<br \/>\nImparte: Gonzalo Rocha <\/th><\/tr><tr class=''><td class=''>Lunes a viernes<br \/>\n8 al 12 de junio de 2026<br \/>\nDe 10 a 14 h<br \/>\n<\/td><\/tr><tr class='avia-heading-row'><th class=''>M\u00f3dulo 6. Dise\u00f1o Editorial<br \/>\nImparte: Luis Alonso V\u00e1squez<\/th><\/tr><tr class=''><td class=''>Lunes a viernes<br \/>\n6 al 10 de julio de 2026<br \/>\nDe 10 a 14 h<br \/>\n<\/td><\/tr><tr class='avia-heading-row'><th class=''>M\u00f3dulo 7. Historieta Experimental Multimedia<br \/>\nImparte: Alfredo Ballesteros<\/th><\/tr><tr class=''><td class=''>Lunes a viernes<br \/>\n10 al 14 de agosto de 2026<br \/>\nDe 10 a 14 h<br \/>\n<\/td><\/tr><\/tbody><\/table><\/div><style type='text\/css'><\/style><br \/>\n<div class='avia-data-table-wrap avia_responsive_table'><table class='avia-table avia-data-table avia-table-9  avia_pricing_default'  itemscope=\"itemscope\" itemtype=\"https:\/\/schema.org\/Table\" ><tbody><tr class='avia-heading-row'><th class=''>Descripci\u00f3n general<\/th><\/tr><tr class=''><td class=''>El Laboratorio Editorial de Narrativa Gr\u00e1fica es un programa formativo y editorial que explora, mediante el lenguaje de la historieta, los procesos de transformaci\u00f3n geogr\u00e1fica y sociocultural del estado de Oaxaca. Concebido como un espacio de creaci\u00f3n colectiva y reflexi\u00f3n cr\u00edtica, busca que j\u00f3venes creadores desarrollen una obra autoral que dialogue con su entorno desde una mirada gr\u00e1fica.<\/p>\n<p>El laboratorio se compone de siete m\u00f3dulos formativos, impartidos por profesionales con trayectoria en el \u00e1mbito de la historieta y la edici\u00f3n. Se realizar\u00e1 de febrero a agosto de 2026 en el Centro de las Artes de San Agust\u00edn (CaSa), con sesiones intensivas de 20 horas por m\u00f3dulo. El proceso culminar\u00e1 con la publicaci\u00f3n de una revista colectiva que reunir\u00e1 las historietas producidas durante el programa.<br \/>\n<\/td><\/tr><tr class='avia-heading-row'><th class=''>Objetivo general<\/th><\/tr><tr class=''><td class=''>&#8211; Fomentar la lectura, producci\u00f3n y difusi\u00f3n de la historieta como medio expresivo en Oaxaca.<br \/>\n&#8211; Brindar herramientas narrativas, t\u00e9cnicas y conceptuales para crear una historieta autoconclusiva con claridad y fuerza comunicativa.<br \/>\n&#8211; Promover la creaci\u00f3n de obras autorales que aborden los cambios geogr\u00e1ficos y socioculturales del estado.<br \/>\n<\/td><\/tr><tr class=''><td class=''>Objetivos espec\u00edficos<\/td><\/tr><tr class=''><td class=''>El laboratorio seguir\u00e1 una metodolog\u00eda te\u00f3rico-pr\u00e1ctica orientada al desarrollo integral de una historieta publicable. Cada m\u00f3dulo corresponde a una fase del proceso creativo, articulando los conocimientos de forma progresiva hasta llegar a la edici\u00f3n final. Las sesiones combinar\u00e1n ejercicios individuales y colaborativos, fortaleciendo las capacidades t\u00e9cnicas, gr\u00e1ficas y narrativas de las y los participantes.<br \/>\n<\/td><\/tr><tr class='avia-heading-row'><th class=''>Producto final<\/th><\/tr><tr class=''><td class=''>&#8211; Revista impresa de 48 p\u00e1ginas (formato carta, portada a color, interior en blanco y negro).<br \/>\n&#8211; Tiraje de 300 ejemplares.<br \/>\n&#8211; Participaci\u00f3n colectiva: al menos una historieta por autor.<br \/>\n&#8211; Texto curatorial y registro fotogr\u00e1fico del proceso creativo<br \/>\n<\/td><\/tr><\/tbody><\/table><\/div><style type='text\/css'>.avia-table-9 td:nth-of-type(1):before { content: 'Descripci\u00f3n general'; } <\/style><br \/>\n<div style='padding-bottom:10px;font-size:30px;' class='av-special-heading av-special-heading-h3  blockquote modern-quote   av-inherit-size'><h3 class='av-special-heading-tag'  itemprop=\"headline\"  >Requisitos de inscripci\u00f3n<\/h3><div class='special-heading-border'><div class='special-heading-inner-border' ><\/div><\/div><\/div><br \/>\n<div class='avia-data-table-wrap avia_responsive_table'><table class='avia-table avia-data-table avia-table-10  avia_pricing_default'  itemscope=\"itemscope\" itemtype=\"https:\/\/schema.org\/Table\" ><tbody><tr class=''><td class=''>&#8211; Si tienes inter\u00e9s deber\u00e1s llenar el formulario con los datos completos que se encuentra en esta p\u00e1gina.<br \/>\n&#8211; Contar con el archivo adjunto que solicita la convocatoria<br \/>\n&#8211; Es importante que al llenar el formulario ya tenga preparado el PDF, de lo contrario<br \/>\nno podr\u00e1 concluir su registro.<br \/>\n<\/td><\/tr><tr class=''><td class=''>&#8211; La lista de seleccionados se publicar\u00e1 en esta p\u00e1gina, tambi\u00e9n se les notificar\u00e1 v\u00eda correo electr\u00f3nico con los detalles de la actividad.<br \/>\n&#8211; Actividad gratuita.<br \/>\n&#8211; Los talleristas ser\u00e1n los responsables de realizar la selecci\u00f3n de alumnos bajo sus criterios.<br \/>\n<\/td><\/tr><\/tbody><\/table><\/div><style type='text\/css'><\/style><br \/>\n<div class='avia-data-table-wrap avia_responsive_table'><table class='avia-table avia-data-table avia-table-11  avia_pricing_default'  itemscope=\"itemscope\" itemtype=\"https:\/\/schema.org\/Table\" ><tbody><tr class='avia-heading-row'><th class=''>Material que se le solicitar\u00e1 al alumno(a)<\/th><\/tr><tr class=''><td class=''>-L\u00e1piz<br \/>\n-Borrador<br \/>\n-Sacapuntas<br \/>\n-Hojas bond<br \/>\n-Papel opalina<br \/>\n-Tinta china negra<br \/>\n-Pincel o plumilla<br \/>\n<\/td><\/tr><\/tbody><\/table><\/div><style type='text\/css'>.avia-table-11 td:nth-of-type(1):before { content: 'Material que se le solicitar\u00e1 al alumno(a)'; } <\/style><br \/>\n<div class='avia-data-table-wrap avia_responsive_table'><table class='avia-table avia-data-table avia-table-12  avia_pricing_default'  itemscope=\"itemscope\" itemtype=\"https:\/\/schema.org\/Table\" ><tbody><tr class='avia-heading-row'><th class=''>Criterios de selecci\u00f3n de alumnos<\/th><\/tr><tr class=''><td class=''>&#8211; 20 seleccionados, que tengan inter\u00e9s en el Laboratorio Editorial de Narrativa Gr\u00e1fica<br \/>\n&#8211; Los aspirantes deber\u00e1n adjuntar un PDF que contenga:<br \/>\nPortafolio con 5 im\u00e1genes de su trabajo<br \/>\nBreve explicaci\u00f3n de los motivos para tomar el Laboratorio.<br \/>\n<\/td><\/tr><\/tbody><\/table><\/div><style type='text\/css'>.avia-table-12 td:nth-of-type(1):before { content: 'Criterios de selecci\u00f3n de alumnos'; } <\/style><br \/>\n<div class='avia-data-table-wrap avia_responsive_table'><table class='avia-table avia-data-table avia-table-13  avia_pricing_default'  itemscope=\"itemscope\" itemtype=\"https:\/\/schema.org\/Table\" ><tbody><tr class='avia-heading-row'><th class=''>Nota para los seleccionados<\/th><\/tr><tr class=''><td class=''>&#8211; Clases presenciales en el sal\u00f3n de Usos m\u00faltiples del CaSa<br \/>\n&#8211; Se dejar\u00e1n ejercicios espec\u00edficos a cada estudiante, es fundamental realizarlos para continuar con la siguiente clase.<br \/>\n&#8211; Tener el compromiso y el tiempo para llevar a cabo el taller, ya que las inasistencias injustificadas ser\u00e1n motivo de suspensi\u00f3n y no podr\u00e1 ingresar a talleres futuros.<br \/>\n&#8211; Durante el taller nos estaremos comunicando por medio de mensajes en un grupo de WhatsApp, por ser una herramienta m\u00e1s r\u00e1pida para poder tener una mejor comunicaci\u00f3n con lo que respecta al taller.<br \/>\n&#8211; Actividad gratuita.<br \/>\n&#8211; Los talleristas ser\u00e1n los responsables de realizar la selecci\u00f3n de alumnos bajo sus criterios.<br \/>\n&#8211; La lista de seleccionados se publicar\u00e1 en esta p\u00e1gina, tambi\u00e9n se les notificar\u00e1 v\u00eda correo electr\u00f3nico con los detalles de la actividad.<br \/>\n<\/td><\/tr><\/tbody><\/table><\/div><style type='text\/css'>.avia-table-13 td:nth-of-type(1):before { content: 'Nota para los seleccionados'; } <\/style><br \/>\n<div id='av-masonry-1' class='av-masonry noHover av-fixed-size av-large-gap av-hover-overlay-active av-masonry-col-flexible av-caption-always av-caption-style- av-masonry-gallery  '  ><div class='av-masonry-container isotope av-js-disabled ' ><div class='av-masonry-entry isotope-item av-masonry-item-no-image '><\/div><a href=\"https:\/\/casa.oaxaca.gob.mx\/wp-content\/uploads\/2025\/12\/WhatsApp-Image-2025-11-28-at-4.26.59-PM-2-823x1030.jpeg\" id='av-masonry-1-item-18104' data-av-masonry-item='18104' class='av-masonry-entry isotope-item post-18104 attachment type-attachment status-inherit hentry  av-masonry-item-with-image' title=\"\"  itemprop=\"thumbnailUrl\" ><div class='av-inner-masonry-sizer'><\/div><figure class='av-inner-masonry main_color'><div class=\"av-masonry-outerimage-container\"><div class=\"av-masonry-image-container\" style=\"background-image: url(https:\/\/casa.oaxaca.gob.mx\/wp-content\/uploads\/2025\/12\/WhatsApp-Image-2025-11-28-at-4.26.59-PM-2-563x705.jpeg);\"><img decoding=\"async\" src=\"https:\/\/casa.oaxaca.gob.mx\/wp-content\/uploads\/2025\/12\/WhatsApp-Image-2025-11-28-at-4.26.59-PM-2-563x705.jpeg\" title=\"WhatsApp Image 2025-11-28 at 4.26.59 PM-2\" alt=\"\" \/><\/div><\/div><\/figure><\/a><!--end av-masonry entry--><a href=\"https:\/\/casa.oaxaca.gob.mx\/wp-content\/uploads\/2025\/12\/WhatsApp-Image-2025-11-28-at-4.26.59-PM-700x1030.jpeg\" id='av-masonry-1-item-18105' data-av-masonry-item='18105' class='av-masonry-entry isotope-item post-18105 attachment type-attachment status-inherit hentry  av-masonry-item-with-image' title=\"\"  itemprop=\"thumbnailUrl\" ><div class='av-inner-masonry-sizer'><\/div><figure class='av-inner-masonry main_color'><div class=\"av-masonry-outerimage-container\"><div class=\"av-masonry-image-container\" style=\"background-image: url(https:\/\/casa.oaxaca.gob.mx\/wp-content\/uploads\/2025\/12\/WhatsApp-Image-2025-11-28-at-4.26.59-PM-479x705.jpeg);\"><img decoding=\"async\" src=\"https:\/\/casa.oaxaca.gob.mx\/wp-content\/uploads\/2025\/12\/WhatsApp-Image-2025-11-28-at-4.26.59-PM-479x705.jpeg\" title=\"WhatsApp Image 2025-11-28 at 4.26.59 PM\" alt=\"\" \/><\/div><\/div><\/figure><\/a><!--end av-masonry entry--><a href=\"https:\/\/casa.oaxaca.gob.mx\/wp-content\/uploads\/2025\/12\/WhatsApp-Image-2025-11-28-at-4.27.00-PM-2-1-1006x1030.jpeg\" id='av-masonry-1-item-18106' data-av-masonry-item='18106' class='av-masonry-entry isotope-item post-18106 attachment type-attachment status-inherit hentry  av-masonry-item-with-image' title=\"\"  itemprop=\"thumbnailUrl\" ><div class='av-inner-masonry-sizer'><\/div><figure class='av-inner-masonry main_color'><div class=\"av-masonry-outerimage-container\"><div class=\"av-masonry-image-container\" style=\"background-image: url(https:\/\/casa.oaxaca.gob.mx\/wp-content\/uploads\/2025\/12\/WhatsApp-Image-2025-11-28-at-4.27.00-PM-2-1-689x705.jpeg);\"><img decoding=\"async\" src=\"https:\/\/casa.oaxaca.gob.mx\/wp-content\/uploads\/2025\/12\/WhatsApp-Image-2025-11-28-at-4.27.00-PM-2-1-689x705.jpeg\" title=\"WhatsApp Image 2025-11-28 at 4.27.00 PM-2\" alt=\"\" \/><\/div><\/div><\/figure><\/a><!--end av-masonry entry--><a href=\"https:\/\/casa.oaxaca.gob.mx\/wp-content\/uploads\/2025\/12\/WhatsApp-Image-2025-11-28-at-4.27.00-PM-3-827x1030.jpeg\" id='av-masonry-1-item-18107' data-av-masonry-item='18107' class='av-masonry-entry isotope-item post-18107 attachment type-attachment status-inherit hentry  av-masonry-item-with-image' title=\"\"  itemprop=\"thumbnailUrl\" ><div class='av-inner-masonry-sizer'><\/div><figure class='av-inner-masonry main_color'><div class=\"av-masonry-outerimage-container\"><div class=\"av-masonry-image-container\" style=\"background-image: url(https:\/\/casa.oaxaca.gob.mx\/wp-content\/uploads\/2025\/12\/WhatsApp-Image-2025-11-28-at-4.27.00-PM-3-566x705.jpeg);\"><img decoding=\"async\" src=\"https:\/\/casa.oaxaca.gob.mx\/wp-content\/uploads\/2025\/12\/WhatsApp-Image-2025-11-28-at-4.27.00-PM-3-566x705.jpeg\" title=\"WhatsApp Image 2025-11-28 at 4.27.00 PM-3\" alt=\"\" \/><\/div><\/div><\/figure><\/a><!--end av-masonry entry--><a href=\"https:\/\/casa.oaxaca.gob.mx\/wp-content\/uploads\/2025\/12\/WhatsApp-Image-2025-11-28-at-4.27.00-PM-4-1028x1030.jpeg\" id='av-masonry-1-item-18108' data-av-masonry-item='18108' class='av-masonry-entry isotope-item post-18108 attachment type-attachment status-inherit hentry  av-masonry-item-with-image' title=\"\"  itemprop=\"thumbnailUrl\" ><div class='av-inner-masonry-sizer'><\/div><figure class='av-inner-masonry main_color'><div class=\"av-masonry-outerimage-container\"><div class=\"av-masonry-image-container\" style=\"background-image: url(https:\/\/casa.oaxaca.gob.mx\/wp-content\/uploads\/2025\/12\/WhatsApp-Image-2025-11-28-at-4.27.00-PM-4-705x705.jpeg);\"><img decoding=\"async\" src=\"https:\/\/casa.oaxaca.gob.mx\/wp-content\/uploads\/2025\/12\/WhatsApp-Image-2025-11-28-at-4.27.00-PM-4-705x705.jpeg\" title=\"WhatsApp Image 2025-11-28 at 4.27.00 PM-4\" alt=\"\" \/><\/div><\/div><\/figure><\/a><!--end av-masonry entry--><\/div><div class='av-masonry-pagination av-masonry-pagination-pagination'><nav class='pagination'><span class='pagination-meta'>Page 1 of 2<\/span><span class='current'>1<\/span><a href='https:\/\/casa.oaxaca.gob.mx\/index.php?rest_route=%2Fwp%2Fv2%2Fposts%2F18096&#038;paged=2' class='inactive' >2<\/a><\/nav>\n<\/div><\/div><\/p><\/div>\n","protected":false},"excerpt":{"rendered":"","protected":false},"author":1,"featured_media":18252,"comment_status":"open","ping_status":"open","sticky":false,"template":"","format":"standard","meta":{"_exactmetrics_skip_tracking":false,"_exactmetrics_sitenote_active":false,"_exactmetrics_sitenote_note":"","_exactmetrics_sitenote_category":0,"footnotes":""},"categories":[204,211,72,61,69,82,76,49],"tags":[],"class_list":["post-18096","post","type-post","status-publish","format-standard","has-post-thumbnail","hentry","category-204","category-211","category-artes-visuales","category-colaboraciones","category-dibujo","category-diseno-editorial","category-ilustracion","category-talleres"],"_links":{"self":[{"href":"https:\/\/casa.oaxaca.gob.mx\/index.php?rest_route=\/wp\/v2\/posts\/18096","targetHints":{"allow":["GET"]}}],"collection":[{"href":"https:\/\/casa.oaxaca.gob.mx\/index.php?rest_route=\/wp\/v2\/posts"}],"about":[{"href":"https:\/\/casa.oaxaca.gob.mx\/index.php?rest_route=\/wp\/v2\/types\/post"}],"author":[{"embeddable":true,"href":"https:\/\/casa.oaxaca.gob.mx\/index.php?rest_route=\/wp\/v2\/users\/1"}],"replies":[{"embeddable":true,"href":"https:\/\/casa.oaxaca.gob.mx\/index.php?rest_route=%2Fwp%2Fv2%2Fcomments&post=18096"}],"version-history":[{"count":6,"href":"https:\/\/casa.oaxaca.gob.mx\/index.php?rest_route=\/wp\/v2\/posts\/18096\/revisions"}],"predecessor-version":[{"id":18251,"href":"https:\/\/casa.oaxaca.gob.mx\/index.php?rest_route=\/wp\/v2\/posts\/18096\/revisions\/18251"}],"wp:featuredmedia":[{"embeddable":true,"href":"https:\/\/casa.oaxaca.gob.mx\/index.php?rest_route=\/wp\/v2\/media\/18252"}],"wp:attachment":[{"href":"https:\/\/casa.oaxaca.gob.mx\/index.php?rest_route=%2Fwp%2Fv2%2Fmedia&parent=18096"}],"wp:term":[{"taxonomy":"category","embeddable":true,"href":"https:\/\/casa.oaxaca.gob.mx\/index.php?rest_route=%2Fwp%2Fv2%2Fcategories&post=18096"},{"taxonomy":"post_tag","embeddable":true,"href":"https:\/\/casa.oaxaca.gob.mx\/index.php?rest_route=%2Fwp%2Fv2%2Ftags&post=18096"}],"curies":[{"name":"wp","href":"https:\/\/api.w.org\/{rel}","templated":true}]}}