{"id":18112,"date":"2025-12-02T13:13:42","date_gmt":"2025-12-02T19:13:42","guid":{"rendered":"https:\/\/casa.oaxaca.gob.mx\/?p=18112"},"modified":"2026-01-22T13:46:41","modified_gmt":"2026-01-22T19:46:41","slug":"taller-presencial-dibujar-para-estar-imparte-vanessa-rivero-2","status":"publish","type":"post","link":"https:\/\/casa.oaxaca.gob.mx\/?p=18112","title":{"rendered":"Taller presencial. Dibujar para estar. Imparte: Vanessa Rivero."},"content":{"rendered":"<\/div><\/div><\/div><!-- close content main div --><\/div><\/div><div id='av_section_1' class='avia-section main_color avia-section-no-padding avia-no-border-styling avia-full-stretch av-parallax-section avia-bg-style-parallax  av-minimum-height av-minimum-height-75 container_wrap fullsize' style = 'background-color: #000000; ' data-section-bg-repeat='stretch' ><div class='av-parallax' data-avia-parallax-ratio='0.3' ><div class='av-parallax-inner main_color  avia-full-stretch' style = 'background-color: #000000; background-repeat: no-repeat; background-image: url(https:\/\/casa.oaxaca.gob.mx\/wp-content\/uploads\/2025\/12\/Dibujar-para-estar-scaled.jpg); background-attachment: scroll; background-position: bottom center; ' ><\/div><\/div><div class='container' ><div class='template-page content  av-content-full alpha units'><div class='post-entry post-entry-type-page post-entry-18112'><div class='entry-content-wrapper clearfix'>\n<div style='padding-bottom:10px;color:#000000;font-size:50px;' class='av-special-heading av-special-heading-h3 custom-color-heading blockquote modern-quote  av-inherit-size'><h3 class='av-special-heading-tag'  itemprop=\"headline\"  >Taller presencial. Dibujar para estar<\/h3><div class ='av-subheading av-subheading_below av_custom_color' style='font-size:25px;'><p>Imparte: Vanessa Rivero<\/p>\n<\/div><div class='special-heading-border'><div class='special-heading-inner-border' style='border-color:#000000'><\/div><\/div><\/div>\n\n<\/div><\/div><\/div><!-- close content main div --><\/div><\/div><div id='av-layout-grid-1' class='av-layout-grid-container entry-content-wrapper main_color av-flex-cells  container_wrap fullsize'   >\n<div class=\"flex_cell no_margin av_one_full   \" style='vertical-align:top; padding:30px; background-color:#ED9600; '><div class='flex_cell_inner' ><p><div class=\"flex_column av_one_fourth  flex_column_div av-zero-column-padding first  \" style='border-radius:0px; '><div style='padding-bottom:10px;color:#ffffff;' class='av-special-heading av-special-heading-h3 custom-color-heading blockquote modern-quote '><h3 class='av-special-heading-tag'  itemprop=\"headline\"  >Cierre de inscripciones<\/h3><div class ='av-subheading av-subheading_below av_custom_color' style='font-size:20px;'><p>Domingo 7 de diciembre de 2025<\/p>\n<p>Publicaci\u00f3n de resultados<br \/>\nMartes 10 de diciembre de 2025<\/p>\n<\/div><div class='special-heading-border'><div class='special-heading-inner-border' style='border-color:#ffffff'><\/div><\/div><\/div><\/div><div class=\"flex_column av_one_fourth  flex_column_div av-zero-column-padding   \" style='border-radius:0px; '><div style='padding-bottom:10px;color:#ffffff;' class='av-special-heading av-special-heading-h3 custom-color-heading blockquote modern-quote '><h3 class='av-special-heading-tag'  itemprop=\"headline\"  >Fechas<\/h3><div class ='av-subheading av-subheading_below av_custom_color' style='font-size:20px;'><p>Lunes<br \/>\n15 de diciembre de 2025<\/p>\n<\/div><div class='special-heading-border'><div class='special-heading-inner-border' style='border-color:#ffffff'><\/div><\/div><\/div><\/div><div class=\"flex_column av_one_fourth  flex_column_div av-zero-column-padding   \" style='border-radius:0px; '><div style='padding-bottom:10px;color:#ffffff;' class='av-special-heading av-special-heading-h3 custom-color-heading blockquote modern-quote '><h3 class='av-special-heading-tag'  itemprop=\"headline\"  >Horario<\/h3><div class ='av-subheading av-subheading_below av_custom_color' style='font-size:20px;'><p>De 11 a 14 h<\/p>\n<\/div><div class='special-heading-border'><div class='special-heading-inner-border' style='border-color:#ffffff'><\/div><\/div><\/div><\/div><div class=\"flex_column av_one_fourth  flex_column_div av-zero-column-padding   \" style='border-radius:0px; '><section class=\"avia_codeblock_section avia_code_block_0\"  itemscope=\"itemscope\" itemtype=\"https:\/\/schema.org\/BlogPosting\" itemprop=\"blogPost\" ><div class='avia_codeblock '  itemprop=\"text\" > [avia_codeblock_placeholder uid=\"0\"] <\/div><\/section><\/div><\/p>\n<\/div><\/div>\n<\/div>\n<div class=\"flex_column av_two_fifth  flex_column_div av-zero-column-padding first  \" style='border-radius:0px; '><p><div class='av-social-sharing-box '><div class='av-share-box'><h5 class='av-share-link-description'>Compartir esta actividad<\/h5><ul class='av-share-box-list noLightbox'><li class='av-share-link av-social-link-facebook' ><a target='_blank' href='http:\/\/www.facebook.com\/sharer.php?u=https:\/\/casa.oaxaca.gob.mx\/?p=18112&amp;t=Taller%20presencial.%20Dibujar%20para%20estar.%20Imparte%3A%20Vanessa%20Rivero.' aria-hidden='true' data-av_icon='\ue8f3' data-av_iconfont='entypo-fontello' title='' data-avia-related-tooltip='Share on Facebook'><span class='avia_hidden_link_text'>Share on Facebook<\/span><\/a><\/li><li class='av-share-link av-social-link-twitter' ><a target='_blank' href='https:\/\/twitter.com\/share?text=Taller%20presencial.%20Dibujar%20para%20estar.%20Imparte%3A%20Vanessa%20Rivero.&url=https:\/\/casa.oaxaca.gob.mx\/?p=18112' aria-hidden='true' data-av_icon='\ue8f1' data-av_iconfont='entypo-fontello' title='' data-avia-related-tooltip='Share on Twitter'><span class='avia_hidden_link_text'>Share on Twitter<\/span><\/a><\/li><li class='av-share-link av-social-link-gplus' ><a target='_blank' href='https:\/\/plus.google.com\/share?url=https:\/\/casa.oaxaca.gob.mx\/?p=18112' aria-hidden='true' data-av_icon='\ue8f6' data-av_iconfont='entypo-fontello' title='' data-avia-related-tooltip='Share on Google+'><span class='avia_hidden_link_text'>Share on Google+<\/span><\/a><\/li><li class='av-share-link av-social-link-pinterest' ><a target='_blank' href='http:\/\/pinterest.com\/pin\/create\/button\/?url=https%3A%2F%2Fcasa.oaxaca.gob.mx%2F%3Fp%3D18112&amp;description=Taller%20presencial.%20Dibujar%20para%20estar.%20Imparte%3A%20Vanessa%20Rivero.&amp;media=https%3A%2F%2Fcasa.oaxaca.gob.mx%2Fwp-content%2Fuploads%2F2025%2F12%2FDibujar-para-estar-705x534.jpg' aria-hidden='true' data-av_icon='\ue8f8' data-av_iconfont='entypo-fontello' title='' data-avia-related-tooltip='Share on Pinterest'><span class='avia_hidden_link_text'>Share on Pinterest<\/span><\/a><\/li><li class='av-share-link av-social-link-mail' ><a  href='mailto:?subject=Taller%20presencial.%20Dibujar%20para%20estar.%20Imparte%3A%20Vanessa%20Rivero.&amp;body=https:\/\/casa.oaxaca.gob.mx\/?p=18112' aria-hidden='true' data-av_icon='\ue805' data-av_iconfont='entypo-fontello' title='' data-avia-related-tooltip='Share by Mail'><span class='avia_hidden_link_text'>Share by Mail<\/span><\/a><\/li><\/ul><\/div><\/div><br \/>\n<div  class='hr hr-default '><span class='hr-inner ' ><span class='hr-inner-style'><\/span><\/span><\/div><br \/>\n<div style='padding-bottom:10px;font-size:30px;' class='av-special-heading av-special-heading-h3  blockquote modern-quote   av-inherit-size'><h3 class='av-special-heading-tag'  itemprop=\"headline\"  >Sobre la tallerista<\/h3><div class='special-heading-border'><div class='special-heading-inner-border' ><\/div><\/div><\/div><br \/>\n<div class='avia-data-table-wrap avia_responsive_table'><table class='avia-table avia-data-table avia-table-1  avia_pricing_default'  itemscope=\"itemscope\" itemtype=\"https:\/\/schema.org\/Table\" ><tbody><tr class='avia-heading-row'><th class=''>Vanessa Rivero <\/th><\/tr><tr class=''><td class=''>Artista visual, vive y trabaja en Yucat\u00e1n. Utiliza el dibujo en distintos medios para la realizaci\u00f3n de instalaciones de sitio espec\u00edfico y ensayos visuales. En 2016 inicia una investigaci\u00f3n art\u00edstica sobre nuestra relaci\u00f3n con seres de distintas especies, y en 2020 funda Terrario Sitpach, un espacio de aprendizaje situado dedicado a la observaci\u00f3n de ecosistemas locales, la convivencia interespecies y la experimentaci\u00f3n colectiva en torno a pr\u00e1cticas de cultivo, cuidado y escucha del territorio.<br \/>\nLa gesti\u00f3n y la docencia han sido parte importante de su pr\u00e1ctica art\u00edstica. Ha exhibido su trabajo nacional e internacionalmente. Fue integrante del Sistema Nacional de Creadores de Arte 2019\u201322 y cofundadora y directora de FrontGround AC de 2007 a 2016, espacio dedicado al arte contempor\u00e1neo en M\u00e9rida, Yucat\u00e1n. Su exposici\u00f3n individual \u201cTransectos, suelo y lodazal. Apuntes del Terrario II\u201d se present\u00f3 recientemente en el Centro Cultural del Mayab, en la ciudad de M\u00e9rida<br \/>\n<\/td><\/tr><\/tbody><\/table><\/div><style type='text\/css'>.avia-table-1 td:nth-of-type(1):before { content: 'Vanessa Rivero '; } <\/style><\/p><\/div>\n<div class=\"flex_column av_three_fifth  flex_column_div av-zero-column-padding   \" style='border-radius:0px; '><p><div style='padding-bottom:10px;font-size:30px;' class='av-special-heading av-special-heading-h3  blockquote modern-quote   av-inherit-size'><h3 class='av-special-heading-tag'  itemprop=\"headline\"  >Acerca del taller<\/h3><div class='special-heading-border'><div class='special-heading-inner-border' ><\/div><\/div><\/div><br \/>\n<div class='avia-data-table-wrap avia_responsive_table'><table class='avia-table avia-data-table avia-table-2  avia_pricing_default'  itemscope=\"itemscope\" itemtype=\"https:\/\/schema.org\/Table\" ><tbody><tr class=''><td class=''>LISTA DE SELECCIONADOS<\/td><\/tr><tr class=''><td class=''><br \/>\nJuan Arturo Morales Santiago<\/p>\n<p>Elisabet Abigail P\u00e9rez Guzm\u00e1n<\/p>\n<p>Renata Cruz Olivares<\/p>\n<p>Elyasib R\u00edos Hern\u00e1ndez<\/p>\n<p>Ana Licari R\u00edos Hern\u00e1ndez<\/p>\n<p>Frida Diego Hern\u00e1ndez<\/p>\n<p>Anita Cameron Croft<\/p>\n<p>\u00c1ngel Ayri Santiago Barrita<\/p>\n<p>Andr\u00e9s Daniel Bustamante L\u00f3pez<\/p>\n<p>\u00c1ngel Flores M\u00e9ndez<\/p>\n<p>Sandra Luz De Leo Mart\u00ednez<\/p>\n<p>Leticia Galv\u00e1n Alvarado<\/p>\n<p>Rossy Marlen Ram\u00edrez Rosas<\/p>\n<p><\/td><\/tr><\/tbody><\/table><\/div><style type='text\/css'><\/style><br \/>\n<div class='avia-data-table-wrap avia_responsive_table'><table class='avia-table avia-data-table avia-table-3  avia_pricing_default'  itemscope=\"itemscope\" itemtype=\"https:\/\/schema.org\/Table\" ><tbody><tr class='avia-heading-row'><th class=''>Descripci\u00f3n general<\/th><\/tr><tr class=''><td class=''>Este taller invita a una pr\u00e1ctica de observaci\u00f3n y creaci\u00f3n en di\u00e1logo directo con el entorno natural. A trav\u00e9s del dibujo en movimiento, las y los participantes explorar\u00e1n el paisaje cotidiano como una forma de conocimiento sensible, poniendo atenci\u00f3n en el agua, sus flujos y sus transformaciones.<\/p>\n<p>Se busca no s\u00f3lo ejercitar el trazo como herramienta art\u00edstica, sino tambi\u00e9n abrir preguntas sobre nuestra relaci\u00f3n con los procesos naturales y sobre c\u00f3mo nos modifica el simple acto de estar en presencia de ellos.<\/p>\n<p>Esta actividad forma parte de Escultura ejidal, un proyecto de experimentaci\u00f3n art\u00edstica y permacultura en San Sebasti\u00e1n de las Flores, Etla, que explora de manera colectiva la circulaci\u00f3n del agua como medio para regenerar la tierra.<br \/>\n<\/td><\/tr><tr class='avia-heading-row'><th class=''>Objetivo general<\/th><\/tr><tr class=''><td class=''>Fomentar una pr\u00e1ctica art\u00edstica de observaci\u00f3n y dibujo en di\u00e1logo con el entorno natural, especialmente el agua, para profundizar en su comprensi\u00f3n sensible y su impacto en nuestra percepci\u00f3n.<br \/>\n<\/td><\/tr><tr class=''><td class=''>Objetivos espec\u00edficos<\/td><\/tr><tr class=''><td class=''>&#8211; Ejercitar el dibujo en movimiento como herramienta para registrar flujos, ritmos y transformaciones del paisaje.<br \/>\n&#8211; Desarrollar la capacidad de atenci\u00f3n y presencia a trav\u00e9s de la observaci\u00f3n directa del entorno natural.<br \/>\n&#8211; Reflexionar sobre la relaci\u00f3n entre los procesos naturales del agua y nuestras propias formas de habitar el territorio.<br \/>\n<\/td><\/tr><tr class='avia-heading-row'><th class=''>Temas<\/th><\/tr><tr class=''><td class=''>Introducci\u00f3n al dibujo en movimiento<br \/>\nConceptos b\u00e1sicos<br \/>\nObservaci\u00f3n activa y registro inmediato<br \/>\nPaisaje cotidiano como conocimiento sensible<br \/>\nEl entorno como fuente de informaci\u00f3n<br \/>\nRitmos, formas y materiales naturales<br \/>\nEl agua como gu\u00eda<br \/>\nFlujos y transformaciones<br \/>\nEjercicios de dibujo desde la presencia<br \/>\nPr\u00e1cticas en el entorno natural<br \/>\nCaminata de observaci\u00f3n<br \/>\nDibujo de flujos y texturas<br \/>\nExploraci\u00f3n de tiempos y secuencias<br \/>\nRelaci\u00f3n entre arte y procesos naturales<br \/>\nReflexiones colectivas<br \/>\nC\u00f3mo nos transforma la presencia en el paisaje<br \/>\nCierre y registro final<br \/>\nBit\u00e1cora de proceso<br \/>\nCompartir experiencias y aprendizajes<br \/>\n<\/td><\/tr><\/tbody><\/table><\/div><style type='text\/css'>.avia-table-3 td:nth-of-type(1):before { content: 'Descripci\u00f3n general'; } <\/style><br \/>\n<div style='padding-bottom:10px;font-size:30px;' class='av-special-heading av-special-heading-h3  blockquote modern-quote   av-inherit-size'><h3 class='av-special-heading-tag'  itemprop=\"headline\"  >Requisitos de inscripci\u00f3n<\/h3><div class='special-heading-border'><div class='special-heading-inner-border' ><\/div><\/div><\/div><br \/>\n<div class='avia-data-table-wrap avia_responsive_table'><table class='avia-table avia-data-table avia-table-4  avia_pricing_default'  itemscope=\"itemscope\" itemtype=\"https:\/\/schema.org\/Table\" ><tbody><tr class=''><td class=''>-Si tienes inter\u00e9s deber\u00e1s llenar el formulario con los datos completos que se encuentra en esta p\u00e1gina.<br \/>\n<\/td><\/tr><tr class=''><td class=''>&#8211; La lista de seleccionados se publicar\u00e1 en esta p\u00e1gina, tambi\u00e9n se les notificar\u00e1 v\u00eda correo electr\u00f3nico con los detalles de la actividad.<br \/>\n&#8211; Actividad gratuita.<br \/>\n&#8211; Los talleristas ser\u00e1n los responsables de realizar la selecci\u00f3n de alumnos bajo sus criterios.<br \/>\n<\/td><\/tr><\/tbody><\/table><\/div><style type='text\/css'><\/style><br \/>\n<div class='avia-data-table-wrap avia_responsive_table'><table class='avia-table avia-data-table avia-table-5  avia_pricing_default'  itemscope=\"itemscope\" itemtype=\"https:\/\/schema.org\/Table\" ><tbody><tr class='avia-heading-row'><th class=''>Material que se le solicitar\u00e1 al alumno(a)<\/th><\/tr><tr class=''><td class=''>-Papel (de preferencia reciclado) tama\u00f1o carta u oficio.<br \/>\n-Tabla o soporte para poder dibujar al aire libre en diferentes lugares del CaSa<br \/>\n-L\u00e1pices, plumas ( herramientas con punta definida)<br \/>\n-Carb\u00f3n, pasteles o pintura ( herramientas sin punta definida)<br \/>\n-Ropa adecuada para poder caminar por los alrededores del CaSa<br \/>\n<\/td><\/tr><\/tbody><\/table><\/div><style type='text\/css'>.avia-table-5 td:nth-of-type(1):before { content: 'Material que se le solicitar\u00e1 al alumno(a)'; } <\/style><br \/>\n<div class='avia-data-table-wrap avia_responsive_table'><table class='avia-table avia-data-table avia-table-6  avia_pricing_default'  itemscope=\"itemscope\" itemtype=\"https:\/\/schema.org\/Table\" ><tbody><tr class='avia-heading-row'><th class=''>Criterios de selecci\u00f3n de alumnos<\/th><\/tr><tr class=''><td class=''>-Dirigido a artistas, arquitectos, dise\u00f1adores y personas interesadas que quieran entender el dibujo como un medio de observaci\u00f3n y reflexi\u00f3n.<br \/>\n-No es necesario conocimientos previos de dibujo.<br \/>\n<\/td><\/tr><\/tbody><\/table><\/div><style type='text\/css'>.avia-table-6 td:nth-of-type(1):before { content: 'Criterios de selecci\u00f3n de alumnos'; } <\/style><br \/>\n<div class='avia-data-table-wrap avia_responsive_table'><table class='avia-table avia-data-table avia-table-7  avia_pricing_default'  itemscope=\"itemscope\" itemtype=\"https:\/\/schema.org\/Table\" ><tbody><tr class='avia-heading-row'><th class=''>Nota para los seleccionados<\/th><\/tr><tr class=''><td class=''>&#8211; Clases presenciales en el sal\u00f3n de Usos m\u00faltiples del CaSa<br \/>\n&#8211; Se dejar\u00e1n ejercicios espec\u00edficos a cada estudiante, es fundamental realizarlos para continuar con la siguiente clase.<br \/>\n&#8211; Tener el compromiso y el tiempo para llevar a cabo el taller, ya que las inasistencias injustificadas ser\u00e1n motivo de suspensi\u00f3n y no podr\u00e1 ingresar a talleres futuros.<br \/>\n&#8211; Durante el taller nos estaremos comunicando por medio de mensajes en un grupo de WhatsApp, por ser una herramienta m\u00e1s r\u00e1pida para poder tener una mejor comunicaci\u00f3n con lo que respecta al taller.<br \/>\n&#8211; Actividad gratuita.<br \/>\n&#8211; Los talleristas ser\u00e1n los responsables de realizar la selecci\u00f3n de alumnos bajo sus criterios.<br \/>\n&#8211; La lista de seleccionados se publicar\u00e1 en esta p\u00e1gina, tambi\u00e9n se les notificar\u00e1 v\u00eda correo electr\u00f3nico con los detalles de la actividad.<br \/>\n<\/td><\/tr><\/tbody><\/table><\/div><style type='text\/css'>.avia-table-7 td:nth-of-type(1):before { content: 'Nota para los seleccionados'; } <\/style><br \/>\n<div id='av-masonry-1' class='av-masonry noHover av-fixed-size av-large-gap av-hover-overlay-active av-masonry-col-flexible av-caption-always av-caption-style- av-masonry-gallery  '  ><div class='av-masonry-container isotope av-js-disabled ' ><div class='av-masonry-entry isotope-item av-masonry-item-no-image '><\/div><a href=\"https:\/\/casa.oaxaca.gob.mx\/wp-content\/uploads\/2025\/12\/Dibujar-para-estar-1030x780.jpg\" id='av-masonry-1-item-18097' data-av-masonry-item='18097' class='av-masonry-entry isotope-item post-18097 attachment type-attachment status-inherit hentry  av-masonry-item-with-image' title=\"\"  itemprop=\"thumbnailUrl\" ><div class='av-inner-masonry-sizer'><\/div><figure class='av-inner-masonry main_color'><div class=\"av-masonry-outerimage-container\"><div class=\"av-masonry-image-container\" style=\"background-image: url(https:\/\/casa.oaxaca.gob.mx\/wp-content\/uploads\/2025\/12\/Dibujar-para-estar-705x534.jpg);\"><img decoding=\"async\" src=\"https:\/\/casa.oaxaca.gob.mx\/wp-content\/uploads\/2025\/12\/Dibujar-para-estar-705x534.jpg\" title=\"Dibujar para estar\" alt=\"\" \/><\/div><\/div><\/figure><\/a><!--end av-masonry entry--><\/div><\/div><\/p><\/div>\n","protected":false},"excerpt":{"rendered":"","protected":false},"author":1,"featured_media":18097,"comment_status":"open","ping_status":"open","sticky":false,"template":"","format":"standard","meta":{"_exactmetrics_skip_tracking":false,"_exactmetrics_sitenote_active":false,"_exactmetrics_sitenote_note":"","_exactmetrics_sitenote_category":0,"footnotes":""},"categories":[204],"tags":[],"class_list":["post-18112","post","type-post","status-publish","format-standard","has-post-thumbnail","hentry","category-204"],"_links":{"self":[{"href":"https:\/\/casa.oaxaca.gob.mx\/index.php?rest_route=\/wp\/v2\/posts\/18112","targetHints":{"allow":["GET"]}}],"collection":[{"href":"https:\/\/casa.oaxaca.gob.mx\/index.php?rest_route=\/wp\/v2\/posts"}],"about":[{"href":"https:\/\/casa.oaxaca.gob.mx\/index.php?rest_route=\/wp\/v2\/types\/post"}],"author":[{"embeddable":true,"href":"https:\/\/casa.oaxaca.gob.mx\/index.php?rest_route=\/wp\/v2\/users\/1"}],"replies":[{"embeddable":true,"href":"https:\/\/casa.oaxaca.gob.mx\/index.php?rest_route=%2Fwp%2Fv2%2Fcomments&post=18112"}],"version-history":[{"count":3,"href":"https:\/\/casa.oaxaca.gob.mx\/index.php?rest_route=\/wp\/v2\/posts\/18112\/revisions"}],"predecessor-version":[{"id":18138,"href":"https:\/\/casa.oaxaca.gob.mx\/index.php?rest_route=\/wp\/v2\/posts\/18112\/revisions\/18138"}],"wp:featuredmedia":[{"embeddable":true,"href":"https:\/\/casa.oaxaca.gob.mx\/index.php?rest_route=\/wp\/v2\/media\/18097"}],"wp:attachment":[{"href":"https:\/\/casa.oaxaca.gob.mx\/index.php?rest_route=%2Fwp%2Fv2%2Fmedia&parent=18112"}],"wp:term":[{"taxonomy":"category","embeddable":true,"href":"https:\/\/casa.oaxaca.gob.mx\/index.php?rest_route=%2Fwp%2Fv2%2Fcategories&post=18112"},{"taxonomy":"post_tag","embeddable":true,"href":"https:\/\/casa.oaxaca.gob.mx\/index.php?rest_route=%2Fwp%2Fv2%2Ftags&post=18112"}],"curies":[{"name":"wp","href":"https:\/\/api.w.org\/{rel}","templated":true}]}}