{"id":18219,"date":"2026-01-29T16:14:28","date_gmt":"2026-01-29T22:14:28","guid":{"rendered":"https:\/\/casa.oaxaca.gob.mx\/?p=18219"},"modified":"2026-02-19T11:57:47","modified_gmt":"2026-02-19T17:57:47","slug":"taller-presencial-el-textil-y-sus-materiales-en-el-tiempo-imparte-luis-renteria","status":"publish","type":"post","link":"https:\/\/casa.oaxaca.gob.mx\/?p=18219","title":{"rendered":"Taller presencial. El textil y sus materiales en el tiempo. Imparte: Luis Renteria"},"content":{"rendered":"<\/div><\/div><\/div><!-- close content main div --><\/div><\/div><div id='av_section_1' class='avia-section main_color avia-section-no-padding avia-no-border-styling avia-full-stretch av-parallax-section avia-bg-style-parallax  av-minimum-height av-minimum-height-75 container_wrap fullsize' style = 'background-color: #000000; ' data-section-bg-repeat='stretch' ><div class='av-parallax' data-avia-parallax-ratio='0.3' ><div class='av-parallax-inner main_color  avia-full-stretch' style = 'background-color: #000000; background-repeat: no-repeat; background-image: url(https:\/\/casa.oaxaca.gob.mx\/wp-content\/uploads\/2026\/01\/LuisRenteria_Cartel1-scaled.jpg); background-attachment: scroll; background-position: bottom center; ' ><\/div><\/div><div class='container' ><div class='template-page content  av-content-full alpha units'><div class='post-entry post-entry-type-page post-entry-18219'><div class='entry-content-wrapper clearfix'>\n<div style='padding-bottom:10px;color:#0a0a0a;font-size:50px;' class='av-special-heading av-special-heading-h3 custom-color-heading blockquote modern-quote  av-inherit-size'><h3 class='av-special-heading-tag'  itemprop=\"headline\"  >Taller presencial. El textil y sus materiales en el tiempo.<\/h3><div class ='av-subheading av-subheading_below av_custom_color' style='font-size:25px;'><p>Imparte: Luis Renteria<\/p>\n<\/div><div class='special-heading-border'><div class='special-heading-inner-border' style='border-color:#0a0a0a'><\/div><\/div><\/div>\n\n<\/div><\/div><\/div><!-- close content main div --><\/div><\/div><div id='av-layout-grid-1' class='av-layout-grid-container entry-content-wrapper main_color av-flex-cells  container_wrap fullsize'   >\n<div class=\"flex_cell no_margin av_one_full   \" style='vertical-align:top; padding:30px; background-color:#ED9600; '><div class='flex_cell_inner' ><p><div class=\"flex_column av_one_fourth  flex_column_div av-zero-column-padding first  \" style='border-radius:0px; '><div style='padding-bottom:10px;color:#ffffff;' class='av-special-heading av-special-heading-h3 custom-color-heading blockquote modern-quote '><h3 class='av-special-heading-tag'  itemprop=\"headline\"  >Cierre de inscripciones<\/h3><div class ='av-subheading av-subheading_below av_custom_color' style='font-size:20px;'><p>Domingo 15 de febrero de 2026<\/p>\n<p>Publicaci\u00f3n de resultados<br \/>\nMi\u00e9rcoles 18 de febrero de 2026<\/p>\n<\/div><div class='special-heading-border'><div class='special-heading-inner-border' style='border-color:#ffffff'><\/div><\/div><\/div><\/div><div class=\"flex_column av_one_fourth  flex_column_div av-zero-column-padding   \" style='border-radius:0px; '><div style='padding-bottom:10px;color:#ffffff;' class='av-special-heading av-special-heading-h3 custom-color-heading blockquote modern-quote '><h3 class='av-special-heading-tag'  itemprop=\"headline\"  >Fechas<\/h3><div class ='av-subheading av-subheading_below av_custom_color' style='font-size:20px;'><p>Lunes a viernes<br \/>\n23 al 27 de febrero de 2026<\/p>\n<\/div><div class='special-heading-border'><div class='special-heading-inner-border' style='border-color:#ffffff'><\/div><\/div><\/div><\/div><div class=\"flex_column av_one_fourth  flex_column_div av-zero-column-padding   \" style='border-radius:0px; '><div style='padding-bottom:10px;color:#ffffff;' class='av-special-heading av-special-heading-h3 custom-color-heading blockquote modern-quote '><h3 class='av-special-heading-tag'  itemprop=\"headline\"  >Horario<\/h3><div class ='av-subheading av-subheading_below av_custom_color' style='font-size:20px;'><p>De 14 a 18 h<\/p>\n<\/div><div class='special-heading-border'><div class='special-heading-inner-border' style='border-color:#ffffff'><\/div><\/div><\/div><\/div><div class=\"flex_column av_one_fourth  flex_column_div av-zero-column-padding   \" style='border-radius:0px; '><section class=\"avia_codeblock_section avia_code_block_0\"  itemscope=\"itemscope\" itemtype=\"https:\/\/schema.org\/BlogPosting\" itemprop=\"blogPost\" ><div class='avia_codeblock '  itemprop=\"text\" > [avia_codeblock_placeholder uid=\"0\"] <\/div><\/section><\/div><\/p>\n<\/div><\/div>\n<\/div>\n<div class=\"flex_column av_two_fifth  flex_column_div av-zero-column-padding first  \" style='border-radius:0px; '><p><div class='av-social-sharing-box '><div class='av-share-box'><h5 class='av-share-link-description'>Compartir esta actividad<\/h5><ul class='av-share-box-list noLightbox'><li class='av-share-link av-social-link-facebook' ><a target='_blank' href='http:\/\/www.facebook.com\/sharer.php?u=https:\/\/casa.oaxaca.gob.mx\/?p=18219&amp;t=Taller%20presencial.%20El%20textil%20y%20sus%20materiales%20en%20el%20tiempo.%20Imparte%3A%20Luis%20Renteria' aria-hidden='true' data-av_icon='\ue8f3' data-av_iconfont='entypo-fontello' title='' data-avia-related-tooltip='Share on Facebook'><span class='avia_hidden_link_text'>Share on Facebook<\/span><\/a><\/li><li class='av-share-link av-social-link-twitter' ><a target='_blank' href='https:\/\/twitter.com\/share?text=Taller%20presencial.%20El%20textil%20y%20sus%20materiales%20en%20el%20tiempo.%20Imparte%3A%20Luis%20Renteria&url=https:\/\/casa.oaxaca.gob.mx\/?p=18219' aria-hidden='true' data-av_icon='\ue8f1' data-av_iconfont='entypo-fontello' title='' data-avia-related-tooltip='Share on Twitter'><span class='avia_hidden_link_text'>Share on Twitter<\/span><\/a><\/li><li class='av-share-link av-social-link-gplus' ><a target='_blank' href='https:\/\/plus.google.com\/share?url=https:\/\/casa.oaxaca.gob.mx\/?p=18219' aria-hidden='true' data-av_icon='\ue8f6' data-av_iconfont='entypo-fontello' title='' data-avia-related-tooltip='Share on Google+'><span class='avia_hidden_link_text'>Share on Google+<\/span><\/a><\/li><li class='av-share-link av-social-link-pinterest' ><a target='_blank' href='http:\/\/pinterest.com\/pin\/create\/button\/?url=https%3A%2F%2Fcasa.oaxaca.gob.mx%2F%3Fp%3D18219&amp;description=Taller%20presencial.%20El%20textil%20y%20sus%20materiales%20en%20el%20tiempo.%20Imparte%3A%20Luis%20Renteria&amp;media=https%3A%2F%2Fcasa.oaxaca.gob.mx%2Fwp-content%2Fuploads%2F2026%2F01%2FEl-textil-y-sus-materiales-en-el-tiempo-cerrada-705x484.jpg' aria-hidden='true' data-av_icon='\ue8f8' data-av_iconfont='entypo-fontello' title='' data-avia-related-tooltip='Share on Pinterest'><span class='avia_hidden_link_text'>Share on Pinterest<\/span><\/a><\/li><li class='av-share-link av-social-link-mail' ><a  href='mailto:?subject=Taller%20presencial.%20El%20textil%20y%20sus%20materiales%20en%20el%20tiempo.%20Imparte%3A%20Luis%20Renteria&amp;body=https:\/\/casa.oaxaca.gob.mx\/?p=18219' aria-hidden='true' data-av_icon='\ue805' data-av_iconfont='entypo-fontello' title='' data-avia-related-tooltip='Share by Mail'><span class='avia_hidden_link_text'>Share by Mail<\/span><\/a><\/li><\/ul><\/div><\/div><br \/>\n<div  class='hr hr-default '><span class='hr-inner ' ><span class='hr-inner-style'><\/span><\/span><\/div><br \/>\n<div style='padding-bottom:10px;font-size:30px;' class='av-special-heading av-special-heading-h3  blockquote modern-quote  av-inherit-size'><h3 class='av-special-heading-tag'  itemprop=\"headline\"  >Sobre el tallerista<\/h3><div class='special-heading-border'><div class='special-heading-inner-border' ><\/div><\/div><\/div><br \/>\n<div class='avia-data-table-wrap avia_responsive_table'><table class='avia-table avia-data-table avia-table-1  avia_pricing_default'  itemscope=\"itemscope\" itemtype=\"https:\/\/schema.org\/Table\" ><tbody><tr class='avia-heading-row'><th class=''>Luis Renteria (Guadalajara, M\u00e9xico, 1991) <\/th><\/tr><tr class=''><td class=''>Es un artista multidisciplinario cuya pr\u00e1ctica se desarrolla entre el textil y la cinematograf\u00eda. En 2016 inicia su formaci\u00f3n en Arte Textil en la Escola Massana y posteriormente cursa la Maestr\u00eda en Investigaci\u00f3n y Producci\u00f3n Art\u00edstica en la Universidad de Barcelona. Su trabajo articula t\u00e9cnicas tradicionales y referencias al arte popular para abordar temas sociales desde la ficci\u00f3n y la fantas\u00eda. A partir de ello, establece di\u00e1logos entre t\u00e9cnicas ancestrales y enfoques contempor\u00e1neos. Ha sido beneficiario de becas como PECDA Jalisco (2021, 2025), J\u00f3venes Creadores FONCA (2022) y FOCINE (2022\u20132025). Ha realizado residencias art\u00edsticas en Dinamarca, Espa\u00f1a y Noruega, su obra ha sido presentada en exhibiciones nacionales e internacionales.<br \/>\n<\/td><\/tr><\/tbody><\/table><\/div><style type='text\/css'>.avia-table-1 td:nth-of-type(1):before { content: 'Luis Renteria (Guadalajara, M\u00e9xico, 1991) '; } <\/style><\/p><\/div>\n<div class=\"flex_column av_three_fifth  flex_column_div av-zero-column-padding   \" style='border-radius:0px; '><p><div style='padding-bottom:10px;font-size:30px;' class='av-special-heading av-special-heading-h3  blockquote modern-quote   av-inherit-size'><h3 class='av-special-heading-tag'  itemprop=\"headline\"  >Acerca del taller<\/h3><div class='special-heading-border'><div class='special-heading-inner-border' ><\/div><\/div><\/div><br \/>\n<div class='avia-data-table-wrap avia_responsive_table'><table class='avia-table avia-data-table avia-table-2  avia_pricing_default'  itemscope=\"itemscope\" itemtype=\"https:\/\/schema.org\/Table\" ><tbody><tr class=''><td class=''>LISTA DE SELECCIONADOS<\/td><\/tr><tr class=''><td class=''>Paola Cruz Abad<\/p>\n<p>Natalia S\u00e1nchez Ca\u00f1izares<\/p>\n<p>Gabriela Urban Bautista<\/p>\n<p>Sandra Angelica Amaya Diaz<\/p>\n<p>Katherine Bautista Bell<\/p>\n<p>Mads\u00e1 Juay Casas<\/p>\n<p>Galdino Hern\u00e1ndez G\u00f3mez<\/p>\n<p>Angela de F\u00e1tima Armengol Bustos<\/p>\n<p>Lorena R\u00edos Trevi\u00f1o<\/p>\n<p>Karla Ivet Luis Marcial<\/td><\/tr><\/tbody><\/table><\/div><style type='text\/css'><\/style><br \/>\n<div class='avia-data-table-wrap avia_responsive_table'><table class='avia-table avia-data-table avia-table-3  avia_pricing_default'  itemscope=\"itemscope\" itemtype=\"https:\/\/schema.org\/Table\" ><tbody><tr class='avia-heading-row'><th class=''>Descripci\u00f3n general<\/th><\/tr><tr class=''><td class=''>En este taller te\u00f3rico se analizar\u00e1 la evoluci\u00f3n hist\u00f3rica de los materiales textiles y sus v\u00ednculos con contextos geopol\u00edticos, econ\u00f3micos y culturales. El recorrido comenzar\u00e1 con el estudio de las fibras naturales empleadas en Mesoam\u00e9rica, atendiendo a sus t\u00e9cnicas y simbolismos. Posteriormente, se abordar\u00e1 la transformaci\u00f3n de los procesos textiles a partir de la colonizaci\u00f3n, la industrializaci\u00f3n y el desarrollo tecnol\u00f3gico, hasta llegar a la invenci\u00f3n de las fibras industriales y su impacto en la producci\u00f3n, el consumo y el territorio.<br \/>\n<\/td><\/tr><tr class='avia-heading-row'><th class=''>Objetivo general<\/th><\/tr><tr class=''><td class=''>Analizar la evoluci\u00f3n hist\u00f3rica de los materiales y t\u00e9cnicas textiles desde Mesoam\u00e9rica hasta la actualidad, comprendiendo sus transformaciones en relaci\u00f3n con contextos geopol\u00edticos, econ\u00f3micos, culturales y tecnol\u00f3gicos.<br \/>\n<\/td><\/tr><tr class=''><td class=''>Objetivos espec\u00edficos<\/td><\/tr><tr class=''><td class=''>1. Identificar los materiales no hilados y las primeras fibras utilizadas en contextos textiles tempranos.<br \/>\n2. Reconocer las t\u00e9cnicas textiles de Abya Yala y los significados culturales de fibras, ornamentaciones y tintes naturales.<br \/>\n3. Analizar los cambios en la producci\u00f3n textil a partir de la colonizaci\u00f3n y la introducci\u00f3n de t\u00e9cnicas y fibras europeas.<br \/>\n4. Comprender el surgimiento de las fibras industriales y su relaci\u00f3n con la industrializaci\u00f3n y el consumo moderno.<br \/>\n5. Explorar aproximaciones contempor\u00e1neas al textil, incluyendo biomateriales y propuestas orientadas al futuro del dise\u00f1o y la materia..<\/p>\n<p><\/td><\/tr><tr class='avia-heading-row'><th class=''>Temas<\/th><\/tr><tr class=''><td class=''>1. Fibras y materiales no hilados<br \/>\n1.1 Materiales no hilados<br \/>\n1.2 Primeras fibras<br \/>\n2. Fibras hiladas<br \/>\n2.1 T\u00e9cnicas textiles en Abya Yala<br \/>\n2.2 Algod\u00f3n<br \/>\n2.3 Chichicaxtle<br \/>\n2.4 Ixtle<br \/>\n2.5 Ornamentaci\u00f3n textil: Plumas y pelo de conejo.<br \/>\n2.6 Tintes naturales<br \/>\n3. Textil Poscolonial.<br \/>\n3.1 T\u00e9cnicas textiles europeas<br \/>\n3.2 Lana<br \/>\n3.3 Seda<br \/>\n3.4 Lino<br \/>\n4. Fibras industriales<br \/>\n4.1 Ray\u00f3n<br \/>\n4.2 Poli\u00e9ster<br \/>\n4.3 Nylon<br \/>\n4.4 Acryl\u00e1n<br \/>\n5. Futuro textil<br \/>\n5.1 Biomateriales y otras aproximaciones textiles<br \/>\n<\/td><\/tr><\/tbody><\/table><\/div><style type='text\/css'>.avia-table-3 td:nth-of-type(1):before { content: 'Descripci\u00f3n general'; } <\/style><br \/>\n<div style='padding-bottom:10px;font-size:30px;' class='av-special-heading av-special-heading-h3  blockquote modern-quote   av-inherit-size'><h3 class='av-special-heading-tag'  itemprop=\"headline\"  >Requisitos de inscripci\u00f3n<\/h3><div class='special-heading-border'><div class='special-heading-inner-border' ><\/div><\/div><\/div><br \/>\n<div class='avia-data-table-wrap avia_responsive_table'><table class='avia-table avia-data-table avia-table-4  avia_pricing_default'  itemscope=\"itemscope\" itemtype=\"https:\/\/schema.org\/Table\" ><tbody><tr class=''><td class=''>&#8211; Si tienes inter\u00e9s deber\u00e1s llenar el formulario con los datos completos que se encuentra en esta p\u00e1gina.<br \/>\n<\/td><\/tr><tr class=''><td class=''>&#8211; La lista de seleccionados se publicar\u00e1 en esta p\u00e1gina, tambi\u00e9n se les notificar\u00e1 v\u00eda correo electr\u00f3nico con los detalles de la actividad.<br \/>\n&#8211; Actividad gratuita.<br \/>\n&#8211; Los talleristas ser\u00e1n los responsables de realizar la selecci\u00f3n de alumnos bajo sus criterios.<br \/>\n<\/td><\/tr><\/tbody><\/table><\/div><style type='text\/css'><\/style><br \/>\n<div class='avia-data-table-wrap avia_responsive_table'><table class='avia-table avia-data-table avia-table-5  avia_pricing_default'  itemscope=\"itemscope\" itemtype=\"https:\/\/schema.org\/Table\" ><tbody><tr class='avia-heading-row'><th class=''>Criterios de selecci\u00f3n de alumnos<\/th><\/tr><tr class=''><td class=''>Dirigido a personas interesadas en el textil como pr\u00e1ctica hist\u00f3rica, cultural y pol\u00edtica.<br \/>\n<\/td><\/tr><\/tbody><\/table><\/div><style type='text\/css'>.avia-table-5 td:nth-of-type(1):before { content: 'Criterios de selecci\u00f3n de alumnos'; } <\/style><br \/>\n<div class='avia-data-table-wrap avia_responsive_table'><table class='avia-table avia-data-table avia-table-6  avia_pricing_default'  itemscope=\"itemscope\" itemtype=\"https:\/\/schema.org\/Table\" ><tbody><tr class='avia-heading-row'><th class=''>Nota para los seleccionados<\/th><\/tr><tr class=''><td class=''>&#8211; Clases presenciales en el sal\u00f3n de Usos m\u00faltiples del CaSa<br \/>\n&#8211; Se dejar\u00e1n ejercicios espec\u00edficos a cada estudiante, es fundamental realizarlos para continuar con la siguiente clase.<br \/>\n&#8211; Tener el compromiso y el tiempo para llevar a cabo el taller, ya que las inasistencias injustificadas ser\u00e1n motivo de suspensi\u00f3n y no podr\u00e1 ingresar a talleres futuros.<br \/>\n&#8211; Durante el taller nos estaremos comunicando por medio de mensajes en un grupo de WhatsApp, por ser una herramienta m\u00e1s r\u00e1pida para poder tener una mejor comunicaci\u00f3n con lo que respecta al taller.<br \/>\n&#8211; Actividad gratuita.<br \/>\n&#8211; Los talleristas ser\u00e1n los responsables de realizar la selecci\u00f3n de alumnos bajo sus criterios.<br \/>\n&#8211; La lista de seleccionados se publicar\u00e1 en esta p\u00e1gina, tambi\u00e9n se les notificar\u00e1 v\u00eda correo electr\u00f3nico con los detalles de la actividad.<br \/>\n<\/td><\/tr><\/tbody><\/table><\/div><style type='text\/css'>.avia-table-6 td:nth-of-type(1):before { content: 'Nota para los seleccionados'; } <\/style><br \/>\n<div id='av-masonry-1' class='av-masonry noHover av-fixed-size av-large-gap av-hover-overlay-active av-masonry-col-flexible av-caption-always av-caption-style- av-masonry-gallery  '  ><div class='av-masonry-container isotope av-js-disabled ' ><div class='av-masonry-entry isotope-item av-masonry-item-no-image '><\/div><a href=\"https:\/\/casa.oaxaca.gob.mx\/wp-content\/uploads\/2026\/01\/LuisRenteria_Cartel1-1030x685.jpg\" id='av-masonry-1-item-18221' data-av-masonry-item='18221' class='av-masonry-entry isotope-item post-18221 attachment type-attachment status-inherit hentry  av-masonry-item-with-image' title=\"\"  itemprop=\"thumbnailUrl\" ><div class='av-inner-masonry-sizer'><\/div><figure class='av-inner-masonry main_color'><div class=\"av-masonry-outerimage-container\"><div class=\"av-masonry-image-container\" style=\"background-image: url(https:\/\/casa.oaxaca.gob.mx\/wp-content\/uploads\/2026\/01\/LuisRenteria_Cartel1-705x469.jpg);\"><img decoding=\"async\" src=\"https:\/\/casa.oaxaca.gob.mx\/wp-content\/uploads\/2026\/01\/LuisRenteria_Cartel1-705x469.jpg\" title=\"LuisRenteria_Cartel1\" alt=\"\" \/><\/div><\/div><\/figure><\/a><!--end av-masonry entry--><a href=\"https:\/\/casa.oaxaca.gob.mx\/wp-content\/uploads\/2026\/01\/LuisRenteria_Cartel2-1030x685.jpg\" id='av-masonry-1-item-18222' data-av-masonry-item='18222' class='av-masonry-entry isotope-item post-18222 attachment type-attachment status-inherit hentry  av-masonry-item-with-image' title=\"\"  itemprop=\"thumbnailUrl\" ><div class='av-inner-masonry-sizer'><\/div><figure class='av-inner-masonry main_color'><div class=\"av-masonry-outerimage-container\"><div class=\"av-masonry-image-container\" style=\"background-image: url(https:\/\/casa.oaxaca.gob.mx\/wp-content\/uploads\/2026\/01\/LuisRenteria_Cartel2-705x469.jpg);\"><img decoding=\"async\" src=\"https:\/\/casa.oaxaca.gob.mx\/wp-content\/uploads\/2026\/01\/LuisRenteria_Cartel2-705x469.jpg\" title=\"LuisRenteria_Cartel2\" alt=\"\" \/><\/div><\/div><\/figure><\/a><!--end av-masonry entry--><\/div><\/div><\/p><\/div>\n","protected":false},"excerpt":{"rendered":"","protected":false},"author":1,"featured_media":18230,"comment_status":"open","ping_status":"open","sticky":false,"template":"","format":"standard","meta":{"_exactmetrics_skip_tracking":false,"_exactmetrics_sitenote_active":false,"_exactmetrics_sitenote_note":"","_exactmetrics_sitenote_category":0,"footnotes":""},"categories":[211,61,49,133],"tags":[],"class_list":["post-18219","post","type-post","status-publish","format-standard","has-post-thumbnail","hentry","category-211","category-colaboraciones","category-talleres","category-textil"],"_links":{"self":[{"href":"https:\/\/casa.oaxaca.gob.mx\/index.php?rest_route=\/wp\/v2\/posts\/18219","targetHints":{"allow":["GET"]}}],"collection":[{"href":"https:\/\/casa.oaxaca.gob.mx\/index.php?rest_route=\/wp\/v2\/posts"}],"about":[{"href":"https:\/\/casa.oaxaca.gob.mx\/index.php?rest_route=\/wp\/v2\/types\/post"}],"author":[{"embeddable":true,"href":"https:\/\/casa.oaxaca.gob.mx\/index.php?rest_route=\/wp\/v2\/users\/1"}],"replies":[{"embeddable":true,"href":"https:\/\/casa.oaxaca.gob.mx\/index.php?rest_route=%2Fwp%2Fv2%2Fcomments&post=18219"}],"version-history":[{"count":5,"href":"https:\/\/casa.oaxaca.gob.mx\/index.php?rest_route=\/wp\/v2\/posts\/18219\/revisions"}],"predecessor-version":[{"id":18388,"href":"https:\/\/casa.oaxaca.gob.mx\/index.php?rest_route=\/wp\/v2\/posts\/18219\/revisions\/18388"}],"wp:featuredmedia":[{"embeddable":true,"href":"https:\/\/casa.oaxaca.gob.mx\/index.php?rest_route=\/wp\/v2\/media\/18230"}],"wp:attachment":[{"href":"https:\/\/casa.oaxaca.gob.mx\/index.php?rest_route=%2Fwp%2Fv2%2Fmedia&parent=18219"}],"wp:term":[{"taxonomy":"category","embeddable":true,"href":"https:\/\/casa.oaxaca.gob.mx\/index.php?rest_route=%2Fwp%2Fv2%2Fcategories&post=18219"},{"taxonomy":"post_tag","embeddable":true,"href":"https:\/\/casa.oaxaca.gob.mx\/index.php?rest_route=%2Fwp%2Fv2%2Ftags&post=18219"}],"curies":[{"name":"wp","href":"https:\/\/api.w.org\/{rel}","templated":true}]}}