{"id":18773,"date":"2026-04-28T12:44:13","date_gmt":"2026-04-28T18:44:13","guid":{"rendered":"https:\/\/casa.oaxaca.gob.mx\/?p=18773"},"modified":"2026-04-28T12:44:13","modified_gmt":"2026-04-28T18:44:13","slug":"taller-presencial-la-importancia-de-documentar-los-conflictos-violencias-y-la-defensa-del-territorio-imparte-monica-gonzalez-islas","status":"publish","type":"post","link":"https:\/\/casa.oaxaca.gob.mx\/?p=18773","title":{"rendered":"Taller presencial. La importancia de documentar los conflictos, violencias y la defensa del territorio. Imparte: M\u00f3nica Gonz\u00e1lez Islas."},"content":{"rendered":"<\/div><\/div><\/div><!-- close content main div --><\/div><\/div><div id='av_section_1' class='avia-section main_color avia-section-no-padding avia-no-border-styling avia-full-stretch av-parallax-section avia-bg-style-parallax  av-minimum-height av-minimum-height-75 container_wrap fullsize' style = 'background-color: #000000; ' data-section-bg-repeat='stretch' ><div class='av-parallax' data-avia-parallax-ratio='0.3' ><div class='av-parallax-inner main_color  avia-full-stretch' style = 'background-color: #000000; background-repeat: no-repeat; background-image: url(https:\/\/casa.oaxaca.gob.mx\/wp-content\/uploads\/2026\/04\/La-importancia-de-documentar-los-conflictos-portada-scaled.jpg); background-attachment: scroll; background-position: bottom center; ' ><\/div><\/div><div class='container' ><div class='template-page content  av-content-full alpha units'><div class='post-entry post-entry-type-page post-entry-18773'><div class='entry-content-wrapper clearfix'>\n<div style='padding-bottom:10px;color:#ffffff;font-size:50px;' class='av-special-heading av-special-heading-h3 custom-color-heading blockquote modern-quote  av-inherit-size'><h3 class='av-special-heading-tag'  itemprop=\"headline\"  >Taller presencial. La importancia de documentar los conflictos, violencias y la defensa del territorio.<\/h3><div class ='av-subheading av-subheading_below av_custom_color' style='font-size:25px;'><p>Imparte: M\u00f3nica Gonz\u00e1lez Islas.<\/p>\n<\/div><div class='special-heading-border'><div class='special-heading-inner-border' style='border-color:#ffffff'><\/div><\/div><\/div>\n\n<\/div><\/div><\/div><!-- close content main div --><\/div><\/div><div id='av-layout-grid-1' class='av-layout-grid-container entry-content-wrapper main_color av-flex-cells  container_wrap fullsize'   >\n<div class=\"flex_cell no_margin av_one_full   \" style='vertical-align:top; padding:30px; background-color:#ED9600; '><div class='flex_cell_inner' ><p><div class=\"flex_column av_one_fourth  flex_column_div av-zero-column-padding first  \" style='border-radius:0px; '><div style='padding-bottom:10px;color:#ffffff;' class='av-special-heading av-special-heading-h3 custom-color-heading blockquote modern-quote '><h3 class='av-special-heading-tag'  itemprop=\"headline\"  >Cierre de inscripciones<\/h3><div class ='av-subheading av-subheading_below av_custom_color' style='font-size:20px;'><p>Domingo 8 de noviembre de 2026<\/p>\n<p>Publicaci\u00f3n de resultados<br \/>\nMi\u00e9rcoles 11 de noviembre de 2026<\/p>\n<\/div><div class='special-heading-border'><div class='special-heading-inner-border' style='border-color:#ffffff'><\/div><\/div><\/div><\/div><div class=\"flex_column av_one_fourth  flex_column_div av-zero-column-padding   \" style='border-radius:0px; '><div style='padding-bottom:10px;color:#ffffff;' class='av-special-heading av-special-heading-h3 custom-color-heading blockquote modern-quote '><h3 class='av-special-heading-tag'  itemprop=\"headline\"  >Fechas<\/h3><div class ='av-subheading av-subheading_below av_custom_color' style='font-size:20px;'><p>Lunes a viernes<br \/>\nDel 23 al 27 de noviembre de 2026<\/p>\n<\/div><div class='special-heading-border'><div class='special-heading-inner-border' style='border-color:#ffffff'><\/div><\/div><\/div><\/div><div class=\"flex_column av_one_fourth  flex_column_div av-zero-column-padding   \" style='border-radius:0px; '><div style='padding-bottom:10px;color:#ffffff;' class='av-special-heading av-special-heading-h3 custom-color-heading blockquote modern-quote  '><h3 class='av-special-heading-tag'  itemprop=\"headline\"  >Horario<\/h3><div class ='av-subheading av-subheading_below av_custom_color' style='font-size:20px;'><p>De 10 a 14 h<\/p>\n<\/div><div class='special-heading-border'><div class='special-heading-inner-border' style='border-color:#ffffff'><\/div><\/div><\/div><\/div><div class=\"flex_column av_one_fourth  flex_column_div av-zero-column-padding   \" style='border-radius:0px; '><section class=\"avia_codeblock_section avia_code_block_0\"  itemscope=\"itemscope\" itemtype=\"https:\/\/schema.org\/BlogPosting\" itemprop=\"blogPost\" ><div class='avia_codeblock '  itemprop=\"text\" > [avia_codeblock_placeholder uid=\"0\"] <\/div><\/section><\/div><\/p>\n<\/div><\/div><\/div><div class=\"flex_column av_two_fifth  flex_column_div av-zero-column-padding first  \" style='border-radius:0px; '><p><div class='av-social-sharing-box '><div class='av-share-box'><h5 class='av-share-link-description'>Compartir esta actividad<\/h5><ul class='av-share-box-list noLightbox'><li class='av-share-link av-social-link-facebook' ><a target='_blank' href='http:\/\/www.facebook.com\/sharer.php?u=https:\/\/casa.oaxaca.gob.mx\/?p=18773&amp;t=Taller%20presencial.%20La%20importancia%20de%20documentar%20los%20conflictos%2C%20violencias%20y%20la%20defensa%20del%20territorio.%20Imparte%3A%20M%C3%B3nica%20Gonz%C3%A1lez%20Islas.' aria-hidden='true' data-av_icon='\ue8f3' data-av_iconfont='entypo-fontello' title='' data-avia-related-tooltip='Share on Facebook'><span class='avia_hidden_link_text'>Share on Facebook<\/span><\/a><\/li><li class='av-share-link av-social-link-twitter' ><a target='_blank' href='https:\/\/twitter.com\/share?text=Taller%20presencial.%20La%20importancia%20de%20documentar%20los%20conflictos%2C%20violencias%20y%20la%20defensa%20del%20territorio.%20Imparte%3A%20M%C3%B3nica%20Gonz%C3%A1lez%20Islas.&url=https:\/\/casa.oaxaca.gob.mx\/?p=18773' aria-hidden='true' data-av_icon='\ue8f1' data-av_iconfont='entypo-fontello' title='' data-avia-related-tooltip='Share on Twitter'><span class='avia_hidden_link_text'>Share on Twitter<\/span><\/a><\/li><li class='av-share-link av-social-link-gplus' ><a target='_blank' href='https:\/\/plus.google.com\/share?url=https:\/\/casa.oaxaca.gob.mx\/?p=18773' aria-hidden='true' data-av_icon='\ue8f6' data-av_iconfont='entypo-fontello' title='' data-avia-related-tooltip='Share on Google+'><span class='avia_hidden_link_text'>Share on Google+<\/span><\/a><\/li><li class='av-share-link av-social-link-pinterest' ><a target='_blank' href='http:\/\/pinterest.com\/pin\/create\/button\/?url=https%3A%2F%2Fcasa.oaxaca.gob.mx%2F%3Fp%3D18773&amp;description=Taller%20presencial.%20La%20importancia%20de%20documentar%20los%20conflictos%2C%20violencias%20y%20la%20defensa%20del%20territorio.%20Imparte%3A%20M%C3%B3nica%20Gonz%C3%A1lez%20Islas.&amp;media=https%3A%2F%2Fcasa.oaxaca.gob.mx%2Fwp-content%2Fuploads%2F2026%2F04%2FLa-importancia-de-documentar-los-conflictos-abierta-705x484.jpg' aria-hidden='true' data-av_icon='\ue8f8' data-av_iconfont='entypo-fontello' title='' data-avia-related-tooltip='Share on Pinterest'><span class='avia_hidden_link_text'>Share on Pinterest<\/span><\/a><\/li><li class='av-share-link av-social-link-mail' ><a  href='mailto:?subject=Taller%20presencial.%20La%20importancia%20de%20documentar%20los%20conflictos%2C%20violencias%20y%20la%20defensa%20del%20territorio.%20Imparte%3A%20M%C3%B3nica%20Gonz%C3%A1lez%20Islas.&amp;body=https:\/\/casa.oaxaca.gob.mx\/?p=18773' aria-hidden='true' data-av_icon='\ue805' data-av_iconfont='entypo-fontello' title='' data-avia-related-tooltip='Share by Mail'><span class='avia_hidden_link_text'>Share by Mail<\/span><\/a><\/li><\/ul><\/div><\/div><br \/>\n<div  class='hr hr-default '><span class='hr-inner ' ><span class='hr-inner-style'><\/span><\/span><\/div><br \/>\n<div style='padding-bottom:10px;font-size:30px;' class='av-special-heading av-special-heading-h3  blockquote modern-quote   av-inherit-size'><h3 class='av-special-heading-tag'  itemprop=\"headline\"  >Sobre la tallerista<\/h3><div class='special-heading-border'><div class='special-heading-inner-border' ><\/div><\/div><\/div><br \/>\n<div class='avia-data-table-wrap avia_responsive_table'><table class='avia-table avia-data-table avia-table-1  avia_pricing_default'  itemscope=\"itemscope\" itemtype=\"https:\/\/schema.org\/Table\" ><tbody><tr class='avia-heading-row'><th class=''>M\u00f3nica Gonz\u00e1lez Islas (Ciudad de M\u00e9xico, 1976)<\/th><\/tr><tr class=''><td class=''>Fot\u00f3grafa y documentalista mexicana enfocada en temas sociales y pol\u00edticos en M\u00e9xico y Am\u00e9rica Latina, como migraci\u00f3n, g\u00e9nero, derechos humanos y violencia. Ha colaborado con la Red de Periodistas de a Pie, el Centro Latinoamericano de Investigaci\u00f3n Period\u00edstica (CLIP), Quinto Elemento Lab y A d\u00f3nde van los desaparecidos. Actualmente es editora de El Pa\u00eds M\u00e9xico y Am\u00e9rica.<\/p>\n<p>Ha producido y editado proyectos reconocidos con el Premio Breach-Valdez de Periodismo y Derechos Humanos (2025) por el reportaje Tragedia en la c\u00e1rcel de mujeres: as\u00ed estall\u00f3 la ola de suicidios en el Cefereso 16; el Premio Gabo (2021), categor\u00eda Texto, por La masacre de Tamaulipas: el sue\u00f1o americano muere en M\u00e9xico; el Premio Gabo (2020) a la mejor cobertura por Frontera Sur. La frontera desconocida de Am\u00e9rica, realizado por periodistas de EL PA\u00cdS Am\u00e9rica en alianza con reporteros de El Faro, de El Salvador; el Premio Gabo (2019), categor\u00eda Cobertura, por El pa\u00eds de las dos mil fosas; el Premio Gabo (2019), categor\u00eda Innovaci\u00f3n, por Mujeres en la vitrina, migraci\u00f3n en manos de la trata (zonadivas.info); el Premio Gabo (2017), categor\u00eda Imagen, por Buscadores en un pa\u00eds de desaparecidos; y el Premio Nacional de Periodismo (2011), categor\u00eda Fotograf\u00eda, por Geograf\u00eda del Dolor, recopilaci\u00f3n de testimonios de v\u00edctimas de la violencia en M\u00e9xico.<\/p>\n<p>Entre sus becas y nominaciones destacan: Women in Photography: 34 Voices From Around the World (2016); becaria del programa Adelante del International Women\u2019s Media Foundation (IWMF) (2019) para formaci\u00f3n en cobertura de riesgo; J\u00f3venes Creadores FONCA-CONACULTA (2009\u20132010) con el proyecto El Sentido Anat\u00f3mico, la transexualidad, el nuevo n\u00facleo familiar y la vida cotidiana; Programa de Fomento a Proyectos y Coinversiones Culturales (2014) con Geograf\u00eda del Dolor (geografiadeldolor.com); seleccionada en Visionado PhotoEspa\u00f1a (El Rosario, Argentina, 2014) con la serie El Camino de la Ausencia sobre violencia y territorio en M\u00e9xico; y selecci\u00f3n DHFEST (2014) con el proyecto Fr\u00edo en el Alma.<\/p>\n<p>En su formaci\u00f3n acad\u00e9mica y profesional: seleccionada en el Seminario de Violencia y Paz de El Colegio de M\u00e9xico (2024); becaria del Programa Prensa y Democracia de la Universidad Iberoamericana (2017); diplomado en Fotonarrativa Multimedia en la Fundaci\u00f3n Pedro Meyer con apoyo de World Press Photo (2009); diplomado en Estrategia de Cobertura Period\u00edstica en \u00c1reas de Riesgo del Knight Center for Journalism in the Americas, University of Texas at Austin (2008); Taller de Realizaci\u00f3n Web; diplomado en Realizaci\u00f3n Cinematogr\u00e1fica en la Academia de San Carlos, UNAM (2005); curso de Fotograf\u00eda Digital por The Dallas Morning News en M\u00e9xico (2001); y egresada de Ciencias de la Comunicaci\u00f3n por la Facultad de Ciencias Pol\u00edticas y Sociales de la Universidad Nacional Aut\u00f3noma de M\u00e9xico (2000).<\/p>\n<p>Ha participado en exposiciones como la colectiva Tomarlo Todo dentro del Festival de Arte y Ciencia El Aleph (UNAM, 2023); Geograf\u00eda del Dolor en el Festival Acampa Coru\u00f1a, Espa\u00f1a (2023); la colectiva Migra _ \u00d3N, coproducci\u00f3n del Centro de la Imagen y Casa del Lago UNAM en el contexto de Foto M\u00e9xico 2019, junto a Pablo Allison, Cristina de Middel, Edu Le\u00f3n, Pedro Pardo y Fred Ramos; y la exposici\u00f3n individual Geograf\u00eda del Dolor en el Museo Memoria y Tolerancia (2014). Asimismo, fue curadora de La Mirada, La C\u00e1mara y la Fotograf\u00eda (2019) y Encuadres y Miradas (2020), organizadas por el Colectivo Desde Nosotras en la galer\u00eda en las rejas del Bosque de Chapultepec, Ciudad de M\u00e9xico.<br \/>\n<\/td><\/tr><\/tbody><\/table><\/div><style type='text\/css'>.avia-table-1 td:nth-of-type(1):before { content: 'M\u00f3nica Gonz\u00e1lez Islas (Ciudad de M\u00e9xico, 1976)'; } <\/style><\/p><\/div><div class=\"flex_column av_three_fifth  flex_column_div av-zero-column-padding   \" style='border-radius:0px; '><p><div style='padding-bottom:10px;font-size:30px;' class='av-special-heading av-special-heading-h3  blockquote modern-quote   av-inherit-size'><h3 class='av-special-heading-tag'  itemprop=\"headline\"  >Acerca del taller<\/h3><div class='special-heading-border'><div class='special-heading-inner-border' ><\/div><\/div><\/div><br \/>\n<div class='avia-data-table-wrap avia_responsive_table'><table class='avia-table avia-data-table avia-table-2  avia_pricing_default'  itemscope=\"itemscope\" itemtype=\"https:\/\/schema.org\/Table\" ><tbody><tr class=''><td class=''>Dirigido a estudiantes o profesionales de artes visuales, fotograf\u00eda, afines.<\/td><\/tr><tr class=''><td class=''>Narraci\u00f3n de historias en fotograf\u00eda y video, enfocados en los derechos humanos y la dignidad de las personas.<\/p>\n<p><\/td><\/tr><\/tbody><\/table><\/div><style type='text\/css'><\/style><br \/>\n<div class='avia-data-table-wrap avia_responsive_table'><table class='avia-table avia-data-table avia-table-3  avia_pricing_default'  itemscope=\"itemscope\" itemtype=\"https:\/\/schema.org\/Table\" ><tbody><tr class='avia-heading-row'><th class=''>Descripci\u00f3n general<\/th><\/tr><tr class=''><td class=''>El taller tiene como finalidad reflexionar con estudiantes de fotograf\u00eda y artes visuales sobre la narraci\u00f3n de historias en fotograf\u00eda y video, con enfoque en los derechos humanos y la dignidad de las personas. Busca sensibilizar en la creaci\u00f3n de proyectos sociales que involucren a la comunidad, rechazando la violencia y la revictimizaci\u00f3n, y promoviendo la igualdad y el respeto. Parte de la idea de que la educaci\u00f3n fomenta una cultura de paz entendida no s\u00f3lo como ausencia de conflicto, sino como un estado que impulsa justicia, cooperaci\u00f3n, comprensi\u00f3n de diferencias y una visibilidad construida desde la \u00e9tica y la responsabilidad.<\/td><\/tr><tr class='avia-heading-row'><th class=''>Objetivo general<\/th><\/tr><tr class=''><td class=''>1. Reflexionar sobre el proceso de narraci\u00f3n de historias en fotograf\u00eda y video, enfocados en los derechos humanos<br \/>\n2. Documentar la vulnerabilidad sin afectar la dignidad de las personas<br \/>\n3. Sensibilizar la realizaci\u00f3n de proyectos de contenido social<br \/>\n4. Promoci\u00f3n de la cultura de paz<br \/>\n<\/td><\/tr><tr class='avia-heading-row'><th class=''>Temas<\/th><\/tr><tr class=''><td class=''>1. Documentar un conflicto armado,<br \/>\n2. Documentar la defensa del territorio,<br \/>\n3. Documentar movilidad y desplazamiento<br \/>\n<\/td><\/tr><\/tbody><\/table><\/div><style type='text\/css'>.avia-table-3 td:nth-of-type(1):before { content: 'Descripci\u00f3n general'; } <\/style><br \/>\n<div style='padding-bottom:10px;font-size:30px;' class='av-special-heading av-special-heading-h3  blockquote modern-quote   av-inherit-size'><h3 class='av-special-heading-tag'  itemprop=\"headline\"  >Requisitos de inscripci\u00f3n<\/h3><div class='special-heading-border'><div class='special-heading-inner-border' ><\/div><\/div><\/div><br \/>\n<div class='avia-data-table-wrap avia_responsive_table'><table class='avia-table avia-data-table avia-table-4  avia_pricing_default'  itemscope=\"itemscope\" itemtype=\"https:\/\/schema.org\/Table\" ><tbody><tr class=''><td class=''>&#8211; Si tienes inter\u00e9s deber\u00e1s llenar el formulario con los datos completos que se encuentra en esta p\u00e1gina.<br \/>\n<\/td><\/tr><tr class=''><td class=''>&#8211; Contar con el archivo adjunto que solicita la convocatoria<br \/>\n&#8211; Es importante que al llenar el formulario ya tenga preparado el PDF con el proyecto fotogr\u00e1fico que se est\u00e1 solicitando, de lo contrario no podr\u00e1 concluir su registro.<br \/>\n<\/td><\/tr><\/tbody><\/table><\/div><style type='text\/css'><\/style><br \/>\n<div class='avia-data-table-wrap avia_responsive_table'><table class='avia-table avia-data-table avia-table-5  avia_pricing_default'  itemscope=\"itemscope\" itemtype=\"https:\/\/schema.org\/Table\" ><tbody><tr class='avia-heading-row'><th class=''>Criterios de selecci\u00f3n de alumnos<\/th><\/tr><tr class=''><td class=''>&#8211; Dirigido a estudiantes o profesionales de artes visuales, fotograf\u00eda, afines.<br \/>\n&#8211; Mayores de edad y conocimientos b\u00e1sicos de fotograf\u00eda<br \/>\n&#8211; Un proyecto fotogr\u00e1fico en desarrollo en un archivo PDF<br \/>\n<\/td><\/tr><\/tbody><\/table><\/div><style type='text\/css'>.avia-table-5 td:nth-of-type(1):before { content: 'Criterios de selecci\u00f3n de alumnos'; } <\/style><br \/>\n<div class='avia-data-table-wrap avia_responsive_table'><table class='avia-table avia-data-table avia-table-6  avia_pricing_default'  itemscope=\"itemscope\" itemtype=\"https:\/\/schema.org\/Table\" ><tbody><tr class='avia-heading-row'><th class=''>Materiales que tiene que traer el alumno<\/th><\/tr><tr class=''><td class=''>Proyecto fotogr\u00e1fico en desarrollo.<\/td><\/tr><\/tbody><\/table><\/div><style type='text\/css'>.avia-table-6 td:nth-of-type(1):before { content: 'Materiales que tiene que traer el alumno'; } <\/style><br \/>\n<div class='avia-data-table-wrap avia_responsive_table'><table class='avia-table avia-data-table avia-table-7  avia_pricing_default'  itemscope=\"itemscope\" itemtype=\"https:\/\/schema.org\/Table\" ><tbody><tr class='avia-heading-row'><th class=''>Nota para los seleccionados<\/th><\/tr><tr class=''><td class=''>&#8211; Clases presenciales en el sal\u00f3n de usos m\u00faltiple del CaSa<br \/>\n&#8211; Se dejar\u00e1n ejercicios espec\u00edficos a cada estudiante, es fundamental realizarlos para continuar con la siguiente clase.<br \/>\n&#8211; Tener el compromiso y el tiempo para llevar a cabo el taller, ya que las inasistencias injustificadas ser\u00e1n motivo de suspensi\u00f3n y no podr\u00e1 ingresar a talleres futuros.<br \/>\n&#8211; Durante el taller nos estaremos comunicando por medio de mensajes en un grupo de WhatsApp, por ser una herramienta m\u00e1s r\u00e1pida para poder tener una mejor comunicaci\u00f3n con lo que respecta al taller.<br \/>\n&#8211; Actividad gratuita.<br \/>\n&#8211; Los talleristas ser\u00e1n los responsables de realizar la selecci\u00f3n de alumnos bajo sus criterios.<br \/>\n&#8211; La lista de seleccionados se publicar\u00e1 en esta p\u00e1gina, tambi\u00e9n se les notificar\u00e1 v\u00eda correo electr\u00f3nico con los detalles de la actividad.<br \/>\n<\/td><\/tr><\/tbody><\/table><\/div><style type='text\/css'>.avia-table-7 td:nth-of-type(1):before { content: 'Nota para los seleccionados'; } <\/style><\/p><\/div><\/p>\n","protected":false},"excerpt":{"rendered":"","protected":false},"author":1,"featured_media":18727,"comment_status":"open","ping_status":"open","sticky":false,"template":"","format":"standard","meta":{"_exactmetrics_skip_tracking":false,"_exactmetrics_sitenote_active":false,"_exactmetrics_sitenote_note":"","_exactmetrics_sitenote_category":0,"footnotes":""},"categories":[211,57,49],"tags":[],"class_list":["post-18773","post","type-post","status-publish","format-standard","has-post-thumbnail","hentry","category-211","category-fotografia","category-talleres"],"_links":{"self":[{"href":"https:\/\/casa.oaxaca.gob.mx\/index.php?rest_route=\/wp\/v2\/posts\/18773","targetHints":{"allow":["GET"]}}],"collection":[{"href":"https:\/\/casa.oaxaca.gob.mx\/index.php?rest_route=\/wp\/v2\/posts"}],"about":[{"href":"https:\/\/casa.oaxaca.gob.mx\/index.php?rest_route=\/wp\/v2\/types\/post"}],"author":[{"embeddable":true,"href":"https:\/\/casa.oaxaca.gob.mx\/index.php?rest_route=\/wp\/v2\/users\/1"}],"replies":[{"embeddable":true,"href":"https:\/\/casa.oaxaca.gob.mx\/index.php?rest_route=%2Fwp%2Fv2%2Fcomments&post=18773"}],"version-history":[{"count":3,"href":"https:\/\/casa.oaxaca.gob.mx\/index.php?rest_route=\/wp\/v2\/posts\/18773\/revisions"}],"predecessor-version":[{"id":18789,"href":"https:\/\/casa.oaxaca.gob.mx\/index.php?rest_route=\/wp\/v2\/posts\/18773\/revisions\/18789"}],"wp:featuredmedia":[{"embeddable":true,"href":"https:\/\/casa.oaxaca.gob.mx\/index.php?rest_route=\/wp\/v2\/media\/18727"}],"wp:attachment":[{"href":"https:\/\/casa.oaxaca.gob.mx\/index.php?rest_route=%2Fwp%2Fv2%2Fmedia&parent=18773"}],"wp:term":[{"taxonomy":"category","embeddable":true,"href":"https:\/\/casa.oaxaca.gob.mx\/index.php?rest_route=%2Fwp%2Fv2%2Fcategories&post=18773"},{"taxonomy":"post_tag","embeddable":true,"href":"https:\/\/casa.oaxaca.gob.mx\/index.php?rest_route=%2Fwp%2Fv2%2Ftags&post=18773"}],"curies":[{"name":"wp","href":"https:\/\/api.w.org\/{rel}","templated":true}]}}