{"id":3886,"date":"2018-04-02T12:25:16","date_gmt":"2018-04-02T17:25:16","guid":{"rendered":"https:\/\/casa.oaxaca.gob.mx\/?p=3886"},"modified":"2018-08-28T16:34:50","modified_gmt":"2018-08-28T21:34:50","slug":"curso-estetica-e-historia-del-arte","status":"publish","type":"post","link":"https:\/\/casa.oaxaca.gob.mx\/?p=3886","title":{"rendered":"Curso: Est\u00e9tica e historia del arte"},"content":{"rendered":"<\/div><\/div><\/div><!-- close content main div --><\/div><\/div><div id='av_section_1' class='avia-section main_color avia-section-no-padding avia-no-border-styling avia-full-stretch av-parallax-section avia-bg-style-parallax  av-minimum-height av-minimum-height-75 container_wrap fullsize'  data-section-bg-repeat='stretch' ><div class='av-parallax' data-avia-parallax-ratio='0.3' ><div class='av-parallax-inner main_color  avia-full-stretch' style = 'background-repeat: no-repeat; background-image: url(https:\/\/casa.oaxaca.gob.mx\/wp-content\/uploads\/2018\/04\/CyH-uT0UcAAP_Gh.jpg); background-attachment: scroll; background-position: bottom center; ' ><\/div><\/div><div class='container' ><div class='template-page content  av-content-full alpha units'><div class='post-entry post-entry-type-page post-entry-3886'><div class='entry-content-wrapper clearfix'>\n<div style='padding-bottom:10px;color:#020202;font-size:50px;' class='av-special-heading av-special-heading-h3 custom-color-heading blockquote modern-quote  av-inherit-size'><h3 class='av-special-heading-tag'  itemprop=\"headline\"  >Curso: Est\u00e9tica e historia del arte<\/h3><div class ='av-subheading av-subheading_below av_custom_color' style='font-size:25px;'><p>Lic. Ingrid Margarita Sosa Ehnis<\/p>\n<\/div><div class='special-heading-border'><div class='special-heading-inner-border' style='border-color:#020202'><\/div><\/div><\/div>\n\n<\/div><\/div><\/div><!-- close content main div --><\/div><\/div><div id='av-layout-grid-1' class='av-layout-grid-container entry-content-wrapper main_color av-flex-cells  container_wrap fullsize'   >\n<div class=\"flex_cell no_margin av_one_full   \" style='vertical-align:top; padding:30px; background-color:#ED9600; '><div class='flex_cell_inner' ><p><div class='flex_column_table av-equal-height-column-flextable' ><div class=\"flex_column av_one_fourth  flex_column_table_cell av-equal-height-column av-align-top av-zero-column-padding first  \" style='border-radius:0px; '><div style='padding-bottom:10px;color:#ffffff;' class='av-special-heading av-special-heading-h3 custom-color-heading blockquote modern-quote '><h3 class='av-special-heading-tag'  itemprop=\"headline\"  >Cierre de inscipciones<\/h3><div class ='av-subheading av-subheading_below av_custom_color' style='font-size:20px;'><p>viernes 11de mayo de 2018<\/p>\n<\/div><div class='special-heading-border'><div class='special-heading-inner-border' style='border-color:#ffffff'><\/div><\/div><\/div><\/div><div class='av-flex-placeholder'><\/div><div class=\"flex_column av_one_fourth  flex_column_table_cell av-equal-height-column av-align-top av-zero-column-padding   \" style='border-radius:0px; '><div style='padding-bottom:10px;color:#ffffff;' class='av-special-heading av-special-heading-h3 custom-color-heading blockquote modern-quote '><h3 class='av-special-heading-tag'  itemprop=\"headline\"  >Fechas<\/h3><div class ='av-subheading av-subheading_below av_custom_color' style='font-size:20px;'><p>Lunes a viernes:<br \/>\nDel 21 al 25 de myo de 2018<\/p>\n<\/div><div class='special-heading-border'><div class='special-heading-inner-border' style='border-color:#ffffff'><\/div><\/div><\/div><\/div><div class='av-flex-placeholder'><\/div><div class=\"flex_column av_one_fourth  flex_column_table_cell av-equal-height-column av-align-top av-zero-column-padding   \" style='border-radius:0px; '><div style='padding-bottom:10px;color:#ffffff;' class='av-special-heading av-special-heading-h3 custom-color-heading blockquote modern-quote '><h3 class='av-special-heading-tag'  itemprop=\"headline\"  >Horario<\/h3><div class ='av-subheading av-subheading_below av_custom_color' style='font-size:20px;'><p>De 10:00 a 14:00 hrs<\/p>\n<\/div><div class='special-heading-border'><div class='special-heading-inner-border' style='border-color:#ffffff'><\/div><\/div><\/div><\/div><div class='av-flex-placeholder'><\/div><div class=\"flex_column av_one_fourth  flex_column_table_cell av-equal-height-column av-align-top av-zero-column-padding   \" style='border-radius:0px; '><div class='avia-button-wrap avia-button-center '><a href='https:\/\/goo.gl\/forms\/Bx62ShvUkxYs02rE3' class='avia-button avia-button-fullwidth  avia-icon_select-no avia-color-custom '  target=\"_blank\"  style='color:#020202; background-color:#ffffff;  ' ><span class='avia_iconbox_title' >Inscr\u00edbete<\/span><span class='avia_button_background avia-button avia-button-fullwidth avia-color-custom' style='background-color:#1efff7; '><\/span><\/a><\/div><\/div><\/div><!--close column table wrapper. Autoclose:  --><\/p>\n<\/div><\/div>\n<\/div>\n<div class=\"flex_column av_two_fifth  flex_column_div av-zero-column-padding first  \" style='border-radius:0px; '><p><div class='av-social-sharing-box '><div class='av-share-box'><h5 class='av-share-link-description'>Compartir esta actividad<\/h5><ul class='av-share-box-list noLightbox'><li class='av-share-link av-social-link-facebook' ><a target='_blank' href='http:\/\/www.facebook.com\/sharer.php?u=https:\/\/casa.oaxaca.gob.mx\/?p=3886&amp;t=Curso%3A%20Est%C3%A9tica%20e%20historia%20del%20arte' aria-hidden='true' data-av_icon='\ue8f3' data-av_iconfont='entypo-fontello' title='' data-avia-related-tooltip='Share on Facebook'><span class='avia_hidden_link_text'>Share on Facebook<\/span><\/a><\/li><li class='av-share-link av-social-link-twitter' ><a target='_blank' href='https:\/\/twitter.com\/share?text=Curso%3A%20Est%C3%A9tica%20e%20historia%20del%20arte&url=https:\/\/casa.oaxaca.gob.mx\/?p=3886' aria-hidden='true' data-av_icon='\ue8f1' data-av_iconfont='entypo-fontello' title='' data-avia-related-tooltip='Share on Twitter'><span class='avia_hidden_link_text'>Share on Twitter<\/span><\/a><\/li><li class='av-share-link av-social-link-gplus' ><a target='_blank' href='https:\/\/plus.google.com\/share?url=https:\/\/casa.oaxaca.gob.mx\/?p=3886' aria-hidden='true' data-av_icon='\ue8f6' data-av_iconfont='entypo-fontello' title='' data-avia-related-tooltip='Share on Google+'><span class='avia_hidden_link_text'>Share on Google+<\/span><\/a><\/li><li class='av-share-link av-social-link-pinterest' ><a target='_blank' href='http:\/\/pinterest.com\/pin\/create\/button\/?url=https%3A%2F%2Fcasa.oaxaca.gob.mx%2F%3Fp%3D3886&amp;description=Curso%3A%20Est%C3%A9tica%20e%20historia%20del%20arte&amp;media=https%3A%2F%2Fcasa.oaxaca.gob.mx%2Fwp-content%2Fuploads%2F2018%2F04%2FCyH-uT0UcAAP_Gh-705x470.jpg' aria-hidden='true' data-av_icon='\ue8f8' data-av_iconfont='entypo-fontello' title='' data-avia-related-tooltip='Share on Pinterest'><span class='avia_hidden_link_text'>Share on Pinterest<\/span><\/a><\/li><li class='av-share-link av-social-link-mail' ><a  href='mailto:?subject=Curso%3A%20Est%C3%A9tica%20e%20historia%20del%20arte&amp;body=https:\/\/casa.oaxaca.gob.mx\/?p=3886' aria-hidden='true' data-av_icon='\ue805' data-av_iconfont='entypo-fontello' title='' data-avia-related-tooltip='Share by Mail'><span class='avia_hidden_link_text'>Share by Mail<\/span><\/a><\/li><\/ul><\/div><\/div><br \/>\n<div  class='hr hr-default '><span class='hr-inner ' ><span class='hr-inner-style'><\/span><\/span><\/div><br \/>\n<div style='padding-bottom:10px;font-size:30px;' class='av-special-heading av-special-heading-h3  blockquote modern-quote   av-inherit-size'><h3 class='av-special-heading-tag'  itemprop=\"headline\"  >Sobre el tallerista<\/h3><div class='special-heading-border'><div class='special-heading-inner-border' ><\/div><\/div><\/div><br \/>\n<section class=\"av_textblock_section\"  itemscope=\"itemscope\" itemtype=\"https:\/\/schema.org\/BlogPosting\" itemprop=\"blogPost\" ><div class='avia_textblock '   itemprop=\"text\" ><p><img loading=\"lazy\" decoding=\"async\" class=\"alignnone size-full wp-image-3889\" src=\"https:\/\/casa.oaxaca.gob.mx\/wp-content\/uploads\/2018\/04\/sosa_ingrid.jpg\" alt=\"\" width=\"150\" height=\"225\" \/><\/p>\n<p><strong>Ingrid Margarita Sosa Ehnis<\/strong><\/p>\n<p>Es Licenciada en Artes Visuales por la Escuela Nacional de Artes Pl\u00e1sticas de la UNAM. Ha participado en distintos proyectos educativos y de p\u00fablicos de diferentes museos, como son el Museo Soumaya y el Museo Jumex. Actualmente es docente en la Facultad de Artes y Dise\u00f1o de la UNAM impartiendo materias te\u00f3ricas dentro de las tres licenciaturas. Ha participado en distintos proyectos educativos, art\u00edsticos y curatoriales en instituciones p\u00fablicas y privadas, as\u00ed como en varias exposiciones colectivas.<\/p>\n<\/div><\/section><\/p><\/div>\n<div class=\"flex_column av_three_fifth  flex_column_div av-zero-column-padding   \" style='border-radius:0px; '><p><div style='padding-bottom:10px;font-size:30px;' class='av-special-heading av-special-heading-h3  blockquote modern-quote  av-inherit-size'><h3 class='av-special-heading-tag'  itemprop=\"headline\"  >Aceptados al taller<\/h3><div class='special-heading-border'><div class='special-heading-inner-border' ><\/div><\/div><\/div><br \/>\n<section class=\"av_textblock_section\"  itemscope=\"itemscope\" itemtype=\"https:\/\/schema.org\/BlogPosting\" itemprop=\"blogPost\" ><div class='avia_textblock '   itemprop=\"text\" ><p>Zayra Castillejos Cabrera<\/p>\n<p>Claudia Susana Andal\u00f3n Delgadillo<\/p>\n<p>julio Cesar Santos Cruz<\/p>\n<p>Alejandra Ariel G\u00f3mez S\u00e1nchez<\/p>\n<p>Ivonne Amparo Gallegos Carrasco<\/p>\n<p>Mar\u00eda del Roc\u00edo Barrita Mat\u00edas<\/p>\n<p>Anjuli Mart\u00ednez Rom\u00e1n<\/p>\n<p>Victoria Paz Andrade Gimpel<\/p>\n<p>Soledad V\u00e1zquez Balderas<\/p>\n<p>In\u00e9s Ram\u00edrez Lara<\/p>\n<p>Zeferino Clemente Mendoza Bautista<\/p>\n<p>Flor Elizabeth Salazar Valseca<\/p>\n<p>Elizabeth Mart\u00ednez Garc\u00eda<\/p>\n<p>Enriquecer la producci\u00f3n art\u00edstica mediante las intersecciones te\u00f3ricas que la est\u00e9tica, la teor\u00eda del arte y la historia brindan para el quehacer art\u00edstico.<\/p>\n<\/div><\/section><br \/>\n<div class='avia-data-table-wrap avia_responsive_table'><table class='avia-table avia-data-table avia-table-1  avia_pricing_default'  itemscope=\"itemscope\" itemtype=\"https:\/\/schema.org\/Table\" ><tbody><tr class='avia-heading-row'><th class=''>Temas a tratar:<\/th><\/tr><tr class=''><td class=''>a) \u00bfC\u00f3mo surge la relaci\u00f3n entre est\u00e9tica, historia y producci\u00f3n art\u00edstica?<br \/>\no El arte como una invenci\u00f3n moderna<br \/>\no \u00bfQu\u00e9 es modernidad? componentes, autores, idea\u2026<br \/>\no Arte y Poder<\/p>\n<p>b) Recorrido hist\u00f3rico del arte y de algunas teor\u00edas y pensamientos que lo fundamentaron en relaci\u00f3n a su contexto<br \/>\no Est\u00e9tica en la Antigua Grecia<br \/>\no Renacimiento<br \/>\no Romanticismo<br \/>\no La era de las revoluciones<\/p>\n<p>c) Los primeros planteamientos est\u00e9ticos modernos<br \/>\no Kant<br \/>\no Schiller<br \/>\no Hegel, etc.<\/p>\n<p>d) Las ideas est\u00e9ticas de Marx y movimientos art\u00edsticos derivados de ellas<br \/>\no Planteamientos est\u00e9ticos de Marx y las relaciones econ\u00f3micas para el arte<br \/>\no Movimientos art\u00edsticos derivados: Arts &amp; Crafts, etc.<br \/>\no El fin de la est\u00e9tica y el inicio de la teor\u00eda del arte<\/p>\n<p>e) El cambio y la revoluci\u00f3n como fundamentos inherentes a la producci\u00f3n art\u00edstica<br \/>\no El fracaso de la modernidad (fin de las vanguardias)<br \/>\no Las muertes del arte<br \/>\no El arte como discurso pol\u00edtico<\/p>\n<p>f) Posmodernidad-<br \/>\no Significado de Posmodernidad<br \/>\no Implicaciones<br \/>\no Obras y artistas<\/p>\n<p>g) La era de lo global-<br \/>\no Disidencia<br \/>\no Otredad<br \/>\no Feminismos<br \/>\no Latinoam\u00e9rica<\/p>\n<p>h) Del p\u00fablico al nuevo espectador<br \/>\no El surgimiento del p\u00fablico<br \/>\no Los cambios e implicaciones sociales que vive el p\u00fablico y que se reflejan en la est\u00e9tica<br \/>\no El fin del p\u00fablico y el surgimiento del espectador<\/p>\n<p>i) Propuestas art\u00edsticas contempor\u00e1neas y an\u00e1lisis de sus planteamientos est\u00e9ticos \/ te\u00f3ricos<br \/>\no An\u00e1lisis de las mismas en relaci\u00f3n a su situaci\u00f3n pol\u00edtica<br \/>\no Analizar la diferencia entre el conocimiento que aplica el artista en la producci\u00f3n y el del fil\u00f3sofo, historiador o te\u00f3rico.<\/p>\n<p>j) La importancia de la conciencia est\u00e9tica del artista<br \/>\n\u2022 \u00bfDe qu\u00e9 manera concretar estos conocimientos en la producci\u00f3n art\u00edstica?<\/p>\n<p>Materiales para el alumno:<br \/>\n-libreta para apuntes<br \/>\n-bol\u00edgrafo<br \/>\n<\/td><\/tr><tr class=''><td class=''>Objetivo:<br \/>\n\u2022 Conocer y analizar la relaci\u00f3n intr\u00ednseca entre la est\u00e9tica, la teor\u00eda del arte y la historia<br \/>\n\u2022 Reflexionar el papel que la est\u00e9tica, la teor\u00eda del arte y la historia del arte tienen para la producci\u00f3n art\u00edstica a trav\u00e9s del an\u00e1lisis hist\u00f3rico de sus intersecciones<br \/>\n\u2022 Que el participante sea capaz de entablar estas relaciones te\u00f3ricas y reflexiones en su producci\u00f3n art\u00edstica<br \/>\n<\/td><\/tr><tr class=''><td class=''>La participaci\u00f3n de Ingrid Margarita Sosa Ehnis, es posible gracias al programa de cursos de intercambio y actualizaci\u00f3n 2018 en el marco del Convenio CaSa-UNAM<br \/>\n<\/td><\/tr><\/tbody><\/table><\/div><style type='text\/css'>.avia-table-1 td:nth-of-type(1):before { content: 'Temas a tratar:'; } <\/style><br \/>\n<div style='height:20px' class='hr hr-invisible '><span class='hr-inner ' ><span class='hr-inner-style'><\/span><\/span><\/div><br \/>\n<div id='av-masonry-1' class='av-masonry noHover av-fixed-size av-large-gap av-hover-overlay-active av-masonry-col-3 av-caption-always av-caption-style- av-masonry-gallery  '  ><div class='av-masonry-container isotope av-js-disabled ' ><div class='av-masonry-entry isotope-item av-masonry-item-no-image '><\/div><a href=\"https:\/\/casa.oaxaca.gob.mx\/wp-content\/uploads\/2018\/04\/C16OK00UUAATI-f.jpg\" id='av-masonry-1-item-3887' data-av-masonry-item='3887' class='av-masonry-entry isotope-item post-3887 attachment type-attachment status-inherit hentry  av-masonry-item-with-image av-grid-img' title=\"\"  itemprop=\"thumbnailUrl\" ><div class='av-inner-masonry-sizer'><\/div><figure class='av-inner-masonry main_color'><div class=\"av-masonry-outerimage-container\"><div class=\"av-masonry-image-container\" style=\"background-image: url(https:\/\/casa.oaxaca.gob.mx\/wp-content\/uploads\/2018\/04\/C16OK00UUAATI-f.jpg);\"><img decoding=\"async\" src=\"https:\/\/casa.oaxaca.gob.mx\/wp-content\/uploads\/2018\/04\/C16OK00UUAATI-f.jpg\" title=\"C16OK00UUAATI-f\" alt=\"\" \/><\/div><\/div><\/figure><\/a><!--end av-masonry entry--><a href=\"https:\/\/casa.oaxaca.gob.mx\/wp-content\/uploads\/2018\/04\/CyH-uT0UcAAP_Gh.jpg\" id='av-masonry-1-item-3888' data-av-masonry-item='3888' class='av-masonry-entry isotope-item post-3888 attachment type-attachment status-inherit hentry  av-masonry-item-with-image av-grid-img' title=\"\"  itemprop=\"thumbnailUrl\" ><div class='av-inner-masonry-sizer'><\/div><figure class='av-inner-masonry main_color'><div class=\"av-masonry-outerimage-container\"><div class=\"av-masonry-image-container\" style=\"background-image: url(https:\/\/casa.oaxaca.gob.mx\/wp-content\/uploads\/2018\/04\/CyH-uT0UcAAP_Gh-705x470.jpg);\"><img decoding=\"async\" src=\"https:\/\/casa.oaxaca.gob.mx\/wp-content\/uploads\/2018\/04\/CyH-uT0UcAAP_Gh-705x470.jpg\" title=\"CyH-uT0UcAAP_Gh\" alt=\"\" \/><\/div><\/div><\/figure><\/a><!--end av-masonry entry--><a href=\"https:\/\/casa.oaxaca.gob.mx\/wp-content\/uploads\/2018\/04\/sosa_ingrid.jpg\" id='av-masonry-1-item-3889' data-av-masonry-item='3889' class='av-masonry-entry isotope-item post-3889 attachment type-attachment status-inherit hentry  av-masonry-item-with-image av-grid-img' title=\"\"  itemprop=\"thumbnailUrl\" ><div class='av-inner-masonry-sizer'><\/div><figure class='av-inner-masonry main_color'><div class=\"av-masonry-outerimage-container\"><div class=\"av-masonry-image-container\" style=\"background-image: url(https:\/\/casa.oaxaca.gob.mx\/wp-content\/uploads\/2018\/04\/sosa_ingrid.jpg);\"><img decoding=\"async\" src=\"https:\/\/casa.oaxaca.gob.mx\/wp-content\/uploads\/2018\/04\/sosa_ingrid.jpg\" title=\"sosa_ingrid\" alt=\"\" \/><\/div><\/div><\/figure><\/a><!--end av-masonry entry--><\/div><\/div><br \/>\n<div style='height:20px' class='hr hr-invisible '><span class='hr-inner ' ><span class='hr-inner-style'><\/span><\/span><\/div><br \/>\n<div style='padding-bottom:10px;font-size:30px;' class='av-special-heading av-special-heading-h3  blockquote modern-quote   av-inherit-size'><h3 class='av-special-heading-tag'  itemprop=\"headline\"  >Requisitos de inscripci\u00f3n<\/h3><div class='special-heading-border'><div class='special-heading-inner-border' ><\/div><\/div><\/div><br \/>\n<div class='avia-data-table-wrap avia_responsive_table'><table class='avia-table avia-data-table avia-table-2  avia_pricing_default'  itemscope=\"itemscope\" itemtype=\"https:\/\/schema.org\/Table\" ><tbody><tr class=''><td class=''>1<br \/>\nDirigido a estudiantes de arte, artistas y p\u00fablico interesado.<br \/>\n<\/td><\/tr><tr class=''><td class=''>2<br \/>\nLos interesados deber\u00e1n llenar el formulario que se encuentra en esta p\u00e1gina.<br \/>\nPara poder ser considerado como candidato a participar en taller el interesado deber\u00e1 presentar:<br \/>\n-Carta curricular breve con datos de contacto<br \/>\n-Carta de motivos, explicando su inter\u00e9s en el taller.<br \/>\n-Carta compromiso<\/p>\n<p>Todos estos documentos deber\u00e1n estar integrados en un \u00fanico archivo PDF que lleve como asunto el nombre del taller y participante. (ejemplo: Est\u00e9tica e historia del arte &#8211; Antonio Ruiz) y lo env\u00edan a los correos<br \/>\ninscribetecasa@gmail.com con copia a acoordinacioncasa@gmail.com<\/p>\n<p>Los participantes seleccionados deber\u00e1n comprometerse a tomar el taller completo ya que una inasistencia injustificada ser\u00e1 motivo de suspensi\u00f3n y no podr\u00e1 ingresar a talleres o diplomados futuros.<br \/>\n<\/td><\/tr><tr class=''><td class=''>3<br \/>\nRevisa en esta misma p\u00e1gina si formar\u00e1s parte de los participantes.<\/td><\/tr><\/tbody><\/table><\/div><style type='text\/css'><\/style><\/p><\/div>\n","protected":false},"excerpt":{"rendered":"","protected":false},"author":1,"featured_media":3888,"comment_status":"open","ping_status":"open","sticky":false,"template":"","format":"standard","meta":{"_exactmetrics_skip_tracking":false,"_exactmetrics_sitenote_active":false,"_exactmetrics_sitenote_note":"","_exactmetrics_sitenote_category":0,"footnotes":""},"categories":[97],"tags":[],"class_list":["post-3886","post","type-post","status-publish","format-standard","has-post-thumbnail","hentry","category-eventos-cerrados-2018"],"_links":{"self":[{"href":"https:\/\/casa.oaxaca.gob.mx\/index.php?rest_route=\/wp\/v2\/posts\/3886","targetHints":{"allow":["GET"]}}],"collection":[{"href":"https:\/\/casa.oaxaca.gob.mx\/index.php?rest_route=\/wp\/v2\/posts"}],"about":[{"href":"https:\/\/casa.oaxaca.gob.mx\/index.php?rest_route=\/wp\/v2\/types\/post"}],"author":[{"embeddable":true,"href":"https:\/\/casa.oaxaca.gob.mx\/index.php?rest_route=\/wp\/v2\/users\/1"}],"replies":[{"embeddable":true,"href":"https:\/\/casa.oaxaca.gob.mx\/index.php?rest_route=%2Fwp%2Fv2%2Fcomments&post=3886"}],"version-history":[{"count":5,"href":"https:\/\/casa.oaxaca.gob.mx\/index.php?rest_route=\/wp\/v2\/posts\/3886\/revisions"}],"predecessor-version":[{"id":4352,"href":"https:\/\/casa.oaxaca.gob.mx\/index.php?rest_route=\/wp\/v2\/posts\/3886\/revisions\/4352"}],"wp:featuredmedia":[{"embeddable":true,"href":"https:\/\/casa.oaxaca.gob.mx\/index.php?rest_route=\/wp\/v2\/media\/3888"}],"wp:attachment":[{"href":"https:\/\/casa.oaxaca.gob.mx\/index.php?rest_route=%2Fwp%2Fv2%2Fmedia&parent=3886"}],"wp:term":[{"taxonomy":"category","embeddable":true,"href":"https:\/\/casa.oaxaca.gob.mx\/index.php?rest_route=%2Fwp%2Fv2%2Fcategories&post=3886"},{"taxonomy":"post_tag","embeddable":true,"href":"https:\/\/casa.oaxaca.gob.mx\/index.php?rest_route=%2Fwp%2Fv2%2Ftags&post=3886"}],"curies":[{"name":"wp","href":"https:\/\/api.w.org\/{rel}","templated":true}]}}