{"id":3895,"date":"2018-04-03T15:54:26","date_gmt":"2018-04-03T20:54:26","guid":{"rendered":"https:\/\/casa.oaxaca.gob.mx\/?p=3895"},"modified":"2018-06-20T12:27:26","modified_gmt":"2018-06-20T17:27:26","slug":"exposicion-fotografia-estenopeica","status":"publish","type":"post","link":"https:\/\/casa.oaxaca.gob.mx\/?p=3895","title":{"rendered":"Exposici\u00f3n Fotograf\u00eda estenopeica"},"content":{"rendered":"<\/div><\/div><\/div><!-- close content main div --><\/div><\/div><div id='av_section_1' class='avia-section main_color avia-section-no-padding avia-no-border-styling avia-full-stretch av-parallax-section avia-bg-style-parallax  av-minimum-height av-minimum-height-50 container_wrap fullsize'  data-section-bg-repeat='stretch' ><div class='av-parallax' data-avia-parallax-ratio='0.3' ><div class='av-parallax-inner main_color  avia-full-stretch' style = 'background-repeat: no-repeat; background-image: url(https:\/\/casa.oaxaca.gob.mx\/wp-content\/uploads\/2018\/04\/11.jpg); background-attachment: scroll; background-position: bottom center; ' ><\/div><\/div><div class='container' ><div class='template-page content  av-content-full alpha units'><div class='post-entry post-entry-type-page post-entry-3895'><div class='entry-content-wrapper clearfix'>\n<div style='padding-bottom:10px;color:#ffffff;font-size:50px;' class='av-special-heading av-special-heading-h3 custom-color-heading blockquote modern-quote  av-inherit-size'><h3 class='av-special-heading-tag'  itemprop=\"headline\"  >Exposici\u00f3n<\/h3><div class ='av-subheading av-subheading_below av_custom_color' style='font-size:25px;'><p>Fotograf\u00eda estenopeica<\/p>\n<\/div><div class='special-heading-border'><div class='special-heading-inner-border' style='border-color:#ffffff'><\/div><\/div><\/div>\n\n<\/div><\/div><\/div><!-- close content main div --><\/div><\/div><div id='av-layout-grid-1' class='av-layout-grid-container entry-content-wrapper main_color av-flex-cells  container_wrap fullsize'   >\n<div class=\"flex_cell no_margin av_one_full   \" style='vertical-align:top; padding:30px; background-color:#006bb2; '><div class='flex_cell_inner' ><p><div class=\"flex_column av_one_fourth  flex_column_div av-zero-column-padding first  \" style='border-radius:0px; '><div style='padding-bottom:10px;color:#ffffff;' class='av-special-heading av-special-heading-h3 custom-color-heading blockquote modern-quote '><h3 class='av-special-heading-tag'  itemprop=\"headline\"  >Horario<\/h3><div class ='av-subheading av-subheading_below av_custom_color' style='font-size:20px;'><p>Lunes a domingo de<br \/>\n9:00 am a 20:00 pm<\/p>\n<\/div><div class='special-heading-border'><div class='special-heading-inner-border' style='border-color:#ffffff'><\/div><\/div><\/div><\/div><div class=\"flex_column av_one_fourth  flex_column_div av-zero-column-padding   \" style='border-radius:0px; '><div style='padding-bottom:10px;color:#ffffff;' class='av-special-heading av-special-heading-h3 custom-color-heading blockquote modern-quote '><h3 class='av-special-heading-tag'  itemprop=\"headline\"  >Fechas<\/h3><div class ='av-subheading av-subheading_below av_custom_color' style='font-size:20px;'><p>Del 28 de abril al 28 d emayo de 2018<\/p>\n<\/div><div class='special-heading-border'><div class='special-heading-inner-border' style='border-color:#ffffff'><\/div><\/div><\/div><\/div><div class=\"flex_column av_one_fourth  flex_column_div av-zero-column-padding   \" style='border-radius:0px; '><div style='padding-bottom:10px;color:#ffffff;' class='av-special-heading av-special-heading-h3 custom-color-heading blockquote modern-quote  '><h3 class='av-special-heading-tag'  itemprop=\"headline\"  >Inaugurado<\/h3><div class ='av-subheading av-subheading_below av_custom_color' style='font-size:20px;'><p>28 de abril 13:00 horas<\/p>\n<\/div><div class='special-heading-border'><div class='special-heading-inner-border' style='border-color:#ffffff'><\/div><\/div><\/div><\/div><div class=\"flex_column av_one_fourth  flex_column_div av-zero-column-padding   \" style='border-radius:0px; '><\/div><\/p>\n<\/div><\/div><\/div><div class=\"flex_column av_two_fifth  flex_column_div av-zero-column-padding first  \" style='border-radius:0px; '><p><div class='av-social-sharing-box '><div class='av-share-box'><h5 class='av-share-link-description'>Compartir esta actividad<\/h5><ul class='av-share-box-list noLightbox'><li class='av-share-link av-social-link-facebook' ><a target='_blank' href='http:\/\/www.facebook.com\/sharer.php?u=https:\/\/casa.oaxaca.gob.mx\/?p=3895&amp;t=Exposici%C3%B3n%20Fotograf%C3%ADa%20estenopeica' aria-hidden='true' data-av_icon='\ue8f3' data-av_iconfont='entypo-fontello' title='' data-avia-related-tooltip='Share on Facebook'><span class='avia_hidden_link_text'>Share on Facebook<\/span><\/a><\/li><li class='av-share-link av-social-link-twitter' ><a target='_blank' href='https:\/\/twitter.com\/share?text=Exposici%C3%B3n%20Fotograf%C3%ADa%20estenopeica&url=https:\/\/casa.oaxaca.gob.mx\/?p=3895' aria-hidden='true' data-av_icon='\ue8f1' data-av_iconfont='entypo-fontello' title='' data-avia-related-tooltip='Share on Twitter'><span class='avia_hidden_link_text'>Share on Twitter<\/span><\/a><\/li><li class='av-share-link av-social-link-gplus' ><a target='_blank' href='https:\/\/plus.google.com\/share?url=https:\/\/casa.oaxaca.gob.mx\/?p=3895' aria-hidden='true' data-av_icon='\ue8f6' data-av_iconfont='entypo-fontello' title='' data-avia-related-tooltip='Share on Google+'><span class='avia_hidden_link_text'>Share on Google+<\/span><\/a><\/li><li class='av-share-link av-social-link-pinterest' ><a target='_blank' href='http:\/\/pinterest.com\/pin\/create\/button\/?url=https%3A%2F%2Fcasa.oaxaca.gob.mx%2F%3Fp%3D3895&amp;description=Exposici%C3%B3n%20Fotograf%C3%ADa%20estenopeica&amp;media=https%3A%2F%2Fcasa.oaxaca.gob.mx%2Fwp-content%2Fuploads%2F2018%2F04%2F22.jpg' aria-hidden='true' data-av_icon='\ue8f8' data-av_iconfont='entypo-fontello' title='' data-avia-related-tooltip='Share on Pinterest'><span class='avia_hidden_link_text'>Share on Pinterest<\/span><\/a><\/li><li class='av-share-link av-social-link-mail' ><a  href='mailto:?subject=Exposici%C3%B3n%20Fotograf%C3%ADa%20estenopeica&amp;body=https:\/\/casa.oaxaca.gob.mx\/?p=3895' aria-hidden='true' data-av_icon='\ue805' data-av_iconfont='entypo-fontello' title='' data-avia-related-tooltip='Share by Mail'><span class='avia_hidden_link_text'>Share by Mail<\/span><\/a><\/li><\/ul><\/div><\/div><br \/>\n<div  class='hr hr-default '><span class='hr-inner ' ><span class='hr-inner-style'><\/span><\/span><\/div><br \/>\n<div style='padding-bottom:10px;font-size:30px;' class='av-special-heading av-special-heading-h3  blockquote modern-quote   av-inherit-size'><h3 class='av-special-heading-tag'  itemprop=\"headline\"  >Sobre el expositor<\/h3><div class='special-heading-border'><div class='special-heading-inner-border' ><\/div><\/div><\/div><br \/>\n<section class=\"av_textblock_section\"  itemscope=\"itemscope\" itemtype=\"https:\/\/schema.org\/BlogPosting\" itemprop=\"blogPost\" ><div class='avia_textblock '   itemprop=\"text\" ><p style=\"text-align: left;\">Marco Antonio Cruz, en el proyecto Ciudad de M\u00e9xico Fotograf\u00edaEstenopeica, gracias a las caracter\u00edsticas de esta t\u00e9cnica, captura elfluir constante de la capital de nuestro pa\u00eds. En las im\u00e1genes deesta serie encontramos una manera distinta de ver a la ciudad y a sushabitantes. Es una reconfiguraci\u00f3n que nos invita a pensar y entender de otra manera a la ciudad y a la fotograf\u00eda misma.<\/p>\n<\/div><\/section><\/p><\/div><\/p>\n<div class=\"flex_column av_three_fifth  flex_column_div av-zero-column-padding   \" style='border-radius:0px; '><p><div style='padding-bottom:10px;font-size:30px;' class='av-special-heading av-special-heading-h3  blockquote modern-quote   av-inherit-size'><h3 class='av-special-heading-tag'  itemprop=\"headline\"  >Acerca de la exposici\u00f3n<\/h3><div class='special-heading-border'><div class='special-heading-inner-border' ><\/div><\/div><\/div><br \/>\n<section class=\"av_textblock_section\"  itemscope=\"itemscope\" itemtype=\"https:\/\/schema.org\/BlogPosting\" itemprop=\"blogPost\" ><div class='avia_textblock '   itemprop=\"text\" ><p>En el disparo de las c\u00e1maras fotogr\u00e1ficas digitales o an\u00e1logas se ha<br \/>\nllegado a dividir un segundo en 8 mil fracciones, lo que permite<br \/>\n\u2018congelar\u2019 el movimiento.<\/p>\n<p>Antag\u00f3nico en fotograf\u00eda estenopeica dependiendo de la cantidad de luz<br \/>\ny del tama\u00f1o del estenopo se determina el tiempo de exposici\u00f3n, por lo<br \/>\ngeneral a partir de 8 segundos.<\/p>\n<p>Entre m\u00e1s largo sea el tiempo de exposici\u00f3n, el movimiento provocado<br \/>\npor el viento en las copas de los \u00e1rboles, el desplazamiento de las<br \/>\nnubes, el transitar de personas, animales, veh\u00edculos o el flujo del<br \/>\nagua que se registra como \u2018fantasmas\u2019.<\/p>\n<p>Edificios, calles y objetos urbanos permanecen inm\u00f3viles, otorgando a<br \/>\nla imagen contraste entre la acci\u00f3n y lo est\u00e1tico.<\/p>\n<p><img loading=\"lazy\" decoding=\"async\" class=\"alignnone size-full wp-image-3896\" src=\"https:\/\/casa.oaxaca.gob.mx\/wp-content\/uploads\/2018\/04\/Marco-Antonio-Cruz.png\" alt=\"\" width=\"1334\" height=\"2000\" srcset=\"https:\/\/casa.oaxaca.gob.mx\/wp-content\/uploads\/2018\/04\/Marco-Antonio-Cruz.png 1334w, https:\/\/casa.oaxaca.gob.mx\/wp-content\/uploads\/2018\/04\/Marco-Antonio-Cruz-200x300.png 200w, https:\/\/casa.oaxaca.gob.mx\/wp-content\/uploads\/2018\/04\/Marco-Antonio-Cruz-768x1151.png 768w, https:\/\/casa.oaxaca.gob.mx\/wp-content\/uploads\/2018\/04\/Marco-Antonio-Cruz-1001x1500.png 1001w, https:\/\/casa.oaxaca.gob.mx\/wp-content\/uploads\/2018\/04\/Marco-Antonio-Cruz-470x705.png 470w, https:\/\/casa.oaxaca.gob.mx\/wp-content\/uploads\/2018\/04\/Marco-Antonio-Cruz-450x675.png 450w\" sizes=\"auto, (max-width: 1334px) 100vw, 1334px\" \/><\/p>\n<\/div><\/section><br \/>\n<div style='height:20px' class='hr hr-invisible '><span class='hr-inner ' ><span class='hr-inner-style'><\/span><\/span><\/div><br \/>\n<div style='height:20px' class='hr hr-invisible '><span class='hr-inner ' ><span class='hr-inner-style'><\/span><\/span><\/div><\/p><\/div>\n","protected":false},"excerpt":{"rendered":"","protected":false},"author":1,"featured_media":3901,"comment_status":"open","ping_status":"open","sticky":false,"template":"","format":"standard","meta":{"_exactmetrics_skip_tracking":false,"_exactmetrics_sitenote_active":false,"_exactmetrics_sitenote_note":"","_exactmetrics_sitenote_category":0,"footnotes":""},"categories":[97],"tags":[],"class_list":["post-3895","post","type-post","status-publish","format-standard","has-post-thumbnail","hentry","category-eventos-cerrados-2018"],"_links":{"self":[{"href":"https:\/\/casa.oaxaca.gob.mx\/index.php?rest_route=\/wp\/v2\/posts\/3895","targetHints":{"allow":["GET"]}}],"collection":[{"href":"https:\/\/casa.oaxaca.gob.mx\/index.php?rest_route=\/wp\/v2\/posts"}],"about":[{"href":"https:\/\/casa.oaxaca.gob.mx\/index.php?rest_route=\/wp\/v2\/types\/post"}],"author":[{"embeddable":true,"href":"https:\/\/casa.oaxaca.gob.mx\/index.php?rest_route=\/wp\/v2\/users\/1"}],"replies":[{"embeddable":true,"href":"https:\/\/casa.oaxaca.gob.mx\/index.php?rest_route=%2Fwp%2Fv2%2Fcomments&post=3895"}],"version-history":[{"count":8,"href":"https:\/\/casa.oaxaca.gob.mx\/index.php?rest_route=\/wp\/v2\/posts\/3895\/revisions"}],"predecessor-version":[{"id":4184,"href":"https:\/\/casa.oaxaca.gob.mx\/index.php?rest_route=\/wp\/v2\/posts\/3895\/revisions\/4184"}],"wp:featuredmedia":[{"embeddable":true,"href":"https:\/\/casa.oaxaca.gob.mx\/index.php?rest_route=\/wp\/v2\/media\/3901"}],"wp:attachment":[{"href":"https:\/\/casa.oaxaca.gob.mx\/index.php?rest_route=%2Fwp%2Fv2%2Fmedia&parent=3895"}],"wp:term":[{"taxonomy":"category","embeddable":true,"href":"https:\/\/casa.oaxaca.gob.mx\/index.php?rest_route=%2Fwp%2Fv2%2Fcategories&post=3895"},{"taxonomy":"post_tag","embeddable":true,"href":"https:\/\/casa.oaxaca.gob.mx\/index.php?rest_route=%2Fwp%2Fv2%2Ftags&post=3895"}],"curies":[{"name":"wp","href":"https:\/\/api.w.org\/{rel}","templated":true}]}}