{"id":4027,"date":"2018-04-05T16:57:31","date_gmt":"2018-04-05T21:57:31","guid":{"rendered":"https:\/\/casa.oaxaca.gob.mx\/?p=4027"},"modified":"2018-10-29T13:47:17","modified_gmt":"2018-10-29T19:47:17","slug":"taller-de-verano-en-curaduria","status":"publish","type":"post","link":"https:\/\/casa.oaxaca.gob.mx\/?p=4027","title":{"rendered":"Taller de verano en curadur\u00eda."},"content":{"rendered":"<\/div><\/div><\/div><!-- close content main div --><\/div><\/div><div id='av_section_1' class='avia-section main_color avia-section-no-padding avia-no-border-styling avia-full-stretch av-parallax-section avia-bg-style-parallax  av-minimum-height av-minimum-height-75 container_wrap fullsize'  data-section-bg-repeat='stretch' ><div class='av-parallax' data-avia-parallax-ratio='0.3' ><div class='av-parallax-inner main_color  avia-full-stretch' style = 'background-repeat: no-repeat; background-image: url(https:\/\/casa.oaxaca.gob.mx\/wp-content\/uploads\/2018\/04\/g.jpg); background-attachment: scroll; background-position: bottom center; ' ><\/div><\/div><div class='container' ><div class='template-page content  av-content-full alpha units'><div class='post-entry post-entry-type-page post-entry-4027'><div class='entry-content-wrapper clearfix'>\n<div style='padding-bottom:10px;color:#ffffff;font-size:50px;' class='av-special-heading av-special-heading-h3 custom-color-heading blockquote modern-quote  av-inherit-size'><h3 class='av-special-heading-tag'  itemprop=\"headline\"  >Taller de verano en curadur\u00eda<\/h3><div class ='av-subheading av-subheading_below av_custom_color' style='font-size:25px;'><p>Coordina: Carmen Cebreros Urzaiz<\/p>\n<\/div><div class='special-heading-border'><div class='special-heading-inner-border' style='border-color:#ffffff'><\/div><\/div><\/div>\n\n<\/div><\/div><\/div><!-- close content main div --><\/div><\/div><div id='av-layout-grid-1' class='av-layout-grid-container entry-content-wrapper main_color av-flex-cells  container_wrap fullsize'   >\n<div class=\"flex_cell no_margin av_one_full   \" style='vertical-align:top; padding:30px; background-color:#ED9600; '><div class='flex_cell_inner' ><p><div class='flex_column_table av-equal-height-column-flextable' ><div class=\"flex_column av_one_fourth  flex_column_table_cell av-equal-height-column av-align-top av-zero-column-padding first  \" style='border-radius:0px; '><div style='padding-bottom:10px;color:#ffffff;' class='av-special-heading av-special-heading-h3 custom-color-heading blockquote modern-quote '><h3 class='av-special-heading-tag'  itemprop=\"headline\"  >Cierre de inscripciones<\/h3><div class ='av-subheading av-subheading_below av_custom_color' style='font-size:20px;'><p>27 de mayo de 2018<\/p>\n<\/div><div class='special-heading-border'><div class='special-heading-inner-border' style='border-color:#ffffff'><\/div><\/div><\/div><\/div><div class='av-flex-placeholder'><\/div><div class=\"flex_column av_one_fourth  flex_column_table_cell av-equal-height-column av-align-top av-zero-column-padding   \" style='border-radius:0px; '><div style='padding-bottom:10px;color:#ffffff;' class='av-special-heading av-special-heading-h3 custom-color-heading blockquote modern-quote  '><h3 class='av-special-heading-tag'  itemprop=\"headline\"  >Fechas<\/h3><div class ='av-subheading av-subheading_below av_custom_color' style='font-size:20px;'><p>Mi\u00e9rcoles y s\u00e1bados:<br \/>\nDel 4 de julio al 25 de agosto 2018<\/p>\n<\/div><div class='special-heading-border'><div class='special-heading-inner-border' style='border-color:#ffffff'><\/div><\/div><\/div><\/div><div class='av-flex-placeholder'><\/div><div class=\"flex_column av_one_fourth  flex_column_table_cell av-equal-height-column av-align-top av-zero-column-padding   \" style='border-radius:0px; '><div style='padding-bottom:10px;color:#ffffff;' class='av-special-heading av-special-heading-h3 custom-color-heading blockquote modern-quote  '><h3 class='av-special-heading-tag'  itemprop=\"headline\"  >Horario<\/h3><div class ='av-subheading av-subheading_below av_custom_color' style='font-size:20px;'><p>Mi\u00e9rcoles de 16:00 a 20:00 hrs<br \/>\nS\u00e1bados de 10:00 a 14:00 hrs.<br \/>\nCentro de las Artes de San Agust\u00edn<\/p>\n<\/div><div class='special-heading-border'><div class='special-heading-inner-border' style='border-color:#ffffff'><\/div><\/div><\/div><\/div><div class='av-flex-placeholder'><\/div><div class=\"flex_column av_one_fourth  flex_column_table_cell av-equal-height-column av-align-top av-zero-column-padding   \" style='border-radius:0px; '><div class='avia-button-wrap avia-button-center '><a href='https:\/\/goo.gl\/forms\/Bx62ShvUkxYs02rE3' class='avia-button avia-button-fullwidth  avia-icon_select-no avia-color-custom '  target=\"_blank\"  style='color:#020202; background-color:#ffffff;  ' ><span class='avia_iconbox_title' >Inscr\u00edbete<\/span><span class='avia_button_background avia-button avia-button-fullwidth avia-color-custom' style='background-color:#1efff7; '><\/span><\/a><\/div><\/div><\/div><!--close column table wrapper. Autoclose:  --><\/p>\n<\/div><\/div>\n<\/div>\n<div class=\"flex_column av_two_fifth  flex_column_div av-zero-column-padding first  \" style='border-radius:0px; '><p><div class='av-social-sharing-box '><div class='av-share-box'><h5 class='av-share-link-description'>Compartir esta actividad<\/h5><ul class='av-share-box-list noLightbox'><li class='av-share-link av-social-link-facebook' ><a target='_blank' href='http:\/\/www.facebook.com\/sharer.php?u=https:\/\/casa.oaxaca.gob.mx\/?p=4027&amp;t=Taller%20de%20verano%20en%20curadur%C3%ADa.' aria-hidden='true' data-av_icon='\ue8f3' data-av_iconfont='entypo-fontello' title='' data-avia-related-tooltip='Share on Facebook'><span class='avia_hidden_link_text'>Share on Facebook<\/span><\/a><\/li><li class='av-share-link av-social-link-twitter' ><a target='_blank' href='https:\/\/twitter.com\/share?text=Taller%20de%20verano%20en%20curadur%C3%ADa.&url=https:\/\/casa.oaxaca.gob.mx\/?p=4027' aria-hidden='true' data-av_icon='\ue8f1' data-av_iconfont='entypo-fontello' title='' data-avia-related-tooltip='Share on Twitter'><span class='avia_hidden_link_text'>Share on Twitter<\/span><\/a><\/li><li class='av-share-link av-social-link-gplus' ><a target='_blank' href='https:\/\/plus.google.com\/share?url=https:\/\/casa.oaxaca.gob.mx\/?p=4027' aria-hidden='true' data-av_icon='\ue8f6' data-av_iconfont='entypo-fontello' title='' data-avia-related-tooltip='Share on Google+'><span class='avia_hidden_link_text'>Share on Google+<\/span><\/a><\/li><li class='av-share-link av-social-link-pinterest' ><a target='_blank' href='http:\/\/pinterest.com\/pin\/create\/button\/?url=https%3A%2F%2Fcasa.oaxaca.gob.mx%2F%3Fp%3D4027&amp;description=Taller%20de%20verano%20en%20curadur%C3%ADa.&amp;media=https%3A%2F%2Fcasa.oaxaca.gob.mx%2Fwp-content%2Fuploads%2F2018%2F04%2FSin-ti%CC%81tulo-1.png' aria-hidden='true' data-av_icon='\ue8f8' data-av_iconfont='entypo-fontello' title='' data-avia-related-tooltip='Share on Pinterest'><span class='avia_hidden_link_text'>Share on Pinterest<\/span><\/a><\/li><li class='av-share-link av-social-link-mail' ><a  href='mailto:?subject=Taller%20de%20verano%20en%20curadur%C3%ADa.&amp;body=https:\/\/casa.oaxaca.gob.mx\/?p=4027' aria-hidden='true' data-av_icon='\ue805' data-av_iconfont='entypo-fontello' title='' data-avia-related-tooltip='Share by Mail'><span class='avia_hidden_link_text'>Share by Mail<\/span><\/a><\/li><\/ul><\/div><\/div><br \/>\n<div  class='hr hr-default '><span class='hr-inner ' ><span class='hr-inner-style'><\/span><\/span><\/div><br \/>\n<div style='padding-bottom:10px;font-size:30px;' class='av-special-heading av-special-heading-h3  blockquote modern-quote  av-inherit-size'><h3 class='av-special-heading-tag'  itemprop=\"headline\"  >Sobre la tallerista<\/h3><div class='special-heading-border'><div class='special-heading-inner-border' ><\/div><\/div><\/div><br \/>\n<section class=\"av_textblock_section\"  itemscope=\"itemscope\" itemtype=\"https:\/\/schema.org\/BlogPosting\" itemprop=\"blogPost\" ><div class='avia_textblock '   itemprop=\"text\" ><p><strong class=\"s1\"><img loading=\"lazy\" decoding=\"async\" class=\"alignnone size-full wp-image-4032\" src=\"https:\/\/casa.oaxaca.gob.mx\/wp-content\/uploads\/2018\/04\/carmen.jpg\" alt=\"\" width=\"390\" height=\"360\" srcset=\"https:\/\/casa.oaxaca.gob.mx\/wp-content\/uploads\/2018\/04\/carmen.jpg 390w, https:\/\/casa.oaxaca.gob.mx\/wp-content\/uploads\/2018\/04\/carmen-300x277.jpg 300w\" sizes=\"auto, (max-width: 390px) 100vw, 390px\" \/><\/strong><\/p>\n<p><strong>Carmen Cebreros<\/strong><\/p>\n<p>Es curadora, investigadora y docente especializada en metodolog\u00edas, pedagog\u00eda e investigaci\u00f3n dentro de las artes. Es candidata a doctora en Cultura y Performance por la Universidad de California en Los \u00c1ngeles y maestra en Estudios Curatoriales por Goldsmiths College-Universidad de Londres.<\/p>\n<\/div><\/section><\/p><\/div>\n<div class=\"flex_column av_three_fifth  flex_column_div av-zero-column-padding   \" style='border-radius:0px; '><p><div style='padding-bottom:10px;font-size:30px;' class='av-special-heading av-special-heading-h3  blockquote modern-quote  av-inherit-size'><h3 class='av-special-heading-tag'  itemprop=\"headline\"  >Alumnos aceptados al taller<\/h3><div class='special-heading-border'><div class='special-heading-inner-border' ><\/div><\/div><\/div><br \/>\n<section class=\"av_textblock_section\"  itemscope=\"itemscope\" itemtype=\"https:\/\/schema.org\/BlogPosting\" itemprop=\"blogPost\" ><div class='avia_textblock '   itemprop=\"text\" ><p>Abril Garc\u00eda<\/p>\n<p>Adriana Flores<\/p>\n<p>Chichis Glam<\/p>\n<p>Citlali Zavala<\/p>\n<p>Daniela Granados<\/p>\n<p>Edgar Hern\u00e1ndez<\/p>\n<p>Fernanda Gonz\u00e1lez<\/p>\n<p>Fernanda Ramos<\/p>\n<p>Gregorio Desgarennes<\/p>\n<p>Hayd\u00e9e Morales<\/p>\n<p>Jos\u00e9 Antonio Cernas<\/p>\n<p>Jos\u00e9 Manuel Bautista<\/p>\n<p>Raquel Rodr\u00edguez<\/p>\n<p>Karla Ricalde<\/p>\n<p>Laura Cravioto<\/p>\n<p>Laura L\u00f3pez Brizuela<\/p>\n<p>Mads\u00e1 Ju\u00e1rez<\/p>\n<p>Marcela Rivera<\/p>\n<p>Roc\u00edo Barrita<\/p>\n<p>Marina Alma Ortiz<\/p>\n<p>M\u00f3nica Pacheco<\/p>\n<p>Nubia V\u00e1squez<\/p>\n<p>Paula Martines<\/p>\n<p>Perla Jim\u00e9nez<\/p>\n<p>El Taller de Verano en Curadur\u00eda es un programa te\u00f3rico-pr\u00e1ctico dirigido a gestores culturales, personal de museos, artistas, docentes en las artes, coordinadores de talleres de producci\u00f3n, historiadores del arte, antrop\u00f3logos, conservadores, muse\u00f3grafos, arquitectos, docentes en las artes, periodistas culturales, y profesionales de las artes y las humanidades. El taller parte de una revisi\u00f3n cr\u00edtica de distintos contextos y modelos expositivos (museos, espacios temporales de exhibici\u00f3n, talleres, bienales de arte, intervenciones de sitio espec\u00edfico, arte p\u00fablico, ferias art\u00edsticas, etc.) mientras que, a la par, propicia el desarrollo de ejercicios pr\u00e1cticos y de investigaci\u00f3n con los que los participantes identificar\u00e1n su rol como mediadores y se posicionar\u00e1n como agentes que producen discursos desde sus distintas pr\u00e1cticas.<\/p>\n<p>En este taller haremos un recorrido hist\u00f3rico que parte de la idea de curar como cuidar, conservar y clasificar colecciones de la cultura material (arte, objetos y s\u00edmbolos) cuyo valor se hace tangible en instituciones que enmarcan, por ejemplo, los museos y centros culturales. A partir de estudios de caso, los participantes reconocer\u00e1n que, hoy en d\u00eda, \u201ccurar\u201d implica tambi\u00e9n seguir el rastro de los malentendidos, omisiones, censuras y tensiones que dejan algunas formas de representaci\u00f3n en la esfera p\u00fablica (considerando las exposiciones y el modo en que \u00e9stas son producidas como el principal objeto de an\u00e1lisis).<\/p>\n<p>A la par del ejercicio cr\u00edtico y anal\u00edtico, este programa se enfoca al desarrollo de habilidades de comunicaci\u00f3n, espacializaci\u00f3n, escritura, presentaci\u00f3n de proyectos y organizaci\u00f3n colectiva. Los participantes del taller integrar\u00e1n una bit\u00e1cora en formato de blog que ser\u00e1 alimentado con sus contribuciones semanales. Lxs interesadxs deber\u00e1n estar dispuestos a realizar lecturas y contribuciones escritas clase a clase, adem\u00e1s de participar activamente en las discusiones y en el desarrollo de los ejercicios pr\u00e1cticos.<\/p>\n<\/div><\/section><br \/>\n<div class='avia-data-table-wrap avia_responsive_table'><table class='avia-table avia-data-table avia-table-1  avia_pricing_default'  itemscope=\"itemscope\" itemtype=\"https:\/\/schema.org\/Table\" ><tbody><tr class='avia-heading-row'><th class=''>Temas a tratar:<\/th><\/tr><tr class=''><td class=''>Semana 1<br \/>\n\u2022 T) Presentaci\u00f3n: \u00bfQu\u00e9 significa curar actualmente? Mecanismos de representaci\u00f3n en el campo expositivo. La curadur\u00eda como campo de experimentaci\u00f3n.<br \/>\n\u2022 P) Observaci\u00f3n, an\u00e1lisis y rese\u00f1a de exposiciones.<\/p>\n<p>Semana 2<br \/>\n\u2022 T) Museos, patrimonio y Naci\u00f3n en M\u00e9xico.<br \/>\n\u2022 P) Relaci\u00f3n con artistas: revisi\u00f3n de carpetas, visita a estudio, entrevistas.<\/p>\n<p>Semana 3<br \/>\n\u2022 T) La exposici\u00f3n como n\u00facleo, unidad y discurso; surgimiento de la curadur\u00eda como disciplina y del\/la curador\/a como autor.<br \/>\n\u2022 P) Visitas a talleres de artistas.<\/p>\n<p>Semana 4<br \/>\n\u2022 T) Identidades y nacionalismos: Curar para exportar y para el turismo.<br \/>\n\u2022 P) Dise\u00f1o colectivo de una propuesta expositiva. Escritura y formaci\u00f3n de dossiers de proyecto expositivo.<\/p>\n<p>Semana 5<br \/>\n\u2022 T) Globalizaci\u00f3n, bienales de arte y ferias de arte. Internacionalismo, multiculturalismo, cosmopolitanismo. Bienales en el sur.<br \/>\n\u2022 P) Espacializaci\u00f3n y museograf\u00eda.<\/p>\n<p>Semana 6<br \/>\n\u2022 T) Tomar el espacio p\u00fablico. Dentro y fuera del museo. \u00bfQu\u00e9 es el sitio espec\u00edfico?<br \/>\n\u2022 P) Escritura de texto de sala, c\u00e9dulas de secci\u00f3n en exposici\u00f3n, c\u00e9dulas de obra, bolet\u00edn de prensa.<\/p>\n<p>Semana 7<br \/>\n\u2022 T) Descolonizando los museos y las exposiciones.<br \/>\n\u2022 P) Presupuestos, an\u00e1lisis de costos y elaboraci\u00f3n de cronogramas de trabajo.<\/p>\n<p>Semana 8<br \/>\n\u2022 T) Imaginando posibilidades para una curadur\u00eda cr\u00edtica y colaborativa.<br \/>\n\u2022 P) Presentaciones finales y conclusiones.<br \/>\n<\/td><\/tr><tr class=''><td class=''>Objetivos:<br \/>\n\u2022 Dotar de herramientas cr\u00edticas y pr\u00e1cticas a productores culturales involucrados en la gesti\u00f3n de proyectos art\u00edsticos en Oaxaca.<br \/>\n\u2022 Analizar y discutir los procesos de investigaci\u00f3n, el rol de mediaci\u00f3n y las formas de autor\u00eda que caracterizan la pr\u00e1ctica curatorial en nuestros d\u00edas a trav\u00e9s de estudios de caso y ensayos te\u00f3ricos.<br \/>\n\u2022 Familiarizar a los participantes con la historia de los museos y las exposiciones internacionales, aunque con especial \u00e9nfasis en el caso de M\u00e9xico, para entender los contextos en donde la pr\u00e1ctica curatorial ocurre.<br \/>\n\u2022 Identificar los debates en curso sobre los problemas de representaci\u00f3n que se visibilizan a trav\u00e9s de las exposiciones y las propuestas que, desde la curadur\u00eda, responden a estas tensiones.<br \/>\n\u2022 Indagar en el rol de la curadur\u00eda como parte de la cultura y arte contempor\u00e1neos.<\/p>\n<p><\/td><\/tr><tr class=''><td class=''>Los interesados deber\u00e1n estar dispuestos a realizar lecturas y contribuciones escritas clase a clase, adem\u00e1s de participar activamente en las discusiones y en el desarrollo de los ejercicios pr\u00e1cticos.<\/p>\n<p>&#8220;Proyecto realizado con el apoyo del Programa de Apoyo a la Docencia, Investigaci\u00f3n y Difusi\u00f3n de las Artes (PADID 2017)&#8221;<br \/>\n<\/td><\/tr><\/tbody><\/table><\/div><style type='text\/css'>.avia-table-1 td:nth-of-type(1):before { content: 'Temas a tratar:'; } <\/style><br \/>\n<div style='height:20px' class='hr hr-invisible '><span class='hr-inner ' ><span class='hr-inner-style'><\/span><\/span><\/div><br \/>\n<div style='padding-bottom:10px;font-size:30px;' class='av-special-heading av-special-heading-h3  blockquote modern-quote   av-inherit-size'><h3 class='av-special-heading-tag'  itemprop=\"headline\"  >Requisitos de inscripci\u00f3n<\/h3><div class='special-heading-border'><div class='special-heading-inner-border' ><\/div><\/div><\/div><br \/>\n<div class='avia-data-table-wrap avia_responsive_table'><table class='avia-table avia-data-table avia-table-2  avia_pricing_default'  itemscope=\"itemscope\" itemtype=\"https:\/\/schema.org\/Table\" ><tbody><tr class=''><td class=''>1<br \/>\nDirigido a gestores culturales, personal de museos, artistas, docentes en las artes, coordinadores de talleres de producci\u00f3n, historiadores del arte, antrop\u00f3logos, conservadores, muse\u00f3grafos, arquitectos, docentes en las artes, periodistas culturales, y profesionales de las artes y las humanidades.<br \/>\n<\/td><\/tr><tr class=''><td class=''>2<br \/>\nLos interesados deber\u00e1n llenar el formulario que se encuentra en esta p\u00e1gina.<br \/>\nPara poder ser considerado como candidato a participar en taller el interesado deber\u00e1 presentar:<br \/>\n&#8211; Un texto de 1 cuartilla \u00f3 250-300 palabras en donde la\/el interesado\/o describa el tipo de trabajo que realiza en el \u00e1mbito cultural y art\u00edstico y narre brevemente sus intereses en el campo de la curadur\u00eda. Este documento no es un curr\u00edculum ni una carta de motivos, sino un relato autobiogr\u00e1fico.<br \/>\n&#8211; Carta compromiso en la que la\/el interesado confirme que asistir\u00e1 a la totalidad del taller de verano (16 sesiones) y en la que exprese su disponibilidad para realizar las lecturas, ejercicios de escritura, ejercicios pr\u00e1cticos y colaboraciones para el blog del curso de verano.<\/p>\n<p>Todos estos documentos deber\u00e1n estar integrados en un \u00fanico archivo PDF que lleve como asunto el nombre del taller y participante (ejemplo: verano en curadur\u00eda &#8211; Antonio Ruiz) y lo env\u00edan a los correos<br \/>\ncarmen.cebrerosu@gmail.com con copia a inscribetecasa@gmail.com<\/p>\n<p>Los participantes seleccionados deber\u00e1n comprometerse a tomar el taller completo ya que una inasistencia injustificada ser\u00e1 motivo de suspensi\u00f3n y no podr\u00e1 ingresar a talleres o diplomados futuros.<br \/>\n<\/td><\/tr><tr class=''><td class=''>3<br \/>\nRevisa en esta misma p\u00e1gina si formar\u00e1s parte de los participantes.<br \/>\n<\/td><\/tr><\/tbody><\/table><\/div><style type='text\/css'><\/style><br \/>\n<div style='height:20px' class='hr hr-invisible '><span class='hr-inner ' ><span class='hr-inner-style'><\/span><\/span><\/div><br \/>\n<div id='av-masonry-1' class='av-masonry noHover av-fixed-size av-large-gap av-hover-overlay-active av-masonry-col-3 av-caption-always av-caption-style- av-masonry-gallery  '  ><div class='av-masonry-container isotope av-js-disabled ' ><div class='av-masonry-entry isotope-item av-masonry-item-no-image '><\/div><a href=\"https:\/\/casa.oaxaca.gob.mx\/wp-content\/uploads\/2018\/04\/GPK-78-Objects-Lacma-Collection-w-2000x1091.jpg\" id='av-masonry-1-item-4030' data-av-masonry-item='4030' class='av-masonry-entry isotope-item post-4030 attachment type-attachment status-inherit hentry  av-masonry-item-with-image av-landscape-img' title=\"\"  itemprop=\"thumbnailUrl\" ><div class='av-inner-masonry-sizer'><\/div><figure class='av-inner-masonry main_color'><div class=\"av-masonry-outerimage-container\"><div class=\"av-masonry-image-container\" style=\"background-image: url(https:\/\/casa.oaxaca.gob.mx\/wp-content\/uploads\/2018\/04\/GPK-78-Objects-Lacma-Collection-w-705x385.jpg);\"><img decoding=\"async\" src=\"https:\/\/casa.oaxaca.gob.mx\/wp-content\/uploads\/2018\/04\/GPK-78-Objects-Lacma-Collection-w-705x385.jpg\" title=\"GPK-78 Objects Lacma Collection-w\" alt=\"\" \/><\/div><\/div><\/figure><\/a><!--end av-masonry entry--><a href=\"https:\/\/casa.oaxaca.gob.mx\/wp-content\/uploads\/2018\/04\/30121903_10156441582595739_1323353828_o.jpg\" id='av-masonry-1-item-4098' data-av-masonry-item='4098' class='av-masonry-entry isotope-item post-4098 attachment type-attachment status-inherit hentry  av-masonry-item-with-image av-grid-img' title=\"\"  itemprop=\"thumbnailUrl\" ><div class='av-inner-masonry-sizer'><\/div><figure class='av-inner-masonry main_color'><div class=\"av-masonry-outerimage-container\"><div class=\"av-masonry-image-container\" style=\"background-image: url(https:\/\/casa.oaxaca.gob.mx\/wp-content\/uploads\/2018\/04\/30121903_10156441582595739_1323353828_o-705x469.jpg);\"><img decoding=\"async\" src=\"https:\/\/casa.oaxaca.gob.mx\/wp-content\/uploads\/2018\/04\/30121903_10156441582595739_1323353828_o-705x469.jpg\" title=\"30121903_10156441582595739_1323353828_o\" alt=\"\" \/><\/div><\/div><\/figure><\/a><!--end av-masonry entry--><a href=\"https:\/\/casa.oaxaca.gob.mx\/wp-content\/uploads\/2018\/04\/30122974_10156441589050739_130515160_o.jpg\" id='av-masonry-1-item-4099' data-av-masonry-item='4099' class='av-masonry-entry isotope-item post-4099 attachment type-attachment status-inherit hentry  av-masonry-item-with-image av-grid-img' title=\"\"  itemprop=\"thumbnailUrl\" ><div class='av-inner-masonry-sizer'><\/div><figure class='av-inner-masonry main_color'><div class=\"av-masonry-outerimage-container\"><div class=\"av-masonry-image-container\" style=\"background-image: url(https:\/\/casa.oaxaca.gob.mx\/wp-content\/uploads\/2018\/04\/30122974_10156441589050739_130515160_o-705x469.jpg);\"><img decoding=\"async\" src=\"https:\/\/casa.oaxaca.gob.mx\/wp-content\/uploads\/2018\/04\/30122974_10156441589050739_130515160_o-705x469.jpg\" title=\"30122974_10156441589050739_130515160_o\" alt=\"\" \/><\/div><\/div><\/figure><\/a><!--end av-masonry entry--><a href=\"https:\/\/casa.oaxaca.gob.mx\/wp-content\/uploads\/2018\/04\/30174280_10156441586560739_665636897_o-2000x1500.jpg\" id='av-masonry-1-item-4100' data-av-masonry-item='4100' class='av-masonry-entry isotope-item post-4100 attachment type-attachment status-inherit hentry  av-masonry-item-with-image av-grid-img' title=\"\"  itemprop=\"thumbnailUrl\" ><div class='av-inner-masonry-sizer'><\/div><figure class='av-inner-masonry main_color'><div class=\"av-masonry-outerimage-container\"><div class=\"av-masonry-image-container\" style=\"background-image: url(https:\/\/casa.oaxaca.gob.mx\/wp-content\/uploads\/2018\/04\/30174280_10156441586560739_665636897_o-705x529.jpg);\"><img decoding=\"async\" src=\"https:\/\/casa.oaxaca.gob.mx\/wp-content\/uploads\/2018\/04\/30174280_10156441586560739_665636897_o-705x529.jpg\" title=\"30174280_10156441586560739_665636897_o\" alt=\"\" \/><\/div><\/div><\/figure><\/a><!--end av-masonry entry--><a href=\"https:\/\/casa.oaxaca.gob.mx\/wp-content\/uploads\/2018\/04\/30127002_10155967254706075_8459615646332747776_o-2000x1500.jpg\" id='av-masonry-1-item-4101' data-av-masonry-item='4101' class='av-masonry-entry isotope-item post-4101 attachment type-attachment status-inherit hentry  av-masonry-item-with-image av-grid-img' title=\"\"  itemprop=\"thumbnailUrl\" ><div class='av-inner-masonry-sizer'><\/div><figure class='av-inner-masonry main_color'><div class=\"av-masonry-outerimage-container\"><div class=\"av-masonry-image-container\" style=\"background-image: url(https:\/\/casa.oaxaca.gob.mx\/wp-content\/uploads\/2018\/04\/30127002_10155967254706075_8459615646332747776_o-705x529.jpg);\"><img decoding=\"async\" src=\"https:\/\/casa.oaxaca.gob.mx\/wp-content\/uploads\/2018\/04\/30127002_10155967254706075_8459615646332747776_o-705x529.jpg\" title=\"30127002_10155967254706075_8459615646332747776_o\" alt=\"\" \/><\/div><\/div><\/figure><\/a><!--end av-masonry entry--><\/div><\/div><\/p><\/div>\n","protected":false},"excerpt":{"rendered":"","protected":false},"author":1,"featured_media":4544,"comment_status":"open","ping_status":"open","sticky":false,"template":"","format":"standard","meta":{"_exactmetrics_skip_tracking":false,"_exactmetrics_sitenote_active":false,"_exactmetrics_sitenote_note":"","_exactmetrics_sitenote_category":0,"footnotes":""},"categories":[97],"tags":[],"class_list":["post-4027","post","type-post","status-publish","format-standard","has-post-thumbnail","hentry","category-eventos-cerrados-2018"],"_links":{"self":[{"href":"https:\/\/casa.oaxaca.gob.mx\/index.php?rest_route=\/wp\/v2\/posts\/4027","targetHints":{"allow":["GET"]}}],"collection":[{"href":"https:\/\/casa.oaxaca.gob.mx\/index.php?rest_route=\/wp\/v2\/posts"}],"about":[{"href":"https:\/\/casa.oaxaca.gob.mx\/index.php?rest_route=\/wp\/v2\/types\/post"}],"author":[{"embeddable":true,"href":"https:\/\/casa.oaxaca.gob.mx\/index.php?rest_route=\/wp\/v2\/users\/1"}],"replies":[{"embeddable":true,"href":"https:\/\/casa.oaxaca.gob.mx\/index.php?rest_route=%2Fwp%2Fv2%2Fcomments&post=4027"}],"version-history":[{"count":13,"href":"https:\/\/casa.oaxaca.gob.mx\/index.php?rest_route=\/wp\/v2\/posts\/4027\/revisions"}],"predecessor-version":[{"id":4543,"href":"https:\/\/casa.oaxaca.gob.mx\/index.php?rest_route=\/wp\/v2\/posts\/4027\/revisions\/4543"}],"wp:featuredmedia":[{"embeddable":true,"href":"https:\/\/casa.oaxaca.gob.mx\/index.php?rest_route=\/wp\/v2\/media\/4544"}],"wp:attachment":[{"href":"https:\/\/casa.oaxaca.gob.mx\/index.php?rest_route=%2Fwp%2Fv2%2Fmedia&parent=4027"}],"wp:term":[{"taxonomy":"category","embeddable":true,"href":"https:\/\/casa.oaxaca.gob.mx\/index.php?rest_route=%2Fwp%2Fv2%2Fcategories&post=4027"},{"taxonomy":"post_tag","embeddable":true,"href":"https:\/\/casa.oaxaca.gob.mx\/index.php?rest_route=%2Fwp%2Fv2%2Ftags&post=4027"}],"curies":[{"name":"wp","href":"https:\/\/api.w.org\/{rel}","templated":true}]}}