{"id":4056,"date":"2018-04-06T12:13:51","date_gmt":"2018-04-06T17:13:51","guid":{"rendered":"https:\/\/casa.oaxaca.gob.mx\/?p=4056"},"modified":"2018-06-26T10:59:24","modified_gmt":"2018-06-26T15:59:24","slug":"taller-plataforma-lcd-encuentro-de-formadores","status":"publish","type":"post","link":"https:\/\/casa.oaxaca.gob.mx\/?p=4056","title":{"rendered":"Taller: Plataforma LCD \u201cEncuentro de formadores\u201d."},"content":{"rendered":"<\/div><\/div><\/div><!-- close content main div --><\/div><\/div><div id='av_section_1' class='avia-section main_color avia-section-no-padding avia-no-border-styling avia-full-stretch av-parallax-section avia-bg-style-parallax  av-minimum-height av-minimum-height-75 container_wrap fullsize'  data-section-bg-repeat='stretch' ><div class='av-parallax' data-avia-parallax-ratio='0.3' ><div class='av-parallax-inner main_color  avia-full-stretch' style = 'background-repeat: no-repeat; background-image: url(https:\/\/casa.oaxaca.gob.mx\/wp-content\/uploads\/2018\/04\/IMG_3489.jpg); background-attachment: scroll; background-position: bottom center; ' ><\/div><\/div><div class='container' ><div class='template-page content  av-content-full alpha units'><div class='post-entry post-entry-type-page post-entry-4056'><div class='entry-content-wrapper clearfix'>\n<div style='padding-bottom:10px;color:#ffffff;font-size:50px;' class='av-special-heading av-special-heading-h3 custom-color-heading blockquote modern-quote  av-inherit-size'><h3 class='av-special-heading-tag'  itemprop=\"headline\"  >Taller: Plataforma LCD <span class='special_amp'>\u201c<\/span>Encuentro de formadores<span class='special_amp'>\u201d<\/span><\/h3><div class ='av-subheading av-subheading_below av_custom_color' style='font-size:25px;'><p>Liliana L\u00f3pez Borb\u00f3n, Eur\u00eddice Caba\u00f1es, Sandra Ontiveros e Irma \u00c1vila.<\/p>\n<\/div><div class='special-heading-border'><div class='special-heading-inner-border' style='border-color:#ffffff'><\/div><\/div><\/div>\n\n<\/div><\/div><\/div><!-- close content main div --><\/div><\/div><div id='av-layout-grid-1' class='av-layout-grid-container entry-content-wrapper main_color av-flex-cells  container_wrap fullsize'   >\n<div class=\"flex_cell no_margin av_one_full   \" style='vertical-align:top; padding:30px; background-color:#ED9600; '><div class='flex_cell_inner' ><p><div class='flex_column_table av-equal-height-column-flextable' ><div class=\"flex_column av_one_fourth  flex_column_table_cell av-equal-height-column av-align-top av-zero-column-padding first  \" style='border-radius:0px; '><div style='padding-bottom:10px;color:#ffffff;' class='av-special-heading av-special-heading-h3 custom-color-heading blockquote modern-quote  '><h3 class='av-special-heading-tag'  itemprop=\"headline\"  >Cierre de inscipciones<\/h3><div class ='av-subheading av-subheading_below av_custom_color' style='font-size:20px;'><p>13 de mayo de 2018<\/p>\n<\/div><div class='special-heading-border'><div class='special-heading-inner-border' style='border-color:#ffffff'><\/div><\/div><\/div><\/div><div class='av-flex-placeholder'><\/div><div class=\"flex_column av_one_fourth  flex_column_table_cell av-equal-height-column av-align-top av-zero-column-padding   \" style='border-radius:0px; '><div style='padding-bottom:10px;color:#ffffff;' class='av-special-heading av-special-heading-h3 custom-color-heading blockquote modern-quote '><h3 class='av-special-heading-tag'  itemprop=\"headline\"  >Fechas<\/h3><div class ='av-subheading av-subheading_below av_custom_color' style='font-size:20px;'><p>Viernes y s\u00e1bado del 18 de mayo al 2 de junio:<br \/>\n18 y 19 de mayo de 2018<br \/>\n25 y 26 de mayo de 2018<br \/>\n1 y 2 de junio de 2018<\/p>\n<\/div><div class='special-heading-border'><div class='special-heading-inner-border' style='border-color:#ffffff'><\/div><\/div><\/div><\/div><div class='av-flex-placeholder'><\/div><div class=\"flex_column av_one_fourth  flex_column_table_cell av-equal-height-column av-align-top av-zero-column-padding   \" style='border-radius:0px; '><div style='padding-bottom:10px;color:#ffffff;' class='av-special-heading av-special-heading-h3 custom-color-heading blockquote modern-quote  '><h3 class='av-special-heading-tag'  itemprop=\"headline\"  >Horario<\/h3><div class ='av-subheading av-subheading_below av_custom_color' style='font-size:20px;'><p>Viernes de 16:00 a 19:00 hrs.<br \/>\nS\u00e1bado de 09:00 a 13:00 y de 16:00 al 19:00 hrs.<br \/>\nCentro de las Artes de San Agust\u00edn (CaSa)<\/p>\n<\/div><div class='special-heading-border'><div class='special-heading-inner-border' style='border-color:#ffffff'><\/div><\/div><\/div><\/div><div class='av-flex-placeholder'><\/div><div class=\"flex_column av_one_fourth  flex_column_table_cell av-equal-height-column av-align-top av-zero-column-padding   \" style='border-radius:0px; '><div class='avia-button-wrap avia-button-center '><a href='https:\/\/goo.gl\/forms\/Bx62ShvUkxYs02rE3' class='avia-button avia-button-fullwidth  avia-icon_select-no avia-color-custom '  target=\"_blank\"  style='color:#020202; background-color:#ffffff;  ' ><span class='avia_iconbox_title' >Inscr\u00edbete<\/span><span class='avia_button_background avia-button avia-button-fullwidth avia-color-custom' style='background-color:#1efff7; '><\/span><\/a><\/div><\/div><\/div><!--close column table wrapper. Autoclose:  --><\/p>\n<\/div><\/div>\n<\/div>\n<div class=\"flex_column av_two_fifth  flex_column_div av-zero-column-padding first  \" style='border-radius:0px; '><p><div class='av-social-sharing-box '><div class='av-share-box'><h5 class='av-share-link-description'>Compartir esta actividad<\/h5><ul class='av-share-box-list noLightbox'><li class='av-share-link av-social-link-facebook' ><a target='_blank' href='http:\/\/www.facebook.com\/sharer.php?u=https:\/\/casa.oaxaca.gob.mx\/?p=4056&amp;t=Taller%3A%20Plataforma%20LCD%20%E2%80%9CEncuentro%20de%20formadores%E2%80%9D.' aria-hidden='true' data-av_icon='\ue8f3' data-av_iconfont='entypo-fontello' title='' data-avia-related-tooltip='Share on Facebook'><span class='avia_hidden_link_text'>Share on Facebook<\/span><\/a><\/li><li class='av-share-link av-social-link-twitter' ><a target='_blank' href='https:\/\/twitter.com\/share?text=Taller%3A%20Plataforma%20LCD%20%E2%80%9CEncuentro%20de%20formadores%E2%80%9D.&url=https:\/\/casa.oaxaca.gob.mx\/?p=4056' aria-hidden='true' data-av_icon='\ue8f1' data-av_iconfont='entypo-fontello' title='' data-avia-related-tooltip='Share on Twitter'><span class='avia_hidden_link_text'>Share on Twitter<\/span><\/a><\/li><li class='av-share-link av-social-link-gplus' ><a target='_blank' href='https:\/\/plus.google.com\/share?url=https:\/\/casa.oaxaca.gob.mx\/?p=4056' aria-hidden='true' data-av_icon='\ue8f6' data-av_iconfont='entypo-fontello' title='' data-avia-related-tooltip='Share on Google+'><span class='avia_hidden_link_text'>Share on Google+<\/span><\/a><\/li><li class='av-share-link av-social-link-pinterest' ><a target='_blank' href='http:\/\/pinterest.com\/pin\/create\/button\/?url=https%3A%2F%2Fcasa.oaxaca.gob.mx%2F%3Fp%3D4056&amp;description=Taller%3A%20Plataforma%20LCD%20%E2%80%9CEncuentro%20de%20formadores%E2%80%9D.&amp;media=https%3A%2F%2Fcasa.oaxaca.gob.mx%2Fwp-content%2Fuploads%2F2018%2F04%2FPlaylab_02-705x393.jpg' aria-hidden='true' data-av_icon='\ue8f8' data-av_iconfont='entypo-fontello' title='' data-avia-related-tooltip='Share on Pinterest'><span class='avia_hidden_link_text'>Share on Pinterest<\/span><\/a><\/li><li class='av-share-link av-social-link-mail' ><a  href='mailto:?subject=Taller%3A%20Plataforma%20LCD%20%E2%80%9CEncuentro%20de%20formadores%E2%80%9D.&amp;body=https:\/\/casa.oaxaca.gob.mx\/?p=4056' aria-hidden='true' data-av_icon='\ue805' data-av_iconfont='entypo-fontello' title='' data-avia-related-tooltip='Share by Mail'><span class='avia_hidden_link_text'>Share by Mail<\/span><\/a><\/li><\/ul><\/div><\/div><br \/>\n<div  class='hr hr-default '><span class='hr-inner ' ><span class='hr-inner-style'><\/span><\/span><\/div><br \/>\n<div style='padding-bottom:10px;font-size:30px;' class='av-special-heading av-special-heading-h3  blockquote modern-quote   av-inherit-size'><h3 class='av-special-heading-tag'  itemprop=\"headline\"  >Sobre el tallerista<\/h3><div class='special-heading-border'><div class='special-heading-inner-border' ><\/div><\/div><\/div><br \/>\n<section class=\"av_textblock_section\"  itemscope=\"itemscope\" itemtype=\"https:\/\/schema.org\/BlogPosting\" itemprop=\"blogPost\" ><div class='avia_textblock '   itemprop=\"text\" ><p><strong class=\"s1\">\u00a0<img loading=\"lazy\" decoding=\"async\" class=\"alignnone size-full wp-image-4285\" src=\"https:\/\/casa.oaxaca.gob.mx\/wp-content\/uploads\/2018\/04\/IMG_3489.jpg\" alt=\"\" width=\"1280\" height=\"852\" srcset=\"https:\/\/casa.oaxaca.gob.mx\/wp-content\/uploads\/2018\/04\/IMG_3489.jpg 1280w, https:\/\/casa.oaxaca.gob.mx\/wp-content\/uploads\/2018\/04\/IMG_3489-300x200.jpg 300w, https:\/\/casa.oaxaca.gob.mx\/wp-content\/uploads\/2018\/04\/IMG_3489-768x511.jpg 768w, https:\/\/casa.oaxaca.gob.mx\/wp-content\/uploads\/2018\/04\/IMG_3489-705x469.jpg 705w, https:\/\/casa.oaxaca.gob.mx\/wp-content\/uploads\/2018\/04\/IMG_3489-450x300.jpg 450w\" sizes=\"auto, (max-width: 1280px) 100vw, 1280px\" \/><\/strong><\/p>\n<p><b>Edaena Mata Zayas<\/b><\/p>\n<div><span lang=\"ES\"><span style=\"font-family: arial, helvetica, sans-serif;\">Peda<\/span><\/span><span style=\"font-family: arial, helvetica, sans-serif;\"><span lang=\"ES\">goga y gestora cultural. Especializada en proyectos culturales para y con infancias. Su trabajo con y para ni\u00f1os inici\u00f3 en 1999 en el \u00e1rea de Programaci\u00f3n para Ni\u00f1os de Canal Once (despu\u00e9s Once Ni\u00f1os). Durante m\u00e1s de 9 a\u00f1os trabaj\u00f3 en el desarrollo de contenidos, investigaci\u00f3n, evaluaci\u00f3n de los mensajes en pantalla, estableciendo lineamientos del trabajo con ni\u00f1os y asesor\u00eda pedag\u00f3gica a dise\u00f1adores, productores y conductores. Gran parte de su trabajo lo ha dedicado a investigar y promover el desarrollo de la creatividad, ha colaborado con diversas instituciones que se dedican a ello, como: Proyecto ConcentrARTE, El Instituto Mexicano de Arte al Servicio de la Educaci\u00f3n (IMASE), la fundaci\u00f3n Aprendiendo a trav\u00e9s del Arte, el Museo del Ni\u00f1o (Papalote), Siete Colores, Secretaria de Cultura de Morelos, Museo del Sol, Conarte Ni\u00f1os, Discovery Kids<\/span><\/span><\/div>\n<div><\/div>\n<\/div><\/section><\/p><\/div>\n<div class=\"flex_column av_three_fifth  flex_column_div av-zero-column-padding   \" style='border-radius:0px; '><p><div style='padding-bottom:10px;font-size:30px;' class='av-special-heading av-special-heading-h3  blockquote modern-quote   av-inherit-size'><h3 class='av-special-heading-tag'  itemprop=\"headline\"  >Acerca del taller<\/h3><div class='special-heading-border'><div class='special-heading-inner-border' ><\/div><\/div><\/div><br \/>\n<section class=\"av_textblock_section\"  itemscope=\"itemscope\" itemtype=\"https:\/\/schema.org\/BlogPosting\" itemprop=\"blogPost\" ><div class='avia_textblock '   itemprop=\"text\" ><p>Miguel Angel Huerta Pati\u00f1o<br \/>\nMartha Patricia C\u00e1rdenas Morales<br \/>\nH\u00e9ctor Hugo C\u00e1rdenas Morales<br \/>\nCarolina Ch\u00e1vez Mendoza<br \/>\nDavid Benito Santiago R\u00edos<br \/>\nEvelia Maribel D\u00edaz Reyes<br \/>\nMarcela Vera Esperanza<br \/>\nAlexis Jonathan P\u00e9rez V\u00e1squez<br \/>\nLizette Marisol Flores<br \/>\nEva Alicia L\u00e9piz<br \/>\nJairo Ren\u00e9 Moreno Franco<br \/>\nKalinka Velasco Z\u00e1rate<br \/>\nRegina Zavaleta Arag\u00f3n<br \/>\nCesar Cruz Garc\u00eda<br \/>\nLaura Silvia Cervantes<br \/>\nEva Bodenstedt<br \/>\nEvelia Maribel D\u00edaz Reyes<br \/>\nSara Hern\u00e1ndez P\u00e9rez<\/p>\n<p>El Laboratorio de Ciudadan\u00eda Digital a trav\u00e9s de la l\u00ednea Plataforma LCD, busca contribuir a la profesionalizaci\u00f3n de los talleristas que est\u00e1n enfocados en el trabajo con p\u00fablico infantil y juvenil, ofreciendo un espacio para la reflexi\u00f3n y el intercambio de experiencias, mediante la puesta en com\u00fan de temas relacionados con metodolog\u00edas participativas, conceptos de ciudadan\u00eda digital y el uso de las TIC como herramientas para el desarrollo de un sentido cr\u00edtico de los ni\u00f1os, ni\u00f1as y adolescentes.<\/p>\n<p>La propuesta de formaci\u00f3n que plantemos apunta a consolidar aquellas competencias de los talleristas y docentes, que les permitan mejorar su pr\u00e1ctica profesional, as\u00ed como desarrollar propuestas de talleres que se transformen en espacios de participaci\u00f3n, colaboraci\u00f3n, solidaridad y trasformaci\u00f3n social, que contribuyan a la formaci\u00f3n de ciudadanos cr\u00edticos y comprometidos con su realidad social.<\/p>\n<p>En 2018, la Plataforma incorpora la reflexi\u00f3n en torno a la metodolog\u00eda STEAM, el objetivo es poner \u00e9nfasis en los procesos de construcci\u00f3n de conocimiento, a trav\u00e9s de la puesta en pr\u00e1ctica de esta metodolog\u00eda, en b\u00fasqueda de fortalecer las habilidades sociales, la creatividad, la resoluci\u00f3n de problemas, al mismo tiempo que ser un motor de inspiraci\u00f3n para que ni\u00f1os, ni\u00f1as y j\u00f3venes se interesen por acercarse a las disciplinas cient\u00edficas.<\/p>\n<p>El programa que proponemos desde el Laboratorio tiene una duraci\u00f3n de 30 horas de formaci\u00f3n<\/p>\n<p>presencial, organizadas en 3 m\u00f3dulos:<\/p>\n<ul>\n<li><strong>Las infancias, la participaci\u00f3n y el pensamiento cr\u00edtico<\/strong>. 10 horas. Partiendo del concepto de infancia y en b\u00fasqueda de establecer un panorama que permita entender qu\u00e9 los retos y complejidades que plantea el trabajo con p\u00fablico infantil y adolescente, se profundizar\u00e1 en la revisi\u00f3n de metodolog\u00edas de grupos participativos y pensamiento cr\u00edtico.<\/li>\n<li><strong>Ciudadan\u00eda Digital y derechos culturales<\/strong>. 10 horas. El objetivo es establecer un estado del arte en torno a temas como la ciudadan\u00eda digital, los derechos culturales, las TIC en la educaci\u00f3n no formal, nuevas formas de participaci\u00f3n social, etc.<\/li>\n<li><strong>STEAM<\/strong>. 10 horas. Un acercamiento a la metodolog\u00eda STEAM que permita despertar en los talleristas el inter\u00e9s por replantear sus propuestas de trabajo desde esta perspectiva, en busca de acercar y motivar el inter\u00e9s de los ni\u00f1os, ni\u00f1as y adolescentes en las disciplinas cient\u00edficas.<\/li>\n<\/ul>\n<\/div><\/section><br \/>\n<div class='avia-data-table-wrap avia_responsive_table'><table class='avia-table avia-data-table avia-table-1  avia_pricing_default'  itemscope=\"itemscope\" itemtype=\"https:\/\/schema.org\/Table\" ><tbody><tr class='avia-heading-row'><th class=''>Temas a tratar:<\/th><\/tr><tr class=''><td class=''>\u2022 La ciudadan\u00eda digital, pol\u00edticas culturales, derechos culturales, competencias ciudadanas,<br \/>\nsociedad del conocimiento, etc.<br \/>\n\u2022 Las infancias y definirlas.<br \/>\n\u2022 Construcci\u00f3n de grupos participativos. Aprendizaje experiencial y participativo<br \/>\n\u2022 Identidad presencia e identidad digital<br \/>\n\u2022 Construcci\u00f3n y circulaci\u00f3n de conocimiento. Aprender a aprender<br \/>\n<\/td><\/tr><tr class=''><td class=''>Objetivo<br \/>\n\u2022 Contribuir a la profesionalizaci\u00f3n de los talleristas de educaci\u00f3n no formal, brindando un espacio para la reflexi\u00f3n y el intercambio de experiencias.<br \/>\n\u2022 Revisar conceptos te\u00f3ricos y metodol\u00f3gicos para desarrollar talleres, programas y estrategias que favorezcan procesos de participaci\u00f3n activa, la construcci\u00f3n de ciudadan\u00eda y el pensamiento cr\u00edtico en ni\u00f1os y j\u00f3venes, utilizando las TIC como principal herramienta.<br \/>\n\u2022 Establecer un marco te\u00f3rico-conceptual para la elaboraci\u00f3n de estrategias y actividades culturales dirigidas al p\u00fablico infantil y juvenil, que integren a las TIC como herramientas para la construcci\u00f3n de ciudadan\u00eda y de conocimiento.<br \/>\n<\/td><\/tr><tr class=''><td class=''><\/td><\/tr><\/tbody><\/table><\/div><style type='text\/css'>.avia-table-1 td:nth-of-type(1):before { content: 'Temas a tratar:'; } <\/style><br \/>\n<div style='height:20px' class='hr hr-invisible '><span class='hr-inner ' ><span class='hr-inner-style'><\/span><\/span><\/div><br \/>\n<div id='av-masonry-1' class='av-masonry noHover av-fixed-size av-large-gap av-hover-overlay-active av-masonry-col-3 av-caption-always av-caption-style- av-masonry-gallery  '  ><div class='av-masonry-container isotope av-js-disabled ' ><div class='av-masonry-entry isotope-item av-masonry-item-no-image '><\/div><a href=\"https:\/\/casa.oaxaca.gob.mx\/wp-content\/uploads\/2018\/04\/IMG_3489.jpg\" id='av-masonry-1-item-4285' data-av-masonry-item='4285' class='av-masonry-entry isotope-item post-4285 attachment type-attachment status-inherit hentry  av-masonry-item-with-image av-grid-img' title=\"\"  itemprop=\"thumbnailUrl\" ><div class='av-inner-masonry-sizer'><\/div><figure class='av-inner-masonry main_color'><div class=\"av-masonry-outerimage-container\"><div class=\"av-masonry-image-container\" style=\"background-image: url(https:\/\/casa.oaxaca.gob.mx\/wp-content\/uploads\/2018\/04\/IMG_3489-705x469.jpg);\"><img decoding=\"async\" src=\"https:\/\/casa.oaxaca.gob.mx\/wp-content\/uploads\/2018\/04\/IMG_3489-705x469.jpg\" title=\"IMG_3489\" alt=\"\" \/><\/div><\/div><\/figure><\/a><!--end av-masonry entry--><a href=\"https:\/\/casa.oaxaca.gob.mx\/wp-content\/uploads\/2018\/04\/IMG_3488.jpg\" id='av-masonry-1-item-4286' data-av-masonry-item='4286' class='av-masonry-entry isotope-item post-4286 attachment type-attachment status-inherit hentry  av-masonry-item-with-image av-grid-img' title=\"\"  itemprop=\"thumbnailUrl\" ><div class='av-inner-masonry-sizer'><\/div><figure class='av-inner-masonry main_color'><div class=\"av-masonry-outerimage-container\"><div class=\"av-masonry-image-container\" style=\"background-image: url(https:\/\/casa.oaxaca.gob.mx\/wp-content\/uploads\/2018\/04\/IMG_3488-705x470.jpg);\"><img decoding=\"async\" src=\"https:\/\/casa.oaxaca.gob.mx\/wp-content\/uploads\/2018\/04\/IMG_3488-705x470.jpg\" title=\"IMG_3488\" alt=\"\" \/><\/div><\/div><\/figure><\/a><!--end av-masonry entry--><a href=\"https:\/\/casa.oaxaca.gob.mx\/wp-content\/uploads\/2018\/04\/IMG_3490.jpg\" id='av-masonry-1-item-4287' data-av-masonry-item='4287' class='av-masonry-entry isotope-item post-4287 attachment type-attachment status-inherit hentry  av-masonry-item-with-image av-grid-img' title=\"\"  itemprop=\"thumbnailUrl\" ><div class='av-inner-masonry-sizer'><\/div><figure class='av-inner-masonry main_color'><div class=\"av-masonry-outerimage-container\"><div class=\"av-masonry-image-container\" style=\"background-image: url(https:\/\/casa.oaxaca.gob.mx\/wp-content\/uploads\/2018\/04\/IMG_3490-705x423.jpg);\"><img decoding=\"async\" src=\"https:\/\/casa.oaxaca.gob.mx\/wp-content\/uploads\/2018\/04\/IMG_3490-705x423.jpg\" title=\"IMG_3490\" alt=\"\" \/><\/div><\/div><\/figure><\/a><!--end av-masonry entry--><a href=\"https:\/\/casa.oaxaca.gob.mx\/wp-content\/uploads\/2018\/04\/la-foto.jpg\" id='av-masonry-1-item-4288' data-av-masonry-item='4288' class='av-masonry-entry isotope-item post-4288 attachment type-attachment status-inherit hentry  av-masonry-item-with-image av-grid-img' title=\"\"  itemprop=\"thumbnailUrl\" ><div class='av-inner-masonry-sizer'><\/div><figure class='av-inner-masonry main_color'><div class=\"av-masonry-outerimage-container\"><div class=\"av-masonry-image-container\" style=\"background-image: url(https:\/\/casa.oaxaca.gob.mx\/wp-content\/uploads\/2018\/04\/la-foto.jpg);\"><img decoding=\"async\" src=\"https:\/\/casa.oaxaca.gob.mx\/wp-content\/uploads\/2018\/04\/la-foto.jpg\" title=\"la foto\" alt=\"\" \/><\/div><\/div><\/figure><\/a><!--end av-masonry entry--><\/div><\/div><br \/>\n<div style='height:20px' class='hr hr-invisible '><span class='hr-inner ' ><span class='hr-inner-style'><\/span><\/span><\/div><br \/>\n<div style='padding-bottom:10px;font-size:30px;' class='av-special-heading av-special-heading-h3  blockquote modern-quote   av-inherit-size'><h3 class='av-special-heading-tag'  itemprop=\"headline\"  >Requisitos de inscripci\u00f3n<\/h3><div class='special-heading-border'><div class='special-heading-inner-border' ><\/div><\/div><\/div><br \/>\n<div class='avia-data-table-wrap avia_responsive_table'><table class='avia-table avia-data-table avia-table-2  avia_pricing_default'  itemscope=\"itemscope\" itemtype=\"https:\/\/schema.org\/Table\" ><tbody><tr class=''><td class=''>1<br \/>\nDirigido a talleristas, gestores, coordinadores y programadores culturales, creadores y artistas visuales que impartan talleres o coordinen propuestas de programaci\u00f3n cultural para p\u00fablico infantil y juvenil<br \/>\n<\/td><\/tr><tr class=''><td class=''>2<br \/>\nPara poder ser considerado como candidato a participar en el taller el interesado deber\u00e1 presentar:<br \/>\n-Carta de motivos en la cual explique c\u00f3mo le ayudar\u00eda en su proceso creativo<br \/>\n-Carta compromiso<br \/>\n-Semblanza de una cuartilla como m\u00e1ximo<\/p>\n<p>Todos estos documentos deber\u00e1n estar integrados en un \u00fanico archivo PDF que lleve como asunto el nombre del taller y participante, (ejemplo: Plataforma LCD \u201cEncuentro de formadores\u201d _ Antonio Ruiz) y lo env\u00edan a los correos<br \/>\ninscribetecasa@gmail.com con copia a acoordinacioncasa@gmail.com<\/p>\n<p>Los participantes seleccionados, deber\u00e1n comprometerse a que tomen el taller completo ya que una inasistencia injustificada ser\u00e1 motivo de suspensi\u00f3n y no podr\u00e1 ingresar a talleres o cursos en el 2018.<br \/>\n<\/td><\/tr><tr class=''><td class=''>3<br \/>\nRevisa en esta misma p\u00e1gina si formar\u00e1s parte de los participantes.<\/td><\/tr><\/tbody><\/table><\/div><style type='text\/css'><\/style><\/p><\/div>\n","protected":false},"excerpt":{"rendered":"","protected":false},"author":1,"featured_media":4061,"comment_status":"open","ping_status":"open","sticky":false,"template":"","format":"standard","meta":{"_exactmetrics_skip_tracking":false,"_exactmetrics_sitenote_active":false,"_exactmetrics_sitenote_note":"","_exactmetrics_sitenote_category":0,"footnotes":""},"categories":[97],"tags":[],"class_list":["post-4056","post","type-post","status-publish","format-standard","has-post-thumbnail","hentry","category-eventos-cerrados-2018"],"_links":{"self":[{"href":"https:\/\/casa.oaxaca.gob.mx\/index.php?rest_route=\/wp\/v2\/posts\/4056","targetHints":{"allow":["GET"]}}],"collection":[{"href":"https:\/\/casa.oaxaca.gob.mx\/index.php?rest_route=\/wp\/v2\/posts"}],"about":[{"href":"https:\/\/casa.oaxaca.gob.mx\/index.php?rest_route=\/wp\/v2\/types\/post"}],"author":[{"embeddable":true,"href":"https:\/\/casa.oaxaca.gob.mx\/index.php?rest_route=\/wp\/v2\/users\/1"}],"replies":[{"embeddable":true,"href":"https:\/\/casa.oaxaca.gob.mx\/index.php?rest_route=%2Fwp%2Fv2%2Fcomments&post=4056"}],"version-history":[{"count":9,"href":"https:\/\/casa.oaxaca.gob.mx\/index.php?rest_route=\/wp\/v2\/posts\/4056\/revisions"}],"predecessor-version":[{"id":4422,"href":"https:\/\/casa.oaxaca.gob.mx\/index.php?rest_route=\/wp\/v2\/posts\/4056\/revisions\/4422"}],"wp:featuredmedia":[{"embeddable":true,"href":"https:\/\/casa.oaxaca.gob.mx\/index.php?rest_route=\/wp\/v2\/media\/4061"}],"wp:attachment":[{"href":"https:\/\/casa.oaxaca.gob.mx\/index.php?rest_route=%2Fwp%2Fv2%2Fmedia&parent=4056"}],"wp:term":[{"taxonomy":"category","embeddable":true,"href":"https:\/\/casa.oaxaca.gob.mx\/index.php?rest_route=%2Fwp%2Fv2%2Fcategories&post=4056"},{"taxonomy":"post_tag","embeddable":true,"href":"https:\/\/casa.oaxaca.gob.mx\/index.php?rest_route=%2Fwp%2Fv2%2Ftags&post=4056"}],"curies":[{"name":"wp","href":"https:\/\/api.w.org\/{rel}","templated":true}]}}