{"id":4545,"date":"2018-06-05T17:05:31","date_gmt":"2018-06-05T22:05:31","guid":{"rendered":"https:\/\/casa.oaxaca.gob.mx\/?p=4545"},"modified":"2018-07-17T14:43:45","modified_gmt":"2018-07-17T19:43:45","slug":"taller-de-danza-el-cuerpo-habla","status":"publish","type":"post","link":"https:\/\/casa.oaxaca.gob.mx\/?p=4545","title":{"rendered":"Taller de danza: El cuerpo habla."},"content":{"rendered":"<\/div><\/div><\/div><!-- close content main div --><\/div><\/div><div id='av_section_1' class='avia-section main_color avia-section-no-padding avia-no-border-styling avia-full-stretch av-parallax-section avia-bg-style-parallax  av-minimum-height av-minimum-height-75 container_wrap fullsize'  data-section-bg-repeat='stretch' ><div class='av-parallax' data-avia-parallax-ratio='0.3' ><div class='av-parallax-inner main_color  avia-full-stretch' style = 'background-repeat: no-repeat; background-image: url(https:\/\/casa.oaxaca.gob.mx\/wp-content\/uploads\/2018\/06\/Foto-Los-An\u0303os-Jorge.jpg); background-attachment: scroll; background-position: bottom center; ' ><\/div><\/div><div class='container' ><div class='template-page content  av-content-full alpha units'><div class='post-entry post-entry-type-page post-entry-4545'><div class='entry-content-wrapper clearfix'>\n<div style='padding-bottom:10px;color:#ffffff;font-size:50px;' class='av-special-heading av-special-heading-h3 custom-color-heading blockquote modern-quote  av-inherit-size'><h3 class='av-special-heading-tag'  itemprop=\"headline\"  >Taller de danza: El cuerpo habla<\/h3><div class ='av-subheading av-subheading_below av_custom_color' style='font-size:25px;'><p>Sunny Savoy<\/p>\n<\/div><div class='special-heading-border'><div class='special-heading-inner-border' style='border-color:#ffffff'><\/div><\/div><\/div>\n\n<\/div><\/div><\/div><!-- close content main div --><\/div><\/div><div id='av-layout-grid-1' class='av-layout-grid-container entry-content-wrapper main_color av-flex-cells  container_wrap fullsize'   >\n<div class=\"flex_cell no_margin av_one_full   \" style='vertical-align:top; padding:30px; background-color:#ED9600; '><div class='flex_cell_inner' ><p><div class='flex_column_table av-equal-height-column-flextable' ><div class=\"flex_column av_one_fourth  flex_column_table_cell av-equal-height-column av-align-top av-zero-column-padding first  \" style='border-radius:0px; '><div style='padding-bottom:10px;color:#ffffff;' class='av-special-heading av-special-heading-h3 custom-color-heading blockquote modern-quote  '><h3 class='av-special-heading-tag'  itemprop=\"headline\"  >Cierre de inscipciones<\/h3><div class ='av-subheading av-subheading_below av_custom_color' style='font-size:20px;'><p>domingo 01 de julio de 2018<\/p>\n<\/div><div class='special-heading-border'><div class='special-heading-inner-border' style='border-color:#ffffff'><\/div><\/div><\/div><\/div><div class='av-flex-placeholder'><\/div><div class=\"flex_column av_one_fourth  flex_column_table_cell av-equal-height-column av-align-top av-zero-column-padding   \" style='border-radius:0px; '><div style='padding-bottom:10px;color:#ffffff;' class='av-special-heading av-special-heading-h3 custom-color-heading blockquote modern-quote  '><h3 class='av-special-heading-tag'  itemprop=\"headline\"  >Fechas<\/h3><div class ='av-subheading av-subheading_below av_custom_color' style='font-size:20px;'><p>Lunes a viernes:<br \/>\nDel 09 al 13 de julio de 2018<\/p>\n<\/div><div class='special-heading-border'><div class='special-heading-inner-border' style='border-color:#ffffff'><\/div><\/div><\/div><\/div><div class='av-flex-placeholder'><\/div><div class=\"flex_column av_one_fourth  flex_column_table_cell av-equal-height-column av-align-top av-zero-column-padding   \" style='border-radius:0px; '><div style='padding-bottom:10px;color:#ffffff;' class='av-special-heading av-special-heading-h3 custom-color-heading blockquote modern-quote '><h3 class='av-special-heading-tag'  itemprop=\"headline\"  >Horario<\/h3><div class ='av-subheading av-subheading_below av_custom_color' style='font-size:20px;'><p>De 16:00 a 20:00 hrs<br \/>\nCentro de las Artes de San Agust\u00edn<\/p>\n<\/div><div class='special-heading-border'><div class='special-heading-inner-border' style='border-color:#ffffff'><\/div><\/div><\/div><\/div><div class='av-flex-placeholder'><\/div><div class=\"flex_column av_one_fourth  flex_column_table_cell av-equal-height-column av-align-top av-zero-column-padding   \" style='border-radius:0px; '><div class='avia-button-wrap avia-button-center '><a href='https:\/\/goo.gl\/forms\/Bx62ShvUkxYs02rE3' class='avia-button avia-button-fullwidth  avia-icon_select-no avia-color-custom '  target=\"_blank\"  style='color:#020202; background-color:#ffffff;  ' ><span class='avia_iconbox_title' >Inscr\u00edbete<\/span><span class='avia_button_background avia-button avia-button-fullwidth avia-color-custom' style='background-color:#1efff7; '><\/span><\/a><\/div><\/div><\/div><!--close column table wrapper. Autoclose:  --><\/p>\n<\/div><\/div>\n<\/div>\n<div class=\"flex_column av_two_fifth  flex_column_div av-zero-column-padding first  \" style='border-radius:0px; '><p><div class='av-social-sharing-box '><div class='av-share-box'><h5 class='av-share-link-description'>Compartir esta actividad<\/h5><ul class='av-share-box-list noLightbox'><li class='av-share-link av-social-link-facebook' ><a target='_blank' href='http:\/\/www.facebook.com\/sharer.php?u=https:\/\/casa.oaxaca.gob.mx\/?p=4545&amp;t=Taller%20de%20danza%3A%20El%20cuerpo%20habla.' aria-hidden='true' data-av_icon='\ue8f3' data-av_iconfont='entypo-fontello' title='' data-avia-related-tooltip='Share on Facebook'><span class='avia_hidden_link_text'>Share on Facebook<\/span><\/a><\/li><li class='av-share-link av-social-link-twitter' ><a target='_blank' href='https:\/\/twitter.com\/share?text=Taller%20de%20danza%3A%20El%20cuerpo%20habla.&url=https:\/\/casa.oaxaca.gob.mx\/?p=4545' aria-hidden='true' data-av_icon='\ue8f1' data-av_iconfont='entypo-fontello' title='' data-avia-related-tooltip='Share on Twitter'><span class='avia_hidden_link_text'>Share on Twitter<\/span><\/a><\/li><li class='av-share-link av-social-link-gplus' ><a target='_blank' href='https:\/\/plus.google.com\/share?url=https:\/\/casa.oaxaca.gob.mx\/?p=4545' aria-hidden='true' data-av_icon='\ue8f6' data-av_iconfont='entypo-fontello' title='' data-avia-related-tooltip='Share on Google+'><span class='avia_hidden_link_text'>Share on Google+<\/span><\/a><\/li><li class='av-share-link av-social-link-pinterest' ><a target='_blank' href='http:\/\/pinterest.com\/pin\/create\/button\/?url=https%3A%2F%2Fcasa.oaxaca.gob.mx%2F%3Fp%3D4545&amp;description=Taller%20de%20danza%3A%20El%20cuerpo%20habla.&amp;media=https%3A%2F%2Fcasa.oaxaca.gob.mx%2Fwp-content%2Fuploads%2F2018%2F06%2FCSS.LosAn%CC%83os.MagaliPenella-705x470.jpg' aria-hidden='true' data-av_icon='\ue8f8' data-av_iconfont='entypo-fontello' title='' data-avia-related-tooltip='Share on Pinterest'><span class='avia_hidden_link_text'>Share on Pinterest<\/span><\/a><\/li><li class='av-share-link av-social-link-mail' ><a  href='mailto:?subject=Taller%20de%20danza%3A%20El%20cuerpo%20habla.&amp;body=https:\/\/casa.oaxaca.gob.mx\/?p=4545' aria-hidden='true' data-av_icon='\ue805' data-av_iconfont='entypo-fontello' title='' data-avia-related-tooltip='Share by Mail'><span class='avia_hidden_link_text'>Share by Mail<\/span><\/a><\/li><\/ul><\/div><\/div><br \/>\n<div  class='hr hr-default '><span class='hr-inner ' ><span class='hr-inner-style'><\/span><\/span><\/div><br \/>\n<div style='padding-bottom:10px;font-size:30px;' class='av-special-heading av-special-heading-h3  blockquote modern-quote   av-inherit-size'><h3 class='av-special-heading-tag'  itemprop=\"headline\"  >Sobre el tallerista<\/h3><div class='special-heading-border'><div class='special-heading-inner-border' ><\/div><\/div><\/div><br \/>\n<section class=\"av_textblock_section\"  itemscope=\"itemscope\" itemtype=\"https:\/\/schema.org\/BlogPosting\" itemprop=\"blogPost\" ><div class='avia_textblock '   itemprop=\"text\" ><p><strong class=\"s1\"><img loading=\"lazy\" decoding=\"async\" class=\"alignnone size-full wp-image-4546\" src=\"https:\/\/casa.oaxaca.gob.mx\/wp-content\/uploads\/2018\/06\/SunnySavoy_GenGibler.jpg\" alt=\"\" width=\"1362\" height=\"2048\" srcset=\"https:\/\/casa.oaxaca.gob.mx\/wp-content\/uploads\/2018\/06\/SunnySavoy_GenGibler.jpg 1362w, https:\/\/casa.oaxaca.gob.mx\/wp-content\/uploads\/2018\/06\/SunnySavoy_GenGibler-200x300.jpg 200w, https:\/\/casa.oaxaca.gob.mx\/wp-content\/uploads\/2018\/06\/SunnySavoy_GenGibler-768x1155.jpg 768w, https:\/\/casa.oaxaca.gob.mx\/wp-content\/uploads\/2018\/06\/SunnySavoy_GenGibler-1330x2000.jpg 1330w, https:\/\/casa.oaxaca.gob.mx\/wp-content\/uploads\/2018\/06\/SunnySavoy_GenGibler-998x1500.jpg 998w, https:\/\/casa.oaxaca.gob.mx\/wp-content\/uploads\/2018\/06\/SunnySavoy_GenGibler-469x705.jpg 469w, https:\/\/casa.oaxaca.gob.mx\/wp-content\/uploads\/2018\/06\/SunnySavoy_GenGibler-450x677.jpg 450w\" sizes=\"auto, (max-width: 1362px) 100vw, 1362px\" \/><\/strong><\/p>\n<p><strong>Sunny Savoy<\/strong><\/p>\n<p><strong>Core\u00f3grafa y docente<\/strong><\/p>\n<p>Con 37 a\u00f1os de carrera, su compa\u00f1\u00eda independiente de danza contempor\u00e1nea, la Compa\u00f1\u00eda Sunny Savoy, antes conocido como Impulso, tiene 32 a\u00f1os de existencia. Su obra coreogr\u00e1fica de ha sido presentado en pa\u00edses como Alemania, Espa\u00f1a, Francia, Inglaterra, Italia, Canad\u00e1, Portugal, Luxemburgo, Estados Unidos, Colombia, M\u00e9xico y otros. Ha recibido becas y premios de varias instituciones como INBA, Fideicomiso para la Cultura M\u00e9xico\/Estados Unidos, CONARTE de Nuevo Le\u00f3n, FONCA nacional y FOECA de Puebla. Homenajiada por su trayectoria en el XXVIII Encuentro Metropolitano de Danza Contempor\u00e1nea en Nuevo Leon, en 2013.\u00a0 Nominada para LUNAS del AUDITORIO, 2009. Obtuvo el Premio Coreogr\u00e1fico de Torre\u00f3n, en 2008, el Premio a la Creaci\u00f3n Coreogr\u00e1fica &#8220;Guillermina Bravo&#8221;, en 2001 y ha sido finalista del Premio INBA-UAM en cinco ocasiones. Sunny Savoy es miembro del Sistema Nacional de Creadores.<\/p>\n<\/div><\/section><\/p><\/div>\n<div class=\"flex_column av_three_fifth  flex_column_div av-zero-column-padding   \" style='border-radius:0px; '><p><div style='padding-bottom:10px;font-size:30px;' class='av-special-heading av-special-heading-h3  blockquote modern-quote  av-inherit-size'><h3 class='av-special-heading-tag'  itemprop=\"headline\"  >Alumnos aceptados al taller<\/h3><div class='special-heading-border'><div class='special-heading-inner-border' ><\/div><\/div><\/div><br \/>\n<section class=\"av_textblock_section\"  itemscope=\"itemscope\" itemtype=\"https:\/\/schema.org\/BlogPosting\" itemprop=\"blogPost\" ><div class='avia_textblock '   itemprop=\"text\" ><p>Mar\u00eda Del Roc\u00edo Barrita Mat\u00edas<\/p>\n<p>Gemma Lorena Barrita Mat\u00edas<\/p>\n<p>Kesiah Kerem P\u00e9rez Barrita<\/p>\n<p>Cintia Sefirelly<\/p>\n<p>Luisa Jim\u00e9nez Bueno<\/p>\n<p>Sharon Shantal D\u00edaz Gonz\u00e1lez<\/p>\n<p>Marco Antonio Garc\u00eda L\u00f3pez<\/p>\n<p>Dana Mar\u00eda Segura Ochoa<\/p>\n<p>kara rhue<\/p>\n<p>Alejandra Hugues Iraz\u00e1bal<\/p>\n<p>Georgina Isabel Margalli Peral<\/p>\n<p>Navani Benjam\u00ed S\u00e1nchez Santos<\/p>\n<p>Marisol Torres Goxcon<\/p>\n<p>Leticia Galv\u00e1n Alvarado<\/p>\n<p>Juan Antonio Gonz\u00e1lez<\/p>\n<p>Natalia Contreras<\/p>\n<p>Clara Torielli<\/p>\n<p>El alumno a trav\u00e9s de la improvisaci\u00f3n guiada tendr\u00e1 una experiencia del cuerpo, esp\u00edritu y mente para buscar nuevos acercamientos a la creaci\u00f3n<\/p>\n<\/div><\/section><br \/>\n<div class='avia-data-table-wrap avia_responsive_table'><table class='avia-table avia-data-table avia-table-1  avia_pricing_default'  itemscope=\"itemscope\" itemtype=\"https:\/\/schema.org\/Table\" ><tbody><tr class='avia-heading-row'><th class=''>Temas a tratar:<\/th><\/tr><tr class=''><td class=''>-Calentamiento<br \/>\n&#8211; La construcci\u00f3n de movimiento a partir de la memoria<br \/>\n-Ejercicios de effort de Laban<br \/>\n-Ejercicios de partes aislados del cuerpo.<br \/>\n-Ejercicios en duetos.<br \/>\n-Ejercicios en espacio<br \/>\n-Construcci\u00f3n desde la memoria<br \/>\n-Reflexiones y Discusiones<br \/>\n-Presentaci\u00f3n en grupos<br \/>\n<\/td><\/tr><tr class=''><td class=''>Objetivos:<br \/>\n-Liberar la mente para generar una fluidez en la b\u00fasqueda<br \/>\n-Aprender a escuchar el cuerpo en el di\u00e1logo esc\u00e9nico<br \/>\n-Permitir la experimentaci\u00f3n del movimiento y adquirir nuevas maneras de ver y sentir la danza en su proceso de creaci\u00f3n, todo para ampliar su visi\u00f3n y posibilidades dentro de la creaci\u00f3n en la danza.<br \/>\n<\/td><\/tr><tr class=''><td class=''>Sunny Savoy, es integrante del Sistema Nacional de Creadores de Arte y su participaci\u00f3n es posible gracias a la colaboraci\u00f3n del Programa Creadores en los Estados realizado por la Direcci\u00f3n General de Vinculaci\u00f3n Cultural y el FONCA.<br \/>\n<\/td><\/tr><\/tbody><\/table><\/div><style type='text\/css'>.avia-table-1 td:nth-of-type(1):before { content: 'Temas a tratar:'; } <\/style><br \/>\n<div style='height:20px' class='hr hr-invisible '><span class='hr-inner ' ><span class='hr-inner-style'><\/span><\/span><\/div><br \/>\n<div id='av-masonry-1' class='av-masonry noHover av-fixed-size av-large-gap av-hover-overlay-active av-masonry-col-3 av-caption-always av-caption-style- av-masonry-gallery  '  ><div class='av-masonry-container isotope av-js-disabled ' ><div class='av-masonry-entry isotope-item av-masonry-item-no-image '><\/div><a href=\"https:\/\/casa.oaxaca.gob.mx\/wp-content\/uploads\/2018\/06\/SunnySavoy_GenGibler-1330x2000.jpg\" id='av-masonry-1-item-4546' data-av-masonry-item='4546' class='av-masonry-entry isotope-item post-4546 attachment type-attachment status-inherit hentry  av-masonry-item-with-image av-grid-img' title=\"\"  itemprop=\"thumbnailUrl\" ><div class='av-inner-masonry-sizer'><\/div><figure class='av-inner-masonry main_color'><div class=\"av-masonry-outerimage-container\"><div class=\"av-masonry-image-container\" style=\"background-image: url(https:\/\/casa.oaxaca.gob.mx\/wp-content\/uploads\/2018\/06\/SunnySavoy_GenGibler-469x705.jpg);\"><img decoding=\"async\" src=\"https:\/\/casa.oaxaca.gob.mx\/wp-content\/uploads\/2018\/06\/SunnySavoy_GenGibler-469x705.jpg\" title=\"SunnySavoy_GenGibler\" alt=\"\" \/><\/div><\/div><\/figure><\/a><!--end av-masonry entry--><a href=\"https:\/\/casa.oaxaca.gob.mx\/wp-content\/uploads\/2018\/06\/Foto-Los-An\u0303os-Jorge.jpg\" id='av-masonry-1-item-4547' data-av-masonry-item='4547' class='av-masonry-entry isotope-item post-4547 attachment type-attachment status-inherit hentry  av-masonry-item-with-image av-grid-img' title=\"\"  itemprop=\"thumbnailUrl\" ><div class='av-inner-masonry-sizer'><\/div><figure class='av-inner-masonry main_color'><div class=\"av-masonry-outerimage-container\"><div class=\"av-masonry-image-container\" style=\"background-image: url(https:\/\/casa.oaxaca.gob.mx\/wp-content\/uploads\/2018\/06\/Foto-Los-An\u0303os-Jorge-607x705.jpg);\"><img decoding=\"async\" src=\"https:\/\/casa.oaxaca.gob.mx\/wp-content\/uploads\/2018\/06\/Foto-Los-An\u0303os-Jorge-607x705.jpg\" title=\"Foto Los An\u0303os Jorge\" alt=\"\" \/><\/div><\/div><\/figure><\/a><!--end av-masonry entry--><a href=\"https:\/\/casa.oaxaca.gob.mx\/wp-content\/uploads\/2018\/06\/CSS.LosAn\u0303os.MagaliPenella-2000x1333.jpg\" id='av-masonry-1-item-4548' data-av-masonry-item='4548' class='av-masonry-entry isotope-item post-4548 attachment type-attachment status-inherit hentry  av-masonry-item-with-image av-grid-img' title=\"\"  itemprop=\"thumbnailUrl\" ><div class='av-inner-masonry-sizer'><\/div><figure class='av-inner-masonry main_color'><div class=\"av-masonry-outerimage-container\"><div class=\"av-masonry-image-container\" style=\"background-image: url(https:\/\/casa.oaxaca.gob.mx\/wp-content\/uploads\/2018\/06\/CSS.LosAn\u0303os.MagaliPenella-705x470.jpg);\"><img decoding=\"async\" src=\"https:\/\/casa.oaxaca.gob.mx\/wp-content\/uploads\/2018\/06\/CSS.LosAn\u0303os.MagaliPenella-705x470.jpg\" title=\"CSS.LosAn\u0303os.MagaliPenella\" alt=\"\" \/><\/div><\/div><\/figure><\/a><!--end av-masonry entry--><a href=\"https:\/\/casa.oaxaca.gob.mx\/wp-content\/uploads\/2018\/06\/CSS.LosAn\u0303os.GenGibler-2000x1331.jpg\" id='av-masonry-1-item-4549' data-av-masonry-item='4549' class='av-masonry-entry isotope-item post-4549 attachment type-attachment status-inherit hentry  av-masonry-item-with-image av-grid-img' title=\"Los A\u00f1os. Compa\u00f1\u00eda Sunny Savoy. Coreograf\u00eda y Direcci\u00f3n: Sunny Savoy.  Teatro Espacio Rogelio Villarreal Elizondo. 18 de junio de 2017. Foto: Gen Gibler\"  itemprop=\"thumbnailUrl\" ><div class='av-inner-masonry-sizer'><\/div><figure class='av-inner-masonry main_color'><div class=\"av-masonry-outerimage-container\"><div class=\"av-masonry-image-container\" style=\"background-image: url(https:\/\/casa.oaxaca.gob.mx\/wp-content\/uploads\/2018\/06\/CSS.LosAn\u0303os.GenGibler-705x469.jpg);\"><img decoding=\"async\" src=\"https:\/\/casa.oaxaca.gob.mx\/wp-content\/uploads\/2018\/06\/CSS.LosAn\u0303os.GenGibler-705x469.jpg\" title=\"CSS.LosAn\u0303os.GenGibler\" alt=\"\" \/><\/div><\/div><\/figure><\/a><!--end av-masonry entry--><a href=\"https:\/\/casa.oaxaca.gob.mx\/wp-content\/uploads\/2018\/06\/Foto-Vacio-17-19Feb2017-21.jpg\" id='av-masonry-1-item-4551' data-av-masonry-item='4551' class='av-masonry-entry isotope-item post-4551 attachment type-attachment status-inherit hentry  av-masonry-item-with-image av-grid-img' title=\"\"  itemprop=\"thumbnailUrl\" ><div class='av-inner-masonry-sizer'><\/div><figure class='av-inner-masonry main_color'><div class=\"av-masonry-outerimage-container\"><div class=\"av-masonry-image-container\" style=\"background-image: url(https:\/\/casa.oaxaca.gob.mx\/wp-content\/uploads\/2018\/06\/Foto-Vacio-17-19Feb2017-21-470x705.jpg);\"><img decoding=\"async\" src=\"https:\/\/casa.oaxaca.gob.mx\/wp-content\/uploads\/2018\/06\/Foto-Vacio-17-19Feb2017-21-470x705.jpg\" title=\"Foto Vacio 17-19Feb2017 2(1)\" alt=\"\" \/><\/div><\/div><\/figure><\/a><!--end av-masonry entry--><\/div><\/div><br \/>\n<div style='height:20px' class='hr hr-invisible '><span class='hr-inner ' ><span class='hr-inner-style'><\/span><\/span><\/div><br \/>\n<div style='padding-bottom:10px;font-size:30px;' class='av-special-heading av-special-heading-h3  blockquote modern-quote   av-inherit-size'><h3 class='av-special-heading-tag'  itemprop=\"headline\"  >Requisitos de inscripci\u00f3n<\/h3><div class='special-heading-border'><div class='special-heading-inner-border' ><\/div><\/div><\/div><br \/>\n<div class='avia-data-table-wrap avia_responsive_table'><table class='avia-table avia-data-table avia-table-2  avia_pricing_default'  itemscope=\"itemscope\" itemtype=\"https:\/\/schema.org\/Table\" ><tbody><tr class=''><td class=''>1<br \/>\nDirigido a p\u00fablico interesado en conocer diversas t\u00e9cnicas de danza. A partir de los 12 a\u00f1os.<br \/>\n<\/td><\/tr><tr class=''><td class=''>2<br \/>\nLos interesados deber\u00e1n llenar el formulario que se encuentra en esta p\u00e1gina.<br \/>\nPara poder ser considerado como candidato a participar en taller el interesado deber\u00e1 presentar:<br \/>\n-Carta curricular breve con datos de contacto<br \/>\n-Carta de motivos, explicando su inter\u00e9s en el taller.<br \/>\n-Carta compromiso<\/p>\n<p>Todos estos documentos deber\u00e1n estar integrados en un \u00fanico archivo PDF que lleve como asunto el nombre del taller y participante (ejemplo: El cuerpo habla &#8211; Antonio Ruiz) y lo env\u00edan a los correos<br \/>\ninscribetecasa@gmail.com con copia a acoordinacioncasa@gmail.com<\/p>\n<p>Los participantes seleccionados deber\u00e1n comprometerse a tomar el curso completo ya que una inasistencia injustificada ser\u00e1 motivo de suspensi\u00f3n y no podr\u00e1 ingresar a talleres o diplomados futuros.<br \/>\n<\/td><\/tr><tr class=''><td class=''>3<br \/>\nRevisa en esta misma p\u00e1gina si formar\u00e1s parte de los participantes.<\/td><\/tr><\/tbody><\/table><\/div><style type='text\/css'><\/style><\/p><\/div>\n","protected":false},"excerpt":{"rendered":"","protected":false},"author":1,"featured_media":4548,"comment_status":"open","ping_status":"open","sticky":false,"template":"","format":"standard","meta":{"_exactmetrics_skip_tracking":false,"_exactmetrics_sitenote_active":false,"_exactmetrics_sitenote_note":"","_exactmetrics_sitenote_category":0,"footnotes":""},"categories":[97],"tags":[],"class_list":["post-4545","post","type-post","status-publish","format-standard","has-post-thumbnail","hentry","category-eventos-cerrados-2018"],"_links":{"self":[{"href":"https:\/\/casa.oaxaca.gob.mx\/index.php?rest_route=\/wp\/v2\/posts\/4545","targetHints":{"allow":["GET"]}}],"collection":[{"href":"https:\/\/casa.oaxaca.gob.mx\/index.php?rest_route=\/wp\/v2\/posts"}],"about":[{"href":"https:\/\/casa.oaxaca.gob.mx\/index.php?rest_route=\/wp\/v2\/types\/post"}],"author":[{"embeddable":true,"href":"https:\/\/casa.oaxaca.gob.mx\/index.php?rest_route=\/wp\/v2\/users\/1"}],"replies":[{"embeddable":true,"href":"https:\/\/casa.oaxaca.gob.mx\/index.php?rest_route=%2Fwp%2Fv2%2Fcomments&post=4545"}],"version-history":[{"count":6,"href":"https:\/\/casa.oaxaca.gob.mx\/index.php?rest_route=\/wp\/v2\/posts\/4545\/revisions"}],"predecessor-version":[{"id":4750,"href":"https:\/\/casa.oaxaca.gob.mx\/index.php?rest_route=\/wp\/v2\/posts\/4545\/revisions\/4750"}],"wp:featuredmedia":[{"embeddable":true,"href":"https:\/\/casa.oaxaca.gob.mx\/index.php?rest_route=\/wp\/v2\/media\/4548"}],"wp:attachment":[{"href":"https:\/\/casa.oaxaca.gob.mx\/index.php?rest_route=%2Fwp%2Fv2%2Fmedia&parent=4545"}],"wp:term":[{"taxonomy":"category","embeddable":true,"href":"https:\/\/casa.oaxaca.gob.mx\/index.php?rest_route=%2Fwp%2Fv2%2Fcategories&post=4545"},{"taxonomy":"post_tag","embeddable":true,"href":"https:\/\/casa.oaxaca.gob.mx\/index.php?rest_route=%2Fwp%2Fv2%2Ftags&post=4545"}],"curies":[{"name":"wp","href":"https:\/\/api.w.org\/{rel}","templated":true}]}}