{"id":4565,"date":"2018-06-18T16:46:10","date_gmt":"2018-06-18T21:46:10","guid":{"rendered":"https:\/\/casa.oaxaca.gob.mx\/?p=4565"},"modified":"2018-09-26T14:20:47","modified_gmt":"2018-09-26T19:20:47","slug":"taller-herramientas-actuales-para-el-proceso-pictorico","status":"publish","type":"post","link":"https:\/\/casa.oaxaca.gob.mx\/?p=4565","title":{"rendered":"Taller: Herramientas Actuales para el Proceso Pict\u00f3rico."},"content":{"rendered":"<\/div><\/div><\/div><!-- close content main div --><\/div><\/div><div id='av_section_1' class='avia-section main_color avia-section-no-padding avia-no-border-styling avia-full-stretch av-parallax-section avia-bg-style-parallax  av-minimum-height av-minimum-height-75 container_wrap fullsize'  data-section-bg-repeat='stretch' ><div class='av-parallax' data-avia-parallax-ratio='0.3' ><div class='av-parallax-inner main_color  avia-full-stretch' style = 'background-repeat: no-repeat; background-image: url(https:\/\/casa.oaxaca.gob.mx\/wp-content\/uploads\/2018\/06\/Daybreak-OIl-on-Linen-170-x-140-cm-2017.jpg); background-attachment: scroll; background-position: bottom center; ' ><\/div><\/div><div class='container' ><div class='template-page content  av-content-full alpha units'><div class='post-entry post-entry-type-page post-entry-4565'><div class='entry-content-wrapper clearfix'>\n<div style='padding-bottom:10px;color:#ffffff;font-size:50px;' class='av-special-heading av-special-heading-h3 custom-color-heading blockquote modern-quote  av-inherit-size'><h3 class='av-special-heading-tag'  itemprop=\"headline\"  >Taller: Herramientas Actuales para el Proceso Pict\u00f3rico<\/h3><div class ='av-subheading av-subheading_below av_custom_color' style='font-size:25px;'><p>Omar Rodr\u00edguez-Graham<\/p>\n<\/div><div class='special-heading-border'><div class='special-heading-inner-border' style='border-color:#ffffff'><\/div><\/div><\/div>\n\n<\/div><\/div><\/div><!-- close content main div --><\/div><\/div><div id='av-layout-grid-1' class='av-layout-grid-container entry-content-wrapper main_color av-flex-cells  container_wrap fullsize'   >\n<div class=\"flex_cell no_margin av_one_full   \" style='vertical-align:top; padding:30px; background-color:#ED9600; '><div class='flex_cell_inner' ><p><div class='flex_column_table av-equal-height-column-flextable' ><div class=\"flex_column av_one_fourth  flex_column_table_cell av-equal-height-column av-align-top av-zero-column-padding first  \" style='border-radius:0px; '><div style='padding-bottom:10px;color:#ffffff;' class='av-special-heading av-special-heading-h3 custom-color-heading blockquote modern-quote '><h3 class='av-special-heading-tag'  itemprop=\"headline\"  >Cierre de inscipciones<\/h3><div class ='av-subheading av-subheading_below av_custom_color' style='font-size:20px;'><p>domingo 19 de agosto de 2018<\/p>\n<\/div><div class='special-heading-border'><div class='special-heading-inner-border' style='border-color:#ffffff'><\/div><\/div><\/div><\/div><div class='av-flex-placeholder'><\/div><div class=\"flex_column av_one_fourth  flex_column_table_cell av-equal-height-column av-align-top av-zero-column-padding   \" style='border-radius:0px; '><div style='padding-bottom:10px;color:#ffffff;' class='av-special-heading av-special-heading-h3 custom-color-heading blockquote modern-quote '><h3 class='av-special-heading-tag'  itemprop=\"headline\"  >Fechas<\/h3><div class ='av-subheading av-subheading_below av_custom_color' style='font-size:20px;'><p>Lunes a viernes: del 10 al 14 de septiembre de 2018<\/p>\n<\/div><div class='special-heading-border'><div class='special-heading-inner-border' style='border-color:#ffffff'><\/div><\/div><\/div><\/div><div class='av-flex-placeholder'><\/div><div class=\"flex_column av_one_fourth  flex_column_table_cell av-equal-height-column av-align-top av-zero-column-padding   \" style='border-radius:0px; '><div style='padding-bottom:10px;color:#ffffff;' class='av-special-heading av-special-heading-h3 custom-color-heading blockquote modern-quote '><h3 class='av-special-heading-tag'  itemprop=\"headline\"  >Horario<\/h3><div class ='av-subheading av-subheading_below av_custom_color' style='font-size:20px;'><p>De 16:00 a 20:00 hrs<br \/>\nCentro de las Artes de San Agust\u00edn<\/p>\n<\/div><div class='special-heading-border'><div class='special-heading-inner-border' style='border-color:#ffffff'><\/div><\/div><\/div><\/div><div class='av-flex-placeholder'><\/div><div class=\"flex_column av_one_fourth  flex_column_table_cell av-equal-height-column av-align-top av-zero-column-padding   \" style='border-radius:0px; '><div class='avia-button-wrap avia-button-center '><a href='https:\/\/goo.gl\/forms\/Bx62ShvUkxYs02rE3' class='avia-button avia-button-fullwidth  avia-icon_select-no avia-color-custom '  target=\"_blank\"  style='color:#020202; background-color:#ffffff;  ' ><span class='avia_iconbox_title' >Inscr\u00edbete<\/span><span class='avia_button_background avia-button avia-button-fullwidth avia-color-custom' style='background-color:#1efff7; '><\/span><\/a><\/div><\/div><\/div><!--close column table wrapper. Autoclose:  --><\/p>\n<\/div><\/div>\n<\/div>\n<div class=\"flex_column av_two_fifth  flex_column_div av-zero-column-padding first  \" style='border-radius:0px; '><p><div class='av-social-sharing-box '><div class='av-share-box'><h5 class='av-share-link-description'>Compartir esta actividad<\/h5><ul class='av-share-box-list noLightbox'><li class='av-share-link av-social-link-facebook' ><a target='_blank' href='http:\/\/www.facebook.com\/sharer.php?u=https:\/\/casa.oaxaca.gob.mx\/?p=4565&amp;t=Taller%3A%20Herramientas%20Actuales%20para%20el%20Proceso%20Pict%C3%B3rico.' aria-hidden='true' data-av_icon='\ue8f3' data-av_iconfont='entypo-fontello' title='' data-avia-related-tooltip='Share on Facebook'><span class='avia_hidden_link_text'>Share on Facebook<\/span><\/a><\/li><li class='av-share-link av-social-link-twitter' ><a target='_blank' href='https:\/\/twitter.com\/share?text=Taller%3A%20Herramientas%20Actuales%20para%20el%20Proceso%20Pict%C3%B3rico.&url=https:\/\/casa.oaxaca.gob.mx\/?p=4565' aria-hidden='true' data-av_icon='\ue8f1' data-av_iconfont='entypo-fontello' title='' data-avia-related-tooltip='Share on Twitter'><span class='avia_hidden_link_text'>Share on Twitter<\/span><\/a><\/li><li class='av-share-link av-social-link-gplus' ><a target='_blank' href='https:\/\/plus.google.com\/share?url=https:\/\/casa.oaxaca.gob.mx\/?p=4565' aria-hidden='true' data-av_icon='\ue8f6' data-av_iconfont='entypo-fontello' title='' data-avia-related-tooltip='Share on Google+'><span class='avia_hidden_link_text'>Share on Google+<\/span><\/a><\/li><li class='av-share-link av-social-link-pinterest' ><a target='_blank' href='http:\/\/pinterest.com\/pin\/create\/button\/?url=https%3A%2F%2Fcasa.oaxaca.gob.mx%2F%3Fp%3D4565&amp;description=Taller%3A%20Herramientas%20Actuales%20para%20el%20Proceso%20Pict%C3%B3rico.&amp;media=https%3A%2F%2Fcasa.oaxaca.gob.mx%2Fwp-content%2Fuploads%2F2018%2F06%2Fnueva.jpg' aria-hidden='true' data-av_icon='\ue8f8' data-av_iconfont='entypo-fontello' title='' data-avia-related-tooltip='Share on Pinterest'><span class='avia_hidden_link_text'>Share on Pinterest<\/span><\/a><\/li><li class='av-share-link av-social-link-mail' ><a  href='mailto:?subject=Taller%3A%20Herramientas%20Actuales%20para%20el%20Proceso%20Pict%C3%B3rico.&amp;body=https:\/\/casa.oaxaca.gob.mx\/?p=4565' aria-hidden='true' data-av_icon='\ue805' data-av_iconfont='entypo-fontello' title='' data-avia-related-tooltip='Share by Mail'><span class='avia_hidden_link_text'>Share by Mail<\/span><\/a><\/li><\/ul><\/div><\/div><br \/>\n<div  class='hr hr-default '><span class='hr-inner ' ><span class='hr-inner-style'><\/span><\/span><\/div><br \/>\n<div style='padding-bottom:10px;font-size:30px;' class='av-special-heading av-special-heading-h3  blockquote modern-quote   av-inherit-size'><h3 class='av-special-heading-tag'  itemprop=\"headline\"  >Sobre el tallerista<\/h3><div class='special-heading-border'><div class='special-heading-inner-border' ><\/div><\/div><\/div><br \/>\n<section class=\"av_textblock_section\"  itemscope=\"itemscope\" itemtype=\"https:\/\/schema.org\/BlogPosting\" itemprop=\"blogPost\" ><div class='avia_textblock '   itemprop=\"text\" ><div id=\"attachment_4568\" style=\"width: 1360px\" class=\"wp-caption alignnone\"><img loading=\"lazy\" decoding=\"async\" aria-describedby=\"caption-attachment-4568\" class=\"size-full wp-image-4568\" src=\"https:\/\/casa.oaxaca.gob.mx\/wp-content\/uploads\/2018\/06\/Eterno-Resplandor-Devorador-Oil-Acrylic-on-Linen-220-x-200-cm-2018.jpg\" alt=\"\" width=\"1350\" height=\"1500\" srcset=\"https:\/\/casa.oaxaca.gob.mx\/wp-content\/uploads\/2018\/06\/Eterno-Resplandor-Devorador-Oil-Acrylic-on-Linen-220-x-200-cm-2018.jpg 1350w, https:\/\/casa.oaxaca.gob.mx\/wp-content\/uploads\/2018\/06\/Eterno-Resplandor-Devorador-Oil-Acrylic-on-Linen-220-x-200-cm-2018-270x300.jpg 270w, https:\/\/casa.oaxaca.gob.mx\/wp-content\/uploads\/2018\/06\/Eterno-Resplandor-Devorador-Oil-Acrylic-on-Linen-220-x-200-cm-2018-768x853.jpg 768w, https:\/\/casa.oaxaca.gob.mx\/wp-content\/uploads\/2018\/06\/Eterno-Resplandor-Devorador-Oil-Acrylic-on-Linen-220-x-200-cm-2018-635x705.jpg 635w, https:\/\/casa.oaxaca.gob.mx\/wp-content\/uploads\/2018\/06\/Eterno-Resplandor-Devorador-Oil-Acrylic-on-Linen-220-x-200-cm-2018-450x500.jpg 450w\" sizes=\"auto, (max-width: 1350px) 100vw, 1350px\" \/><p id=\"caption-attachment-4568\" class=\"wp-caption-text\">Oil &amp; Acrylic on Linen, 220 x 200 cm<\/p><\/div>\n<p><strong class=\"s1\">\u00a0<\/strong><\/p>\n<p><strong>Omar Rodriguez-Graham<\/strong><\/p>\n<p>Su trabajo es el resultado de una exploraci\u00f3n continua del lenguaje inherente de la pintura; esperando encontrar el punto de encuentro entre lo reconocible y lo abstracto. Su trabajo comienza con el uso de im\u00e1genes reconocibles como una armadura sobre la cual colocar marcas: rastros del evento de la pintura. Juntas, estas marcas construyen una figura que act\u00faa no como un reemplazo o un sustituto de esta figuraci\u00f3n inicial, sino como un recuerdo. Una amalgama entre la traducci\u00f3n de un recuerdo y la construcci\u00f3n de algo nuevo.<\/p>\n<p>Dentro de su trabajo reciente, ha abordado un grupo de pinturas basadas en construcciones f\u00edsicas; Esculturas que presentan una experiencia puramente pict\u00f3rica. Que al ser re-presentado en un lienzo, sugiere una nueva realidad que presenta una coexistencia entre lo reconocible y lo abstracto.<\/p>\n<\/div><\/section><\/p><\/div>\n<div class=\"flex_column av_three_fifth  flex_column_div av-zero-column-padding   \" style='border-radius:0px; '><p><div style='padding-bottom:10px;font-size:30px;' class='av-special-heading av-special-heading-h3  blockquote modern-quote  av-inherit-size'><h3 class='av-special-heading-tag'  itemprop=\"headline\"  >Alumnos aceptados al taller<\/h3><div class='special-heading-border'><div class='special-heading-inner-border' ><\/div><\/div><\/div><br \/>\n<section class=\"av_textblock_section\"  itemscope=\"itemscope\" itemtype=\"https:\/\/schema.org\/BlogPosting\" itemprop=\"blogPost\" ><div class='avia_textblock '   itemprop=\"text\" ><p>Octavio Bollo Morales<\/p>\n<p>Liliana D\u00edaz Garc\u00eda<\/p>\n<p>Eleazar Machucho<\/p>\n<p>Fernando \u00c1lvarez Robledo<\/p>\n<p>Marcos Cortes P\u00e9rez<\/p>\n<p>Paulina Hern\u00e1ndez G\u00f3mez<\/p>\n<p>Jes\u00fas Eduardo Gonz\u00e1lez L\u00f3pez<\/p>\n<p>David Cruz L\u00f3pez<\/p>\n<p>Iv\u00e1n C\u00f3rdova<\/p>\n<p>Antonio S\u00e1nchez L\u00f3pez<\/p>\n<p>Jazm\u00edn Sara\u00ed S\u00e1nchez Mart\u00ednez<\/p>\n<p>Ximena Fargas<\/p>\n<p>Roc\u00edo Olgu\u00edn Nava<\/p>\n<p>Jos\u00e9 Antonio Ram\u00edrez<\/p>\n<p>Karenn Josabed<\/p>\n<p>Marcia Mart\u00ednez S\u00e1nchez<\/p>\n<p>Kelly Framel<\/p>\n<p>Ana Rosa D\u00edaz Gregorio<\/p>\n<p>Matilde Mart\u00ednez Brigada<\/p>\n<p>Gala Morales Rodrigo Mija\u00edl<\/p>\n<p>Tiene la intenci\u00f3n de profundizar el pensamiento cr\u00edtico de los participantes en torno a la pintura contempor\u00e1nea y su propia practica pict\u00f3rica<\/p>\n<\/div><\/section><br \/>\n<div class='avia-data-table-wrap avia_responsive_table'><table class='avia-table avia-data-table avia-table-1  avia_pricing_default'  itemscope=\"itemscope\" itemtype=\"https:\/\/schema.org\/Table\" ><tbody><tr class='avia-heading-row'><th class=''>Temas a tratar:<\/th><\/tr><tr class=''><td class=''>&#8211; Revisi\u00f3n de obra reciente<br \/>\n&#8211; Visitas con artistas en sus talleres<br \/>\n&#8211; Lecturas de apoyo<br \/>\n&#8211; Conversaciones guiadas en torno a lecturas<br \/>\n<\/td><\/tr><tr class=''><td class=''>Sofisticar los vocabularios constructivos y cr\u00edticos en torno a la producci\u00f3n art\u00edstica de cada participe. Para lograr esto tendr\u00e1n una conversaci\u00f3n continua a lo largo del Taller con la intenci\u00f3n de ir profundizando las problem\u00e1ticas que se enfrenta la construcci\u00f3n pict\u00f3rica en la actualidad.<\/p>\n<p>Se realizar\u00e1n revisiones \/ cr\u00edticas de la obra de cada participante por medio de im\u00e1genes digitales, iremos a los talleres de artistas contempor\u00e1neos quienes trabajan con un lenguaje pict\u00f3rico y est\u00e9n ubicados cerca de CaSa<br \/>\n<\/td><\/tr><tr class=''><td class=''>Omar Rodr\u00edguez-Graham, es integrante del Sistema Nacional de Creadores de Arte y su participaci\u00f3n es posible gracias a la colaboraci\u00f3n del Programa Creadores en los Estados realizado por la Direcci\u00f3n General de Vinculaci\u00f3n Cultural y el FONCA.<br \/>\n<\/td><\/tr><\/tbody><\/table><\/div><style type='text\/css'>.avia-table-1 td:nth-of-type(1):before { content: 'Temas a tratar:'; } <\/style><br \/>\n<div style='height:20px' class='hr hr-invisible '><span class='hr-inner ' ><span class='hr-inner-style'><\/span><\/span><\/div><br \/>\n<div id='av-masonry-1' class='av-masonry noHover av-fixed-size av-large-gap av-hover-overlay-active av-masonry-col-3 av-caption-always av-caption-style- av-masonry-gallery  '  ><div class='av-masonry-container isotope av-js-disabled ' ><div class='av-masonry-entry isotope-item av-masonry-item-no-image '><\/div><a href=\"https:\/\/casa.oaxaca.gob.mx\/wp-content\/uploads\/2018\/06\/Herramientas_Act.png\" id='av-masonry-1-item-4566' data-av-masonry-item='4566' class='av-masonry-entry isotope-item post-4566 attachment type-attachment status-inherit hentry  av-masonry-item-with-image av-grid-img' title=\"\"  itemprop=\"thumbnailUrl\" ><div class='av-inner-masonry-sizer'><\/div><figure class='av-inner-masonry main_color'><div class=\"av-masonry-outerimage-container\"><div class=\"av-masonry-image-container\" style=\"background-image: url(https:\/\/casa.oaxaca.gob.mx\/wp-content\/uploads\/2018\/06\/Herramientas_Act-705x705.png);\"><img decoding=\"async\" src=\"https:\/\/casa.oaxaca.gob.mx\/wp-content\/uploads\/2018\/06\/Herramientas_Act-705x705.png\" title=\"Herramientas_Act\" alt=\"\" \/><\/div><\/div><\/figure><\/a><!--end av-masonry entry--><a href=\"https:\/\/casa.oaxaca.gob.mx\/wp-content\/uploads\/2018\/06\/From-Ashes-Rise-Triptych-Dyed-Canvas-Oil-on-Linen-160-x-430-cm-2017.jpg\" id='av-masonry-1-item-4567' data-av-masonry-item='4567' class='av-masonry-entry isotope-item post-4567 attachment type-attachment status-inherit hentry  av-masonry-item-with-image av-landscape-img' title=\"Triptych, Dyed Canvas &amp; Oil on Linen, 160 x 430 cm\"  itemprop=\"thumbnailUrl\" ><div class='av-inner-masonry-sizer'><\/div><figure class='av-inner-masonry main_color'><div class=\"av-masonry-outerimage-container\"><div class=\"av-masonry-image-container\" style=\"background-image: url(https:\/\/casa.oaxaca.gob.mx\/wp-content\/uploads\/2018\/06\/From-Ashes-Rise-Triptych-Dyed-Canvas-Oil-on-Linen-160-x-430-cm-2017-705x265.jpg);\"><img decoding=\"async\" src=\"https:\/\/casa.oaxaca.gob.mx\/wp-content\/uploads\/2018\/06\/From-Ashes-Rise-Triptych-Dyed-Canvas-Oil-on-Linen-160-x-430-cm-2017-705x265.jpg\" title=\"From Ashes Rise\" alt=\"\" \/><\/div><\/div><\/figure><\/a><!--end av-masonry entry--><a href=\"https:\/\/casa.oaxaca.gob.mx\/wp-content\/uploads\/2018\/06\/Eterno-Resplandor-Devorador-Oil-Acrylic-on-Linen-220-x-200-cm-2018.jpg\" id='av-masonry-1-item-4568' data-av-masonry-item='4568' class='av-masonry-entry isotope-item post-4568 attachment type-attachment status-inherit hentry  av-masonry-item-with-image av-grid-img' title=\"Oil &amp; Acrylic on Linen, 220 x 200 cm\"  itemprop=\"thumbnailUrl\" ><div class='av-inner-masonry-sizer'><\/div><figure class='av-inner-masonry main_color'><div class=\"av-masonry-outerimage-container\"><div class=\"av-masonry-image-container\" style=\"background-image: url(https:\/\/casa.oaxaca.gob.mx\/wp-content\/uploads\/2018\/06\/Eterno-Resplandor-Devorador-Oil-Acrylic-on-Linen-220-x-200-cm-2018-635x705.jpg);\"><img decoding=\"async\" src=\"https:\/\/casa.oaxaca.gob.mx\/wp-content\/uploads\/2018\/06\/Eterno-Resplandor-Devorador-Oil-Acrylic-on-Linen-220-x-200-cm-2018-635x705.jpg\" title=\"Eterno Resplandor Devorador\" alt=\"\" \/><\/div><\/div><\/figure><\/a><!--end av-masonry entry--><a href=\"https:\/\/casa.oaxaca.gob.mx\/wp-content\/uploads\/2018\/06\/Entre-la-noche-y-el-viento-soy-el-a\u0301rbitro-que-piensa-y-rige-por-su-propia-voluntad-Oil-Acrylic-Gold-Leaf-on-Linen-mounted-on-Wood-Panel-230-x-213-cm-2018.jpg\" id='av-masonry-1-item-4569' data-av-masonry-item='4569' class='av-masonry-entry isotope-item post-4569 attachment type-attachment status-inherit hentry  av-masonry-item-with-image av-grid-img' title=\"Oil, Acrylic &amp; Gold Leaf on Linen mounted on Wood Panel, 230 x 213 cm\"  itemprop=\"thumbnailUrl\" ><div class='av-inner-masonry-sizer'><\/div><figure class='av-inner-masonry main_color'><div class=\"av-masonry-outerimage-container\"><div class=\"av-masonry-image-container\" style=\"background-image: url(https:\/\/casa.oaxaca.gob.mx\/wp-content\/uploads\/2018\/06\/Entre-la-noche-y-el-viento-soy-el-a\u0301rbitro-que-piensa-y-rige-por-su-propia-voluntad-Oil-Acrylic-Gold-Leaf-on-Linen-mounted-on-Wood-Panel-230-x-213-cm-2018-649x705.jpg);\"><img decoding=\"async\" src=\"https:\/\/casa.oaxaca.gob.mx\/wp-content\/uploads\/2018\/06\/Entre-la-noche-y-el-viento-soy-el-a\u0301rbitro-que-piensa-y-rige-por-su-propia-voluntad-Oil-Acrylic-Gold-Leaf-on-Linen-mounted-on-Wood-Panel-230-x-213-cm-2018-649x705.jpg\" title=\"Entre la noche y el viento, soy el \u00e1rbitro, que piensa y rige p\" alt=\"\" \/><\/div><\/div><\/figure><\/a><!--end av-masonry entry--><a href=\"https:\/\/casa.oaxaca.gob.mx\/wp-content\/uploads\/2018\/06\/Daybreak-OIl-on-Linen-170-x-140-cm-2017.jpg\" id='av-masonry-1-item-4570' data-av-masonry-item='4570' class='av-masonry-entry isotope-item post-4570 attachment type-attachment status-inherit hentry  av-masonry-item-with-image av-grid-img' title=\"OIl on Linen, 170 x 140 cm\"  itemprop=\"thumbnailUrl\" ><div class='av-inner-masonry-sizer'><\/div><figure class='av-inner-masonry main_color'><div class=\"av-masonry-outerimage-container\"><div class=\"av-masonry-image-container\" style=\"background-image: url(https:\/\/casa.oaxaca.gob.mx\/wp-content\/uploads\/2018\/06\/Daybreak-OIl-on-Linen-170-x-140-cm-2017-581x705.jpg);\"><img decoding=\"async\" src=\"https:\/\/casa.oaxaca.gob.mx\/wp-content\/uploads\/2018\/06\/Daybreak-OIl-on-Linen-170-x-140-cm-2017-581x705.jpg\" title=\"Daybreak\" alt=\"\" \/><\/div><\/div><\/figure><\/a><!--end av-masonry entry--><\/div><\/div><br \/>\n<div style='height:20px' class='hr hr-invisible '><span class='hr-inner ' ><span class='hr-inner-style'><\/span><\/span><\/div><br \/>\n<div style='padding-bottom:10px;font-size:30px;' class='av-special-heading av-special-heading-h3  blockquote modern-quote   av-inherit-size'><h3 class='av-special-heading-tag'  itemprop=\"headline\"  >Requisitos de inscripci\u00f3n<\/h3><div class='special-heading-border'><div class='special-heading-inner-border' ><\/div><\/div><\/div><br \/>\n<div class='avia-data-table-wrap avia_responsive_table'><table class='avia-table avia-data-table avia-table-2  avia_pricing_default'  itemscope=\"itemscope\" itemtype=\"https:\/\/schema.org\/Table\" ><tbody><tr class=''><td class=''>1<br \/>\nDirigido a artistas visuales y alumnos de artes visuales<br \/>\n<\/td><\/tr><tr class=''><td class=''>2<br \/>\nLos interesados deber\u00e1n llenar el formulario que se encuentra en esta p\u00e1gina.<br \/>\nPara poder ser considerado como candidato a participar en taller el interesado deber\u00e1 presentar:<br \/>\n-Carta curricular breve con datos de contacto<br \/>\n-Carta de motivos, explicando su inter\u00e9s en el taller.<br \/>\n-Carta compromiso<\/p>\n<p>Todos estos documentos deber\u00e1n estar integrados en un \u00fanico archivo PDF que lleve como asunto el nombre del taller y participante (ejemplo: Herramientas Actuales para el Proceso Pict\u00f3rico &#8211; Antonio Ruiz) y lo env\u00edan a los correos<br \/>\ninscribetecasa@gmail.com con copia a acoordinacioncasa@gmail.com<\/p>\n<p>Los participantes seleccionados deber\u00e1n comprometerse a tomar el curso completo ya que una inasistencia injustificada ser\u00e1 motivo de suspensi\u00f3n y no podr\u00e1 ingresar a talleres o diplomados futuros.<br \/>\n<\/td><\/tr><tr class=''><td class=''>3<br \/>\nRevisa en esta misma p\u00e1gina si formar\u00e1s parte de los participantes.<\/td><\/tr><\/tbody><\/table><\/div><style type='text\/css'><\/style><\/p><\/div>\n","protected":false},"excerpt":{"rendered":"","protected":false},"author":1,"featured_media":5053,"comment_status":"open","ping_status":"open","sticky":false,"template":"","format":"standard","meta":{"_exactmetrics_skip_tracking":false,"_exactmetrics_sitenote_active":false,"_exactmetrics_sitenote_note":"","_exactmetrics_sitenote_category":0,"footnotes":""},"categories":[97],"tags":[],"class_list":["post-4565","post","type-post","status-publish","format-standard","has-post-thumbnail","hentry","category-eventos-cerrados-2018"],"_links":{"self":[{"href":"https:\/\/casa.oaxaca.gob.mx\/index.php?rest_route=\/wp\/v2\/posts\/4565","targetHints":{"allow":["GET"]}}],"collection":[{"href":"https:\/\/casa.oaxaca.gob.mx\/index.php?rest_route=\/wp\/v2\/posts"}],"about":[{"href":"https:\/\/casa.oaxaca.gob.mx\/index.php?rest_route=\/wp\/v2\/types\/post"}],"author":[{"embeddable":true,"href":"https:\/\/casa.oaxaca.gob.mx\/index.php?rest_route=\/wp\/v2\/users\/1"}],"replies":[{"embeddable":true,"href":"https:\/\/casa.oaxaca.gob.mx\/index.php?rest_route=%2Fwp%2Fv2%2Fcomments&post=4565"}],"version-history":[{"count":3,"href":"https:\/\/casa.oaxaca.gob.mx\/index.php?rest_route=\/wp\/v2\/posts\/4565\/revisions"}],"predecessor-version":[{"id":5110,"href":"https:\/\/casa.oaxaca.gob.mx\/index.php?rest_route=\/wp\/v2\/posts\/4565\/revisions\/5110"}],"wp:featuredmedia":[{"embeddable":true,"href":"https:\/\/casa.oaxaca.gob.mx\/index.php?rest_route=\/wp\/v2\/media\/5053"}],"wp:attachment":[{"href":"https:\/\/casa.oaxaca.gob.mx\/index.php?rest_route=%2Fwp%2Fv2%2Fmedia&parent=4565"}],"wp:term":[{"taxonomy":"category","embeddable":true,"href":"https:\/\/casa.oaxaca.gob.mx\/index.php?rest_route=%2Fwp%2Fv2%2Fcategories&post=4565"},{"taxonomy":"post_tag","embeddable":true,"href":"https:\/\/casa.oaxaca.gob.mx\/index.php?rest_route=%2Fwp%2Fv2%2Ftags&post=4565"}],"curies":[{"name":"wp","href":"https:\/\/api.w.org\/{rel}","templated":true}]}}