{"id":4574,"date":"2018-06-19T17:02:31","date_gmt":"2018-06-19T22:02:31","guid":{"rendered":"https:\/\/casa.oaxaca.gob.mx\/?p=4574"},"modified":"2018-07-17T14:19:32","modified_gmt":"2018-07-17T19:19:32","slug":"taller-de-arquitectura-espacio-social-y-poder","status":"publish","type":"post","link":"https:\/\/casa.oaxaca.gob.mx\/?p=4574","title":{"rendered":"Taller de arquitectura: Espacio social y poder."},"content":{"rendered":"<\/div><\/div><\/div><!-- close content main div --><\/div><\/div><div id='av_section_1' class='avia-section main_color avia-section-no-padding avia-no-border-styling avia-full-stretch av-parallax-section avia-bg-style-parallax  av-minimum-height av-minimum-height-75 container_wrap fullsize'  data-section-bg-repeat='stretch' ><div class='av-parallax' data-avia-parallax-ratio='0.3' ><div class='av-parallax-inner main_color  avia-full-stretch' style = 'background-repeat: no-repeat; background-image: url(https:\/\/casa.oaxaca.gob.mx\/wp-content\/uploads\/2018\/06\/FE-SELECTION-\u00a9Victoria-and-Albert-Museum_LDF15_VA_MexicoPavilion_260515.jpg); background-attachment: scroll; background-position: bottom center; ' ><\/div><\/div><div class='container' ><div class='template-page content  av-content-full alpha units'><div class='post-entry post-entry-type-page post-entry-4574'><div class='entry-content-wrapper clearfix'>\n<div style='padding-bottom:10px;color:#ffffff;font-size:50px;' class='av-special-heading av-special-heading-h3 custom-color-heading blockquote modern-quote  av-inherit-size'><h3 class='av-special-heading-tag'  itemprop=\"headline\"  >Taller de arquitectura: Espacio social y poder<\/h3><div class ='av-subheading av-subheading_below av_custom_color' style='font-size:25px;'><p>Frida Escobedo<\/p>\n<\/div><div class='special-heading-border'><div class='special-heading-inner-border' style='border-color:#ffffff'><\/div><\/div><\/div>\n<\/div><\/div><\/div><!-- close content main div --><\/div><\/div><div id='av-layout-grid-1' class='av-layout-grid-container entry-content-wrapper main_color av-flex-cells  container_wrap fullsize'   >\n<div class=\"flex_cell no_margin av_one_full   \" style='vertical-align:top; padding:30px; background-color:#ED9600; '><div class='flex_cell_inner' ><p><div class='flex_column_table av-equal-height-column-flextable' ><div class=\"flex_column av_one_fourth  flex_column_table_cell av-equal-height-column av-align-top av-zero-column-padding first  \" style='border-radius:0px; '><div style='padding-bottom:10px;color:#ffffff;' class='av-special-heading av-special-heading-h3 custom-color-heading blockquote modern-quote '><h3 class='av-special-heading-tag'  itemprop=\"headline\"  >Cierre de inscipciones<\/h3><div class ='av-subheading av-subheading_below av_custom_color' style='font-size:20px;'><p>mi\u00e9rcoles 27 de junio de 2018<\/p>\n<\/div><div class='special-heading-border'><div class='special-heading-inner-border' style='border-color:#ffffff'><\/div><\/div><\/div><\/div><div class='av-flex-placeholder'><\/div><div class=\"flex_column av_one_fourth  flex_column_table_cell av-equal-height-column av-align-top av-zero-column-padding   \" style='border-radius:0px; '><div style='padding-bottom:10px;color:#ffffff;' class='av-special-heading av-special-heading-h3 custom-color-heading blockquote modern-quote '><h3 class='av-special-heading-tag'  itemprop=\"headline\"  >Fechas<\/h3><div class ='av-subheading av-subheading_below av_custom_color' style='font-size:20px;'><p>Lunes a viernes:<br \/>\nDel 02 al 06 de julio de 2018<\/p>\n<\/div><div class='special-heading-border'><div class='special-heading-inner-border' style='border-color:#ffffff'><\/div><\/div><\/div><\/div><div class='av-flex-placeholder'><\/div><div class=\"flex_column av_one_fourth  flex_column_table_cell av-equal-height-column av-align-top av-zero-column-padding   \" style='border-radius:0px; '><div style='padding-bottom:10px;color:#ffffff;' class='av-special-heading av-special-heading-h3 custom-color-heading blockquote modern-quote '><h3 class='av-special-heading-tag'  itemprop=\"headline\"  >Horario<\/h3><div class ='av-subheading av-subheading_below av_custom_color' style='font-size:20px;'><p>De 16:00 a 20:00 hrs<\/p>\n<\/div><div class='special-heading-border'><div class='special-heading-inner-border' style='border-color:#ffffff'><\/div><\/div><\/div><\/div><div class='av-flex-placeholder'><\/div><div class=\"flex_column av_one_fourth  flex_column_table_cell av-equal-height-column av-align-top av-zero-column-padding   \" style='border-radius:0px; '><div class='avia-button-wrap avia-button-center '><a href='https:\/\/goo.gl\/forms\/Bx62ShvUkxYs02rE3' class='avia-button avia-button-fullwidth  avia-icon_select-no avia-color-custom '  target=\"_blank\"  style='color:#020202; background-color:#ffffff;  ' ><span class='avia_iconbox_title' >Inscr\u00edbete<\/span><span class='avia_button_background avia-button avia-button-fullwidth avia-color-custom' style='background-color:#1efff7; '><\/span><\/a><\/div><\/div><\/div><!--close column table wrapper. Autoclose:  --><\/p>\n<\/div><\/div><\/div><div class=\"flex_column av_two_fifth  flex_column_div av-zero-column-padding first  \" style='border-radius:0px; '><p><div class='av-social-sharing-box '><div class='av-share-box'><h5 class='av-share-link-description'>Compartir esta actividad<\/h5><ul class='av-share-box-list noLightbox'><li class='av-share-link av-social-link-facebook' ><a target='_blank' href='http:\/\/www.facebook.com\/sharer.php?u=https:\/\/casa.oaxaca.gob.mx\/?p=4574&amp;t=Taller%20de%20arquitectura%3A%20Espacio%20social%20y%20poder.' aria-hidden='true' data-av_icon='\ue8f3' data-av_iconfont='entypo-fontello' title='' data-avia-related-tooltip='Share on Facebook'><span class='avia_hidden_link_text'>Share on Facebook<\/span><\/a><\/li><li class='av-share-link av-social-link-twitter' ><a target='_blank' href='https:\/\/twitter.com\/share?text=Taller%20de%20arquitectura%3A%20Espacio%20social%20y%20poder.&url=https:\/\/casa.oaxaca.gob.mx\/?p=4574' aria-hidden='true' data-av_icon='\ue8f1' data-av_iconfont='entypo-fontello' title='' data-avia-related-tooltip='Share on Twitter'><span class='avia_hidden_link_text'>Share on Twitter<\/span><\/a><\/li><li class='av-share-link av-social-link-gplus' ><a target='_blank' href='https:\/\/plus.google.com\/share?url=https:\/\/casa.oaxaca.gob.mx\/?p=4574' aria-hidden='true' data-av_icon='\ue8f6' data-av_iconfont='entypo-fontello' title='' data-avia-related-tooltip='Share on Google+'><span class='avia_hidden_link_text'>Share on Google+<\/span><\/a><\/li><li class='av-share-link av-social-link-pinterest' ><a target='_blank' href='http:\/\/pinterest.com\/pin\/create\/button\/?url=https%3A%2F%2Fcasa.oaxaca.gob.mx%2F%3Fp%3D4574&amp;description=Taller%20de%20arquitectura%3A%20Espacio%20social%20y%20poder.&amp;media=https%3A%2F%2Fcasa.oaxaca.gob.mx%2Fwp-content%2Fuploads%2F2018%2F06%2F11-705x466.jpeg' aria-hidden='true' data-av_icon='\ue8f8' data-av_iconfont='entypo-fontello' title='' data-avia-related-tooltip='Share on Pinterest'><span class='avia_hidden_link_text'>Share on Pinterest<\/span><\/a><\/li><li class='av-share-link av-social-link-mail' ><a  href='mailto:?subject=Taller%20de%20arquitectura%3A%20Espacio%20social%20y%20poder.&amp;body=https:\/\/casa.oaxaca.gob.mx\/?p=4574' aria-hidden='true' data-av_icon='\ue805' data-av_iconfont='entypo-fontello' title='' data-avia-related-tooltip='Share by Mail'><span class='avia_hidden_link_text'>Share by Mail<\/span><\/a><\/li><\/ul><\/div><\/div><br \/>\n<div  class='hr hr-default '><span class='hr-inner ' ><span class='hr-inner-style'><\/span><\/span><\/div><br \/>\n<div style='padding-bottom:10px;font-size:30px;' class='av-special-heading av-special-heading-h3  blockquote modern-quote   av-inherit-size'><h3 class='av-special-heading-tag'  itemprop=\"headline\"  >Sobre el tallerista<\/h3><div class='special-heading-border'><div class='special-heading-inner-border' ><\/div><\/div><\/div><br \/>\n<section class=\"av_textblock_section\"  itemscope=\"itemscope\" itemtype=\"https:\/\/schema.org\/BlogPosting\" itemprop=\"blogPost\" ><div class='avia_textblock '   itemprop=\"text\" ><p><strong class=\"s1\"><img loading=\"lazy\" decoding=\"async\" class=\"alignnone size-full wp-image-4575\" src=\"https:\/\/casa.oaxaca.gob.mx\/wp-content\/uploads\/2018\/06\/\u00a9Cuauhtemoc-Garci\u0301a_Codigo-3.jpg\" alt=\"\" width=\"3456\" height=\"5184\" srcset=\"https:\/\/casa.oaxaca.gob.mx\/wp-content\/uploads\/2018\/06\/\u00a9Cuauhtemoc-Garci\u0301a_Codigo-3.jpg 3456w, https:\/\/casa.oaxaca.gob.mx\/wp-content\/uploads\/2018\/06\/\u00a9Cuauhtemoc-Garci\u0301a_Codigo-3-200x300.jpg 200w, https:\/\/casa.oaxaca.gob.mx\/wp-content\/uploads\/2018\/06\/\u00a9Cuauhtemoc-Garci\u0301a_Codigo-3-768x1152.jpg 768w, https:\/\/casa.oaxaca.gob.mx\/wp-content\/uploads\/2018\/06\/\u00a9Cuauhtemoc-Garci\u0301a_Codigo-3-1333x2000.jpg 1333w, https:\/\/casa.oaxaca.gob.mx\/wp-content\/uploads\/2018\/06\/\u00a9Cuauhtemoc-Garci\u0301a_Codigo-3-1000x1500.jpg 1000w, https:\/\/casa.oaxaca.gob.mx\/wp-content\/uploads\/2018\/06\/\u00a9Cuauhtemoc-Garci\u0301a_Codigo-3-470x705.jpg 470w, https:\/\/casa.oaxaca.gob.mx\/wp-content\/uploads\/2018\/06\/\u00a9Cuauhtemoc-Garci\u0301a_Codigo-3-450x675.jpg 450w\" sizes=\"auto, (max-width: 3456px) 100vw, 3456px\" \/><\/strong><\/p>\n<p><strong>Frida Escobedo<\/strong><\/p>\n<p>Dirige su propio taller de arquitectura desde 2003. Sus proyectos buscan la manera de hacer evidente el tiempo social: el uso y la ocupaci\u00f3n, las apropiaciones espont\u00e1neas, las relaciones entre los usuarios de un espacio com\u00fan. Es a partir del acopio material que el trabajo de Escobedo desarrolla nuevos esquemas que registren y absorban el contexto del que surgen.<\/p>\n<p>Ha sido invitada a participar dos veces en la Biennale de Arquitectura de Venecia y dos veces en la Chicago Architecture Biennial. Adicionalmente al trabajo que realiza en su taller de arquitectura.<\/p>\n<\/div><\/section><\/p><\/div><div class=\"flex_column av_three_fifth  flex_column_div av-zero-column-padding   \" style='border-radius:0px; '><p><div style='padding-bottom:10px;font-size:30px;' class='av-special-heading av-special-heading-h3  blockquote modern-quote   av-inherit-size'><h3 class='av-special-heading-tag'  itemprop=\"headline\"  >Acerca del taller<\/h3><div class='special-heading-border'><div class='special-heading-inner-border' ><\/div><\/div><\/div><br \/>\n<section class=\"av_textblock_section\"  itemscope=\"itemscope\" itemtype=\"https:\/\/schema.org\/BlogPosting\" itemprop=\"blogPost\" ><div class='avia_textblock '   itemprop=\"text\" ><p>Por medio del trabajo de Michel Foucault se pretende hacer una revisi\u00f3n de las fuerzas que constituyen la arquitectura, sus estudios sobre hospitales y c\u00e1rceles ejemplifican las distintas t\u00e9cnicas de gobierno de las sociedades que se gestaron a inicios de la modernidad. La arquitectura por lo tanto es uno de los tantos procedimientos por los cuales se determinan las relaciones sociales con el fin de mantener el orden y la hegemon\u00eda de los Estados.<\/p>\n<p>Debido a que en M\u00e9xico y ciudades como Oaxaca podemos encontrar arquitecturas que provienen de \u00e9pocas anteriores a la modernidad, se buscara construir un an\u00e1lisis de los espacios no \u00fanicamente por medio de los procedimientos de ordenamiento moderno sino a partir de las relaciones sociales, de esta manera podremos encontrar como es que algunas de estas relaciones provienen y han permanecido desde tiempos prehisp\u00e1nicos o coloniales y otras han cambiado.<\/p>\n<p>A trav\u00e9s de trabajos como el de Henri Lefebvre y David Harvey podemos ver como la arquitectura y la producci\u00f3n del espacio no siempre coincide con los eventos y las experiencias cotidianas que se generan en esos espacios. De esta manera se har\u00e1n ejercicios y recorridos para poder identificar en el espacio construido, los momentos en donde los procesos sociales coinciden o no con los pol\u00edticos y econ\u00f3micos.<\/p>\n<\/div><\/section><br \/>\n<div class='avia-data-table-wrap avia_responsive_table'><table class='avia-table avia-data-table avia-table-1  avia_pricing_default'  itemscope=\"itemscope\" itemtype=\"https:\/\/schema.org\/Table\" ><tbody><tr class='avia-heading-row'><th class=''>Objetivos:<\/th><\/tr><tr class=''><td class=''>1.-Presentar de modo introductorio las principales teor\u00edas y m\u00e9todos para entender la relaci\u00f3n entre arquitectura y las fuerzas que la conforman.<br \/>\n2.-Que el\/la alumno\/a entienda la dependencia de arquitectura con los procesos pol\u00edticos econ\u00f3micos y sociales.<br \/>\n3.-Se busca que el\/la alumno\/a sea capaz de realizar un an\u00e1lisis cr\u00edtico de los espacios y la arquitectura contempor\u00e1nea a partir de la utilizaci\u00f3n de distintos modos de representaci\u00f3n.<br \/>\n<\/td><\/tr><tr class=''><td class=''>Materiales que tiene que traer el aluno:<br \/>\n\u2022 Computadoras u otros dispositivos que les sean necesarios.<br \/>\n\u2022 Material b\u00e1sico de trabajo: plumas, l\u00e1pices, 10 hojas tama\u00f1o carta etc.<br \/>\n<\/td><\/tr><tr class=''><td class=''>Frida Escobedo, es integrante del Sistema Nacional de Creadores de Arte y su participaci\u00f3n es posible gracias a la colaboraci\u00f3n del Programa Creadores en los Estados realizado por la Direcci\u00f3n General de Vinculaci\u00f3n Cultural y el FONCA.<br \/>\n<\/td><\/tr><\/tbody><\/table><\/div><style type='text\/css'>.avia-table-1 td:nth-of-type(1):before { content: 'Objetivos:'; } <\/style><br \/>\n<div style='height:20px' class='hr hr-invisible '><span class='hr-inner ' ><span class='hr-inner-style'><\/span><\/span><\/div><br \/>\n<div id='av-masonry-1' class='av-masonry noHover av-fixed-size av-large-gap av-hover-overlay-active av-masonry-col-3 av-caption-always av-caption-style- av-masonry-gallery  '  ><div class='av-masonry-container isotope av-js-disabled ' ><div class='av-masonry-entry isotope-item av-masonry-item-no-image '><\/div><a href=\"https:\/\/casa.oaxaca.gob.mx\/wp-content\/uploads\/2018\/06\/\u00a9Cuauhtemoc-Garci\u0301a_Codigo-3-1333x2000.jpg\" id='av-masonry-1-item-4575' data-av-masonry-item='4575' class='av-masonry-entry isotope-item post-4575 attachment type-attachment status-inherit hentry  av-masonry-item-with-image av-grid-img' title=\"\"  itemprop=\"thumbnailUrl\" ><div class='av-inner-masonry-sizer'><\/div><figure class='av-inner-masonry main_color'><div class=\"av-masonry-outerimage-container\"><div class=\"av-masonry-image-container\" style=\"background-image: url(https:\/\/casa.oaxaca.gob.mx\/wp-content\/uploads\/2018\/06\/\u00a9Cuauhtemoc-Garci\u0301a_Codigo-3-470x705.jpg);\"><img decoding=\"async\" src=\"https:\/\/casa.oaxaca.gob.mx\/wp-content\/uploads\/2018\/06\/\u00a9Cuauhtemoc-Garci\u0301a_Codigo-3-470x705.jpg\" title=\"\u00a9Cuauhtemoc Garci\u0301a_Codigo-3\" alt=\"\" \/><\/div><\/div><\/figure><\/a><!--end av-masonry entry--><a href=\"https:\/\/casa.oaxaca.gob.mx\/wp-content\/uploads\/2018\/06\/\u00a9-Frida-Escobedo_1.jpg\" id='av-masonry-1-item-4577' data-av-masonry-item='4577' class='av-masonry-entry isotope-item post-4577 attachment type-attachment status-inherit hentry  av-masonry-item-with-image av-grid-img' title=\"\"  itemprop=\"thumbnailUrl\" ><div class='av-inner-masonry-sizer'><\/div><figure class='av-inner-masonry main_color'><div class=\"av-masonry-outerimage-container\"><div class=\"av-masonry-image-container\" style=\"background-image: url(https:\/\/casa.oaxaca.gob.mx\/wp-content\/uploads\/2018\/06\/\u00a9-Frida-Escobedo_1-608x705.jpg);\"><img decoding=\"async\" src=\"https:\/\/casa.oaxaca.gob.mx\/wp-content\/uploads\/2018\/06\/\u00a9-Frida-Escobedo_1-608x705.jpg\" title=\"\u00a9 Frida Escobedo_1\" alt=\"\" \/><\/div><\/div><\/figure><\/a><!--end av-masonry entry--><a href=\"https:\/\/casa.oaxaca.gob.mx\/wp-content\/uploads\/2018\/06\/\u00a9-Rafael-Gamo_FridaEscobedo_StanfordGSB_268-1333x2000.jpg\" id='av-masonry-1-item-4578' data-av-masonry-item='4578' class='av-masonry-entry isotope-item post-4578 attachment type-attachment status-inherit hentry  av-masonry-item-with-image av-grid-img' title=\"\"  itemprop=\"thumbnailUrl\" ><div class='av-inner-masonry-sizer'><\/div><figure class='av-inner-masonry main_color'><div class=\"av-masonry-outerimage-container\"><div class=\"av-masonry-image-container\" style=\"background-image: url(https:\/\/casa.oaxaca.gob.mx\/wp-content\/uploads\/2018\/06\/\u00a9-Rafael-Gamo_FridaEscobedo_StanfordGSB_268-470x705.jpg);\"><img decoding=\"async\" src=\"https:\/\/casa.oaxaca.gob.mx\/wp-content\/uploads\/2018\/06\/\u00a9-Rafael-Gamo_FridaEscobedo_StanfordGSB_268-470x705.jpg\" title=\"\u00a9 Rafael Gamo_FridaEscobedo_StanfordGSB_268\" alt=\"\" \/><\/div><\/div><\/figure><\/a><!--end av-masonry entry--><a href=\"https:\/\/casa.oaxaca.gob.mx\/wp-content\/uploads\/2018\/06\/FE-SELECTION-\u00a9Victoria-and-Albert-Museum_LDF15_VA_MexicoPavilion_260515-2000x1311.jpg\" id='av-masonry-1-item-4579' data-av-masonry-item='4579' class='av-masonry-entry isotope-item post-4579 attachment type-attachment status-inherit hentry  av-masonry-item-with-image av-grid-img' title=\"\"  itemprop=\"thumbnailUrl\" ><div class='av-inner-masonry-sizer'><\/div><figure class='av-inner-masonry main_color'><div class=\"av-masonry-outerimage-container\"><div class=\"av-masonry-image-container\" style=\"background-image: url(https:\/\/casa.oaxaca.gob.mx\/wp-content\/uploads\/2018\/06\/FE-SELECTION-\u00a9Victoria-and-Albert-Museum_LDF15_VA_MexicoPavilion_260515-705x462.jpg);\"><img decoding=\"async\" src=\"https:\/\/casa.oaxaca.gob.mx\/wp-content\/uploads\/2018\/06\/FE-SELECTION-\u00a9Victoria-and-Albert-Museum_LDF15_VA_MexicoPavilion_260515-705x462.jpg\" title=\"FE SELECTION \u00a9Victoria and Albert Museum_LDF15_V&#038;A_MexicoPavilion_260515\" alt=\"\" \/><\/div><\/div><\/figure><\/a><!--end av-masonry entry--><\/div><\/div><br \/>\n<div style='height:20px' class='hr hr-invisible '><span class='hr-inner ' ><span class='hr-inner-style'><\/span><\/span><\/div><br \/>\n<div style='padding-bottom:10px;font-size:30px;' class='av-special-heading av-special-heading-h3  blockquote modern-quote   av-inherit-size'><h3 class='av-special-heading-tag'  itemprop=\"headline\"  >Requisitos de inscripci\u00f3n<\/h3><div class='special-heading-border'><div class='special-heading-inner-border' ><\/div><\/div><\/div><br \/>\n<div class='avia-data-table-wrap avia_responsive_table'><table class='avia-table avia-data-table avia-table-2  avia_pricing_default'  itemscope=\"itemscope\" itemtype=\"https:\/\/schema.org\/Table\" ><tbody><tr class=''><td class=''>1<br \/>\nDirigido a estudiantes de arquitectura, artistas visuales, arquitectos, artistas e historiadores.<br \/>\n<\/td><\/tr><tr class=''><td class=''>2<br \/>\nLos interesados deber\u00e1n llenar el formulario que se encuentra en esta p\u00e1gina.<br \/>\nPara poder ser considerado como candidato a participar en taller el interesado deber\u00e1 presentar:<br \/>\n-Carta curricular breve con datos de contacto<br \/>\n-Carta de motivos, explicando su inter\u00e9s en el taller.<br \/>\n-Carta compromiso<\/p>\n<p>Todos estos documentos deber\u00e1n estar integrados en un \u00fanico archivo PDF que lleve como asunto el nombre del taller y participante (ejemplo: Sin\u00f3ptico de Dibujo &#8211; Antonio Ruiz) y lo env\u00edan a los correos<br \/>\ninscribetecasa@gmail.com con copia a acoordinacioncasa@gmail.com<\/p>\n<p>Los participantes seleccionados deber\u00e1n comprometerse a tomar el curso completo ya que una inasistencia injustificada ser\u00e1 motivo de suspensi\u00f3n y no podr\u00e1 ingresar a talleres o diplomados futuros.<br \/>\n<\/td><\/tr><tr class=''><td class=''>3<br \/>\nRevisa en esta misma p\u00e1gina si formar\u00e1s parte de los participantes.<\/td><\/tr><\/tbody><\/table><\/div><style type='text\/css'><\/style><\/p><\/div><\/p>\n","protected":false},"excerpt":{"rendered":"","protected":false},"author":1,"featured_media":4854,"comment_status":"open","ping_status":"open","sticky":false,"template":"","format":"standard","meta":{"_exactmetrics_skip_tracking":false,"_exactmetrics_sitenote_active":false,"_exactmetrics_sitenote_note":"","_exactmetrics_sitenote_category":0,"footnotes":""},"categories":[97],"tags":[],"class_list":["post-4574","post","type-post","status-publish","format-standard","has-post-thumbnail","hentry","category-eventos-cerrados-2018"],"_links":{"self":[{"href":"https:\/\/casa.oaxaca.gob.mx\/index.php?rest_route=\/wp\/v2\/posts\/4574","targetHints":{"allow":["GET"]}}],"collection":[{"href":"https:\/\/casa.oaxaca.gob.mx\/index.php?rest_route=\/wp\/v2\/posts"}],"about":[{"href":"https:\/\/casa.oaxaca.gob.mx\/index.php?rest_route=\/wp\/v2\/types\/post"}],"author":[{"embeddable":true,"href":"https:\/\/casa.oaxaca.gob.mx\/index.php?rest_route=\/wp\/v2\/users\/1"}],"replies":[{"embeddable":true,"href":"https:\/\/casa.oaxaca.gob.mx\/index.php?rest_route=%2Fwp%2Fv2%2Fcomments&post=4574"}],"version-history":[{"count":2,"href":"https:\/\/casa.oaxaca.gob.mx\/index.php?rest_route=\/wp\/v2\/posts\/4574\/revisions"}],"predecessor-version":[{"id":4675,"href":"https:\/\/casa.oaxaca.gob.mx\/index.php?rest_route=\/wp\/v2\/posts\/4574\/revisions\/4675"}],"wp:featuredmedia":[{"embeddable":true,"href":"https:\/\/casa.oaxaca.gob.mx\/index.php?rest_route=\/wp\/v2\/media\/4854"}],"wp:attachment":[{"href":"https:\/\/casa.oaxaca.gob.mx\/index.php?rest_route=%2Fwp%2Fv2%2Fmedia&parent=4574"}],"wp:term":[{"taxonomy":"category","embeddable":true,"href":"https:\/\/casa.oaxaca.gob.mx\/index.php?rest_route=%2Fwp%2Fv2%2Fcategories&post=4574"},{"taxonomy":"post_tag","embeddable":true,"href":"https:\/\/casa.oaxaca.gob.mx\/index.php?rest_route=%2Fwp%2Fv2%2Ftags&post=4574"}],"curies":[{"name":"wp","href":"https:\/\/api.w.org\/{rel}","templated":true}]}}