{"id":4600,"date":"2018-06-19T17:32:03","date_gmt":"2018-06-19T22:32:03","guid":{"rendered":"https:\/\/casa.oaxaca.gob.mx\/?p=4600"},"modified":"2018-09-10T16:28:41","modified_gmt":"2018-09-10T21:28:41","slug":"curso-grafica-en-gran-formato-con-materiales-de-re-uso","status":"publish","type":"post","link":"https:\/\/casa.oaxaca.gob.mx\/?p=4600","title":{"rendered":"Curso: Gr\u00e1fica en gran formato con materiales de re-uso."},"content":{"rendered":"<\/div><\/div><\/div><!-- close content main div --><\/div><\/div><div id='av_section_1' class='avia-section main_color avia-section-no-padding avia-no-border-styling avia-full-stretch av-parallax-section avia-bg-style-parallax  av-minimum-height av-minimum-height-75 container_wrap fullsize'  data-section-bg-repeat='stretch' ><div class='av-parallax' data-avia-parallax-ratio='0.3' ><div class='av-parallax-inner main_color  avia-full-stretch' style = 'background-repeat: no-repeat; background-image: url(https:\/\/casa.oaxaca.gob.mx\/wp-content\/uploads\/2018\/06\/2me1.jpg); background-attachment: scroll; background-position: bottom center; ' ><\/div><\/div><div class='container' ><div class='template-page content  av-content-full alpha units'><div class='post-entry post-entry-type-page post-entry-4600'><div class='entry-content-wrapper clearfix'>\n<div style='padding-bottom:10px;color:#ffffff;font-size:50px;' class='av-special-heading av-special-heading-h3 custom-color-heading blockquote modern-quote  av-inherit-size'><h3 class='av-special-heading-tag'  itemprop=\"headline\"  >Curso: Gr\u00e1fica en gran formato con materiales de re-uso<\/h3><div class ='av-subheading av-subheading_below av_custom_color' style='font-size:25px;'><p>Pedro Ascencio Mateos<\/p>\n<\/div><div class='special-heading-border'><div class='special-heading-inner-border' style='border-color:#ffffff'><\/div><\/div><\/div>\n\n<\/div><\/div><\/div><!-- close content main div --><\/div><\/div><div id='av-layout-grid-1' class='av-layout-grid-container entry-content-wrapper main_color av-flex-cells  container_wrap fullsize'   >\n<div class=\"flex_cell no_margin av_one_full   \" style='vertical-align:top; padding:30px; background-color:#ED9600; '><div class='flex_cell_inner' ><p><div class='flex_column_table av-equal-height-column-flextable' ><div class=\"flex_column av_one_fourth  flex_column_table_cell av-equal-height-column av-align-top av-zero-column-padding first  \" style='border-radius:0px; '><div style='padding-bottom:10px;color:#ffffff;' class='av-special-heading av-special-heading-h3 custom-color-heading blockquote modern-quote '><h3 class='av-special-heading-tag'  itemprop=\"headline\"  >Cierre de inscipciones<\/h3><div class ='av-subheading av-subheading_below av_custom_color' style='font-size:20px;'><p>mi\u00e9rcoles 8 de agosto de 2018<\/p>\n<\/div><div class='special-heading-border'><div class='special-heading-inner-border' style='border-color:#ffffff'><\/div><\/div><\/div><\/div><div class='av-flex-placeholder'><\/div><div class=\"flex_column av_one_fourth  flex_column_table_cell av-equal-height-column av-align-top av-zero-column-padding   \" style='border-radius:0px; '><div style='padding-bottom:10px;color:#ffffff;' class='av-special-heading av-special-heading-h3 custom-color-heading blockquote modern-quote '><h3 class='av-special-heading-tag'  itemprop=\"headline\"  >Fechas<\/h3><div class ='av-subheading av-subheading_below av_custom_color' style='font-size:20px;'><p>Del 27 de agosto al 7 de septiembre de 2018<\/p>\n<\/div><div class='special-heading-border'><div class='special-heading-inner-border' style='border-color:#ffffff'><\/div><\/div><\/div><\/div><div class='av-flex-placeholder'><\/div><div class=\"flex_column av_one_fourth  flex_column_table_cell av-equal-height-column av-align-top av-zero-column-padding   \" style='border-radius:0px; '><div style='padding-bottom:10px;color:#ffffff;' class='av-special-heading av-special-heading-h3 custom-color-heading blockquote modern-quote  '><h3 class='av-special-heading-tag'  itemprop=\"headline\"  >Horario<\/h3><div class ='av-subheading av-subheading_below av_custom_color' style='font-size:20px;'><p>De 10:00 a 14:00 hrs<\/p>\n<\/div><div class='special-heading-border'><div class='special-heading-inner-border' style='border-color:#ffffff'><\/div><\/div><\/div><\/div><div class='av-flex-placeholder'><\/div><div class=\"flex_column av_one_fourth  flex_column_table_cell av-equal-height-column av-align-top av-zero-column-padding   \" style='border-radius:0px; '><div class='avia-button-wrap avia-button-center '><a href='https:\/\/goo.gl\/forms\/Bx62ShvUkxYs02rE3' class='avia-button avia-button-fullwidth  avia-icon_select-no avia-color-custom '  target=\"_blank\"  style='color:#020202; background-color:#ffffff;  ' ><span class='avia_iconbox_title' >Inscr\u00edbete<\/span><span class='avia_button_background avia-button avia-button-fullwidth avia-color-custom' style='background-color:#1efff7; '><\/span><\/a><\/div><\/div><\/div><!--close column table wrapper. Autoclose:  --><\/p>\n<\/div><\/div>\n<\/div>\n<div class=\"flex_column av_two_fifth  flex_column_div av-zero-column-padding first  \" style='border-radius:0px; '><p><div class='av-social-sharing-box '><div class='av-share-box'><h5 class='av-share-link-description'>Compartir esta actividad<\/h5><ul class='av-share-box-list noLightbox'><li class='av-share-link av-social-link-facebook' ><a target='_blank' href='http:\/\/www.facebook.com\/sharer.php?u=https:\/\/casa.oaxaca.gob.mx\/?p=4600&amp;t=Curso%3A%20Gr%C3%A1fica%20en%20gran%20formato%20con%20materiales%20de%20re-uso.' aria-hidden='true' data-av_icon='\ue8f3' data-av_iconfont='entypo-fontello' title='' data-avia-related-tooltip='Share on Facebook'><span class='avia_hidden_link_text'>Share on Facebook<\/span><\/a><\/li><li class='av-share-link av-social-link-twitter' ><a target='_blank' href='https:\/\/twitter.com\/share?text=Curso%3A%20Gr%C3%A1fica%20en%20gran%20formato%20con%20materiales%20de%20re-uso.&url=https:\/\/casa.oaxaca.gob.mx\/?p=4600' aria-hidden='true' data-av_icon='\ue8f1' data-av_iconfont='entypo-fontello' title='' data-avia-related-tooltip='Share on Twitter'><span class='avia_hidden_link_text'>Share on Twitter<\/span><\/a><\/li><li class='av-share-link av-social-link-gplus' ><a target='_blank' href='https:\/\/plus.google.com\/share?url=https:\/\/casa.oaxaca.gob.mx\/?p=4600' aria-hidden='true' data-av_icon='\ue8f6' data-av_iconfont='entypo-fontello' title='' data-avia-related-tooltip='Share on Google+'><span class='avia_hidden_link_text'>Share on Google+<\/span><\/a><\/li><li class='av-share-link av-social-link-pinterest' ><a target='_blank' href='http:\/\/pinterest.com\/pin\/create\/button\/?url=https%3A%2F%2Fcasa.oaxaca.gob.mx%2F%3Fp%3D4600&amp;description=Curso%3A%20Gr%C3%A1fica%20en%20gran%20formato%20con%20materiales%20de%20re-uso.&amp;media=https%3A%2F%2Fcasa.oaxaca.gob.mx%2Fwp-content%2Fuploads%2F2018%2F06%2Faaa-1.jpg' aria-hidden='true' data-av_icon='\ue8f8' data-av_iconfont='entypo-fontello' title='' data-avia-related-tooltip='Share on Pinterest'><span class='avia_hidden_link_text'>Share on Pinterest<\/span><\/a><\/li><li class='av-share-link av-social-link-mail' ><a  href='mailto:?subject=Curso%3A%20Gr%C3%A1fica%20en%20gran%20formato%20con%20materiales%20de%20re-uso.&amp;body=https:\/\/casa.oaxaca.gob.mx\/?p=4600' aria-hidden='true' data-av_icon='\ue805' data-av_iconfont='entypo-fontello' title='' data-avia-related-tooltip='Share by Mail'><span class='avia_hidden_link_text'>Share by Mail<\/span><\/a><\/li><\/ul><\/div><\/div><br \/>\n<div  class='hr hr-default '><span class='hr-inner ' ><span class='hr-inner-style'><\/span><\/span><\/div><br \/>\n<div style='padding-bottom:10px;font-size:30px;' class='av-special-heading av-special-heading-h3  blockquote modern-quote   av-inherit-size'><h3 class='av-special-heading-tag'  itemprop=\"headline\"  >Sobre el tallerista<\/h3><div class='special-heading-border'><div class='special-heading-inner-border' ><\/div><\/div><\/div><br \/>\n<section class=\"av_textblock_section\"  itemscope=\"itemscope\" itemtype=\"https:\/\/schema.org\/BlogPosting\" itemprop=\"blogPost\" ><div class='avia_textblock '   itemprop=\"text\" ><p><strong class=\"s1\"><img loading=\"lazy\" decoding=\"async\" class=\"alignnone size-full wp-image-4603\" src=\"https:\/\/casa.oaxaca.gob.mx\/wp-content\/uploads\/2018\/06\/IMG_2723.jpg\" alt=\"\" width=\"1200\" height=\"800\" srcset=\"https:\/\/casa.oaxaca.gob.mx\/wp-content\/uploads\/2018\/06\/IMG_2723.jpg 1200w, https:\/\/casa.oaxaca.gob.mx\/wp-content\/uploads\/2018\/06\/IMG_2723-300x200.jpg 300w, https:\/\/casa.oaxaca.gob.mx\/wp-content\/uploads\/2018\/06\/IMG_2723-768x512.jpg 768w, https:\/\/casa.oaxaca.gob.mx\/wp-content\/uploads\/2018\/06\/IMG_2723-705x470.jpg 705w, https:\/\/casa.oaxaca.gob.mx\/wp-content\/uploads\/2018\/06\/IMG_2723-450x300.jpg 450w\" sizes=\"auto, (max-width: 1200px) 100vw, 1200px\" \/><\/strong><\/p>\n<p><strong>Pedro Ascencio Mateos<\/strong><\/p>\n<p>Estudio la carrera de pintor en la Escuela de Artes Pl\u00e1sticas, Academia de San Carlos, UNAM. Tiene la especializaci\u00f3n en grabado en la Real Academia Superior de Artes de Estocolmo, Suecia.<\/p>\n<p>Es Profesor Titular del Taller de Experimentaci\u00f3n e Investigaci\u00f3n de la Estampa \u201cJos\u00e9 Guadalupe Posada\u201d y del taller de Dibujo Expresi\u00f3n Gr\u00e1fica de la FAD \u2013 UNAM. Tambi\u00e9n ha colaborado como impresor, asesor y productor en diversas instituciones relacionadas con las artes pl\u00e1sticas<\/p>\n<p>Actualmente es tutor de la disciplina de Gr\u00e1fica en el programa J\u00f3venes Creadores FONCA<\/p>\n<\/div><\/section><\/p><\/div>\n<div class=\"flex_column av_three_fifth  flex_column_div av-zero-column-padding   \" style='border-radius:0px; '><p><div style='padding-bottom:10px;font-size:30px;' class='av-special-heading av-special-heading-h3  blockquote modern-quote  av-inherit-size'><h3 class='av-special-heading-tag'  itemprop=\"headline\"  >Alumnos aceptados al taller<\/h3><div class='special-heading-border'><div class='special-heading-inner-border' ><\/div><\/div><\/div><br \/>\n<section class=\"av_textblock_section\"  itemscope=\"itemscope\" itemtype=\"https:\/\/schema.org\/BlogPosting\" itemprop=\"blogPost\" ><div class='avia_textblock '   itemprop=\"text\" ><p>M\u00f3nica Fernanda P\u00e9rez Ortega<\/p>\n<p>Onira Lussier<\/p>\n<p>Tania Lizeth\u00a0 Maga\u00f1a Bello<\/p>\n<p>Monserrat Solis Iniesta<\/p>\n<p>Jos\u00e9 Mauricio Castilla Vejar<\/p>\n<p>Jos\u00e9 Pedro Espinoza Olvera<\/p>\n<p>Sof\u00eda Abraham Gonz\u00e1lez<\/p>\n<p>Elizabeth Mendoza Vel\u00e1squez<\/p>\n<p>Daniel Villeda Millan<\/p>\n<p>Jos\u00e9 Andres Santiago Martinez<\/p>\n<p>Mario De Jes\u00fas Reyes Perez<\/p>\n<p>Paola Pamela Col\u00edn Ramirez<\/p>\n<p>Jes\u00fas Iv\u00e1n Guerrero Duarte<\/p>\n<p>Alya Lyn Toquinto<\/p>\n<p>Nahum Gadiel Vega Ovando<\/p>\n<\/div><\/section><br \/>\n<div class='avia-data-table-wrap avia_responsive_table'><table class='avia-table avia-data-table avia-table-1  avia_pricing_default'  itemscope=\"itemscope\" itemtype=\"https:\/\/schema.org\/Table\" ><tbody><tr class='avia-heading-row'><th class=''>Temas a tratar:<\/th><\/tr><tr class=''><td class=''>&#8211; Figuraci\u00f3n.<br \/>\n&#8211; Elementos s\u00edgnicos y simb\u00f3licos.<br \/>\n&#8211; Recreaci\u00f3n del entorno \u00e9tnico y tradicional.<br \/>\n&#8211; Recreaci\u00f3n del entorno real-social.<br \/>\n&#8211; La imagen como registro temporal<br \/>\n<\/td><\/tr><tr class=''><td class=''>Objetivo del curso.<br \/>\nQue el alumno realice de una a tres piezas en grabado en relieve con edici\u00f3n de tres copias al blanco y al negro, utilizando materiales alternativos que el alumno encuentre en su entorno (unicel, macocel, maderas (triplay), pl\u00e1sticos, etc. Es importante que los materiales respondan a los intereses y al entorno de los participantes.<br \/>\n<\/td><\/tr><tr class=''><td class=''>La participaci\u00f3n de Pedro Ascencio Mateos, es posible gracias al programa de cursos de intercambio y actualizaci\u00f3n 2018 en el marco del Convenio CaSa-UNAM<br \/>\n<\/td><\/tr><\/tbody><\/table><\/div><style type='text\/css'>.avia-table-1 td:nth-of-type(1):before { content: 'Temas a tratar:'; } <\/style><br \/>\n<div style='height:20px' class='hr hr-invisible '><span class='hr-inner ' ><span class='hr-inner-style'><\/span><\/span><\/div><br \/>\n<div id='av-masonry-1' class='av-masonry noHover av-fixed-size av-large-gap av-hover-overlay-active av-masonry-col-3 av-caption-always av-caption-style- av-masonry-gallery  '  ><div class='av-masonry-container isotope av-js-disabled ' ><div class='av-masonry-entry isotope-item av-masonry-item-no-image '><\/div><a href=\"https:\/\/casa.oaxaca.gob.mx\/wp-content\/uploads\/2018\/06\/tumblr_nefv6g7wY31qz4jp9o2_1280.jpg\" id='av-masonry-1-item-4601' data-av-masonry-item='4601' class='av-masonry-entry isotope-item post-4601 attachment type-attachment status-inherit hentry  av-masonry-item-with-image av-landscape-img' title=\"\"  itemprop=\"thumbnailUrl\" ><div class='av-inner-masonry-sizer'><\/div><figure class='av-inner-masonry main_color'><div class=\"av-masonry-outerimage-container\"><div class=\"av-masonry-image-container\" style=\"background-image: url(https:\/\/casa.oaxaca.gob.mx\/wp-content\/uploads\/2018\/06\/tumblr_nefv6g7wY31qz4jp9o2_1280-705x397.jpg);\"><img decoding=\"async\" src=\"https:\/\/casa.oaxaca.gob.mx\/wp-content\/uploads\/2018\/06\/tumblr_nefv6g7wY31qz4jp9o2_1280-705x397.jpg\" title=\"tumblr_nefv6g7wY31qz4jp9o2_1280\" alt=\"\" \/><\/div><\/div><\/figure><\/a><!--end av-masonry entry--><a href=\"https:\/\/casa.oaxaca.gob.mx\/wp-content\/uploads\/2018\/06\/IMG_4835-1333x2000.jpg\" id='av-masonry-1-item-4602' data-av-masonry-item='4602' class='av-masonry-entry isotope-item post-4602 attachment type-attachment status-inherit hentry  av-masonry-item-with-image av-grid-img' title=\"\"  itemprop=\"thumbnailUrl\" ><div class='av-inner-masonry-sizer'><\/div><figure class='av-inner-masonry main_color'><div class=\"av-masonry-outerimage-container\"><div class=\"av-masonry-image-container\" style=\"background-image: url(https:\/\/casa.oaxaca.gob.mx\/wp-content\/uploads\/2018\/06\/IMG_4835-470x705.jpg);\"><img decoding=\"async\" src=\"https:\/\/casa.oaxaca.gob.mx\/wp-content\/uploads\/2018\/06\/IMG_4835-470x705.jpg\" title=\"IMG_4835\" alt=\"\" \/><\/div><\/div><\/figure><\/a><!--end av-masonry entry--><a href=\"https:\/\/casa.oaxaca.gob.mx\/wp-content\/uploads\/2018\/06\/IMG_2723.jpg\" id='av-masonry-1-item-4603' data-av-masonry-item='4603' class='av-masonry-entry isotope-item post-4603 attachment type-attachment status-inherit hentry  av-masonry-item-with-image av-grid-img' title=\"\"  itemprop=\"thumbnailUrl\" ><div class='av-inner-masonry-sizer'><\/div><figure class='av-inner-masonry main_color'><div class=\"av-masonry-outerimage-container\"><div class=\"av-masonry-image-container\" style=\"background-image: url(https:\/\/casa.oaxaca.gob.mx\/wp-content\/uploads\/2018\/06\/IMG_2723-705x470.jpg);\"><img decoding=\"async\" src=\"https:\/\/casa.oaxaca.gob.mx\/wp-content\/uploads\/2018\/06\/IMG_2723-705x470.jpg\" title=\"IMG_2723\" alt=\"\" \/><\/div><\/div><\/figure><\/a><!--end av-masonry entry--><a href=\"https:\/\/casa.oaxaca.gob.mx\/wp-content\/uploads\/2018\/06\/descarga.jpg\" id='av-masonry-1-item-4604' data-av-masonry-item='4604' class='av-masonry-entry isotope-item post-4604 attachment type-attachment status-inherit hentry  av-masonry-item-with-image av-grid-img' title=\"\"  itemprop=\"thumbnailUrl\" ><div class='av-inner-masonry-sizer'><\/div><figure class='av-inner-masonry main_color'><div class=\"av-masonry-outerimage-container\"><div class=\"av-masonry-image-container\" style=\"background-image: url(https:\/\/casa.oaxaca.gob.mx\/wp-content\/uploads\/2018\/06\/descarga.jpg);\"><img decoding=\"async\" src=\"https:\/\/casa.oaxaca.gob.mx\/wp-content\/uploads\/2018\/06\/descarga.jpg\" title=\"descarga\" alt=\"\" \/><\/div><\/div><\/figure><\/a><!--end av-masonry entry--><a href=\"https:\/\/casa.oaxaca.gob.mx\/wp-content\/uploads\/2018\/06\/161-2000x1489.jpg\" id='av-masonry-1-item-4605' data-av-masonry-item='4605' class='av-masonry-entry isotope-item post-4605 attachment type-attachment status-inherit hentry  av-masonry-item-with-image av-grid-img' title=\"\"  itemprop=\"thumbnailUrl\" ><div class='av-inner-masonry-sizer'><\/div><figure class='av-inner-masonry main_color'><div class=\"av-masonry-outerimage-container\"><div class=\"av-masonry-image-container\" style=\"background-image: url(https:\/\/casa.oaxaca.gob.mx\/wp-content\/uploads\/2018\/06\/161-705x525.jpg);\"><img decoding=\"async\" src=\"https:\/\/casa.oaxaca.gob.mx\/wp-content\/uploads\/2018\/06\/161-705x525.jpg\" title=\"161\" alt=\"\" \/><\/div><\/div><\/figure><\/a><!--end av-masonry entry--><a href=\"https:\/\/casa.oaxaca.gob.mx\/wp-content\/uploads\/2018\/06\/8-2000x1578.jpg\" id='av-masonry-1-item-4606' data-av-masonry-item='4606' class='av-masonry-entry isotope-item post-4606 attachment type-attachment status-inherit hentry  av-masonry-item-with-image av-grid-img' title=\"\"  itemprop=\"thumbnailUrl\" ><div class='av-inner-masonry-sizer'><\/div><figure class='av-inner-masonry main_color'><div class=\"av-masonry-outerimage-container\"><div class=\"av-masonry-image-container\" style=\"background-image: url(https:\/\/casa.oaxaca.gob.mx\/wp-content\/uploads\/2018\/06\/8-705x556.jpg);\"><img decoding=\"async\" src=\"https:\/\/casa.oaxaca.gob.mx\/wp-content\/uploads\/2018\/06\/8-705x556.jpg\" title=\"8\" alt=\"\" \/><\/div><\/div><\/figure><\/a><!--end av-masonry entry--><a href=\"https:\/\/casa.oaxaca.gob.mx\/wp-content\/uploads\/2018\/06\/2me1.jpg\" id='av-masonry-1-item-4607' data-av-masonry-item='4607' class='av-masonry-entry isotope-item post-4607 attachment type-attachment status-inherit hentry  av-masonry-item-with-image av-grid-img' title=\"\"  itemprop=\"thumbnailUrl\" ><div class='av-inner-masonry-sizer'><\/div><figure class='av-inner-masonry main_color'><div class=\"av-masonry-outerimage-container\"><div class=\"av-masonry-image-container\" style=\"background-image: url(https:\/\/casa.oaxaca.gob.mx\/wp-content\/uploads\/2018\/06\/2me1.jpg);\"><img decoding=\"async\" src=\"https:\/\/casa.oaxaca.gob.mx\/wp-content\/uploads\/2018\/06\/2me1.jpg\" title=\"2me1\" alt=\"\" \/><\/div><\/div><\/figure><\/a><!--end av-masonry entry--><\/div><\/div><br \/>\n<div style='height:20px' class='hr hr-invisible '><span class='hr-inner ' ><span class='hr-inner-style'><\/span><\/span><\/div><br \/>\n<div style='padding-bottom:10px;font-size:30px;' class='av-special-heading av-special-heading-h3  blockquote modern-quote   av-inherit-size'><h3 class='av-special-heading-tag'  itemprop=\"headline\"  >Requisitos de inscripci\u00f3n<\/h3><div class='special-heading-border'><div class='special-heading-inner-border' ><\/div><\/div><\/div><br \/>\n<div class='avia-data-table-wrap avia_responsive_table'><table class='avia-table avia-data-table avia-table-2  avia_pricing_default'  itemscope=\"itemscope\" itemtype=\"https:\/\/schema.org\/Table\" ><tbody><tr class=''><td class=''>1<br \/>\nDirigido a estudiantes de artes visuales, artistas visuales y p\u00fablico interesado en el tema.<br \/>\n<\/td><\/tr><tr class=''><td class=''>2<br \/>\nLos interesados deber\u00e1n llenar el formulario que se encuentra en esta p\u00e1gina.<br \/>\nPara poder ser considerado como candidato a participar en taller el interesado deber\u00e1 presentar:<br \/>\n-Carta curricular breve con datos de contacto<br \/>\n-Carta de motivos, explicando su inter\u00e9s en el taller.<br \/>\n-Carta compromiso<\/p>\n<p>Todos estos documentos deber\u00e1n estar integrados en un \u00fanico archivo PDF que lleve como asunto el nombre del taller y participante. (ejemplo: Gr\u00e1fica en gran formato con materiales de re-uso) y lo env\u00edan a los correos<br \/>\ninscribetecasa@gmail.com con copia a acoordinacioncasa@gmail.com<\/p>\n<p>Los participantes seleccionados deber\u00e1n comprometerse a tomar el taller completo ya que una inasistencia injustificada ser\u00e1 motivo de suspensi\u00f3n y no podr\u00e1 ingresar a talleres o diplomados futuros.<br \/>\n<\/td><\/tr><tr class=''><td class=''>3<br \/>\nRevisa en esta misma p\u00e1gina si formar\u00e1s parte de los participantes.<\/td><\/tr><\/tbody><\/table><\/div><style type='text\/css'><\/style><\/p><\/div>\n","protected":false},"excerpt":{"rendered":"","protected":false},"author":1,"featured_media":5048,"comment_status":"open","ping_status":"open","sticky":false,"template":"","format":"standard","meta":{"_exactmetrics_skip_tracking":false,"_exactmetrics_sitenote_active":false,"_exactmetrics_sitenote_note":"","_exactmetrics_sitenote_category":0,"footnotes":""},"categories":[97],"tags":[],"class_list":["post-4600","post","type-post","status-publish","format-standard","has-post-thumbnail","hentry","category-eventos-cerrados-2018"],"_links":{"self":[{"href":"https:\/\/casa.oaxaca.gob.mx\/index.php?rest_route=\/wp\/v2\/posts\/4600","targetHints":{"allow":["GET"]}}],"collection":[{"href":"https:\/\/casa.oaxaca.gob.mx\/index.php?rest_route=\/wp\/v2\/posts"}],"about":[{"href":"https:\/\/casa.oaxaca.gob.mx\/index.php?rest_route=\/wp\/v2\/types\/post"}],"author":[{"embeddable":true,"href":"https:\/\/casa.oaxaca.gob.mx\/index.php?rest_route=\/wp\/v2\/users\/1"}],"replies":[{"embeddable":true,"href":"https:\/\/casa.oaxaca.gob.mx\/index.php?rest_route=%2Fwp%2Fv2%2Fcomments&post=4600"}],"version-history":[{"count":4,"href":"https:\/\/casa.oaxaca.gob.mx\/index.php?rest_route=\/wp\/v2\/posts\/4600\/revisions"}],"predecessor-version":[{"id":5050,"href":"https:\/\/casa.oaxaca.gob.mx\/index.php?rest_route=\/wp\/v2\/posts\/4600\/revisions\/5050"}],"wp:featuredmedia":[{"embeddable":true,"href":"https:\/\/casa.oaxaca.gob.mx\/index.php?rest_route=\/wp\/v2\/media\/5048"}],"wp:attachment":[{"href":"https:\/\/casa.oaxaca.gob.mx\/index.php?rest_route=%2Fwp%2Fv2%2Fmedia&parent=4600"}],"wp:term":[{"taxonomy":"category","embeddable":true,"href":"https:\/\/casa.oaxaca.gob.mx\/index.php?rest_route=%2Fwp%2Fv2%2Fcategories&post=4600"},{"taxonomy":"post_tag","embeddable":true,"href":"https:\/\/casa.oaxaca.gob.mx\/index.php?rest_route=%2Fwp%2Fv2%2Ftags&post=4600"}],"curies":[{"name":"wp","href":"https:\/\/api.w.org\/{rel}","templated":true}]}}