{"id":5062,"date":"2018-08-31T10:58:12","date_gmt":"2018-08-31T15:58:12","guid":{"rendered":"https:\/\/casa.oaxaca.gob.mx\/?p=5062"},"modified":"2018-10-29T13:39:16","modified_gmt":"2018-10-29T19:39:16","slug":"taller-de-performance-dibujo-y-movimiento","status":"publish","type":"post","link":"https:\/\/casa.oaxaca.gob.mx\/?p=5062","title":{"rendered":"Taller de performance: dibujo y movimiento"},"content":{"rendered":"<\/div><\/div><\/div><!-- close content main div --><\/div><\/div><div id='av_section_1' class='avia-section main_color avia-section-no-padding avia-no-border-styling avia-full-stretch av-parallax-section avia-bg-style-parallax  av-minimum-height av-minimum-height-75 container_wrap fullsize'  data-section-bg-repeat='stretch' ><div class='av-parallax' data-avia-parallax-ratio='0.3' ><div class='av-parallax-inner main_color  avia-full-stretch' style = 'background-repeat: no-repeat; background-image: url(https:\/\/casa.oaxaca.gob.mx\/wp-content\/uploads\/2018\/08\/Laboratorio-_286_.jpg); background-attachment: scroll; background-position: bottom center; ' ><\/div><\/div><div class='container' ><div class='template-page content  av-content-full alpha units'><div class='post-entry post-entry-type-page post-entry-5062'><div class='entry-content-wrapper clearfix'>\n<div style='padding-bottom:10px;color:#ffffff;font-size:50px;' class='av-special-heading av-special-heading-h3 custom-color-heading blockquote modern-quote  av-inherit-size'><h3 class='av-special-heading-tag'  itemprop=\"headline\"  >Taller de performance: dibujo y movimiento<\/h3><div class ='av-subheading av-subheading_below av_custom_color' style='font-size:25px;'><p>Galia Eibenschutz<\/p>\n<\/div><div class='special-heading-border'><div class='special-heading-inner-border' style='border-color:#ffffff'><\/div><\/div><\/div>\n\n<\/div><\/div><\/div><!-- close content main div --><\/div><\/div><div id='av-layout-grid-1' class='av-layout-grid-container entry-content-wrapper main_color av-flex-cells  container_wrap fullsize'   >\n<div class=\"flex_cell no_margin av_one_full   \" style='vertical-align:top; padding:30px; background-color:#ED9600; '><div class='flex_cell_inner' ><p><div class='flex_column_table av-equal-height-column-flextable' ><div class=\"flex_column av_one_fourth  flex_column_table_cell av-equal-height-column av-align-top av-zero-column-padding first  \" style='border-radius:0px; '><div style='padding-bottom:10px;color:#ffffff;' class='av-special-heading av-special-heading-h3 custom-color-heading blockquote modern-quote '><h3 class='av-special-heading-tag'  itemprop=\"headline\"  >Cierre de inscipciones<\/h3><div class ='av-subheading av-subheading_below av_custom_color' style='font-size:20px;'><p>domingo 23 de septiembre de 2018<\/p>\n<\/div><div class='special-heading-border'><div class='special-heading-inner-border' style='border-color:#ffffff'><\/div><\/div><\/div><\/div><div class='av-flex-placeholder'><\/div><div class=\"flex_column av_one_fourth  flex_column_table_cell av-equal-height-column av-align-top av-zero-column-padding   \" style='border-radius:0px; '><div style='padding-bottom:10px;color:#ffffff;' class='av-special-heading av-special-heading-h3 custom-color-heading blockquote modern-quote '><h3 class='av-special-heading-tag'  itemprop=\"headline\"  >Fechas<\/h3><div class ='av-subheading av-subheading_below av_custom_color' style='font-size:20px;'><p>Lunes a viernes:<br \/>\nDel 8 al 12 de octubre de 2018<\/p>\n<\/div><div class='special-heading-border'><div class='special-heading-inner-border' style='border-color:#ffffff'><\/div><\/div><\/div><\/div><div class='av-flex-placeholder'><\/div><div class=\"flex_column av_one_fourth  flex_column_table_cell av-equal-height-column av-align-top av-zero-column-padding   \" style='border-radius:0px; '><div style='padding-bottom:10px;color:#ffffff;' class='av-special-heading av-special-heading-h3 custom-color-heading blockquote modern-quote '><h3 class='av-special-heading-tag'  itemprop=\"headline\"  >Horario<\/h3><div class ='av-subheading av-subheading_below av_custom_color' style='font-size:20px;'><p>De 16:00 a 20:00 hrs<br \/>\nCentro de las Artes de San Agust\u00edn<\/p>\n<\/div><div class='special-heading-border'><div class='special-heading-inner-border' style='border-color:#ffffff'><\/div><\/div><\/div><\/div><div class='av-flex-placeholder'><\/div><div class=\"flex_column av_one_fourth  flex_column_table_cell av-equal-height-column av-align-top av-zero-column-padding   \" style='border-radius:0px; '><div class='avia-button-wrap avia-button-center '><a href='https:\/\/goo.gl\/forms\/Bx62ShvUkxYs02rE3' class='avia-button avia-button-fullwidth  avia-icon_select-no avia-color-custom '  target=\"_blank\"  style='color:#020202; background-color:#ffffff;  ' ><span class='avia_iconbox_title' >Inscr\u00edbete<\/span><span class='avia_button_background avia-button avia-button-fullwidth avia-color-custom' style='background-color:#1efff7; '><\/span><\/a><\/div><\/div><\/div><!--close column table wrapper. Autoclose:  --><\/p>\n<\/div><\/div>\n<\/div>\n<div class=\"flex_column av_two_fifth  flex_column_div av-zero-column-padding first  \" style='border-radius:0px; '><p><div class='av-social-sharing-box '><div class='av-share-box'><h5 class='av-share-link-description'>Compartir esta actividad<\/h5><ul class='av-share-box-list noLightbox'><li class='av-share-link av-social-link-facebook' ><a target='_blank' href='http:\/\/www.facebook.com\/sharer.php?u=https:\/\/casa.oaxaca.gob.mx\/?p=5062&amp;t=Taller%20de%20performance%3A%20dibujo%20y%20movimiento' aria-hidden='true' data-av_icon='\ue8f3' data-av_iconfont='entypo-fontello' title='' data-avia-related-tooltip='Share on Facebook'><span class='avia_hidden_link_text'>Share on Facebook<\/span><\/a><\/li><li class='av-share-link av-social-link-twitter' ><a target='_blank' href='https:\/\/twitter.com\/share?text=Taller%20de%20performance%3A%20dibujo%20y%20movimiento&url=https:\/\/casa.oaxaca.gob.mx\/?p=5062' aria-hidden='true' data-av_icon='\ue8f1' data-av_iconfont='entypo-fontello' title='' data-avia-related-tooltip='Share on Twitter'><span class='avia_hidden_link_text'>Share on Twitter<\/span><\/a><\/li><li class='av-share-link av-social-link-gplus' ><a target='_blank' href='https:\/\/plus.google.com\/share?url=https:\/\/casa.oaxaca.gob.mx\/?p=5062' aria-hidden='true' data-av_icon='\ue8f6' data-av_iconfont='entypo-fontello' title='' data-avia-related-tooltip='Share on Google+'><span class='avia_hidden_link_text'>Share on Google+<\/span><\/a><\/li><li class='av-share-link av-social-link-pinterest' ><a target='_blank' href='http:\/\/pinterest.com\/pin\/create\/button\/?url=https%3A%2F%2Fcasa.oaxaca.gob.mx%2F%3Fp%3D5062&amp;description=Taller%20de%20performance%3A%20dibujo%20y%20movimiento&amp;media=https%3A%2F%2Fcasa.oaxaca.gob.mx%2Fwp-content%2Fuploads%2F2018%2F08%2Fasdfdsfdsf.jpg' aria-hidden='true' data-av_icon='\ue8f8' data-av_iconfont='entypo-fontello' title='' data-avia-related-tooltip='Share on Pinterest'><span class='avia_hidden_link_text'>Share on Pinterest<\/span><\/a><\/li><li class='av-share-link av-social-link-mail' ><a  href='mailto:?subject=Taller%20de%20performance%3A%20dibujo%20y%20movimiento&amp;body=https:\/\/casa.oaxaca.gob.mx\/?p=5062' aria-hidden='true' data-av_icon='\ue805' data-av_iconfont='entypo-fontello' title='' data-avia-related-tooltip='Share by Mail'><span class='avia_hidden_link_text'>Share by Mail<\/span><\/a><\/li><\/ul><\/div><\/div><br \/>\n<div  class='hr hr-default '><span class='hr-inner ' ><span class='hr-inner-style'><\/span><\/span><\/div><br \/>\n<div style='padding-bottom:10px;font-size:30px;' class='av-special-heading av-special-heading-h3  blockquote modern-quote   av-inherit-size'><h3 class='av-special-heading-tag'  itemprop=\"headline\"  >Sobre la tallerista<\/h3><div class='special-heading-border'><div class='special-heading-inner-border' ><\/div><\/div><\/div><br \/>\n<section class=\"av_textblock_section\"  itemscope=\"itemscope\" itemtype=\"https:\/\/schema.org\/BlogPosting\" itemprop=\"blogPost\" ><div class='avia_textblock '   itemprop=\"text\" ><p><strong class=\"s1\"><img loading=\"lazy\" decoding=\"async\" class=\"alignnone size-full wp-image-5187\" src=\"https:\/\/casa.oaxaca.gob.mx\/wp-content\/uploads\/2018\/08\/RVP_6273.jpg\" alt=\"\" width=\"683\" height=\"1024\" srcset=\"https:\/\/casa.oaxaca.gob.mx\/wp-content\/uploads\/2018\/08\/RVP_6273.jpg 683w, https:\/\/casa.oaxaca.gob.mx\/wp-content\/uploads\/2018\/08\/RVP_6273-200x300.jpg 200w, https:\/\/casa.oaxaca.gob.mx\/wp-content\/uploads\/2018\/08\/RVP_6273-470x705.jpg 470w, https:\/\/casa.oaxaca.gob.mx\/wp-content\/uploads\/2018\/08\/RVP_6273-450x675.jpg 450w\" sizes=\"auto, (max-width: 683px) 100vw, 683px\" \/><\/strong><\/p>\n<p><a href=\"http:\/\/galiaeibenschutz.com\/\">http:\/\/galiaeibenschutz.com\/<\/a><\/p>\n<p>Es artista y performer.<\/p>\n<p>Su trabajo se genera a partir de un di\u00e1logo entre el dibujo y el movimiento, estableciendo una plataforma entre el arte esc\u00e9nico y el arte visual.\u00a0 Constantemente colabora con artistas de otras disciplinas principalmente de danza y m\u00fasica.<\/p>\n<p>Lleva varios a\u00f1os impartiendo el taller de dibujo y movimiento el cual forma parte fundamental de su creaci\u00f3n art\u00edstica. Sus performances m\u00e1s recientes son: Intervenci\u00f3n Obra en Obra, Tonal\u00e1 348, Ciudad de M\u00e9xico. Trazos para Cello, en colaboraci\u00f3n con Natalia P\u00e9rez Turner, entre otros.<\/p>\n<p>Particip\u00f3 como bailarina en varias coreograf\u00edas del Grupo Mitrovica Danza Contempor\u00e1nea de Andrea Chirinos<\/p>\n<p>Fue miembro del Sistema Nacional de Creadores ( 2013- 2016 )<\/p>\n<\/div><\/section><\/p><\/div>\n<div class=\"flex_column av_three_fifth  flex_column_div av-zero-column-padding   \" style='border-radius:0px; '><p><div style='padding-bottom:10px;font-size:30px;' class='av-special-heading av-special-heading-h3  blockquote modern-quote  av-inherit-size'><h3 class='av-special-heading-tag'  itemprop=\"headline\"  >Alumnos aceptados al taller<\/h3><div class='special-heading-border'><div class='special-heading-inner-border' ><\/div><\/div><\/div><br \/>\n<section class=\"av_textblock_section\"  itemscope=\"itemscope\" itemtype=\"https:\/\/schema.org\/BlogPosting\" itemprop=\"blogPost\" ><div class='avia_textblock '   itemprop=\"text\" ><p>Roc\u00edo Mar\u00eda Cruz Fern\u00e1ndez<\/p>\n<p>Francisco Braithwaite Castillo<\/p>\n<p>Zita Berenice D\u00edaz Mata<\/p>\n<p>Mar\u00eda Jos\u00e9 Torres Idrovo<\/p>\n<p>Gabriela Lobato Ramos<\/p>\n<p>El\u00edas Andrade Mart\u00ednez<\/p>\n<p>Montserrat Alhel\u00ed Steck Ortiz<\/p>\n<p>Yesica Carolina Morales Jaschack<\/p>\n<p>Frida Mar\u00eda Cruz Trujillo<\/p>\n<p>Kesiah Keren P\u00e9rez Barrita<\/p>\n<p>Gemma Lorena Barrita Mat\u00edas<\/p>\n<p>Sharon Shantal D\u00edaz Gonz\u00e1lez<\/p>\n<p>Roc\u00edo Olgu\u00edn Nava<\/p>\n<p>Natalia Andrea Contreras<\/p>\n<p>Robert Clay Harris<\/p>\n<p>Nicolas Cruz Bola\u00f1os<\/p>\n<p>Uziel Ricardo Ruiz Garc\u00eda<\/p>\n<p>Dulce Mar\u00eda Trejo Maldonado<\/p>\n<p>Elizabeth Miranda Sol\u00eds<\/p>\n<p>Es un taller pr\u00e1ctico<\/p>\n<p>El tallerista propone una serie de din\u00e1micas basadas en la traducci\u00f3n de la t\u00e9cnica del dibujo a la del movimiento corporal y viceversa.<\/p>\n<p>Este taller desarrolla la memoria visual, la conciencia corporal y la noci\u00f3n de espacio-tiempo, tambi\u00e9n ayuda a encontrar un lenguaje gr\u00e1fico distinto al que cada quien conoce de s\u00ed mismo y a plasmar en el papel situaciones, estados y estr\u00e9s.<\/p>\n<p>Se trabar\u00e1n ejercicios de conciencia corporal, memoria corporal, rangos de movimiento y l\u00edmites del cuerpo, dirigidos a un proceso de autoconocimiento y de di\u00e1logo entre los procesos de cada participante, haciendo un especial enfoque en la idea del dibujo como campo de acci\u00f3n y en din\u00e1micas relacionadas al estar en el presente.<\/p>\n<p>Se analizar\u00e1n propuestas de artistas relacionados con los temas. Aprender\u00e1n a leer los dibujos como registros de un movimiento y de un estado particular de conciencia y a identificar el espacio y momento en el que nuestro cuerpo se hace presente<\/p>\n<\/div><\/section><br \/>\n<div class='avia-data-table-wrap avia_responsive_table'><table class='avia-table avia-data-table avia-table-1  avia_pricing_default'  itemscope=\"itemscope\" itemtype=\"https:\/\/schema.org\/Table\" ><tbody><tr class='avia-heading-row'><th class=''>Temas a tratar:<\/th><\/tr><tr class=''><td class=''>-L\u00ednea<br \/>\n-Volumen<br \/>\n-Composici\u00f3n<br \/>\n-An\u00e1lisis espacial<br \/>\n-An\u00e1lisis de paisaje<br \/>\n-Presencia esc\u00e9nica<br \/>\n-Memoria corporal<br \/>\n-Tensi\u00f3n \u2013 distensi\u00f3n<br \/>\n-Cuerpo &#8211; casa<br \/>\n<\/td><\/tr><tr class=''><td class=''>Objetivos:<br \/>\n-Integrar los ritmos cin\u00e9ticos como formas b\u00e1sicas de nuestra percepci\u00f3n del tiempo real<br \/>\n-Involucrar al dibujo en el proceso de creaci\u00f3n<br \/>\n-Integrar el proceso de observaci\u00f3n y escucha<br \/>\n-Proporcionar herramientas para manejar la presencia y el cuerpo<br \/>\n-Proporcionar herramientas para familiarizarse con el lenguaje esc\u00e9nico<br \/>\n-Trazar paralelos entre el movimiento f\u00edsico, la memoria y el signo visual<br \/>\n-Aprender a utilizar el espacio de manera din\u00e1mica.<br \/>\n<\/td><\/tr><tr class=''><td class=''>Galia Eibenschutz, es integrante del Sistema Nacional de Creadores de Arte y su participaci\u00f3n es posible gracias a la colaboraci\u00f3n del Programa Creadores en los Estados realizado por la Direcci\u00f3n General de Vinculaci\u00f3n Cultural y el FONCA.<br \/>\n<\/td><\/tr><\/tbody><\/table><\/div><style type='text\/css'>.avia-table-1 td:nth-of-type(1):before { content: 'Temas a tratar:'; } <\/style><br \/>\n<div style='height:20px' class='hr hr-invisible '><span class='hr-inner ' ><span class='hr-inner-style'><\/span><\/span><\/div><br \/>\n<div style='height:20px' class='hr hr-invisible '><span class='hr-inner ' ><span class='hr-inner-style'><\/span><\/span><\/div><br \/>\n<div style='padding-bottom:10px;font-size:30px;' class='av-special-heading av-special-heading-h3  blockquote modern-quote   av-inherit-size'><h3 class='av-special-heading-tag'  itemprop=\"headline\"  >Requisitos de inscripci\u00f3n<\/h3><div class='special-heading-border'><div class='special-heading-inner-border' ><\/div><\/div><\/div><br \/>\n<div class='avia-data-table-wrap avia_responsive_table'><table class='avia-table avia-data-table avia-table-2  avia_pricing_default'  itemscope=\"itemscope\" itemtype=\"https:\/\/schema.org\/Table\" ><tbody><tr class=''><td class=''>1<br \/>\nDirigido a artistas visuales, esc\u00e9nicos, performers y a cualquier persona interesada en explorar los v\u00ednculos y puentes entre el dibujo y el movimiento.<br \/>\n<\/td><\/tr><tr class=''><td class=''>2<br \/>\nLos interesados deber\u00e1n llenar el formulario que se encuentra en esta p\u00e1gina.<br \/>\nPara poder ser considerado como candidato a participar en taller el interesado deber\u00e1 presentar:<br \/>\n-Carta curricular breve con datos de contacto<br \/>\n-Carta de motivos, explicando su inter\u00e9s en el taller.<br \/>\n-Carta compromiso<\/p>\n<p>Todos estos documentos deber\u00e1n estar integrados en un \u00fanico archivo PDF que lleve como asunto el nombre del taller y participante (ejemplo: dibujo y movimiento) y lo env\u00edan a los correos inscribetecasa@gmail.com con copia a formacion.artistica.auxiliar@gmail.com<\/p>\n<p>Los participantes seleccionados deber\u00e1n comprometerse a tomar el curso completo ya que una inasistencia injustificada ser\u00e1 motivo de suspensi\u00f3n y no podr\u00e1 ingresar a talleres o diplomados futuros.<br \/>\n<\/td><\/tr><tr class=''><td class=''>3<br \/>\nRevisa en esta misma p\u00e1gina si formar\u00e1s parte de los participantes.<\/td><\/tr><\/tbody><\/table><\/div><style type='text\/css'><\/style><br \/>\n<div id='av-masonry-1' class='av-masonry noHover av-fixed-size av-large-gap av-hover-overlay-active av-masonry-col-3 av-caption-always av-caption-style- av-masonry-gallery  '  ><div class='av-masonry-container isotope av-js-disabled ' ><div class='av-masonry-entry isotope-item av-masonry-item-no-image '><\/div><a href=\"https:\/\/casa.oaxaca.gob.mx\/wp-content\/uploads\/2018\/08\/rubinartcenter15.jpg\" id='av-masonry-1-item-5063' data-av-masonry-item='5063' class='av-masonry-entry isotope-item post-5063 attachment type-attachment status-inherit hentry  av-masonry-item-with-image av-grid-img' title=\"\"  itemprop=\"thumbnailUrl\" ><div class='av-inner-masonry-sizer'><\/div><figure class='av-inner-masonry main_color'><div class=\"av-masonry-outerimage-container\"><div class=\"av-masonry-image-container\" style=\"background-image: url(https:\/\/casa.oaxaca.gob.mx\/wp-content\/uploads\/2018\/08\/rubinartcenter15-705x529.jpg);\"><img decoding=\"async\" src=\"https:\/\/casa.oaxaca.gob.mx\/wp-content\/uploads\/2018\/08\/rubinartcenter15-705x529.jpg\" title=\"rubinartcenter15\" alt=\"\" \/><\/div><\/div><\/figure><\/a><!--end av-masonry entry--><a href=\"https:\/\/casa.oaxaca.gob.mx\/wp-content\/uploads\/2018\/08\/ee_2.jpg\" id='av-masonry-1-item-5064' data-av-masonry-item='5064' class='av-masonry-entry isotope-item post-5064 attachment type-attachment status-inherit hentry  av-masonry-item-with-image av-grid-img' title=\"\"  itemprop=\"thumbnailUrl\" ><div class='av-inner-masonry-sizer'><\/div><figure class='av-inner-masonry main_color'><div class=\"av-masonry-outerimage-container\"><div class=\"av-masonry-image-container\" style=\"background-image: url(https:\/\/casa.oaxaca.gob.mx\/wp-content\/uploads\/2018\/08\/ee_2-460x705.jpg);\"><img decoding=\"async\" src=\"https:\/\/casa.oaxaca.gob.mx\/wp-content\/uploads\/2018\/08\/ee_2-460x705.jpg\" title=\"ee_2\" alt=\"\" \/><\/div><\/div><\/figure><\/a><!--end av-masonry entry--><a href=\"https:\/\/casa.oaxaca.gob.mx\/wp-content\/uploads\/2018\/08\/Laboratorio-_85_.jpg\" id='av-masonry-1-item-5067' data-av-masonry-item='5067' class='av-masonry-entry isotope-item post-5067 attachment type-attachment status-inherit hentry  av-masonry-item-with-image av-grid-img' title=\"\"  itemprop=\"thumbnailUrl\" ><div class='av-inner-masonry-sizer'><\/div><figure class='av-inner-masonry main_color'><div class=\"av-masonry-outerimage-container\"><div class=\"av-masonry-image-container\" style=\"background-image: url(https:\/\/casa.oaxaca.gob.mx\/wp-content\/uploads\/2018\/08\/Laboratorio-_85_-705x451.jpg);\"><img decoding=\"async\" src=\"https:\/\/casa.oaxaca.gob.mx\/wp-content\/uploads\/2018\/08\/Laboratorio-_85_-705x451.jpg\" title=\"Laboratorio-_85_\" alt=\"\" \/><\/div><\/div><\/figure><\/a><!--end av-masonry entry--><a href=\"https:\/\/casa.oaxaca.gob.mx\/wp-content\/uploads\/2018\/08\/IMG_1285.jpg\" id='av-masonry-1-item-5068' data-av-masonry-item='5068' class='av-masonry-entry isotope-item post-5068 attachment type-attachment status-inherit hentry  av-masonry-item-with-image av-grid-img' title=\"\"  itemprop=\"thumbnailUrl\" ><div class='av-inner-masonry-sizer'><\/div><figure class='av-inner-masonry main_color'><div class=\"av-masonry-outerimage-container\"><div class=\"av-masonry-image-container\" style=\"background-image: url(https:\/\/casa.oaxaca.gob.mx\/wp-content\/uploads\/2018\/08\/IMG_1285-705x470.jpg);\"><img decoding=\"async\" src=\"https:\/\/casa.oaxaca.gob.mx\/wp-content\/uploads\/2018\/08\/IMG_1285-705x470.jpg\" title=\"IMG_1285\" alt=\"\" \/><\/div><\/div><\/figure><\/a><!--end av-masonry entry--><a href=\"https:\/\/casa.oaxaca.gob.mx\/wp-content\/uploads\/2018\/08\/L1003332-2000x1337.jpg\" id='av-masonry-1-item-5128' data-av-masonry-item='5128' class='av-masonry-entry isotope-item post-5128 attachment type-attachment status-inherit hentry  av-masonry-item-with-image av-grid-img' title=\"\"  itemprop=\"thumbnailUrl\" ><div class='av-inner-masonry-sizer'><\/div><figure class='av-inner-masonry main_color'><div class=\"av-masonry-outerimage-container\"><div class=\"av-masonry-image-container\" style=\"background-image: url(https:\/\/casa.oaxaca.gob.mx\/wp-content\/uploads\/2018\/08\/L1003332-705x471.jpg);\"><img decoding=\"async\" src=\"https:\/\/casa.oaxaca.gob.mx\/wp-content\/uploads\/2018\/08\/L1003332-705x471.jpg\" title=\"L1003332\" alt=\"\" \/><\/div><\/div><\/figure><\/a><!--end av-masonry entry--><a href=\"https:\/\/casa.oaxaca.gob.mx\/wp-content\/uploads\/2018\/08\/peso-y-memoria5-2000x1337.jpg\" id='av-masonry-1-item-5129' data-av-masonry-item='5129' class='av-masonry-entry isotope-item post-5129 attachment type-attachment status-inherit hentry  av-masonry-item-with-image av-grid-img' title=\"\"  itemprop=\"thumbnailUrl\" ><div class='av-inner-masonry-sizer'><\/div><figure class='av-inner-masonry main_color'><div class=\"av-masonry-outerimage-container\"><div class=\"av-masonry-image-container\" style=\"background-image: url(https:\/\/casa.oaxaca.gob.mx\/wp-content\/uploads\/2018\/08\/peso-y-memoria5-705x471.jpg);\"><img decoding=\"async\" src=\"https:\/\/casa.oaxaca.gob.mx\/wp-content\/uploads\/2018\/08\/peso-y-memoria5-705x471.jpg\" title=\"peso y memoria5\" alt=\"\" \/><\/div><\/div><\/figure><\/a><!--end av-masonry entry--><a href=\"https:\/\/casa.oaxaca.gob.mx\/wp-content\/uploads\/2018\/08\/Laboratorio-13-2000x1500.jpg\" id='av-masonry-1-item-5130' data-av-masonry-item='5130' class='av-masonry-entry isotope-item post-5130 attachment type-attachment status-inherit hentry  av-masonry-item-with-image av-grid-img' title=\"\"  itemprop=\"thumbnailUrl\" ><div class='av-inner-masonry-sizer'><\/div><figure class='av-inner-masonry main_color'><div class=\"av-masonry-outerimage-container\"><div class=\"av-masonry-image-container\" style=\"background-image: url(https:\/\/casa.oaxaca.gob.mx\/wp-content\/uploads\/2018\/08\/Laboratorio-13-705x529.jpg);\"><img decoding=\"async\" src=\"https:\/\/casa.oaxaca.gob.mx\/wp-content\/uploads\/2018\/08\/Laboratorio-13-705x529.jpg\" title=\"Laboratorio (13)\" alt=\"\" \/><\/div><\/div><\/figure><\/a><!--end av-masonry entry--><a href=\"https:\/\/casa.oaxaca.gob.mx\/wp-content\/uploads\/2018\/08\/IMG_1381-2000x1333.jpg\" id='av-masonry-1-item-5131' data-av-masonry-item='5131' class='av-masonry-entry isotope-item post-5131 attachment type-attachment status-inherit hentry  av-masonry-item-with-image av-grid-img' title=\"\"  itemprop=\"thumbnailUrl\" ><div class='av-inner-masonry-sizer'><\/div><figure class='av-inner-masonry main_color'><div class=\"av-masonry-outerimage-container\"><div class=\"av-masonry-image-container\" style=\"background-image: url(https:\/\/casa.oaxaca.gob.mx\/wp-content\/uploads\/2018\/08\/IMG_1381-705x470.jpg);\"><img decoding=\"async\" src=\"https:\/\/casa.oaxaca.gob.mx\/wp-content\/uploads\/2018\/08\/IMG_1381-705x470.jpg\" title=\"IMG_1381\" alt=\"\" \/><\/div><\/div><\/figure><\/a><!--end av-masonry entry--><a href=\"https:\/\/casa.oaxaca.gob.mx\/wp-content\/uploads\/2018\/08\/IMG_1411-2000x1368.jpg\" id='av-masonry-1-item-5132' data-av-masonry-item='5132' class='av-masonry-entry isotope-item post-5132 attachment type-attachment status-inherit hentry  av-masonry-item-with-image av-grid-img' title=\"\"  itemprop=\"thumbnailUrl\" ><div class='av-inner-masonry-sizer'><\/div><figure class='av-inner-masonry main_color'><div class=\"av-masonry-outerimage-container\"><div class=\"av-masonry-image-container\" style=\"background-image: url(https:\/\/casa.oaxaca.gob.mx\/wp-content\/uploads\/2018\/08\/IMG_1411-705x482.jpg);\"><img decoding=\"async\" src=\"https:\/\/casa.oaxaca.gob.mx\/wp-content\/uploads\/2018\/08\/IMG_1411-705x482.jpg\" title=\"IMG_1411\" alt=\"\" \/><\/div><\/div><\/figure><\/a><!--end av-masonry entry--><a href=\"https:\/\/casa.oaxaca.gob.mx\/wp-content\/uploads\/2018\/08\/IMG_1319-2000x1333.jpg\" id='av-masonry-1-item-5133' data-av-masonry-item='5133' class='av-masonry-entry isotope-item post-5133 attachment type-attachment status-inherit hentry  av-masonry-item-with-image av-grid-img' title=\"\"  itemprop=\"thumbnailUrl\" ><div class='av-inner-masonry-sizer'><\/div><figure class='av-inner-masonry main_color'><div class=\"av-masonry-outerimage-container\"><div class=\"av-masonry-image-container\" style=\"background-image: url(https:\/\/casa.oaxaca.gob.mx\/wp-content\/uploads\/2018\/08\/IMG_1319-705x470.jpg);\"><img decoding=\"async\" src=\"https:\/\/casa.oaxaca.gob.mx\/wp-content\/uploads\/2018\/08\/IMG_1319-705x470.jpg\" title=\"IMG_1319\" alt=\"\" \/><\/div><\/div><\/figure><\/a><!--end av-masonry entry--><a href=\"https:\/\/casa.oaxaca.gob.mx\/wp-content\/uploads\/2018\/08\/IMG_1254-2000x1333.jpg\" id='av-masonry-1-item-5134' data-av-masonry-item='5134' class='av-masonry-entry isotope-item post-5134 attachment type-attachment status-inherit hentry  av-masonry-item-with-image av-grid-img' title=\"\"  itemprop=\"thumbnailUrl\" ><div class='av-inner-masonry-sizer'><\/div><figure class='av-inner-masonry main_color'><div class=\"av-masonry-outerimage-container\"><div class=\"av-masonry-image-container\" style=\"background-image: url(https:\/\/casa.oaxaca.gob.mx\/wp-content\/uploads\/2018\/08\/IMG_1254-705x470.jpg);\"><img decoding=\"async\" src=\"https:\/\/casa.oaxaca.gob.mx\/wp-content\/uploads\/2018\/08\/IMG_1254-705x470.jpg\" title=\"IMG_1254\" alt=\"\" \/><\/div><\/div><\/figure><\/a><!--end av-masonry entry--><a href=\"https:\/\/casa.oaxaca.gob.mx\/wp-content\/uploads\/2018\/08\/Laboratorio-_286_-1.jpg\" id='av-masonry-1-item-5136' data-av-masonry-item='5136' class='av-masonry-entry isotope-item post-5136 attachment type-attachment status-inherit hentry  av-masonry-item-with-image av-grid-img' title=\"\"  itemprop=\"thumbnailUrl\" ><div class='av-inner-masonry-sizer'><\/div><figure class='av-inner-masonry main_color'><div class=\"av-masonry-outerimage-container\"><div class=\"av-masonry-image-container\" style=\"background-image: url(https:\/\/casa.oaxaca.gob.mx\/wp-content\/uploads\/2018\/08\/Laboratorio-_286_-1-705x451.jpg);\"><img decoding=\"async\" src=\"https:\/\/casa.oaxaca.gob.mx\/wp-content\/uploads\/2018\/08\/Laboratorio-_286_-1-705x451.jpg\" title=\"Laboratorio-_286_\" alt=\"\" \/><\/div><\/div><\/figure><\/a><!--end av-masonry entry--><a href=\"https:\/\/casa.oaxaca.gob.mx\/wp-content\/uploads\/2018\/08\/Laboratorio-_381_-1.jpg\" id='av-masonry-1-item-5137' data-av-masonry-item='5137' class='av-masonry-entry isotope-item post-5137 attachment type-attachment status-inherit hentry  av-masonry-item-with-image av-grid-img' title=\"\"  itemprop=\"thumbnailUrl\" ><div class='av-inner-masonry-sizer'><\/div><figure class='av-inner-masonry main_color'><div class=\"av-masonry-outerimage-container\"><div class=\"av-masonry-image-container\" style=\"background-image: url(https:\/\/casa.oaxaca.gob.mx\/wp-content\/uploads\/2018\/08\/Laboratorio-_381_-1-705x451.jpg);\"><img decoding=\"async\" src=\"https:\/\/casa.oaxaca.gob.mx\/wp-content\/uploads\/2018\/08\/Laboratorio-_381_-1-705x451.jpg\" title=\"Laboratorio-_381_\" alt=\"\" \/><\/div><\/div><\/figure><\/a><!--end av-masonry entry--><a href=\"https:\/\/casa.oaxaca.gob.mx\/wp-content\/uploads\/2018\/08\/images-1.jpg\" id='av-masonry-1-item-5140' data-av-masonry-item='5140' class='av-masonry-entry isotope-item post-5140 attachment type-attachment status-inherit hentry  av-masonry-item-with-image av-grid-img' title=\"\"  itemprop=\"thumbnailUrl\" ><div class='av-inner-masonry-sizer'><\/div><figure class='av-inner-masonry main_color'><div class=\"av-masonry-outerimage-container\"><div class=\"av-masonry-image-container\" style=\"background-image: url(https:\/\/casa.oaxaca.gob.mx\/wp-content\/uploads\/2018\/08\/images-1.jpg);\"><img decoding=\"async\" src=\"https:\/\/casa.oaxaca.gob.mx\/wp-content\/uploads\/2018\/08\/images-1.jpg\" title=\"images\" alt=\"\" \/><\/div><\/div><\/figure><\/a><!--end av-masonry entry--><\/div><\/div><\/p><\/div>\n","protected":false},"excerpt":{"rendered":"","protected":false},"author":1,"featured_media":5240,"comment_status":"open","ping_status":"open","sticky":false,"template":"","format":"standard","meta":{"_exactmetrics_skip_tracking":false,"_exactmetrics_sitenote_active":false,"_exactmetrics_sitenote_note":"","_exactmetrics_sitenote_category":0,"footnotes":""},"categories":[97],"tags":[],"class_list":["post-5062","post","type-post","status-publish","format-standard","has-post-thumbnail","hentry","category-eventos-cerrados-2018"],"_links":{"self":[{"href":"https:\/\/casa.oaxaca.gob.mx\/index.php?rest_route=\/wp\/v2\/posts\/5062","targetHints":{"allow":["GET"]}}],"collection":[{"href":"https:\/\/casa.oaxaca.gob.mx\/index.php?rest_route=\/wp\/v2\/posts"}],"about":[{"href":"https:\/\/casa.oaxaca.gob.mx\/index.php?rest_route=\/wp\/v2\/types\/post"}],"author":[{"embeddable":true,"href":"https:\/\/casa.oaxaca.gob.mx\/index.php?rest_route=\/wp\/v2\/users\/1"}],"replies":[{"embeddable":true,"href":"https:\/\/casa.oaxaca.gob.mx\/index.php?rest_route=%2Fwp%2Fv2%2Fcomments&post=5062"}],"version-history":[{"count":6,"href":"https:\/\/casa.oaxaca.gob.mx\/index.php?rest_route=\/wp\/v2\/posts\/5062\/revisions"}],"predecessor-version":[{"id":5295,"href":"https:\/\/casa.oaxaca.gob.mx\/index.php?rest_route=\/wp\/v2\/posts\/5062\/revisions\/5295"}],"wp:featuredmedia":[{"embeddable":true,"href":"https:\/\/casa.oaxaca.gob.mx\/index.php?rest_route=\/wp\/v2\/media\/5240"}],"wp:attachment":[{"href":"https:\/\/casa.oaxaca.gob.mx\/index.php?rest_route=%2Fwp%2Fv2%2Fmedia&parent=5062"}],"wp:term":[{"taxonomy":"category","embeddable":true,"href":"https:\/\/casa.oaxaca.gob.mx\/index.php?rest_route=%2Fwp%2Fv2%2Fcategories&post=5062"},{"taxonomy":"post_tag","embeddable":true,"href":"https:\/\/casa.oaxaca.gob.mx\/index.php?rest_route=%2Fwp%2Fv2%2Ftags&post=5062"}],"curies":[{"name":"wp","href":"https:\/\/api.w.org\/{rel}","templated":true}]}}