{"id":5111,"date":"2018-09-06T15:30:28","date_gmt":"2018-09-06T20:30:28","guid":{"rendered":"https:\/\/casa.oaxaca.gob.mx\/?p=5111"},"modified":"2018-10-29T13:42:22","modified_gmt":"2018-10-29T19:42:22","slug":"taller-produccion-de-publicaciones-digitales","status":"publish","type":"post","link":"https:\/\/casa.oaxaca.gob.mx\/?p=5111","title":{"rendered":"Taller: Producci\u00f3n de publicaciones digitales"},"content":{"rendered":"<\/div><\/div><\/div><!-- close content main div --><\/div><\/div><div id='av_section_1' class='avia-section main_color avia-section-no-padding avia-no-border-styling avia-full-stretch av-parallax-section avia-bg-style-parallax  av-minimum-height av-minimum-height-75 container_wrap fullsize'  data-section-bg-repeat='stretch' ><div class='av-parallax' data-avia-parallax-ratio='0.3' ><div class='av-parallax-inner main_color  avia-full-stretch' style = 'background-repeat: no-repeat; background-image: url(https:\/\/casa.oaxaca.gob.mx\/wp-content\/uploads\/2018\/09\/post-Expansion.png); background-attachment: scroll; background-position: bottom center; ' ><\/div><\/div><div class='container' ><div class='template-page content  av-content-full alpha units'><div class='post-entry post-entry-type-page post-entry-5111'><div class='entry-content-wrapper clearfix'>\n<div style='padding-bottom:10px;color:#ffffff;font-size:50px;' class='av-special-heading av-special-heading-h3 custom-color-heading blockquote modern-quote  av-inherit-size'><h3 class='av-special-heading-tag'  itemprop=\"headline\"  >Taller: Producci\u00f3n de publicaciones digitales<\/h3><div class ='av-subheading av-subheading_below av_custom_color' style='font-size:25px;'><p>Juan Carlos Jim\u00e9nez<\/p>\n<\/div><div class='special-heading-border'><div class='special-heading-inner-border' style='border-color:#ffffff'><\/div><\/div><\/div>\n\n<\/div><\/div><\/div><!-- close content main div --><\/div><\/div><div id='av-layout-grid-1' class='av-layout-grid-container entry-content-wrapper main_color av-flex-cells  container_wrap fullsize'   >\n<div class=\"flex_cell no_margin av_one_full   \" style='vertical-align:top; padding:30px; background-color:#ED9600; '><div class='flex_cell_inner' ><p><div class='flex_column_table av-equal-height-column-flextable' ><div class=\"flex_column av_one_fourth  flex_column_table_cell av-equal-height-column av-align-top av-zero-column-padding first  \" style='border-radius:0px; '><div style='padding-bottom:10px;color:#ffffff;' class='av-special-heading av-special-heading-h3 custom-color-heading blockquote modern-quote '><h3 class='av-special-heading-tag'  itemprop=\"headline\"  >Cierre de inscipciones<\/h3><div class ='av-subheading av-subheading_below av_custom_color' style='font-size:20px;'><p>mi\u00e9rcoles 19 de septiembre de 2018<\/p>\n<\/div><div class='special-heading-border'><div class='special-heading-inner-border' style='border-color:#ffffff'><\/div><\/div><\/div><\/div><div class='av-flex-placeholder'><\/div><div class=\"flex_column av_one_fourth  flex_column_table_cell av-equal-height-column av-align-top av-zero-column-padding   \" style='border-radius:0px; '><div style='padding-bottom:10px;color:#ffffff;' class='av-special-heading av-special-heading-h3 custom-color-heading blockquote modern-quote '><h3 class='av-special-heading-tag'  itemprop=\"headline\"  >Fechas<\/h3><div class ='av-subheading av-subheading_below av_custom_color' style='font-size:20px;'><p>Viernes y s\u00e1bado<br \/>\nDel 5 al 27 de octubre de 2018.<br \/>\nSecci\u00f3n 1: el 5 y 6 de octubre de 2018<br \/>\nSecci\u00f3n 2: el 12 y 13 de octubre de 2018<br \/>\nSecci\u00f3n 3: el 19 y 20 de octubre de 2018<br \/>\nSecci\u00f3n 4: el 26 y 27 de octubre de 2018<\/p>\n<\/div><div class='special-heading-border'><div class='special-heading-inner-border' style='border-color:#ffffff'><\/div><\/div><\/div><\/div><div class='av-flex-placeholder'><\/div><div class=\"flex_column av_one_fourth  flex_column_table_cell av-equal-height-column av-align-top av-zero-column-padding   \" style='border-radius:0px; '><div style='padding-bottom:10px;color:#ffffff;' class='av-special-heading av-special-heading-h3 custom-color-heading blockquote modern-quote '><h3 class='av-special-heading-tag'  itemprop=\"headline\"  >Horario<\/h3><div class ='av-subheading av-subheading_below av_custom_color' style='font-size:20px;'><p>Viernes de 16:00 a 20:00 hrs.<br \/>\nS\u00e1bados de 11:00 a 15:00 y de 16:00 a 20:00 hrs.<\/p>\n<p>Centro de las Artes de San Agust\u00edn<\/p>\n<\/div><div class='special-heading-border'><div class='special-heading-inner-border' style='border-color:#ffffff'><\/div><\/div><\/div><\/div><div class='av-flex-placeholder'><\/div><div class=\"flex_column av_one_fourth  flex_column_table_cell av-equal-height-column av-align-top av-zero-column-padding   \" style='border-radius:0px; '><div class='avia-button-wrap avia-button-center '><a href='https:\/\/goo.gl\/forms\/Bx62ShvUkxYs02rE3' class='avia-button avia-button-fullwidth  avia-icon_select-no avia-color-custom '  target=\"_blank\"  style='color:#020202; background-color:#ffffff;  ' ><span class='avia_iconbox_title' >Inscr\u00edbete<\/span><span class='avia_button_background avia-button avia-button-fullwidth avia-color-custom' style='background-color:#1efff7; '><\/span><\/a><\/div><\/div><\/div><!--close column table wrapper. Autoclose:  --><\/p>\n<\/div><\/div>\n<\/div>\n<div class=\"flex_column av_two_fifth  flex_column_div av-zero-column-padding first  \" style='border-radius:0px; '><p><div class='av-social-sharing-box '><div class='av-share-box'><h5 class='av-share-link-description'>Compartir esta actividad<\/h5><ul class='av-share-box-list noLightbox'><li class='av-share-link av-social-link-facebook' ><a target='_blank' href='http:\/\/www.facebook.com\/sharer.php?u=https:\/\/casa.oaxaca.gob.mx\/?p=5111&amp;t=Taller%3A%20Producci%C3%B3n%20de%20publicaciones%20digitales' aria-hidden='true' data-av_icon='\ue8f3' data-av_iconfont='entypo-fontello' title='' data-avia-related-tooltip='Share on Facebook'><span class='avia_hidden_link_text'>Share on Facebook<\/span><\/a><\/li><li class='av-share-link av-social-link-twitter' ><a target='_blank' href='https:\/\/twitter.com\/share?text=Taller%3A%20Producci%C3%B3n%20de%20publicaciones%20digitales&url=https:\/\/casa.oaxaca.gob.mx\/?p=5111' aria-hidden='true' data-av_icon='\ue8f1' data-av_iconfont='entypo-fontello' title='' data-avia-related-tooltip='Share on Twitter'><span class='avia_hidden_link_text'>Share on Twitter<\/span><\/a><\/li><li class='av-share-link av-social-link-gplus' ><a target='_blank' href='https:\/\/plus.google.com\/share?url=https:\/\/casa.oaxaca.gob.mx\/?p=5111' aria-hidden='true' data-av_icon='\ue8f6' data-av_iconfont='entypo-fontello' title='' data-avia-related-tooltip='Share on Google+'><span class='avia_hidden_link_text'>Share on Google+<\/span><\/a><\/li><li class='av-share-link av-social-link-pinterest' ><a target='_blank' href='http:\/\/pinterest.com\/pin\/create\/button\/?url=https%3A%2F%2Fcasa.oaxaca.gob.mx%2F%3Fp%3D5111&amp;description=Taller%3A%20Producci%C3%B3n%20de%20publicaciones%20digitales&amp;media=https%3A%2F%2Fcasa.oaxaca.gob.mx%2Fwp-content%2Fuploads%2F2018%2F09%2Fsdfsafdsgh.jpg' aria-hidden='true' data-av_icon='\ue8f8' data-av_iconfont='entypo-fontello' title='' data-avia-related-tooltip='Share on Pinterest'><span class='avia_hidden_link_text'>Share on Pinterest<\/span><\/a><\/li><li class='av-share-link av-social-link-mail' ><a  href='mailto:?subject=Taller%3A%20Producci%C3%B3n%20de%20publicaciones%20digitales&amp;body=https:\/\/casa.oaxaca.gob.mx\/?p=5111' aria-hidden='true' data-av_icon='\ue805' data-av_iconfont='entypo-fontello' title='' data-avia-related-tooltip='Share by Mail'><span class='avia_hidden_link_text'>Share by Mail<\/span><\/a><\/li><\/ul><\/div><\/div><br \/>\n<div  class='hr hr-default '><span class='hr-inner ' ><span class='hr-inner-style'><\/span><\/span><\/div><br \/>\n<div style='padding-bottom:10px;font-size:30px;' class='av-special-heading av-special-heading-h3  blockquote modern-quote   av-inherit-size'><h3 class='av-special-heading-tag'  itemprop=\"headline\"  >Sobre el tallerista<\/h3><div class='special-heading-border'><div class='special-heading-inner-border' ><\/div><\/div><\/div><br \/>\n<section class=\"av_textblock_section\"  itemscope=\"itemscope\" itemtype=\"https:\/\/schema.org\/BlogPosting\" itemprop=\"blogPost\" ><div class='avia_textblock '   itemprop=\"text\" ><p><strong class=\"s1\"><img loading=\"lazy\" decoding=\"async\" class=\"alignnone size-full wp-image-5112\" src=\"https:\/\/casa.oaxaca.gob.mx\/wp-content\/uploads\/2018\/09\/post-Expansion.png\" alt=\"\" width=\"1024\" height=\"675\" srcset=\"https:\/\/casa.oaxaca.gob.mx\/wp-content\/uploads\/2018\/09\/post-Expansion.png 1024w, https:\/\/casa.oaxaca.gob.mx\/wp-content\/uploads\/2018\/09\/post-Expansion-300x198.png 300w, https:\/\/casa.oaxaca.gob.mx\/wp-content\/uploads\/2018\/09\/post-Expansion-768x506.png 768w, https:\/\/casa.oaxaca.gob.mx\/wp-content\/uploads\/2018\/09\/post-Expansion-705x465.png 705w, https:\/\/casa.oaxaca.gob.mx\/wp-content\/uploads\/2018\/09\/post-Expansion-450x297.png 450w\" sizes=\"auto, (max-width: 1024px) 100vw, 1024px\" \/><\/strong><\/p>\n<p><strong>Juan Carlos Jim\u00e9nez, es parte del grupo NUU<\/strong><\/p>\n<p><a href=\"http:\/\/www.somosnuu.com\">www.somosnuu.com<\/a><\/p>\n<p>Grupo NUU es un grupo de cinco empresas enfocado en las industrias creativas, tecnol\u00f3gicas y culturales; utilizan la tecnolog\u00eda como medio para conectar audiencias con contenido relevante. La experiencia acumulada en industrias culturales les permite ofrecer la creaci\u00f3n y producci\u00f3n de contenido de la m\u00e1s alta calidad que est\u00e1 orientado a las pantallas y audiencias adecuadas. Actualmente cuentan con oficinas en M\u00e9xico, Colombia, Canad\u00e1 y Chile.<\/p>\n<\/div><\/section><\/p><\/div>\n<div class=\"flex_column av_three_fifth  flex_column_div av-zero-column-padding   \" style='border-radius:0px; '><p><div style='padding-bottom:10px;font-size:30px;' class='av-special-heading av-special-heading-h3  blockquote modern-quote   av-inherit-size'><h3 class='av-special-heading-tag'  itemprop=\"headline\"  >Acerca del taller<\/h3><div class='special-heading-border'><div class='special-heading-inner-border' ><\/div><\/div><\/div><br \/>\n<section class=\"av_textblock_section\"  itemscope=\"itemscope\" itemtype=\"https:\/\/schema.org\/BlogPosting\" itemprop=\"blogPost\" ><div class='avia_textblock '   itemprop=\"text\" ><p>Introducir a los participantes a diferentes estrategias y formatos digitales para contenidos culturales y educativos, a trav\u00e9s de estudio de casos espec\u00edficos. Promover\u00e1n y consolidar la formaci\u00f3n de equipos multidisciplinarios para la producci\u00f3n digital de proyectos de contenido, ya sean nuevos o existentes. Elaborar\u00e1n el planteamiento general de proyectos digitales, validando sus aspectos de contenido y desarrollo tecnol\u00f3gico. Producir\u00e1n los elementos iniciales del contenido, para construir un prototipo funcional que muestre el funcionamiento preliminar del producto digital.<\/p>\n<\/div><\/section><br \/>\n<div class='avia-data-table-wrap avia_responsive_table'><table class='avia-table avia-data-table avia-table-1  avia_pricing_default'  itemscope=\"itemscope\" itemtype=\"https:\/\/schema.org\/Table\" ><tbody><tr class='avia-heading-row'><th class=''>Temas a tratar:<\/th><\/tr><tr class=''><td class=''>1. Tendencias, tipos de publicaciones y dispositivos para publicaciones digitales.<br \/>\n2. Dise\u00f1o de publicaciones digitales, experiencia de usuario, guiones y sonorizaci\u00f3n.<br \/>\n3. Herramientas y lenguajes para el desarrollo de publicaciones digitales.<br \/>\n<\/td><\/tr><tr class=''><td class=''>Objetivos:<br \/>\nAsesorar y entrenar a j\u00f3venes entre 15 y 21 a\u00f1os sobre el dise\u00f1o y desarrollo de publicaciones digitales compartiendo la experiencia de Grupo Nuu.<br \/>\n<\/td><\/tr><tr class=''><td class=''>Esta actividad forma parte del Laboratorio de Ciudadan\u00eda Digital, una iniciativa del Centro Cultural de Espa\u00f1a en M\u00e9xico, Fundaci\u00f3n Telef\u00f3nica M\u00e9xico, Fundaci\u00f3n \u201cla Caixa\u201d y el Ateneo Espa\u00f1ol.<br \/>\n<\/td><\/tr><\/tbody><\/table><\/div><style type='text\/css'>.avia-table-1 td:nth-of-type(1):before { content: 'Temas a tratar:'; } <\/style><br \/>\n<div style='height:20px' class='hr hr-invisible '><span class='hr-inner ' ><span class='hr-inner-style'><\/span><\/span><\/div><br \/>\n<div style='padding-bottom:10px;font-size:30px;' class='av-special-heading av-special-heading-h3  blockquote modern-quote   av-inherit-size'><h3 class='av-special-heading-tag'  itemprop=\"headline\"  >Requisitos de inscripci\u00f3n<\/h3><div class='special-heading-border'><div class='special-heading-inner-border' ><\/div><\/div><\/div><br \/>\n<div class='avia-data-table-wrap avia_responsive_table'><table class='avia-table avia-data-table avia-table-2  avia_pricing_default'  itemscope=\"itemscope\" itemtype=\"https:\/\/schema.org\/Table\" ><tbody><tr class=''><td class=''>1<br \/>\nDirigido a j\u00f3venes (de 18 a 25 a\u00f1os de edad.)<br \/>\n<\/td><\/tr><tr class=''><td class=''>2<br \/>\nLos interesados deber\u00e1n llenar el formulario que se encuentra en esta p\u00e1gina.<br \/>\nPara poder ser considerado como candidato a participar en taller el interesado deber\u00e1 presentar:<br \/>\n-Carta de motivos, explicando su inter\u00e9s en el taller.<br \/>\n-Carta compromiso<\/p>\n<p>Todos estos documentos deber\u00e1n estar integrados en un \u00fanico archivo PDF que lleve como asunto el nombre del taller y participante (ejemplo: Producci\u00f3n de publicaciones digitales &#8211; Antonio Ruiz) y lo env\u00edan a los correos inscribetecasa@gmail.com con copia a formacion.artistica.auxiliar@gmail.com<\/p>\n<p>Los participantes seleccionados deber\u00e1n comprometerse a tomar el curso completo ya que una inasistencia injustificada ser\u00e1 motivo de suspensi\u00f3n y no podr\u00e1 ingresar a talleres o diplomados futuros.<br \/>\n<\/td><\/tr><tr class=''><td class=''>3<br \/>\nRevisa en esta misma p\u00e1gina si formar\u00e1s parte de los participantes.<\/td><\/tr><\/tbody><\/table><\/div><style type='text\/css'><\/style><br \/>\n<div id='av-masonry-1' class='av-masonry noHover av-fixed-size av-large-gap av-hover-overlay-active av-masonry-col-3 av-caption-always av-caption-style- av-masonry-gallery  '  ><div class='av-masonry-container isotope av-js-disabled ' ><div class='av-masonry-entry isotope-item av-masonry-item-no-image '><\/div><a href=\"https:\/\/casa.oaxaca.gob.mx\/wp-content\/uploads\/2018\/09\/IMG_2059.jpg\" id='av-masonry-1-item-5148' data-av-masonry-item='5148' class='av-masonry-entry isotope-item post-5148 attachment type-attachment status-inherit hentry  av-masonry-item-with-image av-grid-img' title=\"\"  itemprop=\"thumbnailUrl\" ><div class='av-inner-masonry-sizer'><\/div><figure class='av-inner-masonry main_color'><div class=\"av-masonry-outerimage-container\"><div class=\"av-masonry-image-container\" style=\"background-image: url(https:\/\/casa.oaxaca.gob.mx\/wp-content\/uploads\/2018\/09\/IMG_2059-705x471.jpg);\"><img decoding=\"async\" src=\"https:\/\/casa.oaxaca.gob.mx\/wp-content\/uploads\/2018\/09\/IMG_2059-705x471.jpg\" title=\"IMG_2059\" alt=\"\" \/><\/div><\/div><\/figure><\/a><!--end av-masonry entry--><a href=\"https:\/\/casa.oaxaca.gob.mx\/wp-content\/uploads\/2018\/09\/IMG_2848.jpg\" id='av-masonry-1-item-5149' data-av-masonry-item='5149' class='av-masonry-entry isotope-item post-5149 attachment type-attachment status-inherit hentry  av-masonry-item-with-image av-grid-img' title=\"\"  itemprop=\"thumbnailUrl\" ><div class='av-inner-masonry-sizer'><\/div><figure class='av-inner-masonry main_color'><div class=\"av-masonry-outerimage-container\"><div class=\"av-masonry-image-container\" style=\"background-image: url(https:\/\/casa.oaxaca.gob.mx\/wp-content\/uploads\/2018\/09\/IMG_2848-705x471.jpg);\"><img decoding=\"async\" src=\"https:\/\/casa.oaxaca.gob.mx\/wp-content\/uploads\/2018\/09\/IMG_2848-705x471.jpg\" title=\"IMG_2848\" alt=\"\" \/><\/div><\/div><\/figure><\/a><!--end av-masonry entry--><a href=\"https:\/\/casa.oaxaca.gob.mx\/wp-content\/uploads\/2018\/09\/IMG_1997.jpg\" id='av-masonry-1-item-5150' data-av-masonry-item='5150' class='av-masonry-entry isotope-item post-5150 attachment type-attachment status-inherit hentry  av-masonry-item-with-image av-grid-img' title=\"\"  itemprop=\"thumbnailUrl\" ><div class='av-inner-masonry-sizer'><\/div><figure class='av-inner-masonry main_color'><div class=\"av-masonry-outerimage-container\"><div class=\"av-masonry-image-container\" style=\"background-image: url(https:\/\/casa.oaxaca.gob.mx\/wp-content\/uploads\/2018\/09\/IMG_1997-705x471.jpg);\"><img decoding=\"async\" src=\"https:\/\/casa.oaxaca.gob.mx\/wp-content\/uploads\/2018\/09\/IMG_1997-705x471.jpg\" title=\"IMG_1997\" alt=\"\" \/><\/div><\/div><\/figure><\/a><!--end av-masonry entry--><a href=\"https:\/\/casa.oaxaca.gob.mx\/wp-content\/uploads\/2018\/09\/IMG_2075.jpg\" id='av-masonry-1-item-5151' data-av-masonry-item='5151' class='av-masonry-entry isotope-item post-5151 attachment type-attachment status-inherit hentry  av-masonry-item-with-image av-grid-img' title=\"\"  itemprop=\"thumbnailUrl\" ><div class='av-inner-masonry-sizer'><\/div><figure class='av-inner-masonry main_color'><div class=\"av-masonry-outerimage-container\"><div class=\"av-masonry-image-container\" style=\"background-image: url(https:\/\/casa.oaxaca.gob.mx\/wp-content\/uploads\/2018\/09\/IMG_2075-705x471.jpg);\"><img decoding=\"async\" src=\"https:\/\/casa.oaxaca.gob.mx\/wp-content\/uploads\/2018\/09\/IMG_2075-705x471.jpg\" title=\"IMG_2075\" alt=\"\" \/><\/div><\/div><\/figure><\/a><!--end av-masonry entry--><a href=\"https:\/\/casa.oaxaca.gob.mx\/wp-content\/uploads\/2018\/09\/IMG_1658.jpg\" id='av-masonry-1-item-5152' data-av-masonry-item='5152' class='av-masonry-entry isotope-item post-5152 attachment type-attachment status-inherit hentry  av-masonry-item-with-image av-grid-img' title=\"\"  itemprop=\"thumbnailUrl\" ><div class='av-inner-masonry-sizer'><\/div><figure class='av-inner-masonry main_color'><div class=\"av-masonry-outerimage-container\"><div class=\"av-masonry-image-container\" style=\"background-image: url(https:\/\/casa.oaxaca.gob.mx\/wp-content\/uploads\/2018\/09\/IMG_1658-705x471.jpg);\"><img decoding=\"async\" src=\"https:\/\/casa.oaxaca.gob.mx\/wp-content\/uploads\/2018\/09\/IMG_1658-705x471.jpg\" title=\"IMG_1658\" alt=\"\" \/><\/div><\/div><\/figure><\/a><!--end av-masonry entry--><\/div><\/div><\/p><\/div>\n","protected":false},"excerpt":{"rendered":"","protected":false},"author":1,"featured_media":5242,"comment_status":"open","ping_status":"open","sticky":false,"template":"","format":"standard","meta":{"_exactmetrics_skip_tracking":false,"_exactmetrics_sitenote_active":false,"_exactmetrics_sitenote_note":"","_exactmetrics_sitenote_category":0,"footnotes":""},"categories":[97],"tags":[],"class_list":["post-5111","post","type-post","status-publish","format-standard","has-post-thumbnail","hentry","category-eventos-cerrados-2018"],"_links":{"self":[{"href":"https:\/\/casa.oaxaca.gob.mx\/index.php?rest_route=\/wp\/v2\/posts\/5111","targetHints":{"allow":["GET"]}}],"collection":[{"href":"https:\/\/casa.oaxaca.gob.mx\/index.php?rest_route=\/wp\/v2\/posts"}],"about":[{"href":"https:\/\/casa.oaxaca.gob.mx\/index.php?rest_route=\/wp\/v2\/types\/post"}],"author":[{"embeddable":true,"href":"https:\/\/casa.oaxaca.gob.mx\/index.php?rest_route=\/wp\/v2\/users\/1"}],"replies":[{"embeddable":true,"href":"https:\/\/casa.oaxaca.gob.mx\/index.php?rest_route=%2Fwp%2Fv2%2Fcomments&post=5111"}],"version-history":[{"count":3,"href":"https:\/\/casa.oaxaca.gob.mx\/index.php?rest_route=\/wp\/v2\/posts\/5111\/revisions"}],"predecessor-version":[{"id":5241,"href":"https:\/\/casa.oaxaca.gob.mx\/index.php?rest_route=\/wp\/v2\/posts\/5111\/revisions\/5241"}],"wp:featuredmedia":[{"embeddable":true,"href":"https:\/\/casa.oaxaca.gob.mx\/index.php?rest_route=\/wp\/v2\/media\/5242"}],"wp:attachment":[{"href":"https:\/\/casa.oaxaca.gob.mx\/index.php?rest_route=%2Fwp%2Fv2%2Fmedia&parent=5111"}],"wp:term":[{"taxonomy":"category","embeddable":true,"href":"https:\/\/casa.oaxaca.gob.mx\/index.php?rest_route=%2Fwp%2Fv2%2Fcategories&post=5111"},{"taxonomy":"post_tag","embeddable":true,"href":"https:\/\/casa.oaxaca.gob.mx\/index.php?rest_route=%2Fwp%2Fv2%2Ftags&post=5111"}],"curies":[{"name":"wp","href":"https:\/\/api.w.org\/{rel}","templated":true}]}}