{"id":5326,"date":"2018-10-15T17:26:28","date_gmt":"2018-10-15T22:26:28","guid":{"rendered":"https:\/\/casa.oaxaca.gob.mx\/?p=5326"},"modified":"2019-04-05T17:12:48","modified_gmt":"2019-04-05T23:12:48","slug":"taller-formacion-de-impresores-en-fotografia-digital-2","status":"publish","type":"post","link":"https:\/\/casa.oaxaca.gob.mx\/?p=5326","title":{"rendered":"Taller: Formaci\u00f3n de impresores en fotograf\u00eda digital"},"content":{"rendered":"<\/div><\/div><\/div><!-- close content main div --><\/div><\/div><div id='av_section_1' class='avia-section main_color avia-section-no-padding avia-no-border-styling avia-full-stretch av-parallax-section avia-bg-style-parallax  av-minimum-height av-minimum-height-75 container_wrap fullsize'  data-section-bg-repeat='stretch' ><div class='av-parallax' data-avia-parallax-ratio='0.3' ><div class='av-parallax-inner main_color  avia-full-stretch' style = 'background-repeat: no-repeat; background-image: url(https:\/\/casa.oaxaca.gob.mx\/wp-content\/uploads\/2018\/10\/Imagen-1.jpg); background-attachment: scroll; background-position: bottom center; ' ><\/div><\/div><div class='container' ><div class='template-page content  av-content-full alpha units'><div class='post-entry post-entry-type-page post-entry-5326'><div class='entry-content-wrapper clearfix'>\n<div style='padding-bottom:10px;color:#ffffff;font-size:50px;' class='av-special-heading av-special-heading-h3 custom-color-heading blockquote modern-quote  av-inherit-size'><h3 class='av-special-heading-tag'  itemprop=\"headline\"  >Lorena Alcaraz, Gabriel Figueroa y Javier Hinojos<\/h3><div class ='av-subheading av-subheading_below av_custom_color' style='font-size:25px;'><p>Taller: Formaci\u00f3n de impresores en fotograf\u00eda digital<\/p>\n<\/div><div class='special-heading-border'><div class='special-heading-inner-border' style='border-color:#ffffff'><\/div><\/div><\/div>\n<\/div><\/div><\/div><!-- close content main div --><\/div><\/div><div id='av-layout-grid-1' class='av-layout-grid-container entry-content-wrapper main_color av-flex-cells  container_wrap fullsize'   >\n<div class=\"flex_cell no_margin av_one_full   \" style='vertical-align:top; padding:30px; background-color:#ED9600; '><div class='flex_cell_inner' ><p><div class='flex_column_table av-equal-height-column-flextable' ><div class=\"flex_column av_one_fourth  flex_column_table_cell av-equal-height-column av-align-top av-zero-column-padding first  \" style='border-radius:0px; '><div style='padding-bottom:10px;color:#ffffff;' class='av-special-heading av-special-heading-h3 custom-color-heading blockquote modern-quote '><h3 class='av-special-heading-tag'  itemprop=\"headline\"  >Cierre de inscipciones<\/h3><div class ='av-subheading av-subheading_below av_custom_color' style='font-size:20px;'><p>domingo 18 de noviembre de 2018<\/p>\n<\/div><div class='special-heading-border'><div class='special-heading-inner-border' style='border-color:#ffffff'><\/div><\/div><\/div><\/div><div class='av-flex-placeholder'><\/div><div class=\"flex_column av_one_fourth  flex_column_table_cell av-equal-height-column av-align-top av-zero-column-padding   \" style='border-radius:0px; '><div style='padding-bottom:10px;color:#ffffff;' class='av-special-heading av-special-heading-h3 custom-color-heading blockquote modern-quote '><h3 class='av-special-heading-tag'  itemprop=\"headline\"  >Fechas<\/h3><div class ='av-subheading av-subheading_below av_custom_color' style='font-size:20px;'><p>Jueves a s\u00e1bado<br \/>\nPrimer m\u00f3dulo del 6 al 8 de diciembre de 2018 &#8211; Lorena Alcaraz y Javier Hinojosa<br \/>\nSegundo m\u00f3dulo del 10 al 12 de enero de 2019 &#8211; Javier Hinojosa y Gariel Figueroa<br \/>\nTercer m\u00f3dulo del 7 al 9 de febrero de 2019 &#8211; Gabriel Figueroa, Lorena Alcaraz, Javier Hinojosa.<\/p>\n<\/div><div class='special-heading-border'><div class='special-heading-inner-border' style='border-color:#ffffff'><\/div><\/div><\/div><\/div><div class='av-flex-placeholder'><\/div><div class=\"flex_column av_one_fourth  flex_column_table_cell av-equal-height-column av-align-top av-zero-column-padding   \" style='border-radius:0px; '><div style='padding-bottom:10px;color:#ffffff;' class='av-special-heading av-special-heading-h3 custom-color-heading blockquote modern-quote '><h3 class='av-special-heading-tag'  itemprop=\"headline\"  >Horario<\/h3><div class ='av-subheading av-subheading_below av_custom_color' style='font-size:20px;'><p>De 10:00 a 14:00 y de 16:00 a 18:00 hrs<br \/>\nCentro de las Artes de San Agust\u00edn<\/p>\n<\/div><div class='special-heading-border'><div class='special-heading-inner-border' style='border-color:#ffffff'><\/div><\/div><\/div><\/div><div class='av-flex-placeholder'><\/div><div class=\"flex_column av_one_fourth  flex_column_table_cell av-equal-height-column av-align-top av-zero-column-padding   \" style='border-radius:0px; '><div class='avia-button-wrap avia-button-center '><a href='https:\/\/goo.gl\/forms\/Bx62ShvUkxYs02rE3' class='avia-button avia-button-fullwidth  avia-icon_select-no avia-color-custom '  target=\"_blank\"  style='color:#020202; background-color:#ffffff;  ' ><span class='avia_iconbox_title' >Inscr\u00edbete<\/span><span class='avia_button_background avia-button avia-button-fullwidth avia-color-custom' style='background-color:#1efff7; '><\/span><\/a><\/div><\/div><\/div><!--close column table wrapper. Autoclose:  --><\/p>\n<\/div><\/div><\/div><div class=\"flex_column av_two_fifth  flex_column_div av-zero-column-padding first  \" style='border-radius:0px; '><p><div class='av-social-sharing-box '><div class='av-share-box'><h5 class='av-share-link-description'>Compartir esta actividad<\/h5><ul class='av-share-box-list noLightbox'><li class='av-share-link av-social-link-facebook' ><a target='_blank' href='http:\/\/www.facebook.com\/sharer.php?u=https:\/\/casa.oaxaca.gob.mx\/?p=5326&amp;t=Taller%3A%20Formaci%C3%B3n%20de%20impresores%20en%20fotograf%C3%ADa%20digital' aria-hidden='true' data-av_icon='\ue8f3' data-av_iconfont='entypo-fontello' title='' data-avia-related-tooltip='Share on Facebook'><span class='avia_hidden_link_text'>Share on Facebook<\/span><\/a><\/li><li class='av-share-link av-social-link-twitter' ><a target='_blank' href='https:\/\/twitter.com\/share?text=Taller%3A%20Formaci%C3%B3n%20de%20impresores%20en%20fotograf%C3%ADa%20digital&url=https:\/\/casa.oaxaca.gob.mx\/?p=5326' aria-hidden='true' data-av_icon='\ue8f1' data-av_iconfont='entypo-fontello' title='' data-avia-related-tooltip='Share on Twitter'><span class='avia_hidden_link_text'>Share on Twitter<\/span><\/a><\/li><li class='av-share-link av-social-link-gplus' ><a target='_blank' href='https:\/\/plus.google.com\/share?url=https:\/\/casa.oaxaca.gob.mx\/?p=5326' aria-hidden='true' data-av_icon='\ue8f6' data-av_iconfont='entypo-fontello' title='' data-avia-related-tooltip='Share on Google+'><span class='avia_hidden_link_text'>Share on Google+<\/span><\/a><\/li><li class='av-share-link av-social-link-pinterest' ><a target='_blank' href='http:\/\/pinterest.com\/pin\/create\/button\/?url=https%3A%2F%2Fcasa.oaxaca.gob.mx%2F%3Fp%3D5326&amp;description=Taller%3A%20Formaci%C3%B3n%20de%20impresores%20en%20fotograf%C3%ADa%20digital&amp;media=https%3A%2F%2Fcasa.oaxaca.gob.mx%2Fwp-content%2Fuploads%2F2017%2F11%2F11111.jpg' aria-hidden='true' data-av_icon='\ue8f8' data-av_iconfont='entypo-fontello' title='' data-avia-related-tooltip='Share on Pinterest'><span class='avia_hidden_link_text'>Share on Pinterest<\/span><\/a><\/li><li class='av-share-link av-social-link-mail' ><a  href='mailto:?subject=Taller%3A%20Formaci%C3%B3n%20de%20impresores%20en%20fotograf%C3%ADa%20digital&amp;body=https:\/\/casa.oaxaca.gob.mx\/?p=5326' aria-hidden='true' data-av_icon='\ue805' data-av_iconfont='entypo-fontello' title='' data-avia-related-tooltip='Share by Mail'><span class='avia_hidden_link_text'>Share by Mail<\/span><\/a><\/li><\/ul><\/div><\/div><br \/>\n<div  class='hr hr-default '><span class='hr-inner ' ><span class='hr-inner-style'><\/span><\/span><\/div><br \/>\n<div style='padding-bottom:10px;font-size:30px;' class='av-special-heading av-special-heading-h3  blockquote modern-quote   av-inherit-size'><h3 class='av-special-heading-tag'  itemprop=\"headline\"  >Sobre el tallerista<\/h3><div class='special-heading-border'><div class='special-heading-inner-border' ><\/div><\/div><\/div><br \/>\n<section class=\"av_textblock_section\"  itemscope=\"itemscope\" itemtype=\"https:\/\/schema.org\/BlogPosting\" itemprop=\"blogPost\" ><div class='avia_textblock '   itemprop=\"text\" ><p><strong class=\"s1\"><img loading=\"lazy\" decoding=\"async\" class=\"alignnone size-full wp-image-5329\" src=\"https:\/\/casa.oaxaca.gob.mx\/wp-content\/uploads\/2018\/10\/images.jpg\" alt=\"\" width=\"300\" height=\"168\" \/><\/strong><\/p>\n<p><strong>LORENA ALCARAZ<\/strong><\/p>\n<p>Estudi\u00f3 la Licenciatura en Ciencias de la Comunicaci\u00f3n y la Maestr\u00eda en Filosof\u00eda de la Cultura.\u00a0 Obtuvo menci\u00f3n honor\u00edfica en la 7a bienal de fotograf\u00eda con su trabajo de foto construida sobre la analog\u00eda entre la mujer y la tierra. Desde 1993 realiza la memoria fotogr\u00e1fica para el acervo del Palacio de Bellas Artes. Impresora de la obra de Graciela Iturbide desde 1996.<\/p>\n<p><strong>GABRIEL FIGUEROA FLORES<\/strong><\/p>\n<p>Fot\u00f3grafo, Licenciado en Artes Visuales egresado de La Universidad de Westminster Inglaterra, su obra ha sido exhibida en galer\u00edas mexicanas y del extranjero. Autor de varios libros, impresor y cineasta. Ha dado conferencias, cursos y talleres sobre fotograf\u00eda e impresi\u00f3n a lo largo de su carrera. Su \u00faltimo proyecto se titula Leunar, 3 d\u00edas de viaje 30 a\u00f1os de trabajo, un libro de autor que contiene una recopilaci\u00f3n fotogr\u00e1fica de 30 a\u00f1os de viajes al desierto de San Luis Potos\u00ed. Es miembro del Sistema Nacional de Creadores desde 1999.<\/p>\n<p><strong>JAVIER HINOJOSA<\/strong><\/p>\n<p>Realiz\u00f3 estudios en el CUEC\u00a0 UNAM,\u00a0 y se titul\u00f3 como Licenciado en Ense\u00f1anza Art\u00edstica en Artes Pl\u00e1sticas por el INBA. Ha impartido cursos, diplomados y talleres en distintas universidades y centros culturales del pa\u00eds y el extranjero. Sus im\u00e1genes han ilustrado m\u00e1s de 200 publicaciones sobre el arte, cultura y naturaleza mexicana y ha participado en m\u00e1s de 100 exposiciones colectivas y m\u00e1s de 40 individuales en M\u00e9xico y el mundo. Ha publicado seis libros y obtenido m\u00faltiples distinciones, desde 2001 es miembro del Sistema Nacional de Creadores de Arte.<\/p>\n<\/div><\/section><\/p><\/div><div class=\"flex_column av_three_fifth  flex_column_div av-zero-column-padding   \" style='border-radius:0px; '><p><div style='padding-bottom:10px;font-size:30px;' class='av-special-heading av-special-heading-h3  blockquote modern-quote   av-inherit-size'><h3 class='av-special-heading-tag'  itemprop=\"headline\"  >Acerca del taller<\/h3><div class='special-heading-border'><div class='special-heading-inner-border' ><\/div><\/div><\/div><br \/>\n<section class=\"av_textblock_section\"  itemscope=\"itemscope\" itemtype=\"https:\/\/schema.org\/BlogPosting\" itemprop=\"blogPost\" ><div class='avia_textblock '   itemprop=\"text\" ><p>A trav\u00e9s de diferentes sesiones de impresi\u00f3n el alumno podr\u00e1 conocer diversos papeles y calidades de impresi\u00f3n que ser\u00e1n una base t\u00e9cnica fundamental para su futura labor de impresor. Al mismo tiempo la tarea de reflexionar sobre el objeto fotogr\u00e1fico podr\u00e1 detonar en el alumno un inter\u00e9s por profundizar en la edici\u00f3n de su propio trabajo (si es autor de las im\u00e1genes) o de aportar a otro autor (si es impresor).<\/p>\n<\/div><\/section><br \/>\n<div class='avia-data-table-wrap avia_responsive_table'><table class='avia-table avia-data-table avia-table-1  avia_pricing_default'  itemscope=\"itemscope\" itemtype=\"https:\/\/schema.org\/Table\" ><tbody><tr class='avia-heading-row'><th class=''>Temas a tratar:<\/th><\/tr><tr class=''><td class=''>M\u00f3dulo I: Antecedentes \/ digital y an\u00e1logo.<br \/>\n\u2022 Historia de los procesos de impresi\u00f3n<br \/>\n\u2022 Interpretaci\u00f3n<br \/>\n\u2022 Ejercicio de impresi\u00f3n sobre plata gelatina<br \/>\n\u2022 Sesi\u00f3n de impresi\u00f3n<br \/>\n\u2022 El negativo digital<\/p>\n<p>M\u00f3dulo II: Manejo de archivos digitales \/ sesiones de impresi\u00f3n digital.<br \/>\n\u2022 Caracter\u00edsticas del archivo digital<br \/>\n\u2022 Ajustes<br \/>\n\u2022 Manejo de color<br \/>\n\u2022 Pefiles<br \/>\n\u2022 Par\u00e1metros<br \/>\n\u2022 Sesi\u00f3n de impresi\u00f3n<br \/>\n\u2022 Papeles diversos<\/p>\n<p>M\u00f3dulo III: Sesiones de impresi\u00f3n digital\/ edici\u00f3n<br \/>\n\u2022 Interpretaci\u00f3n<br \/>\n\u2022 Tipos de papel<br \/>\n\u2022 Edici\u00f3n<br \/>\n\u2022 Interpretaci\u00f3n<br \/>\n\u2022 Montaje<br \/>\n\u2022 Conservaci\u00f3n<br \/>\n<\/td><\/tr><tr class=''><td class=''>Objetivos:<br \/>\n1)Detonar la discusi\u00f3n sobre la objetualizad de la imagen.<br \/>\n2)Dar a los alumnos las suficientes herramientas t\u00e9cnicas para producir una impresi\u00f3n digital de calidad.<br \/>\n3)Reflexionar sobre la importancia de la interpretaci\u00f3n y de la edici\u00f3n.<\/p>\n<p>El taller no tiene costo, pero el alumno deber\u00e1 cubrir costos de papel y tinta utilizados durante el taller.<\/p>\n<p>Deben contar con su propia computadora con photo shop o\/ light room.<br \/>\n<\/td><\/tr><tr class=''><td class=''><\/td><\/tr><\/tbody><\/table><\/div><style type='text\/css'>.avia-table-1 td:nth-of-type(1):before { content: 'Temas a tratar:'; } <\/style><br \/>\n<div style='height:20px' class='hr hr-invisible '><span class='hr-inner ' ><span class='hr-inner-style'><\/span><\/span><\/div><br \/>\n<div style='padding-bottom:10px;font-size:30px;' class='av-special-heading av-special-heading-h3  blockquote modern-quote   av-inherit-size'><h3 class='av-special-heading-tag'  itemprop=\"headline\"  >Requisitos de inscripci\u00f3n<\/h3><div class='special-heading-border'><div class='special-heading-inner-border' ><\/div><\/div><\/div><br \/>\n<div class='avia-data-table-wrap avia_responsive_table'><table class='avia-table avia-data-table avia-table-2  avia_pricing_default'  itemscope=\"itemscope\" itemtype=\"https:\/\/schema.org\/Table\" ><tbody><tr class=''><td class=''>1<br \/>\nDirigido a fot\u00f3grafos o impresores con conocimientos avanzados en fotograf\u00eda digital.<br \/>\n<\/td><\/tr><tr class=''><td class=''>2<br \/>\nLos interesados deber\u00e1n llenar el formulario que se encuentra en esta p\u00e1gina.<br \/>\nPara poder ser considerado como candidato a participar en el taller el interesado deber\u00e1 presentar:<br \/>\n-Carta de motivos en la cual explique c\u00f3mo le ayudar\u00eda en su proceso creativo<br \/>\n-Carta compromiso<br \/>\n-Semblanza de una cuartilla<br \/>\n&#8211; Portafolio de 10 fotograf\u00edas para evaluar su trabajo.<\/p>\n<p>Todos estos documentos deber\u00e1n estar integrados en un \u00fanico archivo PDF que lleve como asunto el nombre del taller y participante (ejemplo: Formaci\u00f3n de impresores en fotograf\u00eda digital _ Jos\u00e9 Ruiz) y lo env\u00edan a los correos<br \/>\ninscribetecasa@gmail.com con copia a formacionartistica.casa@gmail.com<\/p>\n<p>Los participantes seleccionados deber\u00e1n comprometerse a tomar el taller completo ya que una inasistencia injustificada ser\u00e1 motivo de suspensi\u00f3n y no podr\u00e1 ingresar a talleres o diplomados futuros.<br \/>\n<\/td><\/tr><tr class=''><td class=''>3<br \/>\nRevisa en esta misma p\u00e1gina si formar\u00e1s parte de los participantes.<\/td><\/tr><\/tbody><\/table><\/div><style type='text\/css'><\/style><br \/>\n<div id='av-masonry-1' class='av-masonry noHover av-fixed-size av-large-gap av-hover-overlay-active av-masonry-col-3 av-caption-always av-caption-style- av-masonry-gallery  '  ><div class='av-masonry-container isotope av-js-disabled ' ><div class='av-masonry-entry isotope-item av-masonry-item-no-image '><\/div><a href=\"https:\/\/casa.oaxaca.gob.mx\/wp-content\/uploads\/2018\/10\/Imagen-1.jpg\" id='av-masonry-1-item-5327' data-av-masonry-item='5327' class='av-masonry-entry isotope-item post-5327 attachment type-attachment status-inherit hentry  av-masonry-item-with-image av-landscape-img' title=\"\"  itemprop=\"thumbnailUrl\" ><div class='av-inner-masonry-sizer'><\/div><figure class='av-inner-masonry main_color'><div class=\"av-masonry-outerimage-container\"><div class=\"av-masonry-image-container\" style=\"background-image: url(https:\/\/casa.oaxaca.gob.mx\/wp-content\/uploads\/2018\/10\/Imagen-1-705x333.jpg);\"><img decoding=\"async\" src=\"https:\/\/casa.oaxaca.gob.mx\/wp-content\/uploads\/2018\/10\/Imagen-1-705x333.jpg\" title=\"Imagen 1\" alt=\"\" \/><\/div><\/div><\/figure><\/a><!--end av-masonry entry--><a href=\"https:\/\/casa.oaxaca.gob.mx\/wp-content\/uploads\/2018\/10\/descarga.jpg\" id='av-masonry-1-item-5328' data-av-masonry-item='5328' class='av-masonry-entry isotope-item post-5328 attachment type-attachment status-inherit hentry  av-masonry-item-with-image av-landscape-img' title=\"\"  itemprop=\"thumbnailUrl\" ><div class='av-inner-masonry-sizer'><\/div><figure class='av-inner-masonry main_color'><div class=\"av-masonry-outerimage-container\"><div class=\"av-masonry-image-container\" style=\"background-image: url(https:\/\/casa.oaxaca.gob.mx\/wp-content\/uploads\/2018\/10\/descarga.jpg);\"><img decoding=\"async\" src=\"https:\/\/casa.oaxaca.gob.mx\/wp-content\/uploads\/2018\/10\/descarga.jpg\" title=\"descarga\" alt=\"\" \/><\/div><\/div><\/figure><\/a><!--end av-masonry entry--><a href=\"https:\/\/casa.oaxaca.gob.mx\/wp-content\/uploads\/2018\/10\/images.jpg\" id='av-masonry-1-item-5329' data-av-masonry-item='5329' class='av-masonry-entry isotope-item post-5329 attachment type-attachment status-inherit hentry  av-masonry-item-with-image av-landscape-img' title=\"\"  itemprop=\"thumbnailUrl\" ><div class='av-inner-masonry-sizer'><\/div><figure class='av-inner-masonry main_color'><div class=\"av-masonry-outerimage-container\"><div class=\"av-masonry-image-container\" style=\"background-image: url(https:\/\/casa.oaxaca.gob.mx\/wp-content\/uploads\/2018\/10\/images.jpg);\"><img decoding=\"async\" src=\"https:\/\/casa.oaxaca.gob.mx\/wp-content\/uploads\/2018\/10\/images.jpg\" title=\"images\" alt=\"\" \/><\/div><\/div><\/figure><\/a><!--end av-masonry entry--><\/div><\/div><\/p><\/div><\/p>\n","protected":false},"excerpt":{"rendered":"","protected":false},"author":1,"featured_media":3033,"comment_status":"open","ping_status":"open","sticky":false,"template":"","format":"standard","meta":{"_exactmetrics_skip_tracking":false,"_exactmetrics_sitenote_active":false,"_exactmetrics_sitenote_note":"","_exactmetrics_sitenote_category":0,"footnotes":""},"categories":[127],"tags":[],"class_list":["post-5326","post","type-post","status-publish","format-standard","has-post-thumbnail","hentry","category-eventos-cerrados-2019"],"_links":{"self":[{"href":"https:\/\/casa.oaxaca.gob.mx\/index.php?rest_route=\/wp\/v2\/posts\/5326","targetHints":{"allow":["GET"]}}],"collection":[{"href":"https:\/\/casa.oaxaca.gob.mx\/index.php?rest_route=\/wp\/v2\/posts"}],"about":[{"href":"https:\/\/casa.oaxaca.gob.mx\/index.php?rest_route=\/wp\/v2\/types\/post"}],"author":[{"embeddable":true,"href":"https:\/\/casa.oaxaca.gob.mx\/index.php?rest_route=\/wp\/v2\/users\/1"}],"replies":[{"embeddable":true,"href":"https:\/\/casa.oaxaca.gob.mx\/index.php?rest_route=%2Fwp%2Fv2%2Fcomments&post=5326"}],"version-history":[{"count":1,"href":"https:\/\/casa.oaxaca.gob.mx\/index.php?rest_route=\/wp\/v2\/posts\/5326\/revisions"}],"predecessor-version":[{"id":5331,"href":"https:\/\/casa.oaxaca.gob.mx\/index.php?rest_route=\/wp\/v2\/posts\/5326\/revisions\/5331"}],"wp:featuredmedia":[{"embeddable":true,"href":"https:\/\/casa.oaxaca.gob.mx\/index.php?rest_route=\/wp\/v2\/media\/3033"}],"wp:attachment":[{"href":"https:\/\/casa.oaxaca.gob.mx\/index.php?rest_route=%2Fwp%2Fv2%2Fmedia&parent=5326"}],"wp:term":[{"taxonomy":"category","embeddable":true,"href":"https:\/\/casa.oaxaca.gob.mx\/index.php?rest_route=%2Fwp%2Fv2%2Fcategories&post=5326"},{"taxonomy":"post_tag","embeddable":true,"href":"https:\/\/casa.oaxaca.gob.mx\/index.php?rest_route=%2Fwp%2Fv2%2Ftags&post=5326"}],"curies":[{"name":"wp","href":"https:\/\/api.w.org\/{rel}","templated":true}]}}