{"id":5448,"date":"2018-11-13T17:45:33","date_gmt":"2018-11-13T23:45:33","guid":{"rendered":"https:\/\/casa.oaxaca.gob.mx\/?p=5448"},"modified":"2019-02-05T11:17:21","modified_gmt":"2019-02-05T17:17:21","slug":"el-arte-grafico-contemporaneo-en-oaxaca","status":"publish","type":"post","link":"https:\/\/casa.oaxaca.gob.mx\/?p=5448","title":{"rendered":"El Arte Gr\u00e1fico Contempor\u00e1neo en Oaxaca."},"content":{"rendered":"<\/div><\/div><\/div><!-- close content main div --><\/div><\/div><div id='av_section_1' class='avia-section main_color avia-section-no-padding avia-no-border-styling avia-full-stretch av-parallax-section avia-bg-style-parallax  av-minimum-height av-minimum-height-75 container_wrap fullsize'  data-section-bg-repeat='stretch' ><div class='av-parallax' data-avia-parallax-ratio='0.3' ><div class='av-parallax-inner main_color  avia-full-stretch' style = 'background-repeat: no-repeat; background-image: url(https:\/\/casa.oaxaca.gob.mx\/wp-content\/uploads\/2018\/11\/Sin-ti\u0301tulo-1.jpg); background-attachment: scroll; background-position: bottom center; ' ><\/div><\/div><div class='container' ><div class='template-page content  av-content-full alpha units'><div class='post-entry post-entry-type-page post-entry-5448'><div class='entry-content-wrapper clearfix'>\n<div style='padding-bottom:10px;color:#ffffff;font-size:50px;' class='av-special-heading av-special-heading-h3 custom-color-heading blockquote modern-quote  av-inherit-size'><h3 class='av-special-heading-tag'  itemprop=\"headline\"  >Exposici\u00f3n<\/h3><div class ='av-subheading av-subheading_below av_custom_color' style='font-size:25px;'><p>El Arte Gr\u00e1fico Contempor\u00e1neo en Oaxaca<\/p>\n<\/div><div class='special-heading-border'><div class='special-heading-inner-border' style='border-color:#ffffff'><\/div><\/div><\/div>\n\n<\/div><\/div><\/div><!-- close content main div --><\/div><\/div><div id='av-layout-grid-1' class='av-layout-grid-container entry-content-wrapper main_color av-flex-cells  container_wrap fullsize'   >\n<div class=\"flex_cell no_margin av_one_full   \" style='vertical-align:top; padding:30px; background-color:#006bb2; '><div class='flex_cell_inner' ><p><div class=\"flex_column av_one_fourth  flex_column_div av-zero-column-padding first  \" style='border-radius:0px; '><div style='padding-bottom:10px;color:#ffffff;' class='av-special-heading av-special-heading-h3 custom-color-heading blockquote modern-quote '><h3 class='av-special-heading-tag'  itemprop=\"headline\"  >Horario<\/h3><div class ='av-subheading av-subheading_below av_custom_color' style='font-size:20px;'><p>De 9:00 a 20:00 hrs<\/p>\n<\/div><div class='special-heading-border'><div class='special-heading-inner-border' style='border-color:#ffffff'><\/div><\/div><\/div><\/div><div class=\"flex_column av_one_fourth  flex_column_div av-zero-column-padding   \" style='border-radius:0px; '><div style='padding-bottom:10px;color:#ffffff;' class='av-special-heading av-special-heading-h3 custom-color-heading blockquote modern-quote '><h3 class='av-special-heading-tag'  itemprop=\"headline\"  >Fechas<\/h3><div class ='av-subheading av-subheading_below av_custom_color' style='font-size:20px;'><p>Lunes a domingo de<br \/>\n9:00 a 20:00 horas<br \/>\nDel 10 de noviembre al 27 de enero de 2018<\/p>\n<\/div><div class='special-heading-border'><div class='special-heading-inner-border' style='border-color:#ffffff'><\/div><\/div><\/div><\/div><div class=\"flex_column av_one_fourth  flex_column_div av-zero-column-padding   \" style='border-radius:0px; '><div style='padding-bottom:10px;color:#ffffff;' class='av-special-heading av-special-heading-h3 custom-color-heading blockquote modern-quote '><h3 class='av-special-heading-tag'  itemprop=\"headline\"  >Inaugurado<\/h3><div class ='av-subheading av-subheading_below av_custom_color' style='font-size:20px;'><p>10 de noviembre de 2018, 17:00 horas<\/p>\n<\/div><div class='special-heading-border'><div class='special-heading-inner-border' style='border-color:#ffffff'><\/div><\/div><\/div><\/div><div class=\"flex_column av_one_fourth  flex_column_div av-zero-column-padding   \" style='border-radius:0px; '><\/div><\/p>\n<\/div><\/div>\n<\/div>\n<div class=\"flex_column av_one_full  flex_column_div av-zero-column-padding first  \" style='border-radius:0px; '><p><div style='padding-bottom:10px;font-size:30px;' class='av-special-heading av-special-heading-h3  blockquote modern-quote   av-inherit-size'><h3 class='av-special-heading-tag'  itemprop=\"headline\"  >Acerca de la exposici\u00f3n<\/h3><div class='special-heading-border'><div class='special-heading-inner-border' ><\/div><\/div><\/div><br \/>\n<section class=\"av_textblock_section\"  itemscope=\"itemscope\" itemtype=\"https:\/\/schema.org\/BlogPosting\" itemprop=\"blogPost\" ><div class='avia_textblock '   itemprop=\"text\" ><p>En Oaxaca, el arte gr\u00e1fico es un fen\u00f3meno art\u00edstico \u00fanico que no tiene comparaci\u00f3n con ning\u00fan otro lugar en el mundo. La explosi\u00f3n de obra grafica aqu\u00ed es notable, y atrae la atenci\u00f3n de mexicanos y extranjeros por igual En esta hermosa ciudad hist\u00f3rica, una comunidad de artistas, en r\u00e1pido crecimiento, trabaja e intercambia ideas en un ambiente de intensa creatividad. Se puede comparar la situaci\u00f3n de Oaxaca con otros tiempos y lugares Par\u00eds en la d\u00e9cada de 1880, Ciudad de M\u00e9xico en la d\u00e9cada de 1920 y 1930, o Nueva York en la d\u00e9cada de 1940, cuando los artistas se reun\u00edan con prop\u00f3sitos y valores compartidos para cambiar la historia del arte.<\/p>\n<p>El Instituto de Artes Gr\u00e1ficas de Oaxaca (IAGO), fundado hace treinta a\u00f1os por el maestro Francisco Toledo, es un factor significativo en el crecimiento de la gr\u00e1fica en Oaxaca. Creada en el marco de los treinta a\u00f1os de IAGO, la exposici\u00f3n El arte gr\u00e1fico contempor\u00e1neo en Oaxaca presenta obras de m\u00e1s de cien artistas y brinda un panorama general de lo que sucede en el mundo de la gr\u00e1fica en Oaxaca, desde los \u00faltimos treinta a\u00f1os hasta nuestros d\u00edas.<\/p>\n<p>La exposici\u00f3n busca extender la idea de lo que significa el arte gr\u00e1fico, m\u00e1s all\u00e1 del concepto habitual que se tiene de obras en papel enmarcadas y colgadas en la pared. Los trabajos de esta exposici\u00f3n, ingeniosos y de gran calidad, adoptan muchas formas: desde impresiones en blanco y negro, hasta piezas coloridas de gran formato, enormes instalaciones y objetos \u00a0tridimensionales, trabajos experimentales posmodernos y abstractos, hasta paisajes realistas e im\u00e1genes pol\u00edticas de denuncia.<\/p>\n<p>Los artistas que participan en la exposici\u00f3n viven y trabajan en Oaxaca, aunque algunos provienen de distintas partes de M\u00e9xico as\u00ed como de otros pa\u00edses. Creados con un alto nivel de virtuosismo t\u00e9cnico, estos grabados sobre madera y metal, litograf\u00edas, est\u00e9nciles, carteles y dem\u00e1s obras gr\u00e1ficas expresan identidades culturales oaxaque\u00f1as, que refuerzan un sentido de comunidad, amor por el lugar y respeto por las tradiciones de la regi\u00f3n, mientras experimentan con la forma y el formato, e incorporan tem\u00e1ticas locales dentro de un contexto global contempor\u00e1neo.<\/p>\n<p>Deborah Caplow<\/p>\n<p>Agradezco a las Instituciones y personas que han hecho posible esta exhibici\u00f3n:<\/p>\n<p>El Centro de las Artes San Agust\u00edn (CaSa), el Instituto de Artes Gr\u00e1ficas de Oaxaca GAGO), el Maestro Francisco Toledo, por la invitaci\u00f3n para organizar la exposici\u00f3n, Daniel Brena, C\u00e9sar Espinoza, Gerardo Mart\u00ednez, Sara L\u00f3pez, Trine Ellitsgaard, Yoshi Nakagawa, Marietta Bernstorffy Guillermo Olgu\u00edn, a los artistas que han contribuido con sus obras y un agradecimiento especial a quienes hicieron un esfuerzo especial para venir al CaSa a instalar su obra: los colectivos UTARTE, La Piztola, ASARO, Jaguar Print, as\u00ed como a Abraham Torres y Octavio Aguilar.<\/p>\n<p>Muchas gracias tambi\u00e9n a las siguientes personas que han prestado generosamente obras de sus colecciones: Nancy Mayagoitia, Fernando Sandoval, Daniel Flores, Enrique Flores, Francisco Lim\u00f3n Gabriel Mendoza, Abraham Torres, Sandra Pacheco y H\u00e9ctor Audiffred.<\/p>\n<p><img loading=\"lazy\" decoding=\"async\" class=\"alignnone size-full wp-image-5449\" src=\"https:\/\/casa.oaxaca.gob.mx\/wp-content\/uploads\/2018\/11\/45600086_2237706589597037_575499654586695680_o.jpg\" alt=\"\" width=\"1365\" height=\"2048\" srcset=\"https:\/\/casa.oaxaca.gob.mx\/wp-content\/uploads\/2018\/11\/45600086_2237706589597037_575499654586695680_o.jpg 1365w, https:\/\/casa.oaxaca.gob.mx\/wp-content\/uploads\/2018\/11\/45600086_2237706589597037_575499654586695680_o-200x300.jpg 200w, https:\/\/casa.oaxaca.gob.mx\/wp-content\/uploads\/2018\/11\/45600086_2237706589597037_575499654586695680_o-768x1152.jpg 768w, https:\/\/casa.oaxaca.gob.mx\/wp-content\/uploads\/2018\/11\/45600086_2237706589597037_575499654586695680_o-1333x2000.jpg 1333w, https:\/\/casa.oaxaca.gob.mx\/wp-content\/uploads\/2018\/11\/45600086_2237706589597037_575499654586695680_o-1000x1500.jpg 1000w, https:\/\/casa.oaxaca.gob.mx\/wp-content\/uploads\/2018\/11\/45600086_2237706589597037_575499654586695680_o-470x705.jpg 470w, https:\/\/casa.oaxaca.gob.mx\/wp-content\/uploads\/2018\/11\/45600086_2237706589597037_575499654586695680_o-450x675.jpg 450w\" sizes=\"auto, (max-width: 1365px) 100vw, 1365px\" \/><\/p>\n<\/div><\/section><br \/>\n<div style='height:20px' class='hr hr-invisible '><span class='hr-inner ' ><span class='hr-inner-style'><\/span><\/span><\/div><\/p><\/div>\n","protected":false},"excerpt":{"rendered":"","protected":false},"author":1,"featured_media":5449,"comment_status":"open","ping_status":"open","sticky":false,"template":"","format":"standard","meta":{"_exactmetrics_skip_tracking":false,"_exactmetrics_sitenote_active":false,"_exactmetrics_sitenote_note":"","_exactmetrics_sitenote_category":0,"footnotes":""},"categories":[113],"tags":[],"class_list":["post-5448","post","type-post","status-publish","format-standard","has-post-thumbnail","hentry","category-esposiciones-pasadas"],"_links":{"self":[{"href":"https:\/\/casa.oaxaca.gob.mx\/index.php?rest_route=\/wp\/v2\/posts\/5448","targetHints":{"allow":["GET"]}}],"collection":[{"href":"https:\/\/casa.oaxaca.gob.mx\/index.php?rest_route=\/wp\/v2\/posts"}],"about":[{"href":"https:\/\/casa.oaxaca.gob.mx\/index.php?rest_route=\/wp\/v2\/types\/post"}],"author":[{"embeddable":true,"href":"https:\/\/casa.oaxaca.gob.mx\/index.php?rest_route=\/wp\/v2\/users\/1"}],"replies":[{"embeddable":true,"href":"https:\/\/casa.oaxaca.gob.mx\/index.php?rest_route=%2Fwp%2Fv2%2Fcomments&post=5448"}],"version-history":[{"count":3,"href":"https:\/\/casa.oaxaca.gob.mx\/index.php?rest_route=\/wp\/v2\/posts\/5448\/revisions"}],"predecessor-version":[{"id":5495,"href":"https:\/\/casa.oaxaca.gob.mx\/index.php?rest_route=\/wp\/v2\/posts\/5448\/revisions\/5495"}],"wp:featuredmedia":[{"embeddable":true,"href":"https:\/\/casa.oaxaca.gob.mx\/index.php?rest_route=\/wp\/v2\/media\/5449"}],"wp:attachment":[{"href":"https:\/\/casa.oaxaca.gob.mx\/index.php?rest_route=%2Fwp%2Fv2%2Fmedia&parent=5448"}],"wp:term":[{"taxonomy":"category","embeddable":true,"href":"https:\/\/casa.oaxaca.gob.mx\/index.php?rest_route=%2Fwp%2Fv2%2Fcategories&post=5448"},{"taxonomy":"post_tag","embeddable":true,"href":"https:\/\/casa.oaxaca.gob.mx\/index.php?rest_route=%2Fwp%2Fv2%2Ftags&post=5448"}],"curies":[{"name":"wp","href":"https:\/\/api.w.org\/{rel}","templated":true}]}}