{"id":5767,"date":"2019-01-21T17:38:22","date_gmt":"2019-01-21T23:38:22","guid":{"rendered":"https:\/\/casa.oaxaca.gob.mx\/?p=5767"},"modified":"2019-05-13T10:13:08","modified_gmt":"2019-05-13T15:13:08","slug":"exposicion-oaxaca-desde-el-aire","status":"publish","type":"post","link":"https:\/\/casa.oaxaca.gob.mx\/?p=5767","title":{"rendered":"Exposici\u00f3n Oaxaca desde el aire"},"content":{"rendered":"<\/div><\/div><\/div><!-- close content main div --><\/div><\/div><div id='av_section_1' class='avia-section main_color avia-section-no-padding avia-no-border-styling avia-full-stretch av-parallax-section avia-bg-style-parallax  av-minimum-height av-minimum-height-75 container_wrap fullsize'  data-section-bg-repeat='stretch' ><div class='av-parallax' data-avia-parallax-ratio='0.3' ><div class='av-parallax-inner main_color  avia-full-stretch' style = 'background-repeat: no-repeat; background-image: url(https:\/\/casa.oaxaca.gob.mx\/wp-content\/uploads\/2019\/01\/FAO_01_000281.jpg); background-attachment: scroll; background-position: bottom center; ' ><\/div><\/div><div class='container' ><div class='template-page content  av-content-full alpha units'><div class='post-entry post-entry-type-page post-entry-5767'><div class='entry-content-wrapper clearfix'>\n<div style='padding-bottom:10px;color:#ffffff;font-size:50px;' class='av-special-heading av-special-heading-h3 custom-color-heading blockquote modern-quote  av-inherit-size'><h3 class='av-special-heading-tag'  itemprop=\"headline\"  >Exposici\u00f3n Oaxaca desde el aire<\/h3><div class ='av-subheading av-subheading_below av_custom_color' style='font-size:25px;'><p>Exposici\u00f3n Oaxaca desde el aire<\/p>\n<\/div><div class='special-heading-border'><div class='special-heading-inner-border' style='border-color:#ffffff'><\/div><\/div><\/div>\n<\/div><\/div><\/div><!-- close content main div --><\/div><\/div><div id='av-layout-grid-1' class='av-layout-grid-container entry-content-wrapper main_color av-flex-cells  container_wrap fullsize'   >\n<div class=\"flex_cell no_margin av_one_full   \" style='vertical-align:top; padding:30px; background-color:#006bb2; '><div class='flex_cell_inner' ><p><div class=\"flex_column av_one_fourth  flex_column_div av-zero-column-padding first  \" style='border-radius:0px; '><div style='padding-bottom:10px;color:#ffffff;' class='av-special-heading av-special-heading-h3 custom-color-heading blockquote modern-quote '><h3 class='av-special-heading-tag'  itemprop=\"headline\"  >Horario<\/h3><div class ='av-subheading av-subheading_below av_custom_color' style='font-size:20px;'><p>De 9:00 a 20:00 hrs<\/p>\n<\/div><div class='special-heading-border'><div class='special-heading-inner-border' style='border-color:#ffffff'><\/div><\/div><\/div><\/div><div class=\"flex_column av_one_fourth  flex_column_div av-zero-column-padding   \" style='border-radius:0px; '><div style='padding-bottom:10px;color:#ffffff;' class='av-special-heading av-special-heading-h3 custom-color-heading blockquote modern-quote '><h3 class='av-special-heading-tag'  itemprop=\"headline\"  >Fechas<\/h3><div class ='av-subheading av-subheading_below av_custom_color' style='font-size:20px;'><p>Lunes a domingo de<br \/>\n9:00 a 20:00 horas<br \/>\n17 de febrero al 31 de marzo de 2019<\/p>\n<\/div><div class='special-heading-border'><div class='special-heading-inner-border' style='border-color:#ffffff'><\/div><\/div><\/div><\/div><div class=\"flex_column av_one_fourth  flex_column_div av-zero-column-padding   \" style='border-radius:0px; '><div style='padding-bottom:10px;color:#ffffff;' class='av-special-heading av-special-heading-h3 custom-color-heading blockquote modern-quote '><h3 class='av-special-heading-tag'  itemprop=\"headline\"  >Inaugurado<\/h3><div class ='av-subheading av-subheading_below av_custom_color' style='font-size:20px;'><p>Domingo 17 de febrero 13:00 horas<\/p>\n<\/div><div class='special-heading-border'><div class='special-heading-inner-border' style='border-color:#ffffff'><\/div><\/div><\/div><\/div><div class=\"flex_column av_one_fourth  flex_column_div av-zero-column-padding   \" style='border-radius:0px; '><\/div><\/p>\n<\/div><\/div><\/div><div class=\"flex_column av_two_fifth  flex_column_div av-zero-column-padding first  \" style='border-radius:0px; '><p><div class='av-social-sharing-box '><div class='av-share-box'><h5 class='av-share-link-description'>Compartir esta actividad<\/h5><ul class='av-share-box-list noLightbox'><li class='av-share-link av-social-link-facebook' ><a target='_blank' href='http:\/\/www.facebook.com\/sharer.php?u=https:\/\/casa.oaxaca.gob.mx\/?p=5767&amp;t=Exposici%C3%B3n%20Oaxaca%20desde%20el%20aire' aria-hidden='true' data-av_icon='\ue8f3' data-av_iconfont='entypo-fontello' title='' data-avia-related-tooltip='Share on Facebook'><span class='avia_hidden_link_text'>Share on Facebook<\/span><\/a><\/li><li class='av-share-link av-social-link-twitter' ><a target='_blank' href='https:\/\/twitter.com\/share?text=Exposici%C3%B3n%20Oaxaca%20desde%20el%20aire&url=https:\/\/casa.oaxaca.gob.mx\/?p=5767' aria-hidden='true' data-av_icon='\ue8f1' data-av_iconfont='entypo-fontello' title='' data-avia-related-tooltip='Share on Twitter'><span class='avia_hidden_link_text'>Share on Twitter<\/span><\/a><\/li><li class='av-share-link av-social-link-gplus' ><a target='_blank' href='https:\/\/plus.google.com\/share?url=https:\/\/casa.oaxaca.gob.mx\/?p=5767' aria-hidden='true' data-av_icon='\ue8f6' data-av_iconfont='entypo-fontello' title='' data-avia-related-tooltip='Share on Google+'><span class='avia_hidden_link_text'>Share on Google+<\/span><\/a><\/li><li class='av-share-link av-social-link-pinterest' ><a target='_blank' href='http:\/\/pinterest.com\/pin\/create\/button\/?url=https%3A%2F%2Fcasa.oaxaca.gob.mx%2F%3Fp%3D5767&amp;description=Exposici%C3%B3n%20Oaxaca%20desde%20el%20aire&amp;media=https%3A%2F%2Fcasa.oaxaca.gob.mx%2Fwp-content%2Fuploads%2F2019%2F01%2FSin-ti%CC%81tulo-1-2.jpg' aria-hidden='true' data-av_icon='\ue8f8' data-av_iconfont='entypo-fontello' title='' data-avia-related-tooltip='Share on Pinterest'><span class='avia_hidden_link_text'>Share on Pinterest<\/span><\/a><\/li><li class='av-share-link av-social-link-mail' ><a  href='mailto:?subject=Exposici%C3%B3n%20Oaxaca%20desde%20el%20aire&amp;body=https:\/\/casa.oaxaca.gob.mx\/?p=5767' aria-hidden='true' data-av_icon='\ue805' data-av_iconfont='entypo-fontello' title='' data-avia-related-tooltip='Share by Mail'><span class='avia_hidden_link_text'>Share by Mail<\/span><\/a><\/li><\/ul><\/div><\/div><br \/>\n<div  class='hr hr-default '><span class='hr-inner ' ><span class='hr-inner-style'><\/span><\/span><\/div><br \/>\n<br \/>\n<section class=\"av_textblock_section\"  itemscope=\"itemscope\" itemtype=\"https:\/\/schema.org\/BlogPosting\" itemprop=\"blogPost\" ><div class='avia_textblock '   itemprop=\"text\" ><p><img loading=\"lazy\" decoding=\"async\" class=\"alignnone size-full wp-image-5771\" src=\"https:\/\/casa.oaxaca.gob.mx\/wp-content\/uploads\/2019\/01\/Oaxaca_desde_el_aireimpresion.jpg\" alt=\"\" width=\"4724\" height=\"7087\" srcset=\"https:\/\/casa.oaxaca.gob.mx\/wp-content\/uploads\/2019\/01\/Oaxaca_desde_el_aireimpresion.jpg 4724w, https:\/\/casa.oaxaca.gob.mx\/wp-content\/uploads\/2019\/01\/Oaxaca_desde_el_aireimpresion-200x300.jpg 200w, https:\/\/casa.oaxaca.gob.mx\/wp-content\/uploads\/2019\/01\/Oaxaca_desde_el_aireimpresion-768x1152.jpg 768w, https:\/\/casa.oaxaca.gob.mx\/wp-content\/uploads\/2019\/01\/Oaxaca_desde_el_aireimpresion-1333x2000.jpg 1333w, https:\/\/casa.oaxaca.gob.mx\/wp-content\/uploads\/2019\/01\/Oaxaca_desde_el_aireimpresion-1000x1500.jpg 1000w, https:\/\/casa.oaxaca.gob.mx\/wp-content\/uploads\/2019\/01\/Oaxaca_desde_el_aireimpresion-470x705.jpg 470w, https:\/\/casa.oaxaca.gob.mx\/wp-content\/uploads\/2019\/01\/Oaxaca_desde_el_aireimpresion-450x675.jpg 450w\" sizes=\"auto, (max-width: 4724px) 100vw, 4724px\" \/><\/p>\n<\/div><\/section><\/p><\/div><div class=\"flex_column av_three_fifth  flex_column_div av-zero-column-padding   \" style='border-radius:0px; '><p><div style='padding-bottom:10px;font-size:30px;' class='av-special-heading av-special-heading-h3  blockquote modern-quote   av-inherit-size'><h3 class='av-special-heading-tag'  itemprop=\"headline\"  >Acerca de la exposici\u00f3n<\/h3><div class='special-heading-border'><div class='special-heading-inner-border' ><\/div><\/div><\/div><br \/>\n<section class=\"av_textblock_section\"  itemscope=\"itemscope\" itemtype=\"https:\/\/schema.org\/BlogPosting\" itemprop=\"blogPost\" ><div class='avia_textblock '   itemprop=\"text\" ><p>Aerofoto | Oaxaca desde el aire<\/p>\n<p>La fotograf\u00eda a\u00e9rea se volvi\u00f3 satelital. Los aviones se reemplazaron por artefactos en \u00f3rbita y las c\u00e1maras por aparatos port\u00e1tiles. Ahora, la revoluci\u00f3n de los veh\u00edculos a\u00e9reos no tripulados (drones) han devuelto la posibilidad de la captura, visibilidad y denuncia del territorio de forma \u00e1gil, inmediata y asequible. Capturas sin tripulaci\u00f3n, a control remoto y con maniobras de precisi\u00f3n dactilar. As\u00ed resulta pertinente recuperar la memoria del desaf\u00edo que implic\u00f3 la incipiente aerofotograf\u00eda. \u00bfC\u00f3mo consumar la haza\u00f1a de la aviaci\u00f3n con la fotograf\u00eda para congelar la realidad? En los a\u00f1os treinta, la Compa\u00f1\u00eda Mexicana Aerofoto ensambl\u00f3 aeroplanos y c\u00e1maras fotogr\u00e1ficas dando paso a la foto-topograf\u00eda con instrumentos de georreferencia y fotogrametr\u00eda. Por m\u00e1s de seis d\u00e9cadas (1932-1994) la empresa captur\u00f3 m\u00e1s del 80 por ciento de pa\u00eds acumulando m\u00e1s de un mill\u00f3n de negativos. Esta muestra avizora el escorzo de Oaxaca a trav\u00e9s de su orograf\u00eda: valles, sierras, monta\u00f1as, ca\u00f1adas, cuencas, centros prehisp\u00e1nicos, zonas urbanas y rurales. Las im\u00e1genes corresponden a las series oblicuas, verticales, mosaicos y mapas \u00edndice del Fondo Aerofotogr\u00e1fico de Fundaci\u00f3n ICA entre 1932 y 1979. El territorio, los primeros asentamientos y las centralidades urbanas \u201ca vista de p\u00e1jaro\u201d.<\/p>\n<\/div><\/section><br \/>\n<div style='height:20px' class='hr hr-invisible '><span class='hr-inner ' ><span class='hr-inner-style'><\/span><\/span><\/div><br \/>\n<div id='av-masonry-1' class='av-masonry noHover av-fixed-size av-large-gap av-hover-overlay-active av-masonry-col-3 av-caption-always av-caption-style- av-masonry-gallery  '  ><div class='av-masonry-container isotope av-js-disabled ' ><div class='av-masonry-entry isotope-item av-masonry-item-no-image '><\/div><a href=\"https:\/\/casa.oaxaca.gob.mx\/wp-content\/uploads\/2019\/01\/FAO_01_000280-2000x1546.jpg\" id='av-masonry-1-item-5768' data-av-masonry-item='5768' class='av-masonry-entry isotope-item post-5768 attachment type-attachment status-inherit hentry  av-masonry-item-with-image av-grid-img' title=\"\"  itemprop=\"thumbnailUrl\" ><div class='av-inner-masonry-sizer'><\/div><figure class='av-inner-masonry main_color'><div class=\"av-masonry-outerimage-container\"><div class=\"av-masonry-image-container\" style=\"background-image: url(https:\/\/casa.oaxaca.gob.mx\/wp-content\/uploads\/2019\/01\/FAO_01_000280-705x545.jpg);\"><img decoding=\"async\" src=\"https:\/\/casa.oaxaca.gob.mx\/wp-content\/uploads\/2019\/01\/FAO_01_000280-705x545.jpg\" title=\"FAO_01_000280\" alt=\"\" \/><\/div><\/div><\/figure><\/a><!--end av-masonry entry--><a href=\"https:\/\/casa.oaxaca.gob.mx\/wp-content\/uploads\/2019\/01\/FAO_01_000281-2000x1540.jpg\" id='av-masonry-1-item-5769' data-av-masonry-item='5769' class='av-masonry-entry isotope-item post-5769 attachment type-attachment status-inherit hentry  av-masonry-item-with-image av-grid-img' title=\"\"  itemprop=\"thumbnailUrl\" ><div class='av-inner-masonry-sizer'><\/div><figure class='av-inner-masonry main_color'><div class=\"av-masonry-outerimage-container\"><div class=\"av-masonry-image-container\" style=\"background-image: url(https:\/\/casa.oaxaca.gob.mx\/wp-content\/uploads\/2019\/01\/FAO_01_000281-705x543.jpg);\"><img decoding=\"async\" src=\"https:\/\/casa.oaxaca.gob.mx\/wp-content\/uploads\/2019\/01\/FAO_01_000281-705x543.jpg\" title=\"FAO_01_000281\" alt=\"\" \/><\/div><\/div><\/figure><\/a><!--end av-masonry entry--><a href=\"https:\/\/casa.oaxaca.gob.mx\/wp-content\/uploads\/2019\/01\/FAO_01_016514-2000x1885.jpg\" id='av-masonry-1-item-5770' data-av-masonry-item='5770' class='av-masonry-entry isotope-item post-5770 attachment type-attachment status-inherit hentry  av-masonry-item-with-image av-grid-img' title=\"\"  itemprop=\"thumbnailUrl\" ><div class='av-inner-masonry-sizer'><\/div><figure class='av-inner-masonry main_color'><div class=\"av-masonry-outerimage-container\"><div class=\"av-masonry-image-container\" style=\"background-image: url(https:\/\/casa.oaxaca.gob.mx\/wp-content\/uploads\/2019\/01\/FAO_01_016514-705x664.jpg);\"><img decoding=\"async\" src=\"https:\/\/casa.oaxaca.gob.mx\/wp-content\/uploads\/2019\/01\/FAO_01_016514-705x664.jpg\" title=\"FAO_01_016514\" alt=\"\" \/><\/div><\/div><\/figure><\/a><!--end av-masonry entry--><a href=\"https:\/\/casa.oaxaca.gob.mx\/wp-content\/uploads\/2019\/01\/Oaxaca_desde_el_aireimpresion-1333x2000.jpg\" id='av-masonry-1-item-5771' data-av-masonry-item='5771' class='av-masonry-entry isotope-item post-5771 attachment type-attachment status-inherit hentry  av-masonry-item-with-image av-grid-img' title=\"\"  itemprop=\"thumbnailUrl\" ><div class='av-inner-masonry-sizer'><\/div><figure class='av-inner-masonry main_color'><div class=\"av-masonry-outerimage-container\"><div class=\"av-masonry-image-container\" style=\"background-image: url(https:\/\/casa.oaxaca.gob.mx\/wp-content\/uploads\/2019\/01\/Oaxaca_desde_el_aireimpresion-470x705.jpg);\"><img decoding=\"async\" src=\"https:\/\/casa.oaxaca.gob.mx\/wp-content\/uploads\/2019\/01\/Oaxaca_desde_el_aireimpresion-470x705.jpg\" title=\"Oaxaca_desde_el_aireimpresion\" alt=\"\" \/><\/div><\/div><\/figure><\/a><!--end av-masonry entry--><\/div><\/div><br \/>\n<div style='height:20px' class='hr hr-invisible '><span class='hr-inner ' ><span class='hr-inner-style'><\/span><\/span><\/div><\/p><\/div><\/p>\n","protected":false},"excerpt":{"rendered":"","protected":false},"author":1,"featured_media":5772,"comment_status":"open","ping_status":"open","sticky":false,"template":"","format":"standard","meta":{"_exactmetrics_skip_tracking":false,"_exactmetrics_sitenote_active":false,"_exactmetrics_sitenote_note":"","_exactmetrics_sitenote_category":0,"footnotes":""},"categories":[113],"tags":[],"class_list":["post-5767","post","type-post","status-publish","format-standard","has-post-thumbnail","hentry","category-esposiciones-pasadas"],"_links":{"self":[{"href":"https:\/\/casa.oaxaca.gob.mx\/index.php?rest_route=\/wp\/v2\/posts\/5767","targetHints":{"allow":["GET"]}}],"collection":[{"href":"https:\/\/casa.oaxaca.gob.mx\/index.php?rest_route=\/wp\/v2\/posts"}],"about":[{"href":"https:\/\/casa.oaxaca.gob.mx\/index.php?rest_route=\/wp\/v2\/types\/post"}],"author":[{"embeddable":true,"href":"https:\/\/casa.oaxaca.gob.mx\/index.php?rest_route=\/wp\/v2\/users\/1"}],"replies":[{"embeddable":true,"href":"https:\/\/casa.oaxaca.gob.mx\/index.php?rest_route=%2Fwp%2Fv2%2Fcomments&post=5767"}],"version-history":[{"count":5,"href":"https:\/\/casa.oaxaca.gob.mx\/index.php?rest_route=\/wp\/v2\/posts\/5767\/revisions"}],"predecessor-version":[{"id":5938,"href":"https:\/\/casa.oaxaca.gob.mx\/index.php?rest_route=\/wp\/v2\/posts\/5767\/revisions\/5938"}],"wp:featuredmedia":[{"embeddable":true,"href":"https:\/\/casa.oaxaca.gob.mx\/index.php?rest_route=\/wp\/v2\/media\/5772"}],"wp:attachment":[{"href":"https:\/\/casa.oaxaca.gob.mx\/index.php?rest_route=%2Fwp%2Fv2%2Fmedia&parent=5767"}],"wp:term":[{"taxonomy":"category","embeddable":true,"href":"https:\/\/casa.oaxaca.gob.mx\/index.php?rest_route=%2Fwp%2Fv2%2Fcategories&post=5767"},{"taxonomy":"post_tag","embeddable":true,"href":"https:\/\/casa.oaxaca.gob.mx\/index.php?rest_route=%2Fwp%2Fv2%2Ftags&post=5767"}],"curies":[{"name":"wp","href":"https:\/\/api.w.org\/{rel}","templated":true}]}}