{"id":5775,"date":"2019-01-24T16:24:26","date_gmt":"2019-01-24T22:24:26","guid":{"rendered":"https:\/\/casa.oaxaca.gob.mx\/?p=5775"},"modified":"2019-07-11T11:52:03","modified_gmt":"2019-07-11T16:52:03","slug":"taller-intermedio-de-fieltro-afelpado-con-agujas-imparte-jesus-martinez-cruz","status":"publish","type":"post","link":"https:\/\/casa.oaxaca.gob.mx\/?p=5775","title":{"rendered":"Taller: Intermedio de fieltro. \/ Afelpado con agujas. Imparte: Jes\u00fas Mart\u00ednez Cruz"},"content":{"rendered":"<\/div><\/div><\/div><!-- close content main div --><\/div><\/div><div id='av_section_1' class='avia-section main_color avia-section-no-padding avia-no-border-styling avia-full-stretch av-parallax-section avia-bg-style-parallax  av-minimum-height av-minimum-height-75 container_wrap fullsize'  data-section-bg-repeat='stretch' ><div class='av-parallax' data-avia-parallax-ratio='0.3' ><div class='av-parallax-inner main_color  avia-full-stretch' style = 'background-repeat: no-repeat; background-image: url(https:\/\/casa.oaxaca.gob.mx\/wp-content\/uploads\/2019\/01\/5.png); background-attachment: scroll; background-position: bottom center; ' ><\/div><\/div><div class='container' ><div class='template-page content  av-content-full alpha units'><div class='post-entry post-entry-type-page post-entry-5775'><div class='entry-content-wrapper clearfix'>\n<div style='padding-bottom:10px;color:#ffffff;font-size:50px;' class='av-special-heading av-special-heading-h3 custom-color-heading blockquote modern-quote  av-inherit-size'><h3 class='av-special-heading-tag'  itemprop=\"headline\"  >Taller: Intermedio de fieltro. \/ Afelpado con agujas.<\/h3><div class ='av-subheading av-subheading_below av_custom_color' style='font-size:25px;'><p>Jes\u00fas Mart\u00ednez Cruz<\/p>\n<\/div><div class='special-heading-border'><div class='special-heading-inner-border' style='border-color:#ffffff'><\/div><\/div><\/div>\n<\/div><\/div><\/div><!-- close content main div --><\/div><\/div><div id='av-layout-grid-1' class='av-layout-grid-container entry-content-wrapper main_color av-flex-cells  container_wrap fullsize'   >\n<div class=\"flex_cell no_margin av_one_full   \" style='vertical-align:top; padding:30px; background-color:#ED9600; '><div class='flex_cell_inner' ><p><div class='flex_column_table av-equal-height-column-flextable' ><div class=\"flex_column av_one_fourth  flex_column_table_cell av-equal-height-column av-align-top av-zero-column-padding first  \" style='border-radius:0px; '><div style='padding-bottom:10px;color:#ffffff;' class='av-special-heading av-special-heading-h3 custom-color-heading blockquote modern-quote '><h3 class='av-special-heading-tag'  itemprop=\"headline\"  >Cierre de inscipciones<\/h3><div class ='av-subheading av-subheading_below av_custom_color' style='font-size:20px;'><p>domingo 12 de mayo de 2019<\/p>\n<\/div><div class='special-heading-border'><div class='special-heading-inner-border' style='border-color:#ffffff'><\/div><\/div><\/div><\/div><div class='av-flex-placeholder'><\/div><div class=\"flex_column av_one_fourth  flex_column_table_cell av-equal-height-column av-align-top av-zero-column-padding   \" style='border-radius:0px; '><div style='padding-bottom:10px;color:#ffffff;' class='av-special-heading av-special-heading-h3 custom-color-heading blockquote modern-quote '><h3 class='av-special-heading-tag'  itemprop=\"headline\"  >Fechas<\/h3><div class ='av-subheading av-subheading_below av_custom_color' style='font-size:20px;'><p>Lunes a viernes del 27 al 31 de mayo de 2019<\/p>\n<\/div><div class='special-heading-border'><div class='special-heading-inner-border' style='border-color:#ffffff'><\/div><\/div><\/div><\/div><div class='av-flex-placeholder'><\/div><div class=\"flex_column av_one_fourth  flex_column_table_cell av-equal-height-column av-align-top av-zero-column-padding   \" style='border-radius:0px; '><div style='padding-bottom:10px;color:#ffffff;' class='av-special-heading av-special-heading-h3 custom-color-heading blockquote modern-quote '><h3 class='av-special-heading-tag'  itemprop=\"headline\"  >Horario<\/h3><div class ='av-subheading av-subheading_below av_custom_color' style='font-size:20px;'><p>De 10:00 a 14:00 hrs.<br \/>\nCentro de las Artes de San Agust\u00edn<\/p>\n<\/div><div class='special-heading-border'><div class='special-heading-inner-border' style='border-color:#ffffff'><\/div><\/div><\/div><\/div><div class='av-flex-placeholder'><\/div><div class=\"flex_column av_one_fourth  flex_column_table_cell av-equal-height-column av-align-top av-zero-column-padding   \" style='border-radius:0px; '><div class='avia-button-wrap avia-button-center '><a href='https:\/\/goo.gl\/forms\/Sqcq5CCdVHEB3JEw1' class='avia-button avia-button-fullwidth  avia-icon_select-no avia-color-custom '  target=\"_blank\"  style='color:#020202; background-color:#ffffff;  ' ><span class='avia_iconbox_title' >Inscr\u00edbete<\/span><span class='avia_button_background avia-button avia-button-fullwidth avia-color-custom' style='background-color:#1efff7; '><\/span><\/a><\/div><\/div><\/div><!--close column table wrapper. Autoclose:  --><\/p>\n<\/div><\/div>\n<\/div><\/p>\n<div class=\"flex_column av_two_fifth  flex_column_div av-zero-column-padding first  \" style='border-radius:0px; '><p><div class='av-social-sharing-box '><div class='av-share-box'><h5 class='av-share-link-description'>Compartir esta actividad<\/h5><ul class='av-share-box-list noLightbox'><li class='av-share-link av-social-link-facebook' ><a target='_blank' href='http:\/\/www.facebook.com\/sharer.php?u=https:\/\/casa.oaxaca.gob.mx\/?p=5775&amp;t=Taller%3A%20Intermedio%20de%20fieltro.%20%2F%20Afelpado%20con%20agujas.%20Imparte%3A%20Jes%C3%BAs%20Mart%C3%ADnez%20Cruz' aria-hidden='true' data-av_icon='\ue8f3' data-av_iconfont='entypo-fontello' title='' data-avia-related-tooltip='Share on Facebook'><span class='avia_hidden_link_text'>Share on Facebook<\/span><\/a><\/li><li class='av-share-link av-social-link-twitter' ><a target='_blank' href='https:\/\/twitter.com\/share?text=Taller%3A%20Intermedio%20de%20fieltro.%20%2F%20Afelpado%20con%20agujas.%20Imparte%3A%20Jes%C3%BAs%20Mart%C3%ADnez%20Cruz&url=https:\/\/casa.oaxaca.gob.mx\/?p=5775' aria-hidden='true' data-av_icon='\ue8f1' data-av_iconfont='entypo-fontello' title='' data-avia-related-tooltip='Share on Twitter'><span class='avia_hidden_link_text'>Share on Twitter<\/span><\/a><\/li><li class='av-share-link av-social-link-gplus' ><a target='_blank' href='https:\/\/plus.google.com\/share?url=https:\/\/casa.oaxaca.gob.mx\/?p=5775' aria-hidden='true' data-av_icon='\ue8f6' data-av_iconfont='entypo-fontello' title='' data-avia-related-tooltip='Share on Google+'><span class='avia_hidden_link_text'>Share on Google+<\/span><\/a><\/li><li class='av-share-link av-social-link-pinterest' ><a target='_blank' href='http:\/\/pinterest.com\/pin\/create\/button\/?url=https%3A%2F%2Fcasa.oaxaca.gob.mx%2F%3Fp%3D5775&amp;description=Taller%3A%20Intermedio%20de%20fieltro.%20%2F%20Afelpado%20con%20agujas.%20Imparte%3A%20Jes%C3%BAs%20Mart%C3%ADnez%20Cruz&amp;media=https%3A%2F%2Fcasa.oaxaca.gob.mx%2Fwp-content%2Fuploads%2F2019%2F01%2Fsdf.jpg' aria-hidden='true' data-av_icon='\ue8f8' data-av_iconfont='entypo-fontello' title='' data-avia-related-tooltip='Share on Pinterest'><span class='avia_hidden_link_text'>Share on Pinterest<\/span><\/a><\/li><li class='av-share-link av-social-link-mail' ><a  href='mailto:?subject=Taller%3A%20Intermedio%20de%20fieltro.%20%2F%20Afelpado%20con%20agujas.%20Imparte%3A%20Jes%C3%BAs%20Mart%C3%ADnez%20Cruz&amp;body=https:\/\/casa.oaxaca.gob.mx\/?p=5775' aria-hidden='true' data-av_icon='\ue805' data-av_iconfont='entypo-fontello' title='' data-avia-related-tooltip='Share by Mail'><span class='avia_hidden_link_text'>Share by Mail<\/span><\/a><\/li><\/ul><\/div><\/div><br \/>\n<div  class='hr hr-default '><span class='hr-inner ' ><span class='hr-inner-style'><\/span><\/span><\/div><br \/>\n<div style='padding-bottom:10px;font-size:30px;' class='av-special-heading av-special-heading-h3  blockquote modern-quote   av-inherit-size'><h3 class='av-special-heading-tag'  itemprop=\"headline\"  >Sobre el tallerista<\/h3><div class='special-heading-border'><div class='special-heading-inner-border' ><\/div><\/div><\/div><br \/>\n<section class=\"av_textblock_section\"  itemscope=\"itemscope\" itemtype=\"https:\/\/schema.org\/BlogPosting\" itemprop=\"blogPost\" ><div class='avia_textblock '   itemprop=\"text\" ><p><strong class=\"s1\"><img loading=\"lazy\" decoding=\"async\" class=\"alignnone size-full wp-image-5780\" src=\"https:\/\/casa.oaxaca.gob.mx\/wp-content\/uploads\/2019\/01\/2.png\" alt=\"\" width=\"496\" height=\"679\" srcset=\"https:\/\/casa.oaxaca.gob.mx\/wp-content\/uploads\/2019\/01\/2.png 496w, https:\/\/casa.oaxaca.gob.mx\/wp-content\/uploads\/2019\/01\/2-219x300.png 219w, https:\/\/casa.oaxaca.gob.mx\/wp-content\/uploads\/2019\/01\/2-450x616.png 450w\" sizes=\"auto, (max-width: 496px) 100vw, 496px\" \/><\/strong><\/p>\n<p><strong>Jes\u00fas Mart\u00ednez<\/strong><\/p>\n<p>Artista visual que se ha desarrollado entre el terreno de la gr\u00e1fica y el arte textil. Desde el a\u00f1o 2007 ha participado de manera colectiva e individual en exhibiciones dentro y fuera del pa\u00eds.<\/p>\n<p>Su obra ha sido seleccionada en el XVI concurso de grabado Jos\u00e9 Guadalupe Posada.<\/p>\n<p>Actualmente coordina el Taller de producci\u00f3n textil de afelpado, en el Centro de las Artes de San Agust\u00edn, Etla. Oax.<\/p>\n<\/div><\/section><\/p><\/div>\n<div class=\"flex_column av_three_fifth  flex_column_div av-zero-column-padding   \" style='border-radius:0px; '><p><div style='padding-bottom:10px;font-size:30px;' class='av-special-heading av-special-heading-h3  blockquote modern-quote   av-inherit-size'><h3 class='av-special-heading-tag'  itemprop=\"headline\"  >Acerca del taller<\/h3><div class='special-heading-border'><div class='special-heading-inner-border' ><\/div><\/div><\/div><br \/>\n<section class=\"av_textblock_section\"  itemscope=\"itemscope\" itemtype=\"https:\/\/schema.org\/BlogPosting\" itemprop=\"blogPost\" ><div class='avia_textblock '   itemprop=\"text\" ><p>Tomando en cuenta el taller b\u00e1sico de fieltro en el cual se vislumbraron aspectos hist\u00f3ricos, conocimiento de materiales y su transformaci\u00f3n para el uso y aplicaci\u00f3n de la t\u00e9cnica, en el taller intermedio se pretende complementar lo aprendido, con otros elementos complementarios que trae consigo la t\u00e9cnica del afelpado con agujas: que consiste en el uso de herramientas (agujas para fieltro) con las que se introducen las fibras naturales de lana, te\u00f1idas y naturales en otra superficie compatible, hecha con los mismos materiales (fieltro), con la posibilidad de crear dise\u00f1os m\u00e1s detallados y complejos, pasando por un espectro muy amplio de texturas, colores, formas y vol\u00famenes. El redescubrimiento de todos estos elementos a trav\u00e9s de un proceso de experimentaci\u00f3n y entendimiento de los materiales, dar\u00e1n una visi\u00f3n m\u00e1s enfocada para la aplicaci\u00f3n de la t\u00e9cnica en el emprendimiento de proyectos personales.<\/p>\n<\/div><\/section><br \/>\n<div class='avia-data-table-wrap avia_responsive_table'><table class='avia-table avia-data-table avia-table-1  avia_pricing_default'  itemscope=\"itemscope\" itemtype=\"https:\/\/schema.org\/Table\" ><tbody><tr class='avia-heading-row'><th class=''>Objetivos:<\/th><\/tr><tr class=''><td class=''>1.- Conocer el origen y uso de las herramientas para el desarrollo de la t\u00e9cnica del afelpado de agujas.<br \/>\n2.- Experimentar, aplicar y elaborar dise\u00f1os con detalles, formas, color y volumen, a partir de una superficie compatible con los materiales.<br \/>\n3.- Asimilar y vincular la experiencia, para emprender proyectos art\u00edsticos o textiles de manera personal o en colectivo, apropiando los materiales y dominando los medios para construir una propuesta s\u00f3lida.<br \/>\n<\/td><\/tr><tr class=''><td class=''>Materiales que debe traer el alumno.<\/p>\n<p>-Rect\u00e1ngulo de hule-espuma, tama\u00f1o mediano de 5 cm. de grueso (soporte para amortiguar y apoyar el uso de las agujas).<\/p>\n<p>En caso de que quieran hacer una imagen:<br \/>\n-Dise\u00f1o o imagen impresa en blanco y negro (escala de grises), tama\u00f1o mediano (50<br \/>\ncm. m\u00e1ximo) para tener una gu\u00eda de lo que se desea realizar, ya que la imagen se va a calcar en la superficie.<br \/>\n-Cinta adhesiva transparente de 5 cm. de ancho (para proteger impresi\u00f3n a calcar)<br \/>\n&#8211; Gredas (tiza para uso textil)<br \/>\n&#8211; Tela de lana, pa\u00f1o, fieltro comercial de venta en tiendas de tela. Tama\u00f1o: suficiente<br \/>\npara que alcance la imagen impresa.<\/p>\n<p>En caso de que quieran hacer un objeto con volumen:<br \/>\n-Fragmentos de tela de lana o materiales compatibles con los materiales a usar, hule<br \/>\nespuma o esfera de unicel (para usar como relleno), referencia o gu\u00eda (imagen impresa<\/td><\/tr><tr class=''><td class=''><\/td><\/tr><\/tbody><\/table><\/div><style type='text\/css'>.avia-table-1 td:nth-of-type(1):before { content: 'Objetivos:'; } <\/style><br \/>\n<div style='height:20px' class='hr hr-invisible '><span class='hr-inner ' ><span class='hr-inner-style'><\/span><\/span><\/div><br \/>\n<div style='padding-bottom:10px;font-size:30px;' class='av-special-heading av-special-heading-h3  blockquote modern-quote   av-inherit-size'><h3 class='av-special-heading-tag'  itemprop=\"headline\"  >Requisitos de inscripci\u00f3n<\/h3><div class='special-heading-border'><div class='special-heading-inner-border' ><\/div><\/div><\/div><br \/>\n<div class='avia-data-table-wrap avia_responsive_table'><table class='avia-table avia-data-table avia-table-2  avia_pricing_default'  itemscope=\"itemscope\" itemtype=\"https:\/\/schema.org\/Table\" ><tbody><tr class=''><td class=''>1<br \/>\nDirigido a dise\u00f1adores textiles, artesanos y p\u00fablico relacionado con el tema.<br \/>\n<\/td><\/tr><tr class=''><td class=''>2<br \/>\nLos interesados deber\u00e1n llenar el formulario que se encuentra en esta pagina<br \/>\nPara poder ser considerado como candidato a participar en el taller el interesado deber\u00e1 presentar:<br \/>\n-Carta de motivos en la cual explique c\u00f3mo le ayudar\u00eda en su proceso creativo<br \/>\n-Carta compromiso<br \/>\n-Semblanza de una cuartilla<\/p>\n<p>Todos estos documentos deber\u00e1n estar integrados en un \u00fanico archivo PDF que lleve como asunto el nombre del taller y participante: (ejemplo: intermedio de fieltro _ Jos\u00e9 Ruiz) y lo env\u00edan a los correos.<br \/>\ninscribetecasa@gmail.com con copia a formacionartistica.casa@gmail.com<\/p>\n<p>Los participantes seleccionados deber\u00e1n comprometerse a tomar la actividad completa ya que una inasistencia injustificada ser\u00e1 motivo de suspensi\u00f3n y no podr\u00e1 ingresar a talleres o diplomados futuros.<br \/>\n<\/td><\/tr><tr class=''><td class=''>3<br \/>\nRevisa en esta misma p\u00e1gina si formar\u00e1s parte de los 12 participantes.<br \/>\n<\/td><\/tr><\/tbody><\/table><\/div><style type='text\/css'><\/style><br \/>\n<div id='av-masonry-1' class='av-masonry noHover av-fixed-size av-large-gap av-hover-overlay-active av-masonry-col-3 av-caption-always av-caption-style- av-masonry-gallery  '  ><div class='av-masonry-container isotope av-js-disabled ' ><div class='av-masonry-entry isotope-item av-masonry-item-no-image '><\/div><a href=\"https:\/\/casa.oaxaca.gob.mx\/wp-content\/uploads\/2019\/01\/8.png\" id='av-masonry-1-item-5776' data-av-masonry-item='5776' class='av-masonry-entry isotope-item post-5776 attachment type-attachment status-inherit hentry  av-masonry-item-with-image av-grid-img' title=\"\"  itemprop=\"thumbnailUrl\" ><div class='av-inner-masonry-sizer'><\/div><figure class='av-inner-masonry main_color'><div class=\"av-masonry-outerimage-container\"><div class=\"av-masonry-image-container\" style=\"background-image: url(https:\/\/casa.oaxaca.gob.mx\/wp-content\/uploads\/2019\/01\/8-705x469.png);\"><img decoding=\"async\" src=\"https:\/\/casa.oaxaca.gob.mx\/wp-content\/uploads\/2019\/01\/8-705x469.png\" title=\"8\" alt=\"\" \/><\/div><\/div><\/figure><\/a><!--end av-masonry entry--><a href=\"https:\/\/casa.oaxaca.gob.mx\/wp-content\/uploads\/2019\/01\/6.png\" id='av-masonry-1-item-5777' data-av-masonry-item='5777' class='av-masonry-entry isotope-item post-5777 attachment type-attachment status-inherit hentry  av-masonry-item-with-image av-portrait-img' title=\"\"  itemprop=\"thumbnailUrl\" ><div class='av-inner-masonry-sizer'><\/div><figure class='av-inner-masonry main_color'><div class=\"av-masonry-outerimage-container\"><div class=\"av-masonry-image-container\" style=\"background-image: url(https:\/\/casa.oaxaca.gob.mx\/wp-content\/uploads\/2019\/01\/6-395x705.png);\"><img decoding=\"async\" src=\"https:\/\/casa.oaxaca.gob.mx\/wp-content\/uploads\/2019\/01\/6-395x705.png\" title=\"6\" alt=\"\" \/><\/div><\/div><\/figure><\/a><!--end av-masonry entry--><a href=\"https:\/\/casa.oaxaca.gob.mx\/wp-content\/uploads\/2019\/01\/7.png\" id='av-masonry-1-item-5778' data-av-masonry-item='5778' class='av-masonry-entry isotope-item post-5778 attachment type-attachment status-inherit hentry  av-masonry-item-with-image av-grid-img' title=\"\"  itemprop=\"thumbnailUrl\" ><div class='av-inner-masonry-sizer'><\/div><figure class='av-inner-masonry main_color'><div class=\"av-masonry-outerimage-container\"><div class=\"av-masonry-image-container\" style=\"background-image: url(https:\/\/casa.oaxaca.gob.mx\/wp-content\/uploads\/2019\/01\/7-515x705.png);\"><img decoding=\"async\" src=\"https:\/\/casa.oaxaca.gob.mx\/wp-content\/uploads\/2019\/01\/7-515x705.png\" title=\"7\" alt=\"\" \/><\/div><\/div><\/figure><\/a><!--end av-masonry entry--><a href=\"https:\/\/casa.oaxaca.gob.mx\/wp-content\/uploads\/2019\/01\/3.png\" id='av-masonry-1-item-5779' data-av-masonry-item='5779' class='av-masonry-entry isotope-item post-5779 attachment type-attachment status-inherit hentry  av-masonry-item-with-image av-landscape-img' title=\"\"  itemprop=\"thumbnailUrl\" ><div class='av-inner-masonry-sizer'><\/div><figure class='av-inner-masonry main_color'><div class=\"av-masonry-outerimage-container\"><div class=\"av-masonry-image-container\" style=\"background-image: url(https:\/\/casa.oaxaca.gob.mx\/wp-content\/uploads\/2019\/01\/3-705x399.png);\"><img decoding=\"async\" src=\"https:\/\/casa.oaxaca.gob.mx\/wp-content\/uploads\/2019\/01\/3-705x399.png\" title=\"3\" alt=\"\" \/><\/div><\/div><\/figure><\/a><!--end av-masonry entry--><a href=\"https:\/\/casa.oaxaca.gob.mx\/wp-content\/uploads\/2019\/01\/2.png\" id='av-masonry-1-item-5780' data-av-masonry-item='5780' class='av-masonry-entry isotope-item post-5780 attachment type-attachment status-inherit hentry  av-masonry-item-with-image av-grid-img' title=\"\"  itemprop=\"thumbnailUrl\" ><div class='av-inner-masonry-sizer'><\/div><figure class='av-inner-masonry main_color'><div class=\"av-masonry-outerimage-container\"><div class=\"av-masonry-image-container\" style=\"background-image: url(https:\/\/casa.oaxaca.gob.mx\/wp-content\/uploads\/2019\/01\/2.png);\"><img decoding=\"async\" src=\"https:\/\/casa.oaxaca.gob.mx\/wp-content\/uploads\/2019\/01\/2.png\" title=\"2\" alt=\"\" \/><\/div><\/div><\/figure><\/a><!--end av-masonry entry--><a href=\"https:\/\/casa.oaxaca.gob.mx\/wp-content\/uploads\/2019\/01\/1.png\" id='av-masonry-1-item-5781' data-av-masonry-item='5781' class='av-masonry-entry isotope-item post-5781 attachment type-attachment status-inherit hentry  av-masonry-item-with-image av-grid-img' title=\"\"  itemprop=\"thumbnailUrl\" ><div class='av-inner-masonry-sizer'><\/div><figure class='av-inner-masonry main_color'><div class=\"av-masonry-outerimage-container\"><div class=\"av-masonry-image-container\" style=\"background-image: url(https:\/\/casa.oaxaca.gob.mx\/wp-content\/uploads\/2019\/01\/1.png);\"><img decoding=\"async\" src=\"https:\/\/casa.oaxaca.gob.mx\/wp-content\/uploads\/2019\/01\/1.png\" title=\"1\" alt=\"\" \/><\/div><\/div><\/figure><\/a><!--end av-masonry entry--><a href=\"https:\/\/casa.oaxaca.gob.mx\/wp-content\/uploads\/2019\/01\/5.png\" id='av-masonry-1-item-5782' data-av-masonry-item='5782' class='av-masonry-entry isotope-item post-5782 attachment type-attachment status-inherit hentry  av-masonry-item-with-image av-grid-img' title=\"\"  itemprop=\"thumbnailUrl\" ><div class='av-inner-masonry-sizer'><\/div><figure class='av-inner-masonry main_color'><div class=\"av-masonry-outerimage-container\"><div class=\"av-masonry-image-container\" style=\"background-image: url(https:\/\/casa.oaxaca.gob.mx\/wp-content\/uploads\/2019\/01\/5.png);\"><img decoding=\"async\" src=\"https:\/\/casa.oaxaca.gob.mx\/wp-content\/uploads\/2019\/01\/5.png\" title=\"5\" alt=\"\" \/><\/div><\/div><\/figure><\/a><!--end av-masonry entry--><a href=\"https:\/\/casa.oaxaca.gob.mx\/wp-content\/uploads\/2019\/01\/4.png\" id='av-masonry-1-item-5783' data-av-masonry-item='5783' class='av-masonry-entry isotope-item post-5783 attachment type-attachment status-inherit hentry  av-masonry-item-with-image av-grid-img' title=\"\"  itemprop=\"thumbnailUrl\" ><div class='av-inner-masonry-sizer'><\/div><figure class='av-inner-masonry main_color'><div class=\"av-masonry-outerimage-container\"><div class=\"av-masonry-image-container\" style=\"background-image: url(https:\/\/casa.oaxaca.gob.mx\/wp-content\/uploads\/2019\/01\/4.png);\"><img decoding=\"async\" src=\"https:\/\/casa.oaxaca.gob.mx\/wp-content\/uploads\/2019\/01\/4.png\" title=\"4\" alt=\"\" \/><\/div><\/div><\/figure><\/a><!--end av-masonry entry--><\/div><\/div><\/p><\/div>\n","protected":false},"excerpt":{"rendered":"","protected":false},"author":1,"featured_media":6490,"comment_status":"open","ping_status":"open","sticky":false,"template":"","format":"standard","meta":{"_exactmetrics_skip_tracking":false,"_exactmetrics_sitenote_active":false,"_exactmetrics_sitenote_note":"","_exactmetrics_sitenote_category":0,"footnotes":""},"categories":[127],"tags":[],"class_list":["post-5775","post","type-post","status-publish","format-standard","has-post-thumbnail","hentry","category-eventos-cerrados-2019"],"_links":{"self":[{"href":"https:\/\/casa.oaxaca.gob.mx\/index.php?rest_route=\/wp\/v2\/posts\/5775","targetHints":{"allow":["GET"]}}],"collection":[{"href":"https:\/\/casa.oaxaca.gob.mx\/index.php?rest_route=\/wp\/v2\/posts"}],"about":[{"href":"https:\/\/casa.oaxaca.gob.mx\/index.php?rest_route=\/wp\/v2\/types\/post"}],"author":[{"embeddable":true,"href":"https:\/\/casa.oaxaca.gob.mx\/index.php?rest_route=\/wp\/v2\/users\/1"}],"replies":[{"embeddable":true,"href":"https:\/\/casa.oaxaca.gob.mx\/index.php?rest_route=%2Fwp%2Fv2%2Fcomments&post=5775"}],"version-history":[{"count":2,"href":"https:\/\/casa.oaxaca.gob.mx\/index.php?rest_route=\/wp\/v2\/posts\/5775\/revisions"}],"predecessor-version":[{"id":5896,"href":"https:\/\/casa.oaxaca.gob.mx\/index.php?rest_route=\/wp\/v2\/posts\/5775\/revisions\/5896"}],"wp:featuredmedia":[{"embeddable":true,"href":"https:\/\/casa.oaxaca.gob.mx\/index.php?rest_route=\/wp\/v2\/media\/6490"}],"wp:attachment":[{"href":"https:\/\/casa.oaxaca.gob.mx\/index.php?rest_route=%2Fwp%2Fv2%2Fmedia&parent=5775"}],"wp:term":[{"taxonomy":"category","embeddable":true,"href":"https:\/\/casa.oaxaca.gob.mx\/index.php?rest_route=%2Fwp%2Fv2%2Fcategories&post=5775"},{"taxonomy":"post_tag","embeddable":true,"href":"https:\/\/casa.oaxaca.gob.mx\/index.php?rest_route=%2Fwp%2Fv2%2Ftags&post=5775"}],"curies":[{"name":"wp","href":"https:\/\/api.w.org\/{rel}","templated":true}]}}