{"id":5786,"date":"2019-01-24T16:47:16","date_gmt":"2019-01-24T22:47:16","guid":{"rendered":"https:\/\/casa.oaxaca.gob.mx\/?p=5786"},"modified":"2019-04-05T17:09:27","modified_gmt":"2019-04-05T23:09:27","slug":"taller-de-danza-cuerpo-en-accion-laboratorio-en-movimiento-imparten-fermin-martinez-agustina-ciccola","status":"publish","type":"post","link":"https:\/\/casa.oaxaca.gob.mx\/?p=5786","title":{"rendered":"Taller de danza: Cuerpo en acci\u00f3n: Laboratorio en movimiento.  Imparten: Ferm\u00edn Mart\u00ednez \/ Agustina Ciccola"},"content":{"rendered":"<\/div><\/div><\/div><!-- close content main div --><\/div><\/div><div id='av_section_1' class='avia-section main_color avia-section-no-padding avia-no-border-styling avia-full-stretch av-parallax-section avia-bg-style-parallax  av-minimum-height av-minimum-height-75 container_wrap fullsize'  data-section-bg-repeat='stretch' ><div class='av-parallax' data-avia-parallax-ratio='0.3' ><div class='av-parallax-inner main_color  avia-full-stretch' style = 'background-repeat: no-repeat; background-image: url(https:\/\/casa.oaxaca.gob.mx\/wp-content\/uploads\/2019\/01\/Co_Ser_Agustina.jpg); background-attachment: scroll; background-position: bottom center; ' ><\/div><\/div><div class='container' ><div class='template-page content  av-content-full alpha units'><div class='post-entry post-entry-type-page post-entry-5786'><div class='entry-content-wrapper clearfix'>\n<div style='padding-bottom:10px;color:#ffffff;font-size:50px;' class='av-special-heading av-special-heading-h3 custom-color-heading blockquote modern-quote  av-inherit-size'><h3 class='av-special-heading-tag'  itemprop=\"headline\"  >Taller de danza: Cuerpo en acci\u00f3n: Laboratorio en movimiento<\/h3><div class ='av-subheading av-subheading_below av_custom_color' style='font-size:25px;'><p>Ferm\u00edn Mart\u00ednez \/ Agustina Ciccola<\/p>\n<\/div><div class='special-heading-border'><div class='special-heading-inner-border' style='border-color:#ffffff'><\/div><\/div><\/div>\n<\/div><\/div><\/div><!-- close content main div --><\/div><\/div><div id='av-layout-grid-1' class='av-layout-grid-container entry-content-wrapper main_color av-flex-cells  container_wrap fullsize'   >\n<div class=\"flex_cell no_margin av_one_full   \" style='vertical-align:top; padding:30px; background-color:#ED9600; '><div class='flex_cell_inner' ><p><div class='flex_column_table av-equal-height-column-flextable' ><div class=\"flex_column av_one_fourth  flex_column_table_cell av-equal-height-column av-align-top av-zero-column-padding first  \" style='border-radius:0px; '><div style='padding-bottom:10px;color:#ffffff;' class='av-special-heading av-special-heading-h3 custom-color-heading blockquote modern-quote '><h3 class='av-special-heading-tag'  itemprop=\"headline\"  >Cierre de inscipciones<\/h3><div class ='av-subheading av-subheading_below av_custom_color' style='font-size:20px;'><p>domingo 17 de febrero de 2019<\/p>\n<\/div><div class='special-heading-border'><div class='special-heading-inner-border' style='border-color:#ffffff'><\/div><\/div><\/div><\/div><div class='av-flex-placeholder'><\/div><div class=\"flex_column av_one_fourth  flex_column_table_cell av-equal-height-column av-align-top av-zero-column-padding   \" style='border-radius:0px; '><div style='padding-bottom:10px;color:#ffffff;' class='av-special-heading av-special-heading-h3 custom-color-heading blockquote modern-quote '><h3 class='av-special-heading-tag'  itemprop=\"headline\"  >Fechas<\/h3><div class ='av-subheading av-subheading_below av_custom_color' style='font-size:20px;'><p>Lunes a viernes del 4 al 8 de marzo de 2019<\/p>\n<\/div><div class='special-heading-border'><div class='special-heading-inner-border' style='border-color:#ffffff'><\/div><\/div><\/div><\/div><div class='av-flex-placeholder'><\/div><div class=\"flex_column av_one_fourth  flex_column_table_cell av-equal-height-column av-align-top av-zero-column-padding   \" style='border-radius:0px; '><div style='padding-bottom:10px;color:#ffffff;' class='av-special-heading av-special-heading-h3 custom-color-heading blockquote modern-quote '><h3 class='av-special-heading-tag'  itemprop=\"headline\"  >Horario<\/h3><div class ='av-subheading av-subheading_below av_custom_color' style='font-size:20px;'><p>De 16:00 a 20:00 hrs.<br \/>\nCentro de las Artes de San Agust\u00edn<\/p>\n<\/div><div class='special-heading-border'><div class='special-heading-inner-border' style='border-color:#ffffff'><\/div><\/div><\/div><\/div><div class='av-flex-placeholder'><\/div><div class=\"flex_column av_one_fourth  flex_column_table_cell av-equal-height-column av-align-top av-zero-column-padding   \" style='border-radius:0px; '><div class='avia-button-wrap avia-button-center '><a href='https:\/\/goo.gl\/forms\/Sqcq5CCdVHEB3JEw1' class='avia-button avia-button-fullwidth  avia-icon_select-no avia-color-custom '  target=\"_blank\"  style='color:#020202; background-color:#ffffff;  ' ><span class='avia_iconbox_title' >Inscr\u00edbete<\/span><span class='avia_button_background avia-button avia-button-fullwidth avia-color-custom' style='background-color:#1efff7; '><\/span><\/a><\/div><\/div><\/div><!--close column table wrapper. Autoclose:  --><\/p>\n<\/div><\/div>\n<\/div><\/p>\n<div class=\"flex_column av_two_fifth  flex_column_div av-zero-column-padding first  \" style='border-radius:0px; '><p><div class='av-social-sharing-box '><div class='av-share-box'><h5 class='av-share-link-description'>Compartir esta actividad<\/h5><ul class='av-share-box-list noLightbox'><li class='av-share-link av-social-link-facebook' ><a target='_blank' href='http:\/\/www.facebook.com\/sharer.php?u=https:\/\/casa.oaxaca.gob.mx\/?p=5786&amp;t=Taller%20de%20danza%3A%20Cuerpo%20en%20acci%C3%B3n%3A%20Laboratorio%20en%20movimiento.%20%20Imparten%3A%20Ferm%C3%ADn%20Mart%C3%ADnez%20%2F%20Agustina%20Ciccola' aria-hidden='true' data-av_icon='\ue8f3' data-av_iconfont='entypo-fontello' title='' data-avia-related-tooltip='Share on Facebook'><span class='avia_hidden_link_text'>Share on Facebook<\/span><\/a><\/li><li class='av-share-link av-social-link-twitter' ><a target='_blank' href='https:\/\/twitter.com\/share?text=Taller%20de%20danza%3A%20Cuerpo%20en%20acci%C3%B3n%3A%20Laboratorio%20en%20movimiento.%20%20Imparten%3A%20Ferm%C3%ADn%20Mart%C3%ADnez%20%2F%20Agustina%20Ciccola&url=https:\/\/casa.oaxaca.gob.mx\/?p=5786' aria-hidden='true' data-av_icon='\ue8f1' data-av_iconfont='entypo-fontello' title='' data-avia-related-tooltip='Share on Twitter'><span class='avia_hidden_link_text'>Share on Twitter<\/span><\/a><\/li><li class='av-share-link av-social-link-gplus' ><a target='_blank' href='https:\/\/plus.google.com\/share?url=https:\/\/casa.oaxaca.gob.mx\/?p=5786' aria-hidden='true' data-av_icon='\ue8f6' data-av_iconfont='entypo-fontello' title='' data-avia-related-tooltip='Share on Google+'><span class='avia_hidden_link_text'>Share on Google+<\/span><\/a><\/li><li class='av-share-link av-social-link-pinterest' ><a target='_blank' href='http:\/\/pinterest.com\/pin\/create\/button\/?url=https%3A%2F%2Fcasa.oaxaca.gob.mx%2F%3Fp%3D5786&amp;description=Taller%20de%20danza%3A%20Cuerpo%20en%20acci%C3%B3n%3A%20Laboratorio%20en%20movimiento.%20%20Imparten%3A%20Ferm%C3%ADn%20Mart%C3%ADnez%20%2F%20Agustina%20Ciccola&amp;media=https%3A%2F%2Fcasa.oaxaca.gob.mx%2Fwp-content%2Fuploads%2F2019%2F01%2FSin-ti%CC%81tulo-1-8.jpg' aria-hidden='true' data-av_icon='\ue8f8' data-av_iconfont='entypo-fontello' title='' data-avia-related-tooltip='Share on Pinterest'><span class='avia_hidden_link_text'>Share on Pinterest<\/span><\/a><\/li><li class='av-share-link av-social-link-mail' ><a  href='mailto:?subject=Taller%20de%20danza%3A%20Cuerpo%20en%20acci%C3%B3n%3A%20Laboratorio%20en%20movimiento.%20%20Imparten%3A%20Ferm%C3%ADn%20Mart%C3%ADnez%20%2F%20Agustina%20Ciccola&amp;body=https:\/\/casa.oaxaca.gob.mx\/?p=5786' aria-hidden='true' data-av_icon='\ue805' data-av_iconfont='entypo-fontello' title='' data-avia-related-tooltip='Share by Mail'><span class='avia_hidden_link_text'>Share by Mail<\/span><\/a><\/li><\/ul><\/div><\/div><br \/>\n<div  class='hr hr-default '><span class='hr-inner ' ><span class='hr-inner-style'><\/span><\/span><\/div><br \/>\n<div style='padding-bottom:10px;font-size:30px;' class='av-special-heading av-special-heading-h3  blockquote modern-quote   av-inherit-size'><h3 class='av-special-heading-tag'  itemprop=\"headline\"  >Sobre el tallerista<\/h3><div class='special-heading-border'><div class='special-heading-inner-border' ><\/div><\/div><\/div><br \/>\n<section class=\"av_textblock_section\"  itemscope=\"itemscope\" itemtype=\"https:\/\/schema.org\/BlogPosting\" itemprop=\"blogPost\" ><div class='avia_textblock '   itemprop=\"text\" ><p><strong>Ferm\u00edn Mart\u00ednez<\/strong><\/p>\n<p>Es Productor audiovisual, performer, investigador esc\u00e9nico, docente, dise\u00f1ador de sonido y multimedia, desde 2009 enfocado a la pr\u00e1ctica art\u00edstica y la experimentaci\u00f3n art\u00edstica indisciplinada, desde el sonido, la imagen (luz) y el movimiento. Basado en la noci\u00f3n del arte en proceso como campo expandido de conocimiento, identificado con la \u00c9tica hacker y el arte como ciencia de la libertad. En la actualidad realiza investigaci\u00f3n art\u00edstica entorno al cuerpo como interfaz para experimentar el mundo, la escucha y el pensamiento como cuerpo extenso, sus l\u00edmites e implicaciones est\u00e9ticas, sociales, bio-pol\u00edticas y culturales. Ha sido colaborador creativo en diferentes proyectos colectivos multi e Interdisciplinarios, ha trabajado con diversos artistas nacionales e internacionales. Su trabajo individual y colectivo se ha presentado en diferentes Encuentros y Festivales en M\u00e9xico, Europa, Norte Am\u00e9rica y Sudam\u00e9rica.\u00a0 Actualmente realiza estudios e investigaci\u00f3n en torno al movimiento som\u00e1tico y coreograf\u00eda expandida en el Centro de Investigaci\u00f3n Coreogr\u00e1fica (INBA) y es Becario del Programa J\u00f3venes Creadores 2019 del FONCA.<\/p>\n<p class=\"m_8998645221502459109gmail-Destinatario\"><b>Agustina Ciccola <\/b><\/p>\n<p class=\"m_8998645221502459109gmail-Destinatario\">Es bailarina, inte\u0301rprete, docente, investigadora y Lic. En Ciencia Poli\u0301tica de la Universidad de Buenos Aires (UBA). Ha realizado estudios en danza cl\u00e1sica y contempor\u00e1nea, composici\u00f3n esc\u00e9nica, improvisaci\u00f3n y alineaci\u00f3n, entre otras t\u00e9cnicas y estilos. Es coreo\u0301grafa, performer y Bailarina del proyecto musical de Tita Print, cantante y compositora de cumbia electr\u00f3nica y feminista Argentina. En 2018 es convocada por la artista Chilena, Brenda Gatica, para formar parte de la residencia \u201cPerformer sudamericana. Variaciones de un cuerpo\u201d, Proyecto de investigaci\u00f3n esc\u00e9nica conformado por un grupo de doce mujeres sudamericanas. Con un marcado inter\u00e9s por la ense\u00f1anza y la pedagog\u00eda, dicta clases y seminarios de movimiento, danza e improvisaci\u00f3n; As\u00ed\u0301 como tambi\u00e9n de consciencia corporal y alineaci\u00f3n.\u00a0<b><\/b><\/p>\n<\/div><\/section><\/p><\/div>\n<div class=\"flex_column av_three_fifth  flex_column_div av-zero-column-padding   \" style='border-radius:0px; '><p><div style='padding-bottom:10px;font-size:30px;' class='av-special-heading av-special-heading-h3  blockquote modern-quote   av-inherit-size'><h3 class='av-special-heading-tag'  itemprop=\"headline\"  >Acerca del taller<\/h3><div class='special-heading-border'><div class='special-heading-inner-border' ><\/div><\/div><\/div><br \/>\n<section class=\"av_textblock_section\"  itemscope=\"itemscope\" itemtype=\"https:\/\/schema.org\/BlogPosting\" itemprop=\"blogPost\" ><div class='avia_textblock '   itemprop=\"text\" ><p>Por medio de dispositivos y herramientas de improvisaci\u00f3n desde distintas disciplinas, el video, su documentaci\u00f3n y registro en distintos medios y formatos, se abordar\u00e1 la producci\u00f3n de acci\u00f3n, performance, danza y otras posibilidades dentro del campo expandido de lo perform\u00e1tico y las artes vivas, llevado hacia el video, el video arte, video-performance, creaci\u00f3n fotograf\u00eda, texto. Permeando la creaci\u00f3n desde la sensibilidad corporal, el espacio y el trabajo en colectivo.<\/p>\n<\/div><\/section><br \/>\n<div class='avia-data-table-wrap avia_responsive_table'><table class='avia-table avia-data-table avia-table-1  avia_pricing_default'  itemscope=\"itemscope\" itemtype=\"https:\/\/schema.org\/Table\" ><tbody><tr class='avia-heading-row'><th class=''>Temas a tratar:<\/th><\/tr><tr class=''><td class=''>-El suceso vivo, acto trasformativo (lo perform\u00e1tico de la creaci\u00f3n)<br \/>\n-El cuerpo como laboratorio de experiencias y sensaciones para la creaci\u00f3n.<br \/>\n-Amplificaci\u00f3n de la escucha y la mirada.<br \/>\n-Acci\u00f3n: Documentaci\u00f3n y registro.<br \/>\n-Imagen fija y en movimiento: estrategias para la divulgaci\u00f3n de actos perform\u00e1ticos,<br \/>\ncuerpo-entorno<br \/>\n-Las artes performaticas contempor\u00e1neas el proceso y el registro como pieza en s\u00ed. El valor del suceso vivo y el acto transformativo de la creaci\u00f3n.<br \/>\n<\/td><\/tr><tr class=''><td class=''>Objetivos:<br \/>\nLos participantes experimentaran con estados corporales preparatorios que intensifican la conciencia del cuerpo en acci\u00f3n, enfocando la atenci\u00f3n y la energ\u00eda en el suceso que se acontece. Abriendo espacios de reflexi\u00f3n, creaci\u00f3n y autoconocimiento, generando redes de participaci\u00f3n com\u00fan desde el cuerpo como laboratorio de experiencia.<br \/>\n<\/td><\/tr><tr class=''><td class=''>En la actualidad las herramientas y dispositivos nos permiten amplificar los sucesos de las artes vivas, no solo como una tendencia a la valoraci\u00f3n del proceso como parte de la obra, si no, como obra en s\u00ed, expandiendo al mismo tiempo la posibilidad del acto performativo como estrategia para la construcci\u00f3n de im\u00e1genes, videos, textos, y sobre todo experiencias socializadas, atravesando los campos disciplinares y sus formatos tradicionales.<\/p>\n<p>Ferm\u00edn Mart\u00ednez es Becario del Programa J\u00f3venes Creadores 2019 del FONCA.<\/td><\/tr><\/tbody><\/table><\/div><style type='text\/css'>.avia-table-1 td:nth-of-type(1):before { content: 'Temas a tratar:'; } <\/style><br \/>\n<div style='height:20px' class='hr hr-invisible '><span class='hr-inner ' ><span class='hr-inner-style'><\/span><\/span><\/div><br \/>\n<div style='padding-bottom:10px;font-size:30px;' class='av-special-heading av-special-heading-h3  blockquote modern-quote   av-inherit-size'><h3 class='av-special-heading-tag'  itemprop=\"headline\"  >Requisitos de inscripci\u00f3n<\/h3><div class='special-heading-border'><div class='special-heading-inner-border' ><\/div><\/div><\/div><br \/>\n<div class='avia-data-table-wrap avia_responsive_table'><table class='avia-table avia-data-table avia-table-2  avia_pricing_default'  itemscope=\"itemscope\" itemtype=\"https:\/\/schema.org\/Table\" ><tbody><tr class=''><td class=''>1<br \/>\nDirigidoa a :bailarines, estudiantes de danza, performers y p\u00fablico interesado.<\/p>\n<p><\/td><\/tr><tr class=''><td class=''>2<br \/>\nLos interesados deber\u00e1n llenar el formulario que se encuentra en esta p\u00e1gina.<br \/>\nPara poder ser considerado como candidato a participar en el taller el interesado deber\u00e1 presentar:<br \/>\n-Carta de motivos en la cual explique c\u00f3mo le ayudar\u00eda en su proceso creativo este taller<br \/>\n-Carta compromiso<br \/>\n-Semblanza de una cuartilla<br \/>\n&#8211; Portafolio de 5 a 10 im\u00e1genes de su trabajo realizado.<\/p>\n<p>Todos estos documentos deber\u00e1n estar integrados en un \u00fanico archivo PDF que lleve como asunto el nombre del taller y participante (ejemplo: Cuerpo en Acci\u00f3n: Laboratorio en movimiento _ Jos\u00e9 Ruiz) y lo env\u00edan a los correos<br \/>\ninscribetecasa@gmail.com con copia a formacionartistica.casa@gmail.com<\/p>\n<p>Los participantes seleccionados deber\u00e1n comprometerse a tomar el taller completo ya que una inasistencia injustificada ser\u00e1 motivo de suspensi\u00f3n y no podr\u00e1 ingresar a talleres o diplomados futuros.<br \/>\n<\/td><\/tr><tr class=''><td class=''>3<br \/>\nRevisa en esta misma p\u00e1gina si formar\u00e1s parte de los participantes.<\/td><\/tr><\/tbody><\/table><\/div><style type='text\/css'><\/style><br \/>\n<div id='av-masonry-1' class='av-masonry noHover av-fixed-size av-large-gap av-hover-overlay-active av-masonry-col-3 av-caption-always av-caption-style- av-masonry-gallery  '  ><div class='av-masonry-container isotope av-js-disabled ' ><div class='av-masonry-entry isotope-item av-masonry-item-no-image '><\/div><a href=\"https:\/\/casa.oaxaca.gob.mx\/wp-content\/uploads\/2019\/01\/Co-Ser_Agustina1.jpeg\" id='av-masonry-1-item-5787' data-av-masonry-item='5787' class='av-masonry-entry isotope-item post-5787 attachment type-attachment status-inherit hentry  av-masonry-item-with-image av-grid-img' title=\"\"  itemprop=\"thumbnailUrl\" ><div class='av-inner-masonry-sizer'><\/div><figure class='av-inner-masonry main_color'><div class=\"av-masonry-outerimage-container\"><div class=\"av-masonry-image-container\" style=\"background-image: url(https:\/\/casa.oaxaca.gob.mx\/wp-content\/uploads\/2019\/01\/Co-Ser_Agustina1-705x555.jpeg);\"><img decoding=\"async\" src=\"https:\/\/casa.oaxaca.gob.mx\/wp-content\/uploads\/2019\/01\/Co-Ser_Agustina1-705x555.jpeg\" title=\"Co-Ser_Agustina1\" alt=\"\" \/><\/div><\/div><\/figure><\/a><!--end av-masonry entry--><a href=\"https:\/\/casa.oaxaca.gob.mx\/wp-content\/uploads\/2019\/01\/BreakOut_Cycle_190517.jpg\" id='av-masonry-1-item-5788' data-av-masonry-item='5788' class='av-masonry-entry isotope-item post-5788 attachment type-attachment status-inherit hentry  av-masonry-item-with-image av-grid-img' title=\"\"  itemprop=\"thumbnailUrl\" ><div class='av-inner-masonry-sizer'><\/div><figure class='av-inner-masonry main_color'><div class=\"av-masonry-outerimage-container\"><div class=\"av-masonry-image-container\" style=\"background-image: url(https:\/\/casa.oaxaca.gob.mx\/wp-content\/uploads\/2019\/01\/BreakOut_Cycle_190517-705x445.jpg);\"><img decoding=\"async\" src=\"https:\/\/casa.oaxaca.gob.mx\/wp-content\/uploads\/2019\/01\/BreakOut_Cycle_190517-705x445.jpg\" title=\"BreakOut_Cycle_190517\" alt=\"\" \/><\/div><\/div><\/figure><\/a><!--end av-masonry entry--><a href=\"https:\/\/casa.oaxaca.gob.mx\/wp-content\/uploads\/2019\/01\/Untitle_220117.jpg\" id='av-masonry-1-item-5789' data-av-masonry-item='5789' class='av-masonry-entry isotope-item post-5789 attachment type-attachment status-inherit hentry  av-masonry-item-with-image av-grid-img' title=\"\"  itemprop=\"thumbnailUrl\" ><div class='av-inner-masonry-sizer'><\/div><figure class='av-inner-masonry main_color'><div class=\"av-masonry-outerimage-container\"><div class=\"av-masonry-image-container\" style=\"background-image: url(https:\/\/casa.oaxaca.gob.mx\/wp-content\/uploads\/2019\/01\/Untitle_220117-705x499.jpg);\"><img decoding=\"async\" src=\"https:\/\/casa.oaxaca.gob.mx\/wp-content\/uploads\/2019\/01\/Untitle_220117-705x499.jpg\" title=\"Untitle_220117\" alt=\"\" \/><\/div><\/div><\/figure><\/a><!--end av-masonry entry--><a href=\"https:\/\/casa.oaxaca.gob.mx\/wp-content\/uploads\/2019\/01\/Co_Ser_Agustina.jpg\" id='av-masonry-1-item-5790' data-av-masonry-item='5790' class='av-masonry-entry isotope-item post-5790 attachment type-attachment status-inherit hentry  av-masonry-item-with-image av-landscape-img' title=\"\"  itemprop=\"thumbnailUrl\" ><div class='av-inner-masonry-sizer'><\/div><figure class='av-inner-masonry main_color'><div class=\"av-masonry-outerimage-container\"><div class=\"av-masonry-image-container\" style=\"background-image: url(https:\/\/casa.oaxaca.gob.mx\/wp-content\/uploads\/2019\/01\/Co_Ser_Agustina-705x393.jpg);\"><img decoding=\"async\" src=\"https:\/\/casa.oaxaca.gob.mx\/wp-content\/uploads\/2019\/01\/Co_Ser_Agustina-705x393.jpg\" title=\"Co_Ser_Agustina\" alt=\"\" \/><\/div><\/div><\/figure><\/a><!--end av-masonry entry--><\/div><\/div><\/p><\/div>\n","protected":false},"excerpt":{"rendered":"","protected":false},"author":1,"featured_media":5962,"comment_status":"open","ping_status":"open","sticky":false,"template":"","format":"standard","meta":{"_exactmetrics_skip_tracking":false,"_exactmetrics_sitenote_active":false,"_exactmetrics_sitenote_note":"","_exactmetrics_sitenote_category":0,"footnotes":""},"categories":[127],"tags":[],"class_list":["post-5786","post","type-post","status-publish","format-standard","has-post-thumbnail","hentry","category-eventos-cerrados-2019"],"_links":{"self":[{"href":"https:\/\/casa.oaxaca.gob.mx\/index.php?rest_route=\/wp\/v2\/posts\/5786","targetHints":{"allow":["GET"]}}],"collection":[{"href":"https:\/\/casa.oaxaca.gob.mx\/index.php?rest_route=\/wp\/v2\/posts"}],"about":[{"href":"https:\/\/casa.oaxaca.gob.mx\/index.php?rest_route=\/wp\/v2\/types\/post"}],"author":[{"embeddable":true,"href":"https:\/\/casa.oaxaca.gob.mx\/index.php?rest_route=\/wp\/v2\/users\/1"}],"replies":[{"embeddable":true,"href":"https:\/\/casa.oaxaca.gob.mx\/index.php?rest_route=%2Fwp%2Fv2%2Fcomments&post=5786"}],"version-history":[{"count":6,"href":"https:\/\/casa.oaxaca.gob.mx\/index.php?rest_route=\/wp\/v2\/posts\/5786\/revisions"}],"predecessor-version":[{"id":5895,"href":"https:\/\/casa.oaxaca.gob.mx\/index.php?rest_route=\/wp\/v2\/posts\/5786\/revisions\/5895"}],"wp:featuredmedia":[{"embeddable":true,"href":"https:\/\/casa.oaxaca.gob.mx\/index.php?rest_route=\/wp\/v2\/media\/5962"}],"wp:attachment":[{"href":"https:\/\/casa.oaxaca.gob.mx\/index.php?rest_route=%2Fwp%2Fv2%2Fmedia&parent=5786"}],"wp:term":[{"taxonomy":"category","embeddable":true,"href":"https:\/\/casa.oaxaca.gob.mx\/index.php?rest_route=%2Fwp%2Fv2%2Fcategories&post=5786"},{"taxonomy":"post_tag","embeddable":true,"href":"https:\/\/casa.oaxaca.gob.mx\/index.php?rest_route=%2Fwp%2Fv2%2Ftags&post=5786"}],"curies":[{"name":"wp","href":"https:\/\/api.w.org\/{rel}","templated":true}]}}