{"id":5797,"date":"2019-01-28T13:17:55","date_gmt":"2019-01-28T19:17:55","guid":{"rendered":"https:\/\/casa.oaxaca.gob.mx\/?p=5797"},"modified":"2020-01-08T13:01:18","modified_gmt":"2020-01-08T19:01:18","slug":"taller-formacion-de-impresores-de-fotografia-tradicional-blanco-y-negro-con-reveladores-ecologicos-imparte-lorena-alcaraz","status":"publish","type":"post","link":"https:\/\/casa.oaxaca.gob.mx\/?p=5797","title":{"rendered":"Formaci\u00f3n de impresores de fotograf\u00eda tradicional blanco y negro con reveladores ecol\u00f3gicos. Imparte Lorena Alcaraz"},"content":{"rendered":"<\/div><\/div><\/div><!-- close content main div --><\/div><\/div><div id='av_section_1' class='avia-section main_color avia-section-no-padding avia-no-border-styling avia-full-stretch av-parallax-section avia-bg-style-parallax  av-minimum-height av-minimum-height-75 container_wrap fullsize'  data-section-bg-repeat='stretch' ><div class='av-parallax' data-avia-parallax-ratio='0.3' ><div class='av-parallax-inner main_color  avia-full-stretch' style = 'background-repeat: no-repeat; background-image: url(https:\/\/casa.oaxaca.gob.mx\/wp-content\/uploads\/2019\/01\/IMG_0320.jpg); background-attachment: scroll; background-position: bottom center; ' ><\/div><\/div><div class='container' ><div class='template-page content  av-content-full alpha units'><div class='post-entry post-entry-type-page post-entry-5797'><div class='entry-content-wrapper clearfix'>\n<div style='padding-bottom:10px;color:#ffffff;font-size:50px;' class='av-special-heading av-special-heading-h3 custom-color-heading blockquote modern-quote  av-inherit-size'><h3 class='av-special-heading-tag'  itemprop=\"headline\"  >Formaci\u00f3n de impresores de fotograf\u00eda tradicional blanco y negro con reveladores ecol\u00f3gicos.<\/h3><div class ='av-subheading av-subheading_below av_custom_color' style='font-size:25px;'><p>Lorena Alcaraz<\/p>\n<\/div><div class='special-heading-border'><div class='special-heading-inner-border' style='border-color:#ffffff'><\/div><\/div><\/div>\n<\/div><\/div><\/div><!-- close content main div --><\/div><\/div><div id='av-layout-grid-1' class='av-layout-grid-container entry-content-wrapper main_color av-flex-cells  container_wrap fullsize'   >\n<div class=\"flex_cell no_margin av_one_full   \" style='vertical-align:top; padding:30px; background-color:#ED9600; '><div class='flex_cell_inner' ><p><div class='flex_column_table av-equal-height-column-flextable' ><div class=\"flex_column av_one_fourth  flex_column_table_cell av-equal-height-column av-align-top av-zero-column-padding first  \" style='border-radius:0px; '><div style='padding-bottom:10px;color:#ffffff;' class='av-special-heading av-special-heading-h3 custom-color-heading blockquote modern-quote '><h3 class='av-special-heading-tag'  itemprop=\"headline\"  >Cierre de inscipciones<\/h3><div class ='av-subheading av-subheading_below av_custom_color' style='font-size:20px;'><p>s\u00e1bado 27 de abril de 2019<\/p>\n<\/div><div class='special-heading-border'><div class='special-heading-inner-border' style='border-color:#ffffff'><\/div><\/div><\/div><\/div><div class='av-flex-placeholder'><\/div><div class=\"flex_column av_one_fourth  flex_column_table_cell av-equal-height-column av-align-top av-zero-column-padding   \" style='border-radius:0px; '><\/div><div class='av-flex-placeholder'><\/div><div class=\"flex_column av_one_fourth  flex_column_table_cell av-equal-height-column av-align-top av-zero-column-padding   \" style='border-radius:0px; '><div style='padding-bottom:10px;color:#ffffff;' class='av-special-heading av-special-heading-h3 custom-color-heading blockquote modern-quote  '><h3 class='av-special-heading-tag'  itemprop=\"headline\"  >Horario<\/h3><div class ='av-subheading av-subheading_below av_custom_color' style='font-size:20px;'><p>De 10:00 a 14:00 y de 16:00 a 18:00 hrs<br \/>\nCentro de las Artes de San Agust\u00edn<\/p>\n<\/div><div class='special-heading-border'><div class='special-heading-inner-border' style='border-color:#ffffff'><\/div><\/div><\/div><\/div><div class='av-flex-placeholder'><\/div><div class=\"flex_column av_one_fourth  flex_column_table_cell av-equal-height-column av-align-top av-zero-column-padding   \" style='border-radius:0px; '><div class='avia-button-wrap avia-button-center '><a href='https:\/\/goo.gl\/forms\/Sqcq5CCdVHEB3JEw1' class='avia-button avia-button-fullwidth  avia-icon_select-no avia-color-custom '  target=\"_blank\"  style='color:#020202; background-color:#ffffff;  ' ><span class='avia_iconbox_title' >Inscr\u00edbete<\/span><span class='avia_button_background avia-button avia-button-fullwidth avia-color-custom' style='background-color:#1efff7; '><\/span><\/a><\/div><\/div><\/div><!--close column table wrapper. Autoclose:  --><\/p>\n<\/div><\/div>\n<\/div><\/p>\n<div class=\"flex_column av_two_fifth  flex_column_div av-zero-column-padding first  \" style='border-radius:0px; '><p><div class='av-social-sharing-box '><div class='av-share-box'><h5 class='av-share-link-description'>Compartir esta actividad<\/h5><ul class='av-share-box-list noLightbox'><li class='av-share-link av-social-link-facebook' ><a target='_blank' href='http:\/\/www.facebook.com\/sharer.php?u=https:\/\/casa.oaxaca.gob.mx\/?p=5797&amp;t=Formaci%C3%B3n%20de%20impresores%20de%20fotograf%C3%ADa%20tradicional%20blanco%20y%20negro%20con%20reveladores%20ecol%C3%B3gicos.%20Imparte%20Lorena%20Alcaraz' aria-hidden='true' data-av_icon='\ue8f3' data-av_iconfont='entypo-fontello' title='' data-avia-related-tooltip='Share on Facebook'><span class='avia_hidden_link_text'>Share on Facebook<\/span><\/a><\/li><li class='av-share-link av-social-link-twitter' ><a target='_blank' href='https:\/\/twitter.com\/share?text=Formaci%C3%B3n%20de%20impresores%20de%20fotograf%C3%ADa%20tradicional%20blanco%20y%20negro%20con%20reveladores%20ecol%C3%B3gicos.%20Imparte%20Lorena%20Alcaraz&url=https:\/\/casa.oaxaca.gob.mx\/?p=5797' aria-hidden='true' data-av_icon='\ue8f1' data-av_iconfont='entypo-fontello' title='' data-avia-related-tooltip='Share on Twitter'><span class='avia_hidden_link_text'>Share on Twitter<\/span><\/a><\/li><li class='av-share-link av-social-link-gplus' ><a target='_blank' href='https:\/\/plus.google.com\/share?url=https:\/\/casa.oaxaca.gob.mx\/?p=5797' aria-hidden='true' data-av_icon='\ue8f6' data-av_iconfont='entypo-fontello' title='' data-avia-related-tooltip='Share on Google+'><span class='avia_hidden_link_text'>Share on Google+<\/span><\/a><\/li><li class='av-share-link av-social-link-pinterest' ><a target='_blank' href='http:\/\/pinterest.com\/pin\/create\/button\/?url=https%3A%2F%2Fcasa.oaxaca.gob.mx%2F%3Fp%3D5797&amp;description=Formaci%C3%B3n%20de%20impresores%20de%20fotograf%C3%ADa%20tradicional%20blanco%20y%20negro%20con%20reveladores%20ecol%C3%B3gicos.%20Imparte%20Lorena%20Alcaraz&amp;media=https%3A%2F%2Fcasa.oaxaca.gob.mx%2Fwp-content%2Fuploads%2F2019%2F01%2Fsfd.jpg' aria-hidden='true' data-av_icon='\ue8f8' data-av_iconfont='entypo-fontello' title='' data-avia-related-tooltip='Share on Pinterest'><span class='avia_hidden_link_text'>Share on Pinterest<\/span><\/a><\/li><li class='av-share-link av-social-link-mail' ><a  href='mailto:?subject=Formaci%C3%B3n%20de%20impresores%20de%20fotograf%C3%ADa%20tradicional%20blanco%20y%20negro%20con%20reveladores%20ecol%C3%B3gicos.%20Imparte%20Lorena%20Alcaraz&amp;body=https:\/\/casa.oaxaca.gob.mx\/?p=5797' aria-hidden='true' data-av_icon='\ue805' data-av_iconfont='entypo-fontello' title='' data-avia-related-tooltip='Share by Mail'><span class='avia_hidden_link_text'>Share by Mail<\/span><\/a><\/li><\/ul><\/div><\/div><br \/>\n<div  class='hr hr-default '><span class='hr-inner ' ><span class='hr-inner-style'><\/span><\/span><\/div><br \/>\n<div style='padding-bottom:10px;font-size:30px;' class='av-special-heading av-special-heading-h3  blockquote modern-quote  av-inherit-size'><h3 class='av-special-heading-tag'  itemprop=\"headline\"  >Sobre la tallerista<\/h3><div class='special-heading-border'><div class='special-heading-inner-border' ><\/div><\/div><\/div><br \/>\n<section class=\"av_textblock_section\"  itemscope=\"itemscope\" itemtype=\"https:\/\/schema.org\/BlogPosting\" itemprop=\"blogPost\" ><div class='avia_textblock '   itemprop=\"text\" ><p><img loading=\"lazy\" decoding=\"async\" class=\"alignnone size-full wp-image-5804\" src=\"https:\/\/casa.oaxaca.gob.mx\/wp-content\/uploads\/2019\/01\/IMG_0256.jpg\" alt=\"\" width=\"2279\" height=\"2279\" srcset=\"https:\/\/casa.oaxaca.gob.mx\/wp-content\/uploads\/2019\/01\/IMG_0256.jpg 2279w, https:\/\/casa.oaxaca.gob.mx\/wp-content\/uploads\/2019\/01\/IMG_0256-80x80.jpg 80w, https:\/\/casa.oaxaca.gob.mx\/wp-content\/uploads\/2019\/01\/IMG_0256-300x300.jpg 300w, https:\/\/casa.oaxaca.gob.mx\/wp-content\/uploads\/2019\/01\/IMG_0256-768x768.jpg 768w, https:\/\/casa.oaxaca.gob.mx\/wp-content\/uploads\/2019\/01\/IMG_0256-2000x2000.jpg 2000w, https:\/\/casa.oaxaca.gob.mx\/wp-content\/uploads\/2019\/01\/IMG_0256-36x36.jpg 36w, https:\/\/casa.oaxaca.gob.mx\/wp-content\/uploads\/2019\/01\/IMG_0256-180x180.jpg 180w, https:\/\/casa.oaxaca.gob.mx\/wp-content\/uploads\/2019\/01\/IMG_0256-1500x1500.jpg 1500w, https:\/\/casa.oaxaca.gob.mx\/wp-content\/uploads\/2019\/01\/IMG_0256-705x705.jpg 705w, https:\/\/casa.oaxaca.gob.mx\/wp-content\/uploads\/2019\/01\/IMG_0256-120x120.jpg 120w, https:\/\/casa.oaxaca.gob.mx\/wp-content\/uploads\/2019\/01\/IMG_0256-450x450.jpg 450w\" sizes=\"auto, (max-width: 2279px) 100vw, 2279px\" \/><\/p>\n<p>Realiz\u00f3 sus estudios de fotograf\u00eda con Oweena Fogarty y Salvador Lutteroth. Termin\u00f3 estudios de Licenciatura en Ciencias de la Comunicaci\u00f3n y de Maestr\u00eda en Filosof\u00eda de la Cultura. Obtuvo menci\u00f3n honor\u00edfica en la VII Bienal de Fotograf\u00eda con el proyecto de fotograf\u00eda construida sobre la analog\u00eda de la mujer y la tierra. De manera individual ha expuesto en la Casa de la Primera Imprenta; Casa del Lago y Museo del Chopo.<\/p>\n<p>Realiza la memoria fotogr\u00e1fica del Acervo Hist\u00f3rico del Palacio de Bellas Artes desde 1993, en dicho recinto su trabajo ha sido expuesto en 2010, 2011 y 2013 en la Sala Justino Fern\u00e1ndez. Es impresora de Graciela Iturbide desde 1996. Maestra del Taller de Formaci\u00f3n de impresores desde 2010.<\/p>\n<\/div><\/section><\/p><\/div>\n<div class=\"flex_column av_three_fifth  flex_column_div av-zero-column-padding   \" style='border-radius:0px; '><p><div style='padding-bottom:10px;font-size:30px;' class='av-special-heading av-special-heading-h3  blockquote modern-quote   av-inherit-size'><h3 class='av-special-heading-tag'  itemprop=\"headline\"  >Acerca del taller<\/h3><div class='special-heading-border'><div class='special-heading-inner-border' ><\/div><\/div><\/div><br \/>\n<section class=\"av_textblock_section\"  itemscope=\"itemscope\" itemtype=\"https:\/\/schema.org\/BlogPosting\" itemprop=\"blogPost\" ><div class='avia_textblock '   itemprop=\"text\" ><p><strong>Alumnos aceptados al taller<\/strong><\/p>\n<p>Daniel P\u00e9rez Lucero<\/p>\n<p>Jos\u00e9 Luis Arroyo Robles<\/p>\n<p>Alan Baruck Racine Arellano<\/p>\n<p>Julisa \u00c1lvarez Ram\u00edrez<\/p>\n<p>Elizabeth Andri\u00f3pulos Maravilla<\/p>\n<p>Gerardo David Castillo Corona<\/p>\n<p>Rodrigo Morales Hern\u00e1ndez<\/p>\n<p>El momento actual de la fotograf\u00eda exige re valorar y conocer las t\u00e9cnicas tradicionales para replantear una definici\u00f3n de lo fotogr\u00e1fico de manera m\u00e1s completa.<\/p>\n<p>Jueves a s\u00e1bado:<\/p>\n<p>M\u00f3dulo I, del 23 al 25 de mayo de 2019.<\/p>\n<p>M\u00f3dulo II, del 20 al 22 de junio de 2019.<\/p>\n<p>M\u00f3dulo III, del 18 al 20 de julio de 2019.<\/p>\n<p>M\u00f3dulo IV, del 22 al 24 de agosto de 2019.<\/p>\n<p>M\u00f3dulo V, del 19 al 21 de septiembre de 2019.<\/p>\n<p>M\u00f3dulo VI, del 07 al 09 de noviembre de 2019.<\/p>\n<\/div><\/section><br \/>\n<div class='avia-data-table-wrap avia_responsive_table'><table class='avia-table avia-data-table avia-table-1  avia_pricing_default'  itemscope=\"itemscope\" itemtype=\"https:\/\/schema.org\/Table\" ><tbody><tr class='avia-heading-row'><th class=''>Temas a tratar:<\/th><\/tr><tr class=''><td class=''>En el taller aprender\u00e1n a dominar la t\u00e9cnica de impresi\u00f3n fotogr\u00e1fica con procesos tradicionales en cuarto obscuro, permitiendo alcanzar tres objetivos principales:<\/p>\n<p>-La valoraci\u00f3n del objeto fotogr\u00e1fico.<br \/>\n-Fortalecer la idea de la impresi\u00f3n en laboratorio como herramienta expresiva.<br \/>\n-Valorar los caminos interpretativos que se abren entre la fotograf\u00eda digital y la qu\u00edmica.<\/p>\n<p>El conocimiento y dominio de la impresi\u00f3n sobre papel fotogr\u00e1fico, revelado con qu\u00edmicos, abre el criterio est\u00e9tico y expresivo sobre la fotograf\u00eda y se vuelve una base indispensable para cualquier fot\u00f3grafo o impresor comprometido.<\/p>\n<p>En cada uno de los seis m\u00f3dulos se realizar\u00e1 una sesi\u00f3n fotogr\u00e1fica cuyo resultado ser\u00e1 revelado e impreso en el cuarto obscuro con las f\u00f3rmulas ecol\u00f3gicas. En los primeros cuatro m\u00f3dulos la producci\u00f3n ser\u00e1 alrededor de ejercicios dirigidos de retrato, montaje y collage, mediante los cuales se comenzar\u00e1 a dominar la t\u00e9cnica de impresi\u00f3n fina.<\/p>\n<p>En el IV m\u00f3dulo se realizar\u00e1 una selecci\u00f3n de archivos digitales que se trasladar\u00e1n a negativo digital para hacer una impresi\u00f3n en plata gelatina, lo anterior con el prop\u00f3sito de comprender la retroalimentaci\u00f3n expresiva que existe entre la fotograf\u00eda digital y la qu\u00edmica.<\/p>\n<p>El taller contempla una base te\u00f3rica con discusi\u00f3n sobre autores que permitir\u00e1n generar en el alumno una conciencia sobre la importancia del bagaje visual y la generaci\u00f3n de ideas para ser un buen impresor. La teor\u00eda ser\u00e1 intercalada a lo largo de los 6 m\u00f3dulos.<\/p>\n<p>El proceso se llevar\u00e1 a cabo con reveladores ecol\u00f3gicos desarrollados en el CaSa, los alumnos conocer\u00e1n las f\u00f3rmulas y llevar\u00e1n a cabo su preparaci\u00f3n en cada m\u00f3dulo.<br \/>\n<\/td><\/tr><tr class=''><td class=''>Objetivo:<br \/>\nTrabajar\u00e1n con diversos formatos (35, 6&#215;6 y 4&#215;5), conocer\u00e1n sobre exposici\u00f3n, revelado, valoraci\u00f3n de negativos, tipos de ampliadoras, elaboraci\u00f3n de bit\u00e1cora, preparaci\u00f3n de f\u00f3rmulas, valoraci\u00f3n del papel fotogr\u00e1fico, conocimiento de negativo digital, la impresi\u00f3n fina ser\u00e1 la base necesaria para dise\u00f1ar un proyecto de autor en los m\u00f3dulos V y VI abordando concepto, impresi\u00f3n, edici\u00f3n y presentaci\u00f3n.<br \/>\n<\/td><\/tr><tr class=''><td class=''>Materiales para el alumno:<\/p>\n<p>-C\u00e1mara 35mm r\u00e9flex an\u00e1loga<br \/>\n-1 rollo 35mm ASA 400 blanco y negro<br \/>\n-1 guarda negativos 35mm<br \/>\n-1 paquete de 25 hojas de papel fotogr\u00e1fico Ilford Fibra multigrado brillante 8&#215;10.<br \/>\n<\/td><\/tr><\/tbody><\/table><\/div><style type='text\/css'>.avia-table-1 td:nth-of-type(1):before { content: 'Temas a tratar:'; } <\/style><br \/>\n<div style='height:20px' class='hr hr-invisible '><span class='hr-inner ' ><span class='hr-inner-style'><\/span><\/span><\/div><br \/>\n<div style='padding-bottom:10px;font-size:30px;' class='av-special-heading av-special-heading-h3  blockquote modern-quote   av-inherit-size'><h3 class='av-special-heading-tag'  itemprop=\"headline\"  >Requisitos de inscripci\u00f3n<\/h3><div class='special-heading-border'><div class='special-heading-inner-border' ><\/div><\/div><\/div><br \/>\n<div class='avia-data-table-wrap avia_responsive_table'><table class='avia-table avia-data-table avia-table-2  avia_pricing_default'  itemscope=\"itemscope\" itemtype=\"https:\/\/schema.org\/Table\" ><tbody><tr class=''><td class=''>1<br \/>\nDirigido a fot\u00f3grafos y artistas pl\u00e1sticos con conocimiento intermedio en laboratorio blanco y negro, interesados formalmente en utilizar las t\u00e9cnicas tradicionales de laboratorio como una herramienta expresiva para fundamentar un proyecto autoral. Se requiere tambi\u00e9n conocimiento intermedio del uso de c\u00e1mara an\u00e1loga.<br \/>\n<\/td><\/tr><tr class=''><td class=''>2<br \/>\nLos interesados deber\u00e1n llenar el formulario que se encuentra en esta p\u00e1gina.<br \/>\nPara poder ser considerado como candidato a participar en taller el interesado deber\u00e1 presentar:<br \/>\n-Carta curricular breve con datos de contacto<br \/>\n-Carta de motivos, explicando su experiencia e inter\u00e9s en el cuarto obscuro<br \/>\n-portafolio de 10 im\u00e1genes<br \/>\n-Carta compromiso<\/p>\n<p>Todos estos documentos deber\u00e1n estar integrados en un \u00fanico archivo PDF que lleve como asunto el nombre del taller y participante, ejemplo: Formaci\u00f3n de impresores de fotograf\u00eda tradicional _ Jos\u00e9 Ruiz y lo env\u00edan a los correos:<br \/>\ninscribetecasa@gmail.com con copia a formacionartistica.casa@gmail.com<\/p>\n<p>Los participantes seleccionados deber\u00e1n comprometerse a tomar el taller completo ya que una inasistencia injustificada ser\u00e1 motivo de suspensi\u00f3n y no podr\u00e1 ingresar a talleres o diplomados futuros.<br \/>\n<\/td><\/tr><tr class=''><td class=''>3<br \/>\nRevisa en esta misma p\u00e1gina si formar\u00e1s parte de los 7 participantes.<\/td><\/tr><\/tbody><\/table><\/div><style type='text\/css'><\/style><br \/>\n<div id='av-masonry-1' class='av-masonry noHover av-fixed-size av-large-gap av-hover-overlay-active av-masonry-col-3 av-caption-always av-caption-style- av-masonry-gallery  '  ><div class='av-masonry-container isotope av-js-disabled ' ><div class='av-masonry-entry isotope-item av-masonry-item-no-image '><\/div><a href=\"https:\/\/casa.oaxaca.gob.mx\/wp-content\/uploads\/2019\/01\/IMG_6437-2000x1500.jpg\" id='av-masonry-1-item-5798' data-av-masonry-item='5798' class='av-masonry-entry isotope-item post-5798 attachment type-attachment status-inherit hentry  av-masonry-item-with-image av-grid-img' title=\"\"  itemprop=\"thumbnailUrl\" ><div class='av-inner-masonry-sizer'><\/div><figure class='av-inner-masonry main_color'><div class=\"av-masonry-outerimage-container\"><div class=\"av-masonry-image-container\" style=\"background-image: url(https:\/\/casa.oaxaca.gob.mx\/wp-content\/uploads\/2019\/01\/IMG_6437-705x529.jpg);\"><img decoding=\"async\" src=\"https:\/\/casa.oaxaca.gob.mx\/wp-content\/uploads\/2019\/01\/IMG_6437-705x529.jpg\" title=\"IMG_6437\" alt=\"\" \/><\/div><\/div><\/figure><\/a><!--end av-masonry entry--><a href=\"https:\/\/casa.oaxaca.gob.mx\/wp-content\/uploads\/2019\/01\/IMG_6444-2000x1500.jpg\" id='av-masonry-1-item-5799' data-av-masonry-item='5799' class='av-masonry-entry isotope-item post-5799 attachment type-attachment status-inherit hentry  av-masonry-item-with-image av-grid-img' title=\"\"  itemprop=\"thumbnailUrl\" ><div class='av-inner-masonry-sizer'><\/div><figure class='av-inner-masonry main_color'><div class=\"av-masonry-outerimage-container\"><div class=\"av-masonry-image-container\" style=\"background-image: url(https:\/\/casa.oaxaca.gob.mx\/wp-content\/uploads\/2019\/01\/IMG_6444-705x529.jpg);\"><img decoding=\"async\" src=\"https:\/\/casa.oaxaca.gob.mx\/wp-content\/uploads\/2019\/01\/IMG_6444-705x529.jpg\" title=\"IMG_6444\" alt=\"\" \/><\/div><\/div><\/figure><\/a><!--end av-masonry entry--><a href=\"https:\/\/casa.oaxaca.gob.mx\/wp-content\/uploads\/2019\/01\/IMG_0320-2000x1500.jpg\" id='av-masonry-1-item-5800' data-av-masonry-item='5800' class='av-masonry-entry isotope-item post-5800 attachment type-attachment status-inherit hentry  av-masonry-item-with-image av-grid-img' title=\"\"  itemprop=\"thumbnailUrl\" ><div class='av-inner-masonry-sizer'><\/div><figure class='av-inner-masonry main_color'><div class=\"av-masonry-outerimage-container\"><div class=\"av-masonry-image-container\" style=\"background-image: url(https:\/\/casa.oaxaca.gob.mx\/wp-content\/uploads\/2019\/01\/IMG_0320-705x529.jpg);\"><img decoding=\"async\" src=\"https:\/\/casa.oaxaca.gob.mx\/wp-content\/uploads\/2019\/01\/IMG_0320-705x529.jpg\" title=\"IMG_0320\" alt=\"\" \/><\/div><\/div><\/figure><\/a><!--end av-masonry entry--><a href=\"https:\/\/casa.oaxaca.gob.mx\/wp-content\/uploads\/2019\/01\/IMG_0189-2000x1500.jpg\" id='av-masonry-1-item-5801' data-av-masonry-item='5801' class='av-masonry-entry isotope-item post-5801 attachment type-attachment status-inherit hentry  av-masonry-item-with-image av-grid-img' title=\"\"  itemprop=\"thumbnailUrl\" ><div class='av-inner-masonry-sizer'><\/div><figure class='av-inner-masonry main_color'><div class=\"av-masonry-outerimage-container\"><div class=\"av-masonry-image-container\" style=\"background-image: url(https:\/\/casa.oaxaca.gob.mx\/wp-content\/uploads\/2019\/01\/IMG_0189-705x529.jpg);\"><img decoding=\"async\" src=\"https:\/\/casa.oaxaca.gob.mx\/wp-content\/uploads\/2019\/01\/IMG_0189-705x529.jpg\" title=\"IMG_0189\" alt=\"\" \/><\/div><\/div><\/figure><\/a><!--end av-masonry entry--><a href=\"https:\/\/casa.oaxaca.gob.mx\/wp-content\/uploads\/2019\/01\/IMG_0158-2000x1500.jpg\" id='av-masonry-1-item-5802' data-av-masonry-item='5802' class='av-masonry-entry isotope-item post-5802 attachment type-attachment status-inherit hentry  av-masonry-item-with-image av-grid-img' title=\"\"  itemprop=\"thumbnailUrl\" ><div class='av-inner-masonry-sizer'><\/div><figure class='av-inner-masonry main_color'><div class=\"av-masonry-outerimage-container\"><div class=\"av-masonry-image-container\" style=\"background-image: url(https:\/\/casa.oaxaca.gob.mx\/wp-content\/uploads\/2019\/01\/IMG_0158-705x529.jpg);\"><img decoding=\"async\" src=\"https:\/\/casa.oaxaca.gob.mx\/wp-content\/uploads\/2019\/01\/IMG_0158-705x529.jpg\" title=\"IMG_0158\" alt=\"\" \/><\/div><\/div><\/figure><\/a><!--end av-masonry entry--><a href=\"https:\/\/casa.oaxaca.gob.mx\/wp-content\/uploads\/2019\/01\/IMG_0280-2000x1500.jpg\" id='av-masonry-1-item-5803' data-av-masonry-item='5803' class='av-masonry-entry isotope-item post-5803 attachment type-attachment status-inherit hentry  av-masonry-item-with-image av-grid-img' title=\"\"  itemprop=\"thumbnailUrl\" ><div class='av-inner-masonry-sizer'><\/div><figure class='av-inner-masonry main_color'><div class=\"av-masonry-outerimage-container\"><div class=\"av-masonry-image-container\" style=\"background-image: url(https:\/\/casa.oaxaca.gob.mx\/wp-content\/uploads\/2019\/01\/IMG_0280-705x529.jpg);\"><img decoding=\"async\" src=\"https:\/\/casa.oaxaca.gob.mx\/wp-content\/uploads\/2019\/01\/IMG_0280-705x529.jpg\" title=\"IMG_0280\" alt=\"\" \/><\/div><\/div><\/figure><\/a><!--end av-masonry entry--><a href=\"https:\/\/casa.oaxaca.gob.mx\/wp-content\/uploads\/2019\/01\/IMG_0256-2000x2000.jpg\" id='av-masonry-1-item-5804' data-av-masonry-item='5804' class='av-masonry-entry isotope-item post-5804 attachment type-attachment status-inherit hentry  av-masonry-item-with-image av-grid-img' title=\"\"  itemprop=\"thumbnailUrl\" ><div class='av-inner-masonry-sizer'><\/div><figure class='av-inner-masonry main_color'><div class=\"av-masonry-outerimage-container\"><div class=\"av-masonry-image-container\" style=\"background-image: url(https:\/\/casa.oaxaca.gob.mx\/wp-content\/uploads\/2019\/01\/IMG_0256-705x705.jpg);\"><img decoding=\"async\" src=\"https:\/\/casa.oaxaca.gob.mx\/wp-content\/uploads\/2019\/01\/IMG_0256-705x705.jpg\" title=\"IMG_0256\" alt=\"\" \/><\/div><\/div><\/figure><\/a><!--end av-masonry entry--><a href=\"https:\/\/casa.oaxaca.gob.mx\/wp-content\/uploads\/2019\/01\/Plante-sous-le-soleil_IV_MG_5749-1657x2000.jpg\" id='av-masonry-1-item-6485' data-av-masonry-item='6485' class='av-masonry-entry isotope-item post-6485 attachment type-attachment status-inherit hentry  av-masonry-item-with-image av-grid-img' title=\"\"  itemprop=\"thumbnailUrl\" ><div class='av-inner-masonry-sizer'><\/div><figure class='av-inner-masonry main_color'><div class=\"av-masonry-outerimage-container\"><div class=\"av-masonry-image-container\" style=\"background-image: url(https:\/\/casa.oaxaca.gob.mx\/wp-content\/uploads\/2019\/01\/Plante-sous-le-soleil_IV_MG_5749-584x705.jpg);\"><img decoding=\"async\" src=\"https:\/\/casa.oaxaca.gob.mx\/wp-content\/uploads\/2019\/01\/Plante-sous-le-soleil_IV_MG_5749-584x705.jpg\" title=\"Plante sous le soleil_IV_MG_5749\" alt=\"\" \/><\/div><\/div><\/figure><\/a><!--end av-masonry entry--><a href=\"https:\/\/casa.oaxaca.gob.mx\/wp-content\/uploads\/2019\/01\/Ee\u030ctude-d\u00b4une-feuille_II_MG_5756-1750x2000.jpg\" id='av-masonry-1-item-6486' data-av-masonry-item='6486' class='av-masonry-entry isotope-item post-6486 attachment type-attachment status-inherit hentry  av-masonry-item-with-image av-grid-img' title=\"\"  itemprop=\"thumbnailUrl\" ><div class='av-inner-masonry-sizer'><\/div><figure class='av-inner-masonry main_color'><div class=\"av-masonry-outerimage-container\"><div class=\"av-masonry-image-container\" style=\"background-image: url(https:\/\/casa.oaxaca.gob.mx\/wp-content\/uploads\/2019\/01\/Ee\u030ctude-d\u00b4une-feuille_II_MG_5756-617x705.jpg);\"><img decoding=\"async\" src=\"https:\/\/casa.oaxaca.gob.mx\/wp-content\/uploads\/2019\/01\/Ee\u030ctude-d\u00b4une-feuille_II_MG_5756-617x705.jpg\" title=\"Ee\u030ctude d\u00b4une feuille_II_MG_5756\" alt=\"\" \/><\/div><\/div><\/figure><\/a><!--end av-masonry entry--><a href=\"https:\/\/casa.oaxaca.gob.mx\/wp-content\/uploads\/2019\/01\/Plante-sous-le-soleil_I_MG_5754-1615x2000.jpg\" id='av-masonry-1-item-6487' data-av-masonry-item='6487' class='av-masonry-entry isotope-item post-6487 attachment type-attachment status-inherit hentry  av-masonry-item-with-image av-grid-img' title=\"\"  itemprop=\"thumbnailUrl\" ><div class='av-inner-masonry-sizer'><\/div><figure class='av-inner-masonry main_color'><div class=\"av-masonry-outerimage-container\"><div class=\"av-masonry-image-container\" style=\"background-image: url(https:\/\/casa.oaxaca.gob.mx\/wp-content\/uploads\/2019\/01\/Plante-sous-le-soleil_I_MG_5754-569x705.jpg);\"><img decoding=\"async\" src=\"https:\/\/casa.oaxaca.gob.mx\/wp-content\/uploads\/2019\/01\/Plante-sous-le-soleil_I_MG_5754-569x705.jpg\" title=\"Plante sous le soleil_I_MG_5754\" alt=\"\" \/><\/div><\/div><\/figure><\/a><!--end av-masonry entry--><\/div><\/div><\/p><\/div>\n","protected":false},"excerpt":{"rendered":"","protected":false},"author":1,"featured_media":6348,"comment_status":"open","ping_status":"open","sticky":false,"template":"","format":"standard","meta":{"_exactmetrics_skip_tracking":false,"_exactmetrics_sitenote_active":false,"_exactmetrics_sitenote_note":"","_exactmetrics_sitenote_category":0,"footnotes":""},"categories":[1],"tags":[],"class_list":["post-5797","post","type-post","status-publish","format-standard","has-post-thumbnail","hentry","category-sin-categoria"],"_links":{"self":[{"href":"https:\/\/casa.oaxaca.gob.mx\/index.php?rest_route=\/wp\/v2\/posts\/5797","targetHints":{"allow":["GET"]}}],"collection":[{"href":"https:\/\/casa.oaxaca.gob.mx\/index.php?rest_route=\/wp\/v2\/posts"}],"about":[{"href":"https:\/\/casa.oaxaca.gob.mx\/index.php?rest_route=\/wp\/v2\/types\/post"}],"author":[{"embeddable":true,"href":"https:\/\/casa.oaxaca.gob.mx\/index.php?rest_route=\/wp\/v2\/users\/1"}],"replies":[{"embeddable":true,"href":"https:\/\/casa.oaxaca.gob.mx\/index.php?rest_route=%2Fwp%2Fv2%2Fcomments&post=5797"}],"version-history":[{"count":8,"href":"https:\/\/casa.oaxaca.gob.mx\/index.php?rest_route=\/wp\/v2\/posts\/5797\/revisions"}],"predecessor-version":[{"id":6528,"href":"https:\/\/casa.oaxaca.gob.mx\/index.php?rest_route=\/wp\/v2\/posts\/5797\/revisions\/6528"}],"wp:featuredmedia":[{"embeddable":true,"href":"https:\/\/casa.oaxaca.gob.mx\/index.php?rest_route=\/wp\/v2\/media\/6348"}],"wp:attachment":[{"href":"https:\/\/casa.oaxaca.gob.mx\/index.php?rest_route=%2Fwp%2Fv2%2Fmedia&parent=5797"}],"wp:term":[{"taxonomy":"category","embeddable":true,"href":"https:\/\/casa.oaxaca.gob.mx\/index.php?rest_route=%2Fwp%2Fv2%2Fcategories&post=5797"},{"taxonomy":"post_tag","embeddable":true,"href":"https:\/\/casa.oaxaca.gob.mx\/index.php?rest_route=%2Fwp%2Fv2%2Ftags&post=5797"}],"curies":[{"name":"wp","href":"https:\/\/api.w.org\/{rel}","templated":true}]}}